{"id":64220,"date":"2021-08-06T21:47:44","date_gmt":"2021-08-06T21:47:44","guid":{"rendered":"https:\/\/www.ucaldas.edu.co\/portal\/?p=64220"},"modified":"2021-08-06T23:47:21","modified_gmt":"2021-08-06T23:47:21","slug":"postulese-a-la-convocatoria-para-becas-suenos-de-paz","status":"publish","type":"post","link":"https:\/\/www.ucaldas.edu.co\/portal\/postulese-a-la-convocatoria-para-becas-suenos-de-paz\/","title":{"rendered":"Post\u00falese a la convocatoria para becas: \u201cSue\u00f1os de Paz\u201d"},"content":{"rendered":"<p style=\"text-align: center;\">EL PLAZO DE INSCRIPCI\u00d3N VENCE EL 20 DE AGOSTO<br \/>\n<strong>Post\u00falese a la convocatoria para becas: \u201cSue\u00f1os de Paz\u201d<\/strong><\/p>\n<p style=\"text-align: right;\">06\/08\/2021<\/p>\n<p><img loading=\"lazy\" decoding=\"async\" class=\"size-full wp-image-64221 aligncenter\" src=\"https:\/\/www.ucaldas.edu.co\/portal\/wp-content\/uploads\/2021\/08\/Diseno-sin-titulo-2-1.jpg\" alt=\"\" width=\"700\" height=\"400\" srcset=\"https:\/\/www.ucaldas.edu.co\/portal\/wp-content\/uploads\/2021\/08\/Diseno-sin-titulo-2-1.jpg 700w, https:\/\/www.ucaldas.edu.co\/portal\/wp-content\/uploads\/2021\/08\/Diseno-sin-titulo-2-1-300x171.jpg 300w\" sizes=\"auto, (max-width: 700px) 100vw, 700px\" \/><\/p>\n<p>Se encuentra abierta la convocatoria para postularse a la Beca Sue\u00f1os de Paz &#8211; Posgrado,\u00a0 la cual busca otorgar\u00a0 becas en el nivel de maestr\u00eda ofertada por la Universidad de Caldas, a favor de estudiantes con buen desempe\u00f1o acad\u00e9mico que no cuenten con la totalidad de los recursos para asumir el valor de la matr\u00edcula.<\/p>\n<p><!--more--><\/p>\n<p>Esta beca est\u00e1 dirigida para aquellos profesionales o estudiantes de pregrado en calidad de co-terminal que est\u00e9n admitidos en Maestr\u00edas en Sistemas de Producci\u00f3n Agr\u00edcola o Maestr\u00eda en Bioinform\u00e1tica y Biolog\u00eda Computacional que no hayan realizado un posgrado previamente.<\/p>\n<p>La Fundaci\u00f3n Bancolombia y Fundaci\u00f3n Juan Pablo C\u00e1ceres Guti\u00e9rrez aportan el 50% del valor de la matr\u00edcula, la Universidad de Caldas aporta el 25% y el estudiante debe aportar el 25% restante. Al a\u00f1o de haberse graduado, el estudiante deber\u00e1 reintegrar el 15% del valor aportado por la Fundaci\u00f3n Bancolombia y JPGC. Este aporte podr\u00e1 ser modificado en caso de existir un donante que as\u00ed lo solicite. Las condiciones para dicho reintegro se definir\u00e1n en el acuerdo espec\u00edfico que se suscriba entre las partes benefactora y estudiante.<\/p>\n<p>Los interesados en aplicar a esta convocatoria podr\u00e1n inscribirse hasta el 20 de agosto de 2021 diligenciando el formulario en el siguiente enlace: <strong><a href=\"https:\/\/bit.ly\/2TYzAVo\">https:\/\/bit.ly\/2TYzAVo<\/a><\/strong> as\u00ed mismo deben cargar los documentos solicitados para el cumplimiento de los requisitos.<\/p>\n<p><strong>\u00a0<\/strong><\/p>\n<p><strong>Requisitos: <\/strong><\/p>\n<ul>\n<li>Ser colombiano<\/li>\n<li>Ser un joven de origen rural (demostrar su origen)<\/li>\n<li>En caso de ser estudiante de pregrado debe estar admitido en alguno de los dos programas en calidad de estudiante co-terminal.<\/li>\n<li>Tener m\u00ednimo dos (2) a\u00f1os de experiencia laboral \/en caso de ser estudiante co-terminal debe relacionar experiencia en grupos de investigaci\u00f3n, semilleros o similar m\u00ednimo un (1) a\u00f1o relacionado al eje de estudio.<\/li>\n<li>Tener m\u00e1ximo 34 a\u00f1os<\/li>\n<li>Tener m\u00ednimo 3.8 en las notas de pregrado<\/li>\n<li>Demostrar la necesidad econ\u00f3mica<\/li>\n<li>Haber sido admitido a un Programa de Maestr\u00eda mencionado anteriormente para el semestre 2021-02 o estar cursando alguna de las dos maestr\u00edas.<\/li>\n<\/ul>\n<p>&nbsp;<\/p>\n<p>Realizar su proyecto de grado en alguna de las siguientes tem\u00e1ticas:<\/p>\n<ul>\n<li>Medici\u00f3n de impacto del programa de Becas de la Fundaci\u00f3n Grupo Bancolombia.<\/li>\n<li>Capital Social y sentido de comunidad en programas de becas en el \u00e1mbito nacional e internacional.<\/li>\n<li>Ciencias comportamiento aplicadas a educaci\u00f3n financiera y creaci\u00f3n de h\u00e1bitos financieros.<\/li>\n<li>Medici\u00f3n en bienestar financiero.<\/li>\n<li>Gamificaci\u00f3n para la educaci\u00f3n financiera.<\/li>\n<li>Correlaci\u00f3n entre el acceso a educaci\u00f3n superior y apropiaci\u00f3n de herramientas digitales en organizaciones productivas rurales.<\/li>\n<li>Desarrollo de capacidades empresariales en organizaciones de base de territorios rurales.<\/li>\n<li>Cultura para financiaci\u00f3n en municipios y territorios rurales (solicitudes de cr\u00e9dito, imaginarios. etc.)<\/li>\n<li>Efectos del acceso a financiaci\u00f3n en la competitividad de sectores productivos<\/li>\n<li>Bioeconom\u00eda y desarrollo sostenible.<\/li>\n<li>Modelos inclusivos para cadenas de valor.<\/li>\n<li>Correlaci\u00f3n entre la diversificaci\u00f3n de la canasta exportadora agro del pa\u00eds y el crecimiento del ingreso -PIB- en los territorios rurales.<\/li>\n<li>Implicaciones de la infraestructura vial del pa\u00eds en la competitividad de los sectores productivos (v\u00edas terciarias)<\/li>\n<li>Nuevos modelos productivos: Agricultura urbana Agricultura vertical- Producci\u00f3n regenerativa y sostenible Integraci\u00f3n vertical \u2013 Alianzas regionales-Circuitos cortos de comercializaci\u00f3n-Cosechas de Agua -Riego especializado -Energ\u00eda renovable -Agroturismo Producci\u00f3n en los desiertos<\/li>\n<li>Ecosistemas sub regionales de apoyo al emprendimiento<\/li>\n<li>Apuestas productivas regionales, rutas competitivas y cl\u00fasteres con impacto en los territorios rurales<\/li>\n<\/ul>\n<p>&nbsp;<\/p>\n<table style=\"width: 737px;\">\n<tbody>\n<tr>\n<td style=\"width: 727px;\"><strong>PARA DESTACAR:<\/strong><\/p>\n<p>Durante el diligenciamiento del formulario se recomienda \u00a0responder todas las preguntas con la mayor exactitud posible. Cualquier duda pueden comunicarse al correo: <a href=\"mailto:manuela.gomez@ucaldas.edu.co\">manuela.gomez@ucaldas.edu.co<\/a>.<\/td>\n<\/tr>\n<\/tbody>\n<\/table>\n<p>&nbsp;<\/p>\n<p><strong>Informes: <\/strong>Oficina de Comunicaciones y Prensa Universidad de Caldas.<\/p>\n<p><strong>Redacci\u00f3n: <\/strong>Adriana Salazar Villegas<\/p>\n<p>&nbsp;<\/p>\n","protected":false},"excerpt":{"rendered":"<p>EL PLAZO DE INSCRIPCI\u00d3N VENCE EL 20 DE AGOSTO Post\u00falese a la convocatoria para becas: \u201cSue\u00f1os de Paz\u201d 06\/08\/2021 Se encuentra abierta la convocatoria para postularse a la Beca Sue\u00f1os de Paz &#8211; Posgrado,\u00a0 la cual busca otorgar\u00a0 becas en el nivel de maestr\u00eda ofertada por la Universidad de Caldas, a favor de estudiantes con [&hellip;]<\/p>\n","protected":false},"author":2,"featured_media":64221,"comment_status":"closed","ping_status":"open","sticky":false,"template":"","format":"standard","meta":{"footnotes":"","_members_access_role":[],"_members_access_error":""},"categories":[48,53,243],"tags":[534,763,978,2523,3499],"class_list":["post-64220","post","type-post","status-publish","format-standard","has-post-thumbnail","hentry","category-actualidad","category-universidad-al-dia","category-ucaldas-acreditada","tag-becas","tag-maestria","tag-postulacion","tag-suenos-de-paz","tag-requisitos"],"yoast_head":"<!-- This site is optimized with the Yoast SEO plugin v28.3 - https:\/\/yoast.com\/product\/yoast-seo-wordpress\/ -->\n<title>Post\u00falese a la convocatoria para becas: \u201cSue\u00f1os de Paz\u201d .<\/title>\n<meta name=\"robots\" content=\"index, follow, max-snippet:-1, max-image-preview:large, max-video-preview:-1\" \/>\n<link rel=\"canonical\" href=\"https:\/\/www.ucaldas.edu.co\/portal\/postulese-a-la-convocatoria-para-becas-suenos-de-paz\/\" \/>\n<script type=\"application\/ld+json\" class=\"yoast-schema-graph\">{\"@context\":\"https:\\\/\\\/schema.org\",\"@graph\":[{\"@type\":\"Article\",\"@id\":\"https:\\\/\\\/www.ucaldas.edu.co\\\/portal\\\/postulese-a-la-convocatoria-para-becas-suenos-de-paz\\\/#article\",\"isPartOf\":{\"@id\":\"https:\\\/\\\/www.ucaldas.edu.co\\\/portal\\\/postulese-a-la-convocatoria-para-becas-suenos-de-paz\\\/\"},\"author\":{\"name\":\"ofiprensa\",\"@id\":\"https:\\\/\\\/www.ucaldas.edu.co\\\/portal\\\/#\\\/schema\\\/person\\\/a1b482e23449158b4bc319926c074fdf\"},\"headline\":\"Post\u00falese a la convocatoria para becas: \u201cSue\u00f1os de Paz\u201d\",\"datePublished\":\"2021-08-06T21:47:44+00:00\",\"dateModified\":\"2021-08-06T23:47:21+00:00\",\"mainEntityOfPage\":{\"@id\":\"https:\\\/\\\/www.ucaldas.edu.co\\\/portal\\\/postulese-a-la-convocatoria-para-becas-suenos-de-paz\\\/\"},\"wordCount\":659,\"publisher\":{\"@id\":\"https:\\\/\\\/www.ucaldas.edu.co\\\/portal\\\/#organization\"},\"image\":{\"@id\":\"https:\\\/\\\/www.ucaldas.edu.co\\\/portal\\\/postulese-a-la-convocatoria-para-becas-suenos-de-paz\\\/#primaryimage\"},\"thumbnailUrl\":\"https:\\\/\\\/www.ucaldas.edu.co\\\/portal\\\/wp-content\\\/uploads\\\/2021\\\/08\\\/Diseno-sin-titulo-2-1.jpg\",\"keywords\":[\"Becas\",\"maestr\u00eda\",\"postulaci\u00f3n\",\"sue\u00f1os de paz\",\"requisitos\"],\"articleSection\":[\"Actualidad\",\"Universidad al D\u00eda\",\"Ucaldas Acreditada\"],\"inLanguage\":\"es\"},{\"@type\":\"WebPage\",\"@id\":\"https:\\\/\\\/www.ucaldas.edu.co\\\/portal\\\/postulese-a-la-convocatoria-para-becas-suenos-de-paz\\\/\",\"url\":\"https:\\\/\\\/www.ucaldas.edu.co\\\/portal\\\/postulese-a-la-convocatoria-para-becas-suenos-de-paz\\\/\",\"name\":\"Post\u00falese a la convocatoria para becas: \u201cSue\u00f1os de Paz\u201d .\",\"isPartOf\":{\"@id\":\"https:\\\/\\\/www.ucaldas.edu.co\\\/portal\\\/#website\"},\"primaryImageOfPage\":{\"@id\":\"https:\\\/\\\/www.ucaldas.edu.co\\\/portal\\\/postulese-a-la-convocatoria-para-becas-suenos-de-paz\\\/#primaryimage\"},\"image\":{\"@id\":\"https:\\\/\\\/www.ucaldas.edu.co\\\/portal\\\/postulese-a-la-convocatoria-para-becas-suenos-de-paz\\\/#primaryimage\"},\"thumbnailUrl\":\"https:\\\/\\\/www.ucaldas.edu.co\\\/portal\\\/wp-content\\\/uploads\\\/2021\\\/08\\\/Diseno-sin-titulo-2-1.jpg\",\"datePublished\":\"2021-08-06T21:47:44+00:00\",\"dateModified\":\"2021-08-06T23:47:21+00:00\",\"breadcrumb\":{\"@id\":\"https:\\\/\\\/www.ucaldas.edu.co\\\/portal\\\/postulese-a-la-convocatoria-para-becas-suenos-de-paz\\\/#breadcrumb\"},\"inLanguage\":\"es\",\"potentialAction\":[{\"@type\":\"ReadAction\",\"target\":[\"https:\\\/\\\/www.ucaldas.edu.co\\\/portal\\\/postulese-a-la-convocatoria-para-becas-suenos-de-paz\\\/\"]}]},{\"@type\":\"ImageObject\",\"inLanguage\":\"es\",\"@id\":\"https:\\\/\\\/www.ucaldas.edu.co\\\/portal\\\/postulese-a-la-convocatoria-para-becas-suenos-de-paz\\\/#primaryimage\",\"url\":\"https:\\\/\\\/www.ucaldas.edu.co\\\/portal\\\/wp-content\\\/uploads\\\/2021\\\/08\\\/Diseno-sin-titulo-2-1.jpg\",\"contentUrl\":\"https:\\\/\\\/www.ucaldas.edu.co\\\/portal\\\/wp-content\\\/uploads\\\/2021\\\/08\\\/Diseno-sin-titulo-2-1.jpg\",\"width\":700,\"height\":400},{\"@type\":\"BreadcrumbList\",\"@id\":\"https:\\\/\\\/www.ucaldas.edu.co\\\/portal\\\/postulese-a-la-convocatoria-para-becas-suenos-de-paz\\\/#breadcrumb\",\"itemListElement\":[{\"@type\":\"ListItem\",\"position\":1,\"name\":\"Portada\",\"item\":\"https:\\\/\\\/www.ucaldas.edu.co\\\/portal\\\/\"},{\"@type\":\"ListItem\",\"position\":2,\"name\":\"Post\u00falese a la convocatoria para becas: \u201cSue\u00f1os de Paz\u201d\"}]},{\"@type\":\"WebSite\",\"@id\":\"https:\\\/\\\/www.ucaldas.edu.co\\\/portal\\\/#website\",\"url\":\"https:\\\/\\\/www.ucaldas.edu.co\\\/portal\\\/\",\"name\":\"Universidad de Caldas\",\"description\":\"\",\"publisher\":{\"@id\":\"https:\\\/\\\/www.ucaldas.edu.co\\\/portal\\\/#organization\"},\"alternateName\":\"U. de Caldas\",\"potentialAction\":[{\"@type\":\"SearchAction\",\"target\":{\"@type\":\"EntryPoint\",\"urlTemplate\":\"https:\\\/\\\/www.ucaldas.edu.co\\\/portal\\\/?s={search_term_string}\"},\"query-input\":{\"@type\":\"PropertyValueSpecification\",\"valueRequired\":true,\"valueName\":\"search_term_string\"}}],\"inLanguage\":\"es\"},{\"@type\":\"Organization\",\"@id\":\"https:\\\/\\\/www.ucaldas.edu.co\\\/portal\\\/#organization\",\"name\":\"Universidad de Caldas\",\"alternateName\":\"U. de Caldas\",\"url\":\"https:\\\/\\\/www.ucaldas.edu.co\\\/portal\\\/\",\"logo\":{\"@type\":\"ImageObject\",\"inLanguage\":\"es\",\"@id\":\"https:\\\/\\\/www.ucaldas.edu.co\\\/portal\\\/#\\\/schema\\\/logo\\\/image\\\/\",\"url\":\"https:\\\/\\\/www.ucaldas.edu.co\\\/portal\\\/wp-content\\\/uploads\\\/2023\\\/11\\\/Logo_horizontal_oscuroU-2023.png\",\"contentUrl\":\"https:\\\/\\\/www.ucaldas.edu.co\\\/portal\\\/wp-content\\\/uploads\\\/2023\\\/11\\\/Logo_horizontal_oscuroU-2023.png\",\"width\":263,\"height\":101,\"caption\":\"Universidad de Caldas\"},\"image\":{\"@id\":\"https:\\\/\\\/www.ucaldas.edu.co\\\/portal\\\/#\\\/schema\\\/logo\\\/image\\\/\"},\"sameAs\":[\"https:\\\/\\\/www.facebook.com\\\/udecaldas\",\"https:\\\/\\\/x.com\\\/udecaldas\",\"https:\\\/\\\/www.youtube.com\\\/universidadcaldas\",\"https:\\\/\\\/www.instagram.com\\\/udecaldas\\\/\"]},{\"@type\":\"Person\",\"@id\":\"https:\\\/\\\/www.ucaldas.edu.co\\\/portal\\\/#\\\/schema\\\/person\\\/a1b482e23449158b4bc319926c074fdf\",\"name\":\"ofiprensa\",\"image\":{\"@type\":\"ImageObject\",\"inLanguage\":\"es\",\"@id\":\"https:\\\/\\\/www.ucaldas.edu.co\\\/portal\\\/wp-content\\\/litespeed\\\/avatar\\\/09ea5085e600095a7a811142c6944527.jpg?ver=1787779368\",\"url\":\"https:\\\/\\\/www.ucaldas.edu.co\\\/portal\\\/wp-content\\\/litespeed\\\/avatar\\\/09ea5085e600095a7a811142c6944527.jpg?ver=1787779368\",\"contentUrl\":\"https:\\\/\\\/www.ucaldas.edu.co\\\/portal\\\/wp-content\\\/litespeed\\\/avatar\\\/09ea5085e600095a7a811142c6944527.jpg?ver=1787779368\",\"caption\":\"ofiprensa\"},\"url\":\"https:\\\/\\\/www.ucaldas.edu.co\\\/portal\\\/author\\\/ofiprensa\\\/\"}]}<\/script>\n<!-- \/ Yoast SEO plugin. -->","yoast_head_json":{"title":"Post\u00falese a la convocatoria para becas: \u201cSue\u00f1os de Paz\u201d .","robots":{"index":"index","follow":"follow","max-snippet":"max-snippet:-1","max-image-preview":"max-image-preview:large","max-video-preview":"max-video-preview:-1"},"canonical":"https:\/\/www.ucaldas.edu.co\/portal\/postulese-a-la-convocatoria-para-becas-suenos-de-paz\/","schema":{"@context":"https:\/\/schema.org","@graph":[{"@type":"Article","@id":"https:\/\/www.ucaldas.edu.co\/portal\/postulese-a-la-convocatoria-para-becas-suenos-de-paz\/#article","isPartOf":{"@id":"https:\/\/www.ucaldas.edu.co\/portal\/postulese-a-la-convocatoria-para-becas-suenos-de-paz\/"},"author":{"name":"ofiprensa","@id":"https:\/\/www.ucaldas.edu.co\/portal\/#\/schema\/person\/a1b482e23449158b4bc319926c074fdf"},"headline":"Post\u00falese a la convocatoria para becas: \u201cSue\u00f1os de Paz\u201d","datePublished":"2021-08-06T21:47:44+00:00","dateModified":"2021-08-06T23:47:21+00:00","mainEntityOfPage":{"@id":"https:\/\/www.ucaldas.edu.co\/portal\/postulese-a-la-convocatoria-para-becas-suenos-de-paz\/"},"wordCount":659,"publisher":{"@id":"https:\/\/www.ucaldas.edu.co\/portal\/#organization"},"image":{"@id":"https:\/\/www.ucaldas.edu.co\/portal\/postulese-a-la-convocatoria-para-becas-suenos-de-paz\/#primaryimage"},"thumbnailUrl":"https:\/\/www.ucaldas.edu.co\/portal\/wp-content\/uploads\/2021\/08\/Diseno-sin-titulo-2-1.jpg","keywords":["Becas","maestr\u00eda","postulaci\u00f3n","sue\u00f1os de paz","requisitos"],"articleSection":["Actualidad","Universidad al D\u00eda","Ucaldas Acreditada"],"inLanguage":"es"},{"@type":"WebPage","@id":"https:\/\/www.ucaldas.edu.co\/portal\/postulese-a-la-convocatoria-para-becas-suenos-de-paz\/","url":"https:\/\/www.ucaldas.edu.co\/portal\/postulese-a-la-convocatoria-para-becas-suenos-de-paz\/","name":"Post\u00falese a la convocatoria para becas: \u201cSue\u00f1os de Paz\u201d .","isPartOf":{"@id":"https:\/\/www.ucaldas.edu.co\/portal\/#website"},"primaryImageOfPage":{"@id":"https:\/\/www.ucaldas.edu.co\/portal\/postulese-a-la-convocatoria-para-becas-suenos-de-paz\/#primaryimage"},"image":{"@id":"https:\/\/www.ucaldas.edu.co\/portal\/postulese-a-la-convocatoria-para-becas-suenos-de-paz\/#primaryimage"},"thumbnailUrl":"https:\/\/www.ucaldas.edu.co\/portal\/wp-content\/uploads\/2021\/08\/Diseno-sin-titulo-2-1.jpg","datePublished":"2021-08-06T21:47:44+00:00","dateModified":"2021-08-06T23:47:21+00:00","breadcrumb":{"@id":"https:\/\/www.ucaldas.edu.co\/portal\/postulese-a-la-convocatoria-para-becas-suenos-de-paz\/#breadcrumb"},"inLanguage":"es","potentialAction":[{"@type":"ReadAction","target":["https:\/\/www.ucaldas.edu.co\/portal\/postulese-a-la-convocatoria-para-becas-suenos-de-paz\/"]}]},{"@type":"ImageObject","inLanguage":"es","@id":"https:\/\/www.ucaldas.edu.co\/portal\/postulese-a-la-convocatoria-para-becas-suenos-de-paz\/#primaryimage","url":"https:\/\/www.ucaldas.edu.co\/portal\/wp-content\/uploads\/2021\/08\/Diseno-sin-titulo-2-1.jpg","contentUrl":"https:\/\/www.ucaldas.edu.co\/portal\/wp-content\/uploads\/2021\/08\/Diseno-sin-titulo-2-1.jpg","width":700,"height":400},{"@type":"BreadcrumbList","@id":"https:\/\/www.ucaldas.edu.co\/portal\/postulese-a-la-convocatoria-para-becas-suenos-de-paz\/#breadcrumb","itemListElement":[{"@type":"ListItem","position":1,"name":"Portada","item":"https:\/\/www.ucaldas.edu.co\/portal\/"},{"@type":"ListItem","position":2,"name":"Post\u00falese a la convocatoria para becas: \u201cSue\u00f1os de Paz\u201d"}]},{"@type":"WebSite","@id":"https:\/\/www.ucaldas.edu.co\/portal\/#website","url":"https:\/\/www.ucaldas.edu.co\/portal\/","name":"Universidad de Caldas","description":"","publisher":{"@id":"https:\/\/www.ucaldas.edu.co\/portal\/#organization"},"alternateName":"U. de Caldas","potentialAction":[{"@type":"SearchAction","target":{"@type":"EntryPoint","urlTemplate":"https:\/\/www.ucaldas.edu.co\/portal\/?s={search_term_string}"},"query-input":{"@type":"PropertyValueSpecification","valueRequired":true,"valueName":"search_term_string"}}],"inLanguage":"es"},{"@type":"Organization","@id":"https:\/\/www.ucaldas.edu.co\/portal\/#organization","name":"Universidad de Caldas","alternateName":"U. de Caldas","url":"https:\/\/www.ucaldas.edu.co\/portal\/","logo":{"@type":"ImageObject","inLanguage":"es","@id":"https:\/\/www.ucaldas.edu.co\/portal\/#\/schema\/logo\/image\/","url":"https:\/\/www.ucaldas.edu.co\/portal\/wp-content\/uploads\/2023\/11\/Logo_horizontal_oscuroU-2023.png","contentUrl":"https:\/\/www.ucaldas.edu.co\/portal\/wp-content\/uploads\/2023\/11\/Logo_horizontal_oscuroU-2023.png","width":263,"height":101,"caption":"Universidad de Caldas"},"image":{"@id":"https:\/\/www.ucaldas.edu.co\/portal\/#\/schema\/logo\/image\/"},"sameAs":["https:\/\/www.facebook.com\/udecaldas","https:\/\/x.com\/udecaldas","https:\/\/www.youtube.com\/universidadcaldas","https:\/\/www.instagram.com\/udecaldas\/"]},{"@type":"Person","@id":"https:\/\/www.ucaldas.edu.co\/portal\/#\/schema\/person\/a1b482e23449158b4bc319926c074fdf","name":"ofiprensa","image":{"@type":"ImageObject","inLanguage":"es","@id":"https:\/\/www.ucaldas.edu.co\/portal\/wp-content\/litespeed\/avatar\/09ea5085e600095a7a811142c6944527.jpg?ver=1787779368","url":"https:\/\/www.ucaldas.edu.co\/portal\/wp-content\/litespeed\/avatar\/09ea5085e600095a7a811142c6944527.jpg?ver=1787779368","contentUrl":"https:\/\/www.ucaldas.edu.co\/portal\/wp-content\/litespeed\/avatar\/09ea5085e600095a7a811142c6944527.jpg?ver=1787779368","caption":"ofiprensa"},"url":"https:\/\/www.ucaldas.edu.co\/portal\/author\/ofiprensa\/"}]}},"_links":{"self":[{"href":"https:\/\/www.ucaldas.edu.co\/portal\/wp-json\/wp\/v2\/posts\/64220","targetHints":{"allow":["GET"]}}],"collection":[{"href":"https:\/\/www.ucaldas.edu.co\/portal\/wp-json\/wp\/v2\/posts"}],"about":[{"href":"https:\/\/www.ucaldas.edu.co\/portal\/wp-json\/wp\/v2\/types\/post"}],"author":[{"embeddable":true,"href":"https:\/\/www.ucaldas.edu.co\/portal\/wp-json\/wp\/v2\/users\/2"}],"replies":[{"embeddable":true,"href":"https:\/\/www.ucaldas.edu.co\/portal\/wp-json\/wp\/v2\/comments?post=64220"}],"version-history":[{"count":0,"href":"https:\/\/www.ucaldas.edu.co\/portal\/wp-json\/wp\/v2\/posts\/64220\/revisions"}],"wp:featuredmedia":[{"embeddable":true,"href":"https:\/\/www.ucaldas.edu.co\/portal\/wp-json\/wp\/v2\/media\/64221"}],"wp:attachment":[{"href":"https:\/\/www.ucaldas.edu.co\/portal\/wp-json\/wp\/v2\/media?parent=64220"}],"wp:term":[{"taxonomy":"category","embeddable":true,"href":"https:\/\/www.ucaldas.edu.co\/portal\/wp-json\/wp\/v2\/categories?post=64220"},{"taxonomy":"post_tag","embeddable":true,"href":"https:\/\/www.ucaldas.edu.co\/portal\/wp-json\/wp\/v2\/tags?post=64220"}],"curies":[{"name":"wp","href":"https:\/\/api.w.org\/{rel}","templated":true}]}}