{"id":64195,"date":"2021-08-05T22:32:00","date_gmt":"2021-08-05T22:32:00","guid":{"rendered":"https:\/\/www.ucaldas.edu.co\/portal\/?p=64195"},"modified":"2021-08-05T22:32:00","modified_gmt":"2021-08-05T22:32:00","slug":"la-ruta-de-la-telemedicina-brindo-sus-atenciones-en-el-corregimiento-arauca-palestina","status":"publish","type":"post","link":"https:\/\/www.ucaldas.edu.co\/portal\/la-ruta-de-la-telemedicina-brindo-sus-atenciones-en-el-corregimiento-arauca-palestina\/","title":{"rendered":"La Ruta de la Telemedicina brind\u00f3 sus atenciones en el corregimiento Arauca, Palestina"},"content":{"rendered":"<p>&nbsp;<\/p>\n<p style=\"text-align: center;\">CON EL ACOMPA\u00d1AMIENTO DE LA MISI\u00d3N DE OBSERVACI\u00d3N EUROPEA<br \/>\nY LA FUNDACI\u00d3N PEQUE\u00d1O CORAZ\u00d3N<br \/>\n<strong>La Ruta de la Telemedicina brind\u00f3 sus atenciones en el corregimiento Arauca, Palestina<\/strong><\/p>\n<p style=\"text-align: right;\">05\/08\/2021<\/p>\n<p><img loading=\"lazy\" decoding=\"async\" class=\"alignnone size-full wp-image-64196 aligncenter\" src=\"https:\/\/www.ucaldas.edu.co\/portal\/wp-content\/uploads\/2021\/08\/Diseno-sin-titulo-1-1.jpg\" alt=\"\" width=\"700\" height=\"400\" srcset=\"https:\/\/www.ucaldas.edu.co\/portal\/wp-content\/uploads\/2021\/08\/Diseno-sin-titulo-1-1.jpg 700w, https:\/\/www.ucaldas.edu.co\/portal\/wp-content\/uploads\/2021\/08\/Diseno-sin-titulo-1-1-300x171.jpg 300w\" sizes=\"auto, (max-width: 700px) 100vw, 700px\" \/><\/p>\n<p>Los ni\u00f1os y ni\u00f1as del corregimiento de Arauca, del municipio de Palestina, se convirtieron en los protagonistas de la Ruta de la Telemedicina. En una jornada que cont\u00f3 con el acompa\u00f1amiento de investigadores de la Misi\u00f3n de Observaci\u00f3n Europea y la Fundaci\u00f3n Peque\u00f1o Coraz\u00f3n, se brind\u00f3 a los m\u00e1s peque\u00f1os atenciones en medicina general, pediatr\u00eda, cardiolog\u00eda y optometr\u00eda.<\/p>\n<p><!--more--><\/p>\n<p>Esteban Granada Aguirre, director de Telesalud, expres\u00f3 que se lograron atender a cientos de pacientes\u00a0 por diferentes especialidades m\u00e9dicas. Se detectaron algunos casos preocupantes en la nutrici\u00f3n de la primera infancia, los cuales se lograron resolver, y desde Telesalud se continuar\u00e1 apoyando con atenciones por telemedicina en optometr\u00eda, psicolog\u00eda, psiquiatr\u00eda y pediatr\u00eda, entre otras especialidades.<\/p>\n<p>Asimismo, el director destac\u00f3 el acompa\u00f1amiento del Misi\u00f3n de Observaci\u00f3n Europea, con tres\u00a0 investigadores muy importantes para esta alianza entre Europa y Colombia, quienes dieron a conocer los servicios que pr\u00f3ximamente se replicar\u00e1n en Francia.<\/p>\n<p>\u201cEn este trabajo de cooperaci\u00f3n entre Francia y Colombia volvimos a acompa\u00f1ar a Telesalud en una misi\u00f3n en la que revivimos las experiencias con la poblaci\u00f3n, con personas que han requerido de muchas atenciones. La poblaci\u00f3n se ve muy agradecida y nos toca el coraz\u00f3n poder ayudar a las personas y sentir que tenemos una labor activa en esta misi\u00f3n\u201d, expres\u00f3 Natalia Osorio, investigadora de la Misi\u00f3n de Observaci\u00f3n Europea.<\/p>\n<p>Durante la jornada, gracias al apoyo de la Fundaci\u00f3n Peque\u00f1o Coraz\u00f3n, se realizaron 30 valoraciones en cardiolog\u00eda para la detecci\u00f3n temprana de cardiopat\u00edas cong\u00e9nitas.\u00a0 Con esto se busca una detecci\u00f3n temprana para un tratamiento oportuno.<\/p>\n<p>La Ruta de la Telemedicina seguir\u00e1 su recorrido por Caldas, con personal comprometido para llevar salud a la poblaci\u00f3n m\u00e1s necesitada y salvar vidas a trav\u00e9s de la tecnolog\u00eda. Estas acciones se realizan gracias al apoyo de la Gobernaci\u00f3n de Caldas, la Territorial de Salud de Caldas, la Universidad de Caldas y la Fundaci\u00f3n Peque\u00f1o Coraz\u00f3n.<\/p>\n<p>&nbsp;<\/p>\n<p><strong>Anexos:<br \/>\n<\/strong><strong><a href=\"https:\/\/www.ivoox.com\/ruta-telemedicina-llego-a-arauca-audios-mp3_rf_73758921_1.html\">Audio Esteban Granada Aguirre, director de Telesalud<\/a><br \/>\n<iframe loading=\"lazy\" src=\"https:\/\/co.ivoox.com\/es\/player_ek_73758921_2_1.html?data=mJikl52ddpKhhpywj5WUaZS1lZuah5yncZKhhpywj5WRaZi3jpWah5ynca3VjNfi1saPqMafzcaYtsrQqc7Zxc7Qy9PFaZO3jNHZx8yJh5SZo5iYw5CltsLpxMaYssbQqdToytPOj4qbh46-pquyjampb7HGprPAo5KJe6ShlQ..&amp;\" width=\"238\" height=\"48\" frameborder=\"0\" scrolling=\"no\" allowfullscreen=\"allowfullscreen\"><\/iframe><\/strong><\/p>\n<p>&nbsp;<\/p>\n<p><strong>Informes:<\/strong> Oficina de Prensa de la Universidad de Caldas<\/p>\n<p><strong>Redacci\u00f3n:<\/strong> Julieth Osorio Torres<\/p>\n<p>&nbsp;<\/p>\n","protected":false},"excerpt":{"rendered":"<p>&nbsp; CON EL ACOMPA\u00d1AMIENTO DE LA MISI\u00d3N DE OBSERVACI\u00d3N EUROPEA Y LA FUNDACI\u00d3N PEQUE\u00d1O CORAZ\u00d3N La Ruta de la Telemedicina brind\u00f3 sus atenciones en el corregimiento Arauca, Palestina 05\/08\/2021 Los ni\u00f1os y ni\u00f1as del corregimiento de Arauca, del municipio de Palestina, se convirtieron en los protagonistas de la Ruta de la Telemedicina. En una jornada [&hellip;]<\/p>\n","protected":false},"author":2,"featured_media":64196,"comment_status":"closed","ping_status":"open","sticky":false,"template":"","format":"standard","meta":{"footnotes":""},"categories":[48,53,617],"tags":[275,6545,6924,6925],"class_list":["post-64195","post","type-post","status-publish","format-standard","has-post-thumbnail","hentry","category-actualidad","category-universidad-al-dia","category-ucaldas-colaborativa","tag-telesalud","tag-atencion-medica","tag-corregimiento-de-arauca","tag-mision-de-observacion-europea"],"yoast_head":"<!-- This site is optimized with the Yoast SEO plugin v27.5 - https:\/\/yoast.com\/product\/yoast-seo-wordpress\/ -->\n<title>La Ruta de la Telemedicina brind\u00f3 sus atenciones en el corregimiento Arauca, Palestina .<\/title>\n<meta name=\"robots\" content=\"index, follow, max-snippet:-1, max-image-preview:large, max-video-preview:-1\" \/>\n<link rel=\"canonical\" href=\"https:\/\/www.ucaldas.edu.co\/portal\/la-ruta-de-la-telemedicina-brindo-sus-atenciones-en-el-corregimiento-arauca-palestina\/\" \/>\n<script type=\"application\/ld+json\" class=\"yoast-schema-graph\">{\"@context\":\"https:\\\/\\\/schema.org\",\"@graph\":[{\"@type\":\"Article\",\"@id\":\"https:\\\/\\\/www.ucaldas.edu.co\\\/portal\\\/la-ruta-de-la-telemedicina-brindo-sus-atenciones-en-el-corregimiento-arauca-palestina\\\/#article\",\"isPartOf\":{\"@id\":\"https:\\\/\\\/www.ucaldas.edu.co\\\/portal\\\/la-ruta-de-la-telemedicina-brindo-sus-atenciones-en-el-corregimiento-arauca-palestina\\\/\"},\"author\":{\"name\":\"ofiprensa\",\"@id\":\"https:\\\/\\\/www.ucaldas.edu.co\\\/portal\\\/#\\\/schema\\\/person\\\/a1b482e23449158b4bc319926c074fdf\"},\"headline\":\"La Ruta de la Telemedicina brind\u00f3 sus atenciones en el corregimiento Arauca, Palestina\",\"datePublished\":\"2021-08-05T22:32:00+00:00\",\"mainEntityOfPage\":{\"@id\":\"https:\\\/\\\/www.ucaldas.edu.co\\\/portal\\\/la-ruta-de-la-telemedicina-brindo-sus-atenciones-en-el-corregimiento-arauca-palestina\\\/\"},\"wordCount\":429,\"publisher\":{\"@id\":\"https:\\\/\\\/www.ucaldas.edu.co\\\/portal\\\/#organization\"},\"image\":{\"@id\":\"https:\\\/\\\/www.ucaldas.edu.co\\\/portal\\\/la-ruta-de-la-telemedicina-brindo-sus-atenciones-en-el-corregimiento-arauca-palestina\\\/#primaryimage\"},\"thumbnailUrl\":\"https:\\\/\\\/www.ucaldas.edu.co\\\/portal\\\/wp-content\\\/uploads\\\/2021\\\/08\\\/Diseno-sin-titulo-1-1.jpg\",\"keywords\":[\"Telesalud\",\"atenci\u00f3n m\u00e9dica\",\"corregimiento de Arauca\",\"misi\u00f3n de observaci\u00f3n europea\"],\"articleSection\":[\"Actualidad\",\"Universidad al D\u00eda\",\"UCaldas Colaborativa\"],\"inLanguage\":\"es\"},{\"@type\":\"WebPage\",\"@id\":\"https:\\\/\\\/www.ucaldas.edu.co\\\/portal\\\/la-ruta-de-la-telemedicina-brindo-sus-atenciones-en-el-corregimiento-arauca-palestina\\\/\",\"url\":\"https:\\\/\\\/www.ucaldas.edu.co\\\/portal\\\/la-ruta-de-la-telemedicina-brindo-sus-atenciones-en-el-corregimiento-arauca-palestina\\\/\",\"name\":\"La Ruta de la Telemedicina brind\u00f3 sus atenciones en el corregimiento Arauca, Palestina .\",\"isPartOf\":{\"@id\":\"https:\\\/\\\/www.ucaldas.edu.co\\\/portal\\\/#website\"},\"primaryImageOfPage\":{\"@id\":\"https:\\\/\\\/www.ucaldas.edu.co\\\/portal\\\/la-ruta-de-la-telemedicina-brindo-sus-atenciones-en-el-corregimiento-arauca-palestina\\\/#primaryimage\"},\"image\":{\"@id\":\"https:\\\/\\\/www.ucaldas.edu.co\\\/portal\\\/la-ruta-de-la-telemedicina-brindo-sus-atenciones-en-el-corregimiento-arauca-palestina\\\/#primaryimage\"},\"thumbnailUrl\":\"https:\\\/\\\/www.ucaldas.edu.co\\\/portal\\\/wp-content\\\/uploads\\\/2021\\\/08\\\/Diseno-sin-titulo-1-1.jpg\",\"datePublished\":\"2021-08-05T22:32:00+00:00\",\"breadcrumb\":{\"@id\":\"https:\\\/\\\/www.ucaldas.edu.co\\\/portal\\\/la-ruta-de-la-telemedicina-brindo-sus-atenciones-en-el-corregimiento-arauca-palestina\\\/#breadcrumb\"},\"inLanguage\":\"es\",\"potentialAction\":[{\"@type\":\"ReadAction\",\"target\":[\"https:\\\/\\\/www.ucaldas.edu.co\\\/portal\\\/la-ruta-de-la-telemedicina-brindo-sus-atenciones-en-el-corregimiento-arauca-palestina\\\/\"]}]},{\"@type\":\"ImageObject\",\"inLanguage\":\"es\",\"@id\":\"https:\\\/\\\/www.ucaldas.edu.co\\\/portal\\\/la-ruta-de-la-telemedicina-brindo-sus-atenciones-en-el-corregimiento-arauca-palestina\\\/#primaryimage\",\"url\":\"https:\\\/\\\/www.ucaldas.edu.co\\\/portal\\\/wp-content\\\/uploads\\\/2021\\\/08\\\/Diseno-sin-titulo-1-1.jpg\",\"contentUrl\":\"https:\\\/\\\/www.ucaldas.edu.co\\\/portal\\\/wp-content\\\/uploads\\\/2021\\\/08\\\/Diseno-sin-titulo-1-1.jpg\",\"width\":700,\"height\":400},{\"@type\":\"BreadcrumbList\",\"@id\":\"https:\\\/\\\/www.ucaldas.edu.co\\\/portal\\\/la-ruta-de-la-telemedicina-brindo-sus-atenciones-en-el-corregimiento-arauca-palestina\\\/#breadcrumb\",\"itemListElement\":[{\"@type\":\"ListItem\",\"position\":1,\"name\":\"Portada\",\"item\":\"https:\\\/\\\/www.ucaldas.edu.co\\\/portal\\\/\"},{\"@type\":\"ListItem\",\"position\":2,\"name\":\"La Ruta de la Telemedicina brind\u00f3 sus atenciones en el corregimiento Arauca, Palestina\"}]},{\"@type\":\"WebSite\",\"@id\":\"https:\\\/\\\/www.ucaldas.edu.co\\\/portal\\\/#website\",\"url\":\"https:\\\/\\\/www.ucaldas.edu.co\\\/portal\\\/\",\"name\":\"Universidad de Caldas\",\"description\":\"\",\"publisher\":{\"@id\":\"https:\\\/\\\/www.ucaldas.edu.co\\\/portal\\\/#organization\"},\"alternateName\":\"U. de Caldas\",\"potentialAction\":[{\"@type\":\"SearchAction\",\"target\":{\"@type\":\"EntryPoint\",\"urlTemplate\":\"https:\\\/\\\/www.ucaldas.edu.co\\\/portal\\\/?s={search_term_string}\"},\"query-input\":{\"@type\":\"PropertyValueSpecification\",\"valueRequired\":true,\"valueName\":\"search_term_string\"}}],\"inLanguage\":\"es\"},{\"@type\":\"Organization\",\"@id\":\"https:\\\/\\\/www.ucaldas.edu.co\\\/portal\\\/#organization\",\"name\":\"Universidad de Caldas\",\"alternateName\":\"U. de Caldas\",\"url\":\"https:\\\/\\\/www.ucaldas.edu.co\\\/portal\\\/\",\"logo\":{\"@type\":\"ImageObject\",\"inLanguage\":\"es\",\"@id\":\"https:\\\/\\\/www.ucaldas.edu.co\\\/portal\\\/#\\\/schema\\\/logo\\\/image\\\/\",\"url\":\"https:\\\/\\\/www.ucaldas.edu.co\\\/portal\\\/wp-content\\\/uploads\\\/2023\\\/11\\\/Logo_horizontal_oscuroU-2023.png\",\"contentUrl\":\"https:\\\/\\\/www.ucaldas.edu.co\\\/portal\\\/wp-content\\\/uploads\\\/2023\\\/11\\\/Logo_horizontal_oscuroU-2023.png\",\"width\":263,\"height\":101,\"caption\":\"Universidad de Caldas\"},\"image\":{\"@id\":\"https:\\\/\\\/www.ucaldas.edu.co\\\/portal\\\/#\\\/schema\\\/logo\\\/image\\\/\"},\"sameAs\":[\"https:\\\/\\\/www.facebook.com\\\/udecaldas\",\"https:\\\/\\\/x.com\\\/udecaldas\",\"https:\\\/\\\/www.youtube.com\\\/universidadcaldas\",\"https:\\\/\\\/www.instagram.com\\\/udecaldas\\\/\"]},{\"@type\":\"Person\",\"@id\":\"https:\\\/\\\/www.ucaldas.edu.co\\\/portal\\\/#\\\/schema\\\/person\\\/a1b482e23449158b4bc319926c074fdf\",\"name\":\"ofiprensa\",\"image\":{\"@type\":\"ImageObject\",\"inLanguage\":\"es\",\"@id\":\"https:\\\/\\\/www.ucaldas.edu.co\\\/portal\\\/wp-content\\\/litespeed\\\/avatar\\\/09ea5085e600095a7a811142c6944527.jpg?ver=1777497608\",\"url\":\"https:\\\/\\\/www.ucaldas.edu.co\\\/portal\\\/wp-content\\\/litespeed\\\/avatar\\\/09ea5085e600095a7a811142c6944527.jpg?ver=1777497608\",\"contentUrl\":\"https:\\\/\\\/www.ucaldas.edu.co\\\/portal\\\/wp-content\\\/litespeed\\\/avatar\\\/09ea5085e600095a7a811142c6944527.jpg?ver=1777497608\",\"caption\":\"ofiprensa\"},\"url\":\"https:\\\/\\\/www.ucaldas.edu.co\\\/portal\\\/author\\\/ofiprensa\\\/\"}]}<\/script>\n<!-- \/ Yoast SEO plugin. -->","yoast_head_json":{"title":"La Ruta de la Telemedicina brind\u00f3 sus atenciones en el corregimiento Arauca, Palestina .","robots":{"index":"index","follow":"follow","max-snippet":"max-snippet:-1","max-image-preview":"max-image-preview:large","max-video-preview":"max-video-preview:-1"},"canonical":"https:\/\/www.ucaldas.edu.co\/portal\/la-ruta-de-la-telemedicina-brindo-sus-atenciones-en-el-corregimiento-arauca-palestina\/","schema":{"@context":"https:\/\/schema.org","@graph":[{"@type":"Article","@id":"https:\/\/www.ucaldas.edu.co\/portal\/la-ruta-de-la-telemedicina-brindo-sus-atenciones-en-el-corregimiento-arauca-palestina\/#article","isPartOf":{"@id":"https:\/\/www.ucaldas.edu.co\/portal\/la-ruta-de-la-telemedicina-brindo-sus-atenciones-en-el-corregimiento-arauca-palestina\/"},"author":{"name":"ofiprensa","@id":"https:\/\/www.ucaldas.edu.co\/portal\/#\/schema\/person\/a1b482e23449158b4bc319926c074fdf"},"headline":"La Ruta de la Telemedicina brind\u00f3 sus atenciones en el corregimiento Arauca, Palestina","datePublished":"2021-08-05T22:32:00+00:00","mainEntityOfPage":{"@id":"https:\/\/www.ucaldas.edu.co\/portal\/la-ruta-de-la-telemedicina-brindo-sus-atenciones-en-el-corregimiento-arauca-palestina\/"},"wordCount":429,"publisher":{"@id":"https:\/\/www.ucaldas.edu.co\/portal\/#organization"},"image":{"@id":"https:\/\/www.ucaldas.edu.co\/portal\/la-ruta-de-la-telemedicina-brindo-sus-atenciones-en-el-corregimiento-arauca-palestina\/#primaryimage"},"thumbnailUrl":"https:\/\/www.ucaldas.edu.co\/portal\/wp-content\/uploads\/2021\/08\/Diseno-sin-titulo-1-1.jpg","keywords":["Telesalud","atenci\u00f3n m\u00e9dica","corregimiento de Arauca","misi\u00f3n de observaci\u00f3n europea"],"articleSection":["Actualidad","Universidad al D\u00eda","UCaldas Colaborativa"],"inLanguage":"es"},{"@type":"WebPage","@id":"https:\/\/www.ucaldas.edu.co\/portal\/la-ruta-de-la-telemedicina-brindo-sus-atenciones-en-el-corregimiento-arauca-palestina\/","url":"https:\/\/www.ucaldas.edu.co\/portal\/la-ruta-de-la-telemedicina-brindo-sus-atenciones-en-el-corregimiento-arauca-palestina\/","name":"La Ruta de la Telemedicina brind\u00f3 sus atenciones en el corregimiento Arauca, Palestina .","isPartOf":{"@id":"https:\/\/www.ucaldas.edu.co\/portal\/#website"},"primaryImageOfPage":{"@id":"https:\/\/www.ucaldas.edu.co\/portal\/la-ruta-de-la-telemedicina-brindo-sus-atenciones-en-el-corregimiento-arauca-palestina\/#primaryimage"},"image":{"@id":"https:\/\/www.ucaldas.edu.co\/portal\/la-ruta-de-la-telemedicina-brindo-sus-atenciones-en-el-corregimiento-arauca-palestina\/#primaryimage"},"thumbnailUrl":"https:\/\/www.ucaldas.edu.co\/portal\/wp-content\/uploads\/2021\/08\/Diseno-sin-titulo-1-1.jpg","datePublished":"2021-08-05T22:32:00+00:00","breadcrumb":{"@id":"https:\/\/www.ucaldas.edu.co\/portal\/la-ruta-de-la-telemedicina-brindo-sus-atenciones-en-el-corregimiento-arauca-palestina\/#breadcrumb"},"inLanguage":"es","potentialAction":[{"@type":"ReadAction","target":["https:\/\/www.ucaldas.edu.co\/portal\/la-ruta-de-la-telemedicina-brindo-sus-atenciones-en-el-corregimiento-arauca-palestina\/"]}]},{"@type":"ImageObject","inLanguage":"es","@id":"https:\/\/www.ucaldas.edu.co\/portal\/la-ruta-de-la-telemedicina-brindo-sus-atenciones-en-el-corregimiento-arauca-palestina\/#primaryimage","url":"https:\/\/www.ucaldas.edu.co\/portal\/wp-content\/uploads\/2021\/08\/Diseno-sin-titulo-1-1.jpg","contentUrl":"https:\/\/www.ucaldas.edu.co\/portal\/wp-content\/uploads\/2021\/08\/Diseno-sin-titulo-1-1.jpg","width":700,"height":400},{"@type":"BreadcrumbList","@id":"https:\/\/www.ucaldas.edu.co\/portal\/la-ruta-de-la-telemedicina-brindo-sus-atenciones-en-el-corregimiento-arauca-palestina\/#breadcrumb","itemListElement":[{"@type":"ListItem","position":1,"name":"Portada","item":"https:\/\/www.ucaldas.edu.co\/portal\/"},{"@type":"ListItem","position":2,"name":"La Ruta de la Telemedicina brind\u00f3 sus atenciones en el corregimiento Arauca, Palestina"}]},{"@type":"WebSite","@id":"https:\/\/www.ucaldas.edu.co\/portal\/#website","url":"https:\/\/www.ucaldas.edu.co\/portal\/","name":"Universidad de Caldas","description":"","publisher":{"@id":"https:\/\/www.ucaldas.edu.co\/portal\/#organization"},"alternateName":"U. de Caldas","potentialAction":[{"@type":"SearchAction","target":{"@type":"EntryPoint","urlTemplate":"https:\/\/www.ucaldas.edu.co\/portal\/?s={search_term_string}"},"query-input":{"@type":"PropertyValueSpecification","valueRequired":true,"valueName":"search_term_string"}}],"inLanguage":"es"},{"@type":"Organization","@id":"https:\/\/www.ucaldas.edu.co\/portal\/#organization","name":"Universidad de Caldas","alternateName":"U. de Caldas","url":"https:\/\/www.ucaldas.edu.co\/portal\/","logo":{"@type":"ImageObject","inLanguage":"es","@id":"https:\/\/www.ucaldas.edu.co\/portal\/#\/schema\/logo\/image\/","url":"https:\/\/www.ucaldas.edu.co\/portal\/wp-content\/uploads\/2023\/11\/Logo_horizontal_oscuroU-2023.png","contentUrl":"https:\/\/www.ucaldas.edu.co\/portal\/wp-content\/uploads\/2023\/11\/Logo_horizontal_oscuroU-2023.png","width":263,"height":101,"caption":"Universidad de Caldas"},"image":{"@id":"https:\/\/www.ucaldas.edu.co\/portal\/#\/schema\/logo\/image\/"},"sameAs":["https:\/\/www.facebook.com\/udecaldas","https:\/\/x.com\/udecaldas","https:\/\/www.youtube.com\/universidadcaldas","https:\/\/www.instagram.com\/udecaldas\/"]},{"@type":"Person","@id":"https:\/\/www.ucaldas.edu.co\/portal\/#\/schema\/person\/a1b482e23449158b4bc319926c074fdf","name":"ofiprensa","image":{"@type":"ImageObject","inLanguage":"es","@id":"https:\/\/www.ucaldas.edu.co\/portal\/wp-content\/litespeed\/avatar\/09ea5085e600095a7a811142c6944527.jpg?ver=1777497608","url":"https:\/\/www.ucaldas.edu.co\/portal\/wp-content\/litespeed\/avatar\/09ea5085e600095a7a811142c6944527.jpg?ver=1777497608","contentUrl":"https:\/\/www.ucaldas.edu.co\/portal\/wp-content\/litespeed\/avatar\/09ea5085e600095a7a811142c6944527.jpg?ver=1777497608","caption":"ofiprensa"},"url":"https:\/\/www.ucaldas.edu.co\/portal\/author\/ofiprensa\/"}]}},"_links":{"self":[{"href":"https:\/\/www.ucaldas.edu.co\/portal\/wp-json\/wp\/v2\/posts\/64195","targetHints":{"allow":["GET"]}}],"collection":[{"href":"https:\/\/www.ucaldas.edu.co\/portal\/wp-json\/wp\/v2\/posts"}],"about":[{"href":"https:\/\/www.ucaldas.edu.co\/portal\/wp-json\/wp\/v2\/types\/post"}],"author":[{"embeddable":true,"href":"https:\/\/www.ucaldas.edu.co\/portal\/wp-json\/wp\/v2\/users\/2"}],"replies":[{"embeddable":true,"href":"https:\/\/www.ucaldas.edu.co\/portal\/wp-json\/wp\/v2\/comments?post=64195"}],"version-history":[{"count":0,"href":"https:\/\/www.ucaldas.edu.co\/portal\/wp-json\/wp\/v2\/posts\/64195\/revisions"}],"wp:featuredmedia":[{"embeddable":true,"href":"https:\/\/www.ucaldas.edu.co\/portal\/wp-json\/wp\/v2\/media\/64196"}],"wp:attachment":[{"href":"https:\/\/www.ucaldas.edu.co\/portal\/wp-json\/wp\/v2\/media?parent=64195"}],"wp:term":[{"taxonomy":"category","embeddable":true,"href":"https:\/\/www.ucaldas.edu.co\/portal\/wp-json\/wp\/v2\/categories?post=64195"},{"taxonomy":"post_tag","embeddable":true,"href":"https:\/\/www.ucaldas.edu.co\/portal\/wp-json\/wp\/v2\/tags?post=64195"}],"curies":[{"name":"wp","href":"https:\/\/api.w.org\/{rel}","templated":true}]}}