{"id":6410,"date":"2011-02-03T10:16:24","date_gmt":"2011-02-03T15:16:24","guid":{"rendered":"https:\/\/www.ucaldas.edu.co\/portal\/?p=6410"},"modified":"2011-02-03T10:16:24","modified_gmt":"2011-02-03T15:16:24","slug":"u-de-caldas-renueva-medida-de-pico-y-placa-en-parqueaderos-de-sus-sedes","status":"publish","type":"post","link":"https:\/\/www.ucaldas.edu.co\/portal\/u-de-caldas-renueva-medida-de-pico-y-placa-en-parqueaderos-de-sus-sedes\/","title":{"rendered":"U. de Caldas renueva medida de pico y placa  en parqueaderos de sus sedes"},"content":{"rendered":"<p>Se permitir\u00e1 el ingreso de algunos veh\u00edculos, en condiciones exepcionales<\/p>\n<hr \/>\n<p align=\"right\"><b>03\/02\/2011<\/b><\/p>\n<table border=\"0\">\n<tbody>\n<tr>\n<td><img loading=\"lazy\" decoding=\"async\" style=\"border: 0px\" alt=\"Pico y placa\" src=\"http:\/\/www.ucaldas.edu.co\/images\/tmp\/pico_y_placa_interno.jpg\" width=\"240\" height=\"150\" border=\"0\" \/><\/td>\n<td>En la <b>sesi\u00f3n<\/b> del <b>Comit\u00e9 Ambiental <\/b>de <b>la Universidad<\/b><b> <\/b>de <b>Caldas<\/b>, que se realiz\u00f3 el pasado martes 25 de enero del 2011, se <b>decidi\u00f3<\/b> <b>mantener, pero hacer algunos cambios<\/b> a la <b>medida<\/b> <b>de pico y placa <\/b>en los<b> parqueaderos<\/b> de las diferentes <b>sedes <\/b>de la Instituci\u00f3n.<\/p>\n<p>&nbsp;<\/p>\n<p>Esta iniciativa entr\u00f3 en operaci\u00f3n en septiembre 20 del 2010 en este centro de educaci\u00f3n superior como apuesta ambiental para desestimular el uso de veh\u00edculos y a la vez para descongestionar diversas zonas de la U. de Caldas<\/td>\n<\/tr>\n<\/tbody>\n<\/table>\n<p>&nbsp;<\/p>\n<p>\u201cAl haber menos carros ha sido m\u00e1s f\u00e1cil realizar labores cotidianas en la Universidad, a diferencia de antes, cuando se invad\u00edan zonas verdes. Adem\u00e1s, dejar el carro un d\u00eda en la casa tiene una dimensi\u00f3n ambiental y si fomenta el caminar como ejercicio f\u00edsico tambi\u00e9n contribuye a la salud\u201d, coment\u00f3\u00a0 Henry Gonz\u00e1lez Gonz\u00e1lez, Coordinador del Grupo de Sostenibilidad Ambiental de la U. de Caldas.<\/p>\n<p>&nbsp;<\/p>\n<p><b>Cambios para el 2011<\/b><\/p>\n<p>El cronograma es el mismo del semestre pasado, por terminaci\u00f3n de las placas de los autom\u00f3viles, es decir, lunes: 0 y 1; martes: 2 y 3; mi\u00e9rcoles: 4 y 5; jueves: 6 y 7, y viernes: 8 y 9. Sin embargo, se presentar\u00e1n los siguientes cambios.<\/p>\n<p>&nbsp;<\/p>\n<p>&#8211; Ya no incluir\u00e1 la noche. La medida regir\u00e1 desde las 6:00 a.m. hasta las 6:00 p.m. Esto beneficia a estudiantes y docentes que laboran en la noche, en la U. de Caldas.<\/p>\n<p>&nbsp;<\/p>\n<p>&#8211; Se permitir\u00e1 el ingreso de veh\u00edculos que transporten personas en situaci\u00f3n de discapacidad o muy enfermas.<\/p>\n<p>&nbsp;<\/p>\n<p>&#8211; Tambi\u00e9n quedan exentos los veh\u00edculos que transporten equipos o elementos grandes, de seguridad y de quienes accedan a servicios de urgencias y consulta en centros m\u00e9dicos y veterinarios de la U. de Caldas.<\/p>\n<p>&nbsp;<\/p>\n<p>&#8211; Los viernes en la tarde se permitir\u00e1 el ingreso libre de los autom\u00f3viles de los estudiantes de posgrado.<\/p>\n<p>&nbsp;<\/p>\n<p>&#8211; Se habilitar\u00e1 el parqueadero del Jard\u00edn Bot\u00e1nico de la Instituci\u00f3n (entrada detr\u00e1s del Colrosario) para todas las placas, durante todos los d\u00edas.<\/p>\n<p>&nbsp;<\/p>\n<p><b>Comit\u00e9 Ambiental U. de Caldas<\/b><\/p>\n<p>El Comit\u00e9 Ambiental de la U. de Caldas lo conforman los vicerrectores Administrativo y Acad\u00e9mico, los jefes de las oficinas de Planeaci\u00f3n y de Servicios Generales, el Director del Jard\u00edn Bot\u00e1nico y el Coordinador del Grupo Interno de Sostenibilidad Ambiental de la Instituci\u00f3n.<\/p>\n<p>&nbsp;<\/p>\n<p>Para conocer informaci\u00f3n sobre el inicio del pico y placa en la U. de Caldas, el a\u00f1o pasado, haga clic <a href=\"http:\/\/desarrollo.ucaldas.edu.co\/archivo\/index.php?option=com_content&amp;view=article&amp;id=4180:comunidad-de-la-u-de-caldas-acato-pico-y-placa-interno&amp;catid=419:universidad-al-dia&amp;Itemid=1039\" target=\"_blank\">aqu\u00ed.<\/a><\/p>\n<p>&nbsp;<\/p>\n<p><b>Informes: <\/b>con Henry Gonz\u00e1lez Gonz\u00e1lez, Coordinador del Grupo Interno de Sostenibilidad Ambiental. Tel\u00e9fono: 878 15 00, extensi\u00f3n 13 446.<\/p>\n","protected":false},"excerpt":{"rendered":"<p>Se permitir\u00e1 el ingreso de algunos veh\u00edculos, en condiciones exepcionales 03\/02\/2011 En la sesi\u00f3n del Comit\u00e9 Ambiental de la Universidad de Caldas, que se realiz\u00f3 el pasado martes 25 de enero del 2011, se decidi\u00f3 mantener, pero hacer algunos cambios a la medida de pico y placa en los parqueaderos de las diferentes sedes de [&hellip;]<\/p>\n","protected":false},"author":2,"featured_media":0,"comment_status":"closed","ping_status":"closed","sticky":false,"template":"","format":"standard","meta":{"footnotes":""},"categories":[48,53],"tags":[],"class_list":["post-6410","post","type-post","status-publish","format-standard","hentry","category-actualidad","category-universidad-al-dia"],"yoast_head":"<!-- This site is optimized with the Yoast SEO plugin v27.5 - https:\/\/yoast.com\/product\/yoast-seo-wordpress\/ -->\n<title>U. de Caldas renueva medida de pico y placa en parqueaderos de sus sedes .<\/title>\n<meta name=\"robots\" content=\"index, follow, max-snippet:-1, max-image-preview:large, max-video-preview:-1\" \/>\n<link rel=\"canonical\" href=\"https:\/\/www.ucaldas.edu.co\/portal\/u-de-caldas-renueva-medida-de-pico-y-placa-en-parqueaderos-de-sus-sedes\/\" \/>\n<script type=\"application\/ld+json\" class=\"yoast-schema-graph\">{\"@context\":\"https:\\\/\\\/schema.org\",\"@graph\":[{\"@type\":\"Article\",\"@id\":\"https:\\\/\\\/www.ucaldas.edu.co\\\/portal\\\/u-de-caldas-renueva-medida-de-pico-y-placa-en-parqueaderos-de-sus-sedes\\\/#article\",\"isPartOf\":{\"@id\":\"https:\\\/\\\/www.ucaldas.edu.co\\\/portal\\\/u-de-caldas-renueva-medida-de-pico-y-placa-en-parqueaderos-de-sus-sedes\\\/\"},\"author\":{\"name\":\"ofiprensa\",\"@id\":\"https:\\\/\\\/www.ucaldas.edu.co\\\/portal\\\/#\\\/schema\\\/person\\\/a1b482e23449158b4bc319926c074fdf\"},\"headline\":\"U. de Caldas renueva medida de pico y placa en parqueaderos de sus sedes\",\"datePublished\":\"2011-02-03T15:16:24+00:00\",\"mainEntityOfPage\":{\"@id\":\"https:\\\/\\\/www.ucaldas.edu.co\\\/portal\\\/u-de-caldas-renueva-medida-de-pico-y-placa-en-parqueaderos-de-sus-sedes\\\/\"},\"wordCount\":469,\"publisher\":{\"@id\":\"https:\\\/\\\/www.ucaldas.edu.co\\\/portal\\\/#organization\"},\"image\":{\"@id\":\"https:\\\/\\\/www.ucaldas.edu.co\\\/portal\\\/u-de-caldas-renueva-medida-de-pico-y-placa-en-parqueaderos-de-sus-sedes\\\/#primaryimage\"},\"thumbnailUrl\":\"http:\\\/\\\/www.ucaldas.edu.co\\\/images\\\/tmp\\\/pico_y_placa_interno.jpg\",\"articleSection\":[\"Actualidad\",\"Universidad al D\u00eda\"],\"inLanguage\":\"es\"},{\"@type\":\"WebPage\",\"@id\":\"https:\\\/\\\/www.ucaldas.edu.co\\\/portal\\\/u-de-caldas-renueva-medida-de-pico-y-placa-en-parqueaderos-de-sus-sedes\\\/\",\"url\":\"https:\\\/\\\/www.ucaldas.edu.co\\\/portal\\\/u-de-caldas-renueva-medida-de-pico-y-placa-en-parqueaderos-de-sus-sedes\\\/\",\"name\":\"U. de Caldas renueva medida de pico y placa en parqueaderos de sus sedes .\",\"isPartOf\":{\"@id\":\"https:\\\/\\\/www.ucaldas.edu.co\\\/portal\\\/#website\"},\"primaryImageOfPage\":{\"@id\":\"https:\\\/\\\/www.ucaldas.edu.co\\\/portal\\\/u-de-caldas-renueva-medida-de-pico-y-placa-en-parqueaderos-de-sus-sedes\\\/#primaryimage\"},\"image\":{\"@id\":\"https:\\\/\\\/www.ucaldas.edu.co\\\/portal\\\/u-de-caldas-renueva-medida-de-pico-y-placa-en-parqueaderos-de-sus-sedes\\\/#primaryimage\"},\"thumbnailUrl\":\"http:\\\/\\\/www.ucaldas.edu.co\\\/images\\\/tmp\\\/pico_y_placa_interno.jpg\",\"datePublished\":\"2011-02-03T15:16:24+00:00\",\"breadcrumb\":{\"@id\":\"https:\\\/\\\/www.ucaldas.edu.co\\\/portal\\\/u-de-caldas-renueva-medida-de-pico-y-placa-en-parqueaderos-de-sus-sedes\\\/#breadcrumb\"},\"inLanguage\":\"es\",\"potentialAction\":[{\"@type\":\"ReadAction\",\"target\":[\"https:\\\/\\\/www.ucaldas.edu.co\\\/portal\\\/u-de-caldas-renueva-medida-de-pico-y-placa-en-parqueaderos-de-sus-sedes\\\/\"]}]},{\"@type\":\"ImageObject\",\"inLanguage\":\"es\",\"@id\":\"https:\\\/\\\/www.ucaldas.edu.co\\\/portal\\\/u-de-caldas-renueva-medida-de-pico-y-placa-en-parqueaderos-de-sus-sedes\\\/#primaryimage\",\"url\":\"http:\\\/\\\/www.ucaldas.edu.co\\\/images\\\/tmp\\\/pico_y_placa_interno.jpg\",\"contentUrl\":\"http:\\\/\\\/www.ucaldas.edu.co\\\/images\\\/tmp\\\/pico_y_placa_interno.jpg\"},{\"@type\":\"BreadcrumbList\",\"@id\":\"https:\\\/\\\/www.ucaldas.edu.co\\\/portal\\\/u-de-caldas-renueva-medida-de-pico-y-placa-en-parqueaderos-de-sus-sedes\\\/#breadcrumb\",\"itemListElement\":[{\"@type\":\"ListItem\",\"position\":1,\"name\":\"Portada\",\"item\":\"https:\\\/\\\/www.ucaldas.edu.co\\\/portal\\\/\"},{\"@type\":\"ListItem\",\"position\":2,\"name\":\"U. de Caldas renueva medida de pico y placa en parqueaderos de sus sedes\"}]},{\"@type\":\"WebSite\",\"@id\":\"https:\\\/\\\/www.ucaldas.edu.co\\\/portal\\\/#website\",\"url\":\"https:\\\/\\\/www.ucaldas.edu.co\\\/portal\\\/\",\"name\":\"Universidad de Caldas\",\"description\":\"\",\"publisher\":{\"@id\":\"https:\\\/\\\/www.ucaldas.edu.co\\\/portal\\\/#organization\"},\"alternateName\":\"U. de Caldas\",\"potentialAction\":[{\"@type\":\"SearchAction\",\"target\":{\"@type\":\"EntryPoint\",\"urlTemplate\":\"https:\\\/\\\/www.ucaldas.edu.co\\\/portal\\\/?s={search_term_string}\"},\"query-input\":{\"@type\":\"PropertyValueSpecification\",\"valueRequired\":true,\"valueName\":\"search_term_string\"}}],\"inLanguage\":\"es\"},{\"@type\":\"Organization\",\"@id\":\"https:\\\/\\\/www.ucaldas.edu.co\\\/portal\\\/#organization\",\"name\":\"Universidad de Caldas\",\"alternateName\":\"U. de Caldas\",\"url\":\"https:\\\/\\\/www.ucaldas.edu.co\\\/portal\\\/\",\"logo\":{\"@type\":\"ImageObject\",\"inLanguage\":\"es\",\"@id\":\"https:\\\/\\\/www.ucaldas.edu.co\\\/portal\\\/#\\\/schema\\\/logo\\\/image\\\/\",\"url\":\"https:\\\/\\\/www.ucaldas.edu.co\\\/portal\\\/wp-content\\\/uploads\\\/2023\\\/11\\\/Logo_horizontal_oscuroU-2023.png\",\"contentUrl\":\"https:\\\/\\\/www.ucaldas.edu.co\\\/portal\\\/wp-content\\\/uploads\\\/2023\\\/11\\\/Logo_horizontal_oscuroU-2023.png\",\"width\":263,\"height\":101,\"caption\":\"Universidad de Caldas\"},\"image\":{\"@id\":\"https:\\\/\\\/www.ucaldas.edu.co\\\/portal\\\/#\\\/schema\\\/logo\\\/image\\\/\"},\"sameAs\":[\"https:\\\/\\\/www.facebook.com\\\/udecaldas\",\"https:\\\/\\\/x.com\\\/udecaldas\",\"https:\\\/\\\/www.youtube.com\\\/universidadcaldas\",\"https:\\\/\\\/www.instagram.com\\\/udecaldas\\\/\"]},{\"@type\":\"Person\",\"@id\":\"https:\\\/\\\/www.ucaldas.edu.co\\\/portal\\\/#\\\/schema\\\/person\\\/a1b482e23449158b4bc319926c074fdf\",\"name\":\"ofiprensa\",\"image\":{\"@type\":\"ImageObject\",\"inLanguage\":\"es\",\"@id\":\"https:\\\/\\\/www.ucaldas.edu.co\\\/portal\\\/wp-content\\\/litespeed\\\/avatar\\\/09ea5085e600095a7a811142c6944527.jpg?ver=1777497608\",\"url\":\"https:\\\/\\\/www.ucaldas.edu.co\\\/portal\\\/wp-content\\\/litespeed\\\/avatar\\\/09ea5085e600095a7a811142c6944527.jpg?ver=1777497608\",\"contentUrl\":\"https:\\\/\\\/www.ucaldas.edu.co\\\/portal\\\/wp-content\\\/litespeed\\\/avatar\\\/09ea5085e600095a7a811142c6944527.jpg?ver=1777497608\",\"caption\":\"ofiprensa\"},\"url\":\"https:\\\/\\\/www.ucaldas.edu.co\\\/portal\\\/author\\\/ofiprensa\\\/\"}]}<\/script>\n<!-- \/ Yoast SEO plugin. -->","yoast_head_json":{"title":"U. de Caldas renueva medida de pico y placa en parqueaderos de sus sedes .","robots":{"index":"index","follow":"follow","max-snippet":"max-snippet:-1","max-image-preview":"max-image-preview:large","max-video-preview":"max-video-preview:-1"},"canonical":"https:\/\/www.ucaldas.edu.co\/portal\/u-de-caldas-renueva-medida-de-pico-y-placa-en-parqueaderos-de-sus-sedes\/","schema":{"@context":"https:\/\/schema.org","@graph":[{"@type":"Article","@id":"https:\/\/www.ucaldas.edu.co\/portal\/u-de-caldas-renueva-medida-de-pico-y-placa-en-parqueaderos-de-sus-sedes\/#article","isPartOf":{"@id":"https:\/\/www.ucaldas.edu.co\/portal\/u-de-caldas-renueva-medida-de-pico-y-placa-en-parqueaderos-de-sus-sedes\/"},"author":{"name":"ofiprensa","@id":"https:\/\/www.ucaldas.edu.co\/portal\/#\/schema\/person\/a1b482e23449158b4bc319926c074fdf"},"headline":"U. de Caldas renueva medida de pico y placa en parqueaderos de sus sedes","datePublished":"2011-02-03T15:16:24+00:00","mainEntityOfPage":{"@id":"https:\/\/www.ucaldas.edu.co\/portal\/u-de-caldas-renueva-medida-de-pico-y-placa-en-parqueaderos-de-sus-sedes\/"},"wordCount":469,"publisher":{"@id":"https:\/\/www.ucaldas.edu.co\/portal\/#organization"},"image":{"@id":"https:\/\/www.ucaldas.edu.co\/portal\/u-de-caldas-renueva-medida-de-pico-y-placa-en-parqueaderos-de-sus-sedes\/#primaryimage"},"thumbnailUrl":"http:\/\/www.ucaldas.edu.co\/images\/tmp\/pico_y_placa_interno.jpg","articleSection":["Actualidad","Universidad al D\u00eda"],"inLanguage":"es"},{"@type":"WebPage","@id":"https:\/\/www.ucaldas.edu.co\/portal\/u-de-caldas-renueva-medida-de-pico-y-placa-en-parqueaderos-de-sus-sedes\/","url":"https:\/\/www.ucaldas.edu.co\/portal\/u-de-caldas-renueva-medida-de-pico-y-placa-en-parqueaderos-de-sus-sedes\/","name":"U. de Caldas renueva medida de pico y placa en parqueaderos de sus sedes .","isPartOf":{"@id":"https:\/\/www.ucaldas.edu.co\/portal\/#website"},"primaryImageOfPage":{"@id":"https:\/\/www.ucaldas.edu.co\/portal\/u-de-caldas-renueva-medida-de-pico-y-placa-en-parqueaderos-de-sus-sedes\/#primaryimage"},"image":{"@id":"https:\/\/www.ucaldas.edu.co\/portal\/u-de-caldas-renueva-medida-de-pico-y-placa-en-parqueaderos-de-sus-sedes\/#primaryimage"},"thumbnailUrl":"http:\/\/www.ucaldas.edu.co\/images\/tmp\/pico_y_placa_interno.jpg","datePublished":"2011-02-03T15:16:24+00:00","breadcrumb":{"@id":"https:\/\/www.ucaldas.edu.co\/portal\/u-de-caldas-renueva-medida-de-pico-y-placa-en-parqueaderos-de-sus-sedes\/#breadcrumb"},"inLanguage":"es","potentialAction":[{"@type":"ReadAction","target":["https:\/\/www.ucaldas.edu.co\/portal\/u-de-caldas-renueva-medida-de-pico-y-placa-en-parqueaderos-de-sus-sedes\/"]}]},{"@type":"ImageObject","inLanguage":"es","@id":"https:\/\/www.ucaldas.edu.co\/portal\/u-de-caldas-renueva-medida-de-pico-y-placa-en-parqueaderos-de-sus-sedes\/#primaryimage","url":"http:\/\/www.ucaldas.edu.co\/images\/tmp\/pico_y_placa_interno.jpg","contentUrl":"http:\/\/www.ucaldas.edu.co\/images\/tmp\/pico_y_placa_interno.jpg"},{"@type":"BreadcrumbList","@id":"https:\/\/www.ucaldas.edu.co\/portal\/u-de-caldas-renueva-medida-de-pico-y-placa-en-parqueaderos-de-sus-sedes\/#breadcrumb","itemListElement":[{"@type":"ListItem","position":1,"name":"Portada","item":"https:\/\/www.ucaldas.edu.co\/portal\/"},{"@type":"ListItem","position":2,"name":"U. de Caldas renueva medida de pico y placa en parqueaderos de sus sedes"}]},{"@type":"WebSite","@id":"https:\/\/www.ucaldas.edu.co\/portal\/#website","url":"https:\/\/www.ucaldas.edu.co\/portal\/","name":"Universidad de Caldas","description":"","publisher":{"@id":"https:\/\/www.ucaldas.edu.co\/portal\/#organization"},"alternateName":"U. de Caldas","potentialAction":[{"@type":"SearchAction","target":{"@type":"EntryPoint","urlTemplate":"https:\/\/www.ucaldas.edu.co\/portal\/?s={search_term_string}"},"query-input":{"@type":"PropertyValueSpecification","valueRequired":true,"valueName":"search_term_string"}}],"inLanguage":"es"},{"@type":"Organization","@id":"https:\/\/www.ucaldas.edu.co\/portal\/#organization","name":"Universidad de Caldas","alternateName":"U. de Caldas","url":"https:\/\/www.ucaldas.edu.co\/portal\/","logo":{"@type":"ImageObject","inLanguage":"es","@id":"https:\/\/www.ucaldas.edu.co\/portal\/#\/schema\/logo\/image\/","url":"https:\/\/www.ucaldas.edu.co\/portal\/wp-content\/uploads\/2023\/11\/Logo_horizontal_oscuroU-2023.png","contentUrl":"https:\/\/www.ucaldas.edu.co\/portal\/wp-content\/uploads\/2023\/11\/Logo_horizontal_oscuroU-2023.png","width":263,"height":101,"caption":"Universidad de Caldas"},"image":{"@id":"https:\/\/www.ucaldas.edu.co\/portal\/#\/schema\/logo\/image\/"},"sameAs":["https:\/\/www.facebook.com\/udecaldas","https:\/\/x.com\/udecaldas","https:\/\/www.youtube.com\/universidadcaldas","https:\/\/www.instagram.com\/udecaldas\/"]},{"@type":"Person","@id":"https:\/\/www.ucaldas.edu.co\/portal\/#\/schema\/person\/a1b482e23449158b4bc319926c074fdf","name":"ofiprensa","image":{"@type":"ImageObject","inLanguage":"es","@id":"https:\/\/www.ucaldas.edu.co\/portal\/wp-content\/litespeed\/avatar\/09ea5085e600095a7a811142c6944527.jpg?ver=1777497608","url":"https:\/\/www.ucaldas.edu.co\/portal\/wp-content\/litespeed\/avatar\/09ea5085e600095a7a811142c6944527.jpg?ver=1777497608","contentUrl":"https:\/\/www.ucaldas.edu.co\/portal\/wp-content\/litespeed\/avatar\/09ea5085e600095a7a811142c6944527.jpg?ver=1777497608","caption":"ofiprensa"},"url":"https:\/\/www.ucaldas.edu.co\/portal\/author\/ofiprensa\/"}]}},"_links":{"self":[{"href":"https:\/\/www.ucaldas.edu.co\/portal\/wp-json\/wp\/v2\/posts\/6410","targetHints":{"allow":["GET"]}}],"collection":[{"href":"https:\/\/www.ucaldas.edu.co\/portal\/wp-json\/wp\/v2\/posts"}],"about":[{"href":"https:\/\/www.ucaldas.edu.co\/portal\/wp-json\/wp\/v2\/types\/post"}],"author":[{"embeddable":true,"href":"https:\/\/www.ucaldas.edu.co\/portal\/wp-json\/wp\/v2\/users\/2"}],"replies":[{"embeddable":true,"href":"https:\/\/www.ucaldas.edu.co\/portal\/wp-json\/wp\/v2\/comments?post=6410"}],"version-history":[{"count":0,"href":"https:\/\/www.ucaldas.edu.co\/portal\/wp-json\/wp\/v2\/posts\/6410\/revisions"}],"wp:attachment":[{"href":"https:\/\/www.ucaldas.edu.co\/portal\/wp-json\/wp\/v2\/media?parent=6410"}],"wp:term":[{"taxonomy":"category","embeddable":true,"href":"https:\/\/www.ucaldas.edu.co\/portal\/wp-json\/wp\/v2\/categories?post=6410"},{"taxonomy":"post_tag","embeddable":true,"href":"https:\/\/www.ucaldas.edu.co\/portal\/wp-json\/wp\/v2\/tags?post=6410"}],"curies":[{"name":"wp","href":"https:\/\/api.w.org\/{rel}","templated":true}]}}