{"id":6408,"date":"2011-02-02T10:15:19","date_gmt":"2011-02-02T15:15:19","guid":{"rendered":"https:\/\/www.ucaldas.edu.co\/portal\/?p=6408"},"modified":"2011-02-02T10:15:19","modified_gmt":"2011-02-02T15:15:19","slug":"maestria-en-ciencias-veterinarias-de-la-u-de-caldas-tiene-abiertas-sus-inscripciones","status":"publish","type":"post","link":"https:\/\/www.ucaldas.edu.co\/portal\/maestria-en-ciencias-veterinarias-de-la-u-de-caldas-tiene-abiertas-sus-inscripciones\/","title":{"rendered":"Maestr\u00eda en Ciencias Veterinarias de la U. de Caldas tiene abiertas sus inscripciones"},"content":{"rendered":"<p>Hasta julio del 2011<\/p>\n<hr \/>\n<p>&nbsp;<\/p>\n<p align=\"right\"><b>02\/02\/2011<\/b><\/p>\n<table border=\"0\">\n<tbody>\n<tr>\n<td><img loading=\"lazy\" decoding=\"async\" style=\"border: 0px\" alt=\"Maestria en Ciencias Veterinarias\" src=\"http:\/\/www.ucaldas.edu.co\/images\/maestria_ciencias_veterinarias.jpg\" width=\"240\" height=\"150\" border=\"0\" \/><\/td>\n<td>La <b>Maestr\u00eda<\/b><b> en Ciencias Veterinarias<\/b> de la Universidad de Caldas <b>tiene abiertas las inscripciones<\/b> para su <b>III cohorte<\/b>, <b>hasta julio del 2011<\/b>. Est\u00e1 adscrita a la Facultad de Ciencias Agropecuarias de la Instituci\u00f3n.<\/p>\n<p>&nbsp;<\/p>\n<p>Tiene una duraci\u00f3n de dos a\u00f1os y la modalidad es presencial. Adem\u00e1s, cuenta con 60 cr\u00e9ditos acad\u00e9micos.<\/td>\n<\/tr>\n<\/tbody>\n<\/table>\n<p>El objetivo es fomentar la formaci\u00f3n de investigaciones con competencia tecnol\u00f3gica, te\u00f3rica y cient\u00edfica avanzada, con una actitud cr\u00edtica y con la capacidad de generar, transferir y aplicar nuevos conocimientos, acordes con los adelantos de la ciencia.<\/p>\n<p>&nbsp;<\/p>\n<p>La inscripci\u00f3n tiene un costo del 35% de un salario m\u00ednimo mensual y la matr\u00edcula semestral, de 6 salarios m\u00ednimos mensuales legales vigentes. Se debe consignar en la Cuenta de ahorros Davivienda n\u00famero 255533101, C\u00f3digo G4HD017, Fondo especial Facultad de Ciencias Agropecuarias, Maestr\u00eda en Ciencias Veterinarias.<\/p>\n<p>&nbsp;<\/p>\n<p>Adem\u00e1s, con la fotocopia del carn\u00e9 de egresado de la U. de Caldas se tiene el 10% de descuento en la matr\u00edcula, al igual que con fotocopia del certificado de la \u00faltima votaci\u00f3n.<\/p>\n<p>&nbsp;<\/p>\n<p><b>Informes: <\/b>en el Departamento de Salud Animal de la U. de Caldas. Tel\u00e9fono 878 15 16, o en los correos electr\u00f3nicos <a href=\"mailto:maestria.cienciasveterinarias@ucaldas.edu.co\" target=\"_blank\">maestria.cienciasveterinarias@ucaldas.edu.co<\/a> o <a href=\"mailto:lfuribe@ucaldas.edu.co\" target=\"_blank\">lfuribe@ucaldas.edu.co<\/a><\/p>\n","protected":false},"excerpt":{"rendered":"<p>Hasta julio del 2011 &nbsp; 02\/02\/2011 La Maestr\u00eda en Ciencias Veterinarias de la Universidad de Caldas tiene abiertas las inscripciones para su III cohorte, hasta julio del 2011. Est\u00e1 adscrita a la Facultad de Ciencias Agropecuarias de la Instituci\u00f3n. &nbsp; Tiene una duraci\u00f3n de dos a\u00f1os y la modalidad es presencial. Adem\u00e1s, cuenta con 60 [&hellip;]<\/p>\n","protected":false},"author":2,"featured_media":0,"comment_status":"closed","ping_status":"closed","sticky":false,"template":"","format":"standard","meta":{"footnotes":""},"categories":[48,53],"tags":[],"class_list":["post-6408","post","type-post","status-publish","format-standard","hentry","category-actualidad","category-universidad-al-dia"],"yoast_head":"<!-- This site is optimized with the Yoast SEO plugin v27.5 - https:\/\/yoast.com\/product\/yoast-seo-wordpress\/ -->\n<title>Maestr\u00eda en Ciencias Veterinarias de la U. de Caldas tiene abiertas sus inscripciones .<\/title>\n<meta name=\"robots\" content=\"index, follow, max-snippet:-1, max-image-preview:large, max-video-preview:-1\" \/>\n<link rel=\"canonical\" href=\"https:\/\/www.ucaldas.edu.co\/portal\/maestria-en-ciencias-veterinarias-de-la-u-de-caldas-tiene-abiertas-sus-inscripciones\/\" \/>\n<script type=\"application\/ld+json\" class=\"yoast-schema-graph\">{\"@context\":\"https:\\\/\\\/schema.org\",\"@graph\":[{\"@type\":\"Article\",\"@id\":\"https:\\\/\\\/www.ucaldas.edu.co\\\/portal\\\/maestria-en-ciencias-veterinarias-de-la-u-de-caldas-tiene-abiertas-sus-inscripciones\\\/#article\",\"isPartOf\":{\"@id\":\"https:\\\/\\\/www.ucaldas.edu.co\\\/portal\\\/maestria-en-ciencias-veterinarias-de-la-u-de-caldas-tiene-abiertas-sus-inscripciones\\\/\"},\"author\":{\"name\":\"ofiprensa\",\"@id\":\"https:\\\/\\\/www.ucaldas.edu.co\\\/portal\\\/#\\\/schema\\\/person\\\/a1b482e23449158b4bc319926c074fdf\"},\"headline\":\"Maestr\u00eda en Ciencias Veterinarias de la U. de Caldas tiene abiertas sus inscripciones\",\"datePublished\":\"2011-02-02T15:15:19+00:00\",\"mainEntityOfPage\":{\"@id\":\"https:\\\/\\\/www.ucaldas.edu.co\\\/portal\\\/maestria-en-ciencias-veterinarias-de-la-u-de-caldas-tiene-abiertas-sus-inscripciones\\\/\"},\"wordCount\":235,\"publisher\":{\"@id\":\"https:\\\/\\\/www.ucaldas.edu.co\\\/portal\\\/#organization\"},\"image\":{\"@id\":\"https:\\\/\\\/www.ucaldas.edu.co\\\/portal\\\/maestria-en-ciencias-veterinarias-de-la-u-de-caldas-tiene-abiertas-sus-inscripciones\\\/#primaryimage\"},\"thumbnailUrl\":\"http:\\\/\\\/www.ucaldas.edu.co\\\/images\\\/maestria_ciencias_veterinarias.jpg\",\"articleSection\":[\"Actualidad\",\"Universidad al D\u00eda\"],\"inLanguage\":\"es\"},{\"@type\":\"WebPage\",\"@id\":\"https:\\\/\\\/www.ucaldas.edu.co\\\/portal\\\/maestria-en-ciencias-veterinarias-de-la-u-de-caldas-tiene-abiertas-sus-inscripciones\\\/\",\"url\":\"https:\\\/\\\/www.ucaldas.edu.co\\\/portal\\\/maestria-en-ciencias-veterinarias-de-la-u-de-caldas-tiene-abiertas-sus-inscripciones\\\/\",\"name\":\"Maestr\u00eda en Ciencias Veterinarias de la U. de Caldas tiene abiertas sus inscripciones .\",\"isPartOf\":{\"@id\":\"https:\\\/\\\/www.ucaldas.edu.co\\\/portal\\\/#website\"},\"primaryImageOfPage\":{\"@id\":\"https:\\\/\\\/www.ucaldas.edu.co\\\/portal\\\/maestria-en-ciencias-veterinarias-de-la-u-de-caldas-tiene-abiertas-sus-inscripciones\\\/#primaryimage\"},\"image\":{\"@id\":\"https:\\\/\\\/www.ucaldas.edu.co\\\/portal\\\/maestria-en-ciencias-veterinarias-de-la-u-de-caldas-tiene-abiertas-sus-inscripciones\\\/#primaryimage\"},\"thumbnailUrl\":\"http:\\\/\\\/www.ucaldas.edu.co\\\/images\\\/maestria_ciencias_veterinarias.jpg\",\"datePublished\":\"2011-02-02T15:15:19+00:00\",\"breadcrumb\":{\"@id\":\"https:\\\/\\\/www.ucaldas.edu.co\\\/portal\\\/maestria-en-ciencias-veterinarias-de-la-u-de-caldas-tiene-abiertas-sus-inscripciones\\\/#breadcrumb\"},\"inLanguage\":\"es\",\"potentialAction\":[{\"@type\":\"ReadAction\",\"target\":[\"https:\\\/\\\/www.ucaldas.edu.co\\\/portal\\\/maestria-en-ciencias-veterinarias-de-la-u-de-caldas-tiene-abiertas-sus-inscripciones\\\/\"]}]},{\"@type\":\"ImageObject\",\"inLanguage\":\"es\",\"@id\":\"https:\\\/\\\/www.ucaldas.edu.co\\\/portal\\\/maestria-en-ciencias-veterinarias-de-la-u-de-caldas-tiene-abiertas-sus-inscripciones\\\/#primaryimage\",\"url\":\"http:\\\/\\\/www.ucaldas.edu.co\\\/images\\\/maestria_ciencias_veterinarias.jpg\",\"contentUrl\":\"http:\\\/\\\/www.ucaldas.edu.co\\\/images\\\/maestria_ciencias_veterinarias.jpg\"},{\"@type\":\"BreadcrumbList\",\"@id\":\"https:\\\/\\\/www.ucaldas.edu.co\\\/portal\\\/maestria-en-ciencias-veterinarias-de-la-u-de-caldas-tiene-abiertas-sus-inscripciones\\\/#breadcrumb\",\"itemListElement\":[{\"@type\":\"ListItem\",\"position\":1,\"name\":\"Portada\",\"item\":\"https:\\\/\\\/www.ucaldas.edu.co\\\/portal\\\/\"},{\"@type\":\"ListItem\",\"position\":2,\"name\":\"Maestr\u00eda en Ciencias Veterinarias de la U. de Caldas tiene abiertas sus inscripciones\"}]},{\"@type\":\"WebSite\",\"@id\":\"https:\\\/\\\/www.ucaldas.edu.co\\\/portal\\\/#website\",\"url\":\"https:\\\/\\\/www.ucaldas.edu.co\\\/portal\\\/\",\"name\":\"Universidad de Caldas\",\"description\":\"\",\"publisher\":{\"@id\":\"https:\\\/\\\/www.ucaldas.edu.co\\\/portal\\\/#organization\"},\"alternateName\":\"U. de Caldas\",\"potentialAction\":[{\"@type\":\"SearchAction\",\"target\":{\"@type\":\"EntryPoint\",\"urlTemplate\":\"https:\\\/\\\/www.ucaldas.edu.co\\\/portal\\\/?s={search_term_string}\"},\"query-input\":{\"@type\":\"PropertyValueSpecification\",\"valueRequired\":true,\"valueName\":\"search_term_string\"}}],\"inLanguage\":\"es\"},{\"@type\":\"Organization\",\"@id\":\"https:\\\/\\\/www.ucaldas.edu.co\\\/portal\\\/#organization\",\"name\":\"Universidad de Caldas\",\"alternateName\":\"U. de Caldas\",\"url\":\"https:\\\/\\\/www.ucaldas.edu.co\\\/portal\\\/\",\"logo\":{\"@type\":\"ImageObject\",\"inLanguage\":\"es\",\"@id\":\"https:\\\/\\\/www.ucaldas.edu.co\\\/portal\\\/#\\\/schema\\\/logo\\\/image\\\/\",\"url\":\"https:\\\/\\\/www.ucaldas.edu.co\\\/portal\\\/wp-content\\\/uploads\\\/2023\\\/11\\\/Logo_horizontal_oscuroU-2023.png\",\"contentUrl\":\"https:\\\/\\\/www.ucaldas.edu.co\\\/portal\\\/wp-content\\\/uploads\\\/2023\\\/11\\\/Logo_horizontal_oscuroU-2023.png\",\"width\":263,\"height\":101,\"caption\":\"Universidad de Caldas\"},\"image\":{\"@id\":\"https:\\\/\\\/www.ucaldas.edu.co\\\/portal\\\/#\\\/schema\\\/logo\\\/image\\\/\"},\"sameAs\":[\"https:\\\/\\\/www.facebook.com\\\/udecaldas\",\"https:\\\/\\\/x.com\\\/udecaldas\",\"https:\\\/\\\/www.youtube.com\\\/universidadcaldas\",\"https:\\\/\\\/www.instagram.com\\\/udecaldas\\\/\"]},{\"@type\":\"Person\",\"@id\":\"https:\\\/\\\/www.ucaldas.edu.co\\\/portal\\\/#\\\/schema\\\/person\\\/a1b482e23449158b4bc319926c074fdf\",\"name\":\"ofiprensa\",\"image\":{\"@type\":\"ImageObject\",\"inLanguage\":\"es\",\"@id\":\"https:\\\/\\\/www.ucaldas.edu.co\\\/portal\\\/wp-content\\\/litespeed\\\/avatar\\\/09ea5085e600095a7a811142c6944527.jpg?ver=1777497608\",\"url\":\"https:\\\/\\\/www.ucaldas.edu.co\\\/portal\\\/wp-content\\\/litespeed\\\/avatar\\\/09ea5085e600095a7a811142c6944527.jpg?ver=1777497608\",\"contentUrl\":\"https:\\\/\\\/www.ucaldas.edu.co\\\/portal\\\/wp-content\\\/litespeed\\\/avatar\\\/09ea5085e600095a7a811142c6944527.jpg?ver=1777497608\",\"caption\":\"ofiprensa\"},\"url\":\"https:\\\/\\\/www.ucaldas.edu.co\\\/portal\\\/author\\\/ofiprensa\\\/\"}]}<\/script>\n<!-- \/ Yoast SEO plugin. -->","yoast_head_json":{"title":"Maestr\u00eda en Ciencias Veterinarias de la U. de Caldas tiene abiertas sus inscripciones .","robots":{"index":"index","follow":"follow","max-snippet":"max-snippet:-1","max-image-preview":"max-image-preview:large","max-video-preview":"max-video-preview:-1"},"canonical":"https:\/\/www.ucaldas.edu.co\/portal\/maestria-en-ciencias-veterinarias-de-la-u-de-caldas-tiene-abiertas-sus-inscripciones\/","schema":{"@context":"https:\/\/schema.org","@graph":[{"@type":"Article","@id":"https:\/\/www.ucaldas.edu.co\/portal\/maestria-en-ciencias-veterinarias-de-la-u-de-caldas-tiene-abiertas-sus-inscripciones\/#article","isPartOf":{"@id":"https:\/\/www.ucaldas.edu.co\/portal\/maestria-en-ciencias-veterinarias-de-la-u-de-caldas-tiene-abiertas-sus-inscripciones\/"},"author":{"name":"ofiprensa","@id":"https:\/\/www.ucaldas.edu.co\/portal\/#\/schema\/person\/a1b482e23449158b4bc319926c074fdf"},"headline":"Maestr\u00eda en Ciencias Veterinarias de la U. de Caldas tiene abiertas sus inscripciones","datePublished":"2011-02-02T15:15:19+00:00","mainEntityOfPage":{"@id":"https:\/\/www.ucaldas.edu.co\/portal\/maestria-en-ciencias-veterinarias-de-la-u-de-caldas-tiene-abiertas-sus-inscripciones\/"},"wordCount":235,"publisher":{"@id":"https:\/\/www.ucaldas.edu.co\/portal\/#organization"},"image":{"@id":"https:\/\/www.ucaldas.edu.co\/portal\/maestria-en-ciencias-veterinarias-de-la-u-de-caldas-tiene-abiertas-sus-inscripciones\/#primaryimage"},"thumbnailUrl":"http:\/\/www.ucaldas.edu.co\/images\/maestria_ciencias_veterinarias.jpg","articleSection":["Actualidad","Universidad al D\u00eda"],"inLanguage":"es"},{"@type":"WebPage","@id":"https:\/\/www.ucaldas.edu.co\/portal\/maestria-en-ciencias-veterinarias-de-la-u-de-caldas-tiene-abiertas-sus-inscripciones\/","url":"https:\/\/www.ucaldas.edu.co\/portal\/maestria-en-ciencias-veterinarias-de-la-u-de-caldas-tiene-abiertas-sus-inscripciones\/","name":"Maestr\u00eda en Ciencias Veterinarias de la U. de Caldas tiene abiertas sus inscripciones .","isPartOf":{"@id":"https:\/\/www.ucaldas.edu.co\/portal\/#website"},"primaryImageOfPage":{"@id":"https:\/\/www.ucaldas.edu.co\/portal\/maestria-en-ciencias-veterinarias-de-la-u-de-caldas-tiene-abiertas-sus-inscripciones\/#primaryimage"},"image":{"@id":"https:\/\/www.ucaldas.edu.co\/portal\/maestria-en-ciencias-veterinarias-de-la-u-de-caldas-tiene-abiertas-sus-inscripciones\/#primaryimage"},"thumbnailUrl":"http:\/\/www.ucaldas.edu.co\/images\/maestria_ciencias_veterinarias.jpg","datePublished":"2011-02-02T15:15:19+00:00","breadcrumb":{"@id":"https:\/\/www.ucaldas.edu.co\/portal\/maestria-en-ciencias-veterinarias-de-la-u-de-caldas-tiene-abiertas-sus-inscripciones\/#breadcrumb"},"inLanguage":"es","potentialAction":[{"@type":"ReadAction","target":["https:\/\/www.ucaldas.edu.co\/portal\/maestria-en-ciencias-veterinarias-de-la-u-de-caldas-tiene-abiertas-sus-inscripciones\/"]}]},{"@type":"ImageObject","inLanguage":"es","@id":"https:\/\/www.ucaldas.edu.co\/portal\/maestria-en-ciencias-veterinarias-de-la-u-de-caldas-tiene-abiertas-sus-inscripciones\/#primaryimage","url":"http:\/\/www.ucaldas.edu.co\/images\/maestria_ciencias_veterinarias.jpg","contentUrl":"http:\/\/www.ucaldas.edu.co\/images\/maestria_ciencias_veterinarias.jpg"},{"@type":"BreadcrumbList","@id":"https:\/\/www.ucaldas.edu.co\/portal\/maestria-en-ciencias-veterinarias-de-la-u-de-caldas-tiene-abiertas-sus-inscripciones\/#breadcrumb","itemListElement":[{"@type":"ListItem","position":1,"name":"Portada","item":"https:\/\/www.ucaldas.edu.co\/portal\/"},{"@type":"ListItem","position":2,"name":"Maestr\u00eda en Ciencias Veterinarias de la U. de Caldas tiene abiertas sus inscripciones"}]},{"@type":"WebSite","@id":"https:\/\/www.ucaldas.edu.co\/portal\/#website","url":"https:\/\/www.ucaldas.edu.co\/portal\/","name":"Universidad de Caldas","description":"","publisher":{"@id":"https:\/\/www.ucaldas.edu.co\/portal\/#organization"},"alternateName":"U. de Caldas","potentialAction":[{"@type":"SearchAction","target":{"@type":"EntryPoint","urlTemplate":"https:\/\/www.ucaldas.edu.co\/portal\/?s={search_term_string}"},"query-input":{"@type":"PropertyValueSpecification","valueRequired":true,"valueName":"search_term_string"}}],"inLanguage":"es"},{"@type":"Organization","@id":"https:\/\/www.ucaldas.edu.co\/portal\/#organization","name":"Universidad de Caldas","alternateName":"U. de Caldas","url":"https:\/\/www.ucaldas.edu.co\/portal\/","logo":{"@type":"ImageObject","inLanguage":"es","@id":"https:\/\/www.ucaldas.edu.co\/portal\/#\/schema\/logo\/image\/","url":"https:\/\/www.ucaldas.edu.co\/portal\/wp-content\/uploads\/2023\/11\/Logo_horizontal_oscuroU-2023.png","contentUrl":"https:\/\/www.ucaldas.edu.co\/portal\/wp-content\/uploads\/2023\/11\/Logo_horizontal_oscuroU-2023.png","width":263,"height":101,"caption":"Universidad de Caldas"},"image":{"@id":"https:\/\/www.ucaldas.edu.co\/portal\/#\/schema\/logo\/image\/"},"sameAs":["https:\/\/www.facebook.com\/udecaldas","https:\/\/x.com\/udecaldas","https:\/\/www.youtube.com\/universidadcaldas","https:\/\/www.instagram.com\/udecaldas\/"]},{"@type":"Person","@id":"https:\/\/www.ucaldas.edu.co\/portal\/#\/schema\/person\/a1b482e23449158b4bc319926c074fdf","name":"ofiprensa","image":{"@type":"ImageObject","inLanguage":"es","@id":"https:\/\/www.ucaldas.edu.co\/portal\/wp-content\/litespeed\/avatar\/09ea5085e600095a7a811142c6944527.jpg?ver=1777497608","url":"https:\/\/www.ucaldas.edu.co\/portal\/wp-content\/litespeed\/avatar\/09ea5085e600095a7a811142c6944527.jpg?ver=1777497608","contentUrl":"https:\/\/www.ucaldas.edu.co\/portal\/wp-content\/litespeed\/avatar\/09ea5085e600095a7a811142c6944527.jpg?ver=1777497608","caption":"ofiprensa"},"url":"https:\/\/www.ucaldas.edu.co\/portal\/author\/ofiprensa\/"}]}},"_links":{"self":[{"href":"https:\/\/www.ucaldas.edu.co\/portal\/wp-json\/wp\/v2\/posts\/6408","targetHints":{"allow":["GET"]}}],"collection":[{"href":"https:\/\/www.ucaldas.edu.co\/portal\/wp-json\/wp\/v2\/posts"}],"about":[{"href":"https:\/\/www.ucaldas.edu.co\/portal\/wp-json\/wp\/v2\/types\/post"}],"author":[{"embeddable":true,"href":"https:\/\/www.ucaldas.edu.co\/portal\/wp-json\/wp\/v2\/users\/2"}],"replies":[{"embeddable":true,"href":"https:\/\/www.ucaldas.edu.co\/portal\/wp-json\/wp\/v2\/comments?post=6408"}],"version-history":[{"count":0,"href":"https:\/\/www.ucaldas.edu.co\/portal\/wp-json\/wp\/v2\/posts\/6408\/revisions"}],"wp:attachment":[{"href":"https:\/\/www.ucaldas.edu.co\/portal\/wp-json\/wp\/v2\/media?parent=6408"}],"wp:term":[{"taxonomy":"category","embeddable":true,"href":"https:\/\/www.ucaldas.edu.co\/portal\/wp-json\/wp\/v2\/categories?post=6408"},{"taxonomy":"post_tag","embeddable":true,"href":"https:\/\/www.ucaldas.edu.co\/portal\/wp-json\/wp\/v2\/tags?post=6408"}],"curies":[{"name":"wp","href":"https:\/\/api.w.org\/{rel}","templated":true}]}}