{"id":6406,"date":"2011-02-03T10:14:13","date_gmt":"2011-02-03T15:14:13","guid":{"rendered":"https:\/\/www.ucaldas.edu.co\/portal\/?p=6406"},"modified":"2011-02-03T10:14:13","modified_gmt":"2011-02-03T15:14:13","slug":"x-festival-internacional-de-la-imagen-culmina-una-de-sus-convocatorias-2","status":"publish","type":"post","link":"https:\/\/www.ucaldas.edu.co\/portal\/x-festival-internacional-de-la-imagen-culmina-una-de-sus-convocatorias-2\/","title":{"rendered":"X Festival Internacional de la Imagen  culmina una de sus convocatorias"},"content":{"rendered":"<p>Primera etapa del VII foro acad\u00e9mico de dise\u00f1o<\/p>\n<hr \/>\n<p align=\"right\"><b>03\/02\/2011<\/b><\/p>\n<table border=\"0\">\n<tbody>\n<tr>\n<td>\u00a0<img loading=\"lazy\" decoding=\"async\" style=\"border: 0px\" alt=\"Festival de la imagen\" src=\"http:\/\/www.ucaldas.edu.co\/images\/tmp\/Festival_Imagen_10.jpg\" width=\"240\" height=\"150\" border=\"0\" \/><\/td>\n<td>Hasta este <b>viernes 18 de febrero<\/b> del 2011 <b>estar\u00e1 abierta<\/b> la <b>convocatoria<\/b> para la primera etapa de la <b>VIII Foro<\/b><b> Acad\u00e9mico De Dise\u00f1o <\/b>del <b>X Festival Internacional de la Imagen.<\/b><\/p>\n<p><b>\u00a0<\/b><\/p>\n<p>El Foro est\u00e1 dirigido a docentes, estudiantes, profesionales e investigadores de historia, teor\u00eda y cr\u00edtica en campos del dise\u00f1o y la creaci\u00f3n. Se realizar\u00e1 el 13 y 14 de abril del 2011, de 2:00 p.m. a 6:00 p.m. en la Sala Cumanday del Teatro Los Fundadores.<\/td>\n<\/tr>\n<\/tbody>\n<\/table>\n<p>&nbsp;<\/p>\n<p>Las propuestas de ponencia se deben enviar en un resumen de 500 palabras al correo electr\u00f3nico <span style=\"text-decoration: underline\"><a href=\"mailto:foro@festivaldelaimagen.com\" target=\"_blank\">foro@festivaldelaimagen.com<\/a><\/span><\/p>\n<p>&nbsp;<\/p>\n<p>La confirmaci\u00f3n de aceptaci\u00f3n ser\u00e1 el 11 de marzo del 2011 y la recepci\u00f3n de ponencias completas para publicaci\u00f3n, el 25 de marzo del 2011.<\/p>\n<p>&nbsp;<\/p>\n<p>El\u00a0X Festival Internacional de la Imagen se realizar\u00e1 del 12 al 16\u00a0de\u00a0abril del 2011 en Manizales.<\/p>\n<p>&nbsp;<\/p>\n<p><b>Informes: <\/b>en la Oficina de Prensa del Festival Internacional de la Imagen. Tel\u00e9fono: 878 15 00, extensi\u00f3n 12 606 o 12 107, tambi\u00e9n en el celular: 312 778 8959, o en el correo electr\u00f3nico: <span style=\"text-decoration: underline\"><a href=\"mailto:prensa@festivaldelaimagen.com\" target=\"_blank\">prensa@festivaldelaimagen.com<\/a><\/span><\/p>\n","protected":false},"excerpt":{"rendered":"<p>Primera etapa del VII foro acad\u00e9mico de dise\u00f1o 03\/02\/2011 \u00a0 Hasta este viernes 18 de febrero del 2011 estar\u00e1 abierta la convocatoria para la primera etapa de la VIII Foro Acad\u00e9mico De Dise\u00f1o del X Festival Internacional de la Imagen. \u00a0 El Foro est\u00e1 dirigido a docentes, estudiantes, profesionales e investigadores de historia, teor\u00eda y [&hellip;]<\/p>\n","protected":false},"author":2,"featured_media":0,"comment_status":"closed","ping_status":"closed","sticky":false,"template":"","format":"standard","meta":{"footnotes":""},"categories":[48,53],"tags":[],"class_list":["post-6406","post","type-post","status-publish","format-standard","hentry","category-actualidad","category-universidad-al-dia"],"yoast_head":"<!-- This site is optimized with the Yoast SEO plugin v27.5 - https:\/\/yoast.com\/product\/yoast-seo-wordpress\/ -->\n<title>X Festival Internacional de la Imagen culmina una de sus convocatorias .<\/title>\n<meta name=\"robots\" content=\"index, follow, max-snippet:-1, max-image-preview:large, max-video-preview:-1\" \/>\n<link rel=\"canonical\" href=\"https:\/\/www.ucaldas.edu.co\/portal\/x-festival-internacional-de-la-imagen-culmina-una-de-sus-convocatorias-2\/\" \/>\n<script type=\"application\/ld+json\" class=\"yoast-schema-graph\">{\"@context\":\"https:\\\/\\\/schema.org\",\"@graph\":[{\"@type\":\"Article\",\"@id\":\"https:\\\/\\\/www.ucaldas.edu.co\\\/portal\\\/x-festival-internacional-de-la-imagen-culmina-una-de-sus-convocatorias-2\\\/#article\",\"isPartOf\":{\"@id\":\"https:\\\/\\\/www.ucaldas.edu.co\\\/portal\\\/x-festival-internacional-de-la-imagen-culmina-una-de-sus-convocatorias-2\\\/\"},\"author\":{\"name\":\"ofiprensa\",\"@id\":\"https:\\\/\\\/www.ucaldas.edu.co\\\/portal\\\/#\\\/schema\\\/person\\\/a1b482e23449158b4bc319926c074fdf\"},\"headline\":\"X Festival Internacional de la Imagen culmina una de sus convocatorias\",\"datePublished\":\"2011-02-03T15:14:13+00:00\",\"mainEntityOfPage\":{\"@id\":\"https:\\\/\\\/www.ucaldas.edu.co\\\/portal\\\/x-festival-internacional-de-la-imagen-culmina-una-de-sus-convocatorias-2\\\/\"},\"wordCount\":193,\"publisher\":{\"@id\":\"https:\\\/\\\/www.ucaldas.edu.co\\\/portal\\\/#organization\"},\"image\":{\"@id\":\"https:\\\/\\\/www.ucaldas.edu.co\\\/portal\\\/x-festival-internacional-de-la-imagen-culmina-una-de-sus-convocatorias-2\\\/#primaryimage\"},\"thumbnailUrl\":\"http:\\\/\\\/www.ucaldas.edu.co\\\/images\\\/tmp\\\/Festival_Imagen_10.jpg\",\"articleSection\":[\"Actualidad\",\"Universidad al D\u00eda\"],\"inLanguage\":\"es\"},{\"@type\":\"WebPage\",\"@id\":\"https:\\\/\\\/www.ucaldas.edu.co\\\/portal\\\/x-festival-internacional-de-la-imagen-culmina-una-de-sus-convocatorias-2\\\/\",\"url\":\"https:\\\/\\\/www.ucaldas.edu.co\\\/portal\\\/x-festival-internacional-de-la-imagen-culmina-una-de-sus-convocatorias-2\\\/\",\"name\":\"X Festival Internacional de la Imagen culmina una de sus convocatorias .\",\"isPartOf\":{\"@id\":\"https:\\\/\\\/www.ucaldas.edu.co\\\/portal\\\/#website\"},\"primaryImageOfPage\":{\"@id\":\"https:\\\/\\\/www.ucaldas.edu.co\\\/portal\\\/x-festival-internacional-de-la-imagen-culmina-una-de-sus-convocatorias-2\\\/#primaryimage\"},\"image\":{\"@id\":\"https:\\\/\\\/www.ucaldas.edu.co\\\/portal\\\/x-festival-internacional-de-la-imagen-culmina-una-de-sus-convocatorias-2\\\/#primaryimage\"},\"thumbnailUrl\":\"http:\\\/\\\/www.ucaldas.edu.co\\\/images\\\/tmp\\\/Festival_Imagen_10.jpg\",\"datePublished\":\"2011-02-03T15:14:13+00:00\",\"breadcrumb\":{\"@id\":\"https:\\\/\\\/www.ucaldas.edu.co\\\/portal\\\/x-festival-internacional-de-la-imagen-culmina-una-de-sus-convocatorias-2\\\/#breadcrumb\"},\"inLanguage\":\"es\",\"potentialAction\":[{\"@type\":\"ReadAction\",\"target\":[\"https:\\\/\\\/www.ucaldas.edu.co\\\/portal\\\/x-festival-internacional-de-la-imagen-culmina-una-de-sus-convocatorias-2\\\/\"]}]},{\"@type\":\"ImageObject\",\"inLanguage\":\"es\",\"@id\":\"https:\\\/\\\/www.ucaldas.edu.co\\\/portal\\\/x-festival-internacional-de-la-imagen-culmina-una-de-sus-convocatorias-2\\\/#primaryimage\",\"url\":\"http:\\\/\\\/www.ucaldas.edu.co\\\/images\\\/tmp\\\/Festival_Imagen_10.jpg\",\"contentUrl\":\"http:\\\/\\\/www.ucaldas.edu.co\\\/images\\\/tmp\\\/Festival_Imagen_10.jpg\"},{\"@type\":\"BreadcrumbList\",\"@id\":\"https:\\\/\\\/www.ucaldas.edu.co\\\/portal\\\/x-festival-internacional-de-la-imagen-culmina-una-de-sus-convocatorias-2\\\/#breadcrumb\",\"itemListElement\":[{\"@type\":\"ListItem\",\"position\":1,\"name\":\"Portada\",\"item\":\"https:\\\/\\\/www.ucaldas.edu.co\\\/portal\\\/\"},{\"@type\":\"ListItem\",\"position\":2,\"name\":\"X Festival Internacional de la Imagen culmina una de sus convocatorias\"}]},{\"@type\":\"WebSite\",\"@id\":\"https:\\\/\\\/www.ucaldas.edu.co\\\/portal\\\/#website\",\"url\":\"https:\\\/\\\/www.ucaldas.edu.co\\\/portal\\\/\",\"name\":\"Universidad de Caldas\",\"description\":\"\",\"publisher\":{\"@id\":\"https:\\\/\\\/www.ucaldas.edu.co\\\/portal\\\/#organization\"},\"alternateName\":\"U. de Caldas\",\"potentialAction\":[{\"@type\":\"SearchAction\",\"target\":{\"@type\":\"EntryPoint\",\"urlTemplate\":\"https:\\\/\\\/www.ucaldas.edu.co\\\/portal\\\/?s={search_term_string}\"},\"query-input\":{\"@type\":\"PropertyValueSpecification\",\"valueRequired\":true,\"valueName\":\"search_term_string\"}}],\"inLanguage\":\"es\"},{\"@type\":\"Organization\",\"@id\":\"https:\\\/\\\/www.ucaldas.edu.co\\\/portal\\\/#organization\",\"name\":\"Universidad de Caldas\",\"alternateName\":\"U. de Caldas\",\"url\":\"https:\\\/\\\/www.ucaldas.edu.co\\\/portal\\\/\",\"logo\":{\"@type\":\"ImageObject\",\"inLanguage\":\"es\",\"@id\":\"https:\\\/\\\/www.ucaldas.edu.co\\\/portal\\\/#\\\/schema\\\/logo\\\/image\\\/\",\"url\":\"https:\\\/\\\/www.ucaldas.edu.co\\\/portal\\\/wp-content\\\/uploads\\\/2023\\\/11\\\/Logo_horizontal_oscuroU-2023.png\",\"contentUrl\":\"https:\\\/\\\/www.ucaldas.edu.co\\\/portal\\\/wp-content\\\/uploads\\\/2023\\\/11\\\/Logo_horizontal_oscuroU-2023.png\",\"width\":263,\"height\":101,\"caption\":\"Universidad de Caldas\"},\"image\":{\"@id\":\"https:\\\/\\\/www.ucaldas.edu.co\\\/portal\\\/#\\\/schema\\\/logo\\\/image\\\/\"},\"sameAs\":[\"https:\\\/\\\/www.facebook.com\\\/udecaldas\",\"https:\\\/\\\/x.com\\\/udecaldas\",\"https:\\\/\\\/www.youtube.com\\\/universidadcaldas\",\"https:\\\/\\\/www.instagram.com\\\/udecaldas\\\/\"]},{\"@type\":\"Person\",\"@id\":\"https:\\\/\\\/www.ucaldas.edu.co\\\/portal\\\/#\\\/schema\\\/person\\\/a1b482e23449158b4bc319926c074fdf\",\"name\":\"ofiprensa\",\"image\":{\"@type\":\"ImageObject\",\"inLanguage\":\"es\",\"@id\":\"https:\\\/\\\/www.ucaldas.edu.co\\\/portal\\\/wp-content\\\/litespeed\\\/avatar\\\/09ea5085e600095a7a811142c6944527.jpg?ver=1777497608\",\"url\":\"https:\\\/\\\/www.ucaldas.edu.co\\\/portal\\\/wp-content\\\/litespeed\\\/avatar\\\/09ea5085e600095a7a811142c6944527.jpg?ver=1777497608\",\"contentUrl\":\"https:\\\/\\\/www.ucaldas.edu.co\\\/portal\\\/wp-content\\\/litespeed\\\/avatar\\\/09ea5085e600095a7a811142c6944527.jpg?ver=1777497608\",\"caption\":\"ofiprensa\"},\"url\":\"https:\\\/\\\/www.ucaldas.edu.co\\\/portal\\\/author\\\/ofiprensa\\\/\"}]}<\/script>\n<!-- \/ Yoast SEO plugin. -->","yoast_head_json":{"title":"X Festival Internacional de la Imagen culmina una de sus convocatorias .","robots":{"index":"index","follow":"follow","max-snippet":"max-snippet:-1","max-image-preview":"max-image-preview:large","max-video-preview":"max-video-preview:-1"},"canonical":"https:\/\/www.ucaldas.edu.co\/portal\/x-festival-internacional-de-la-imagen-culmina-una-de-sus-convocatorias-2\/","schema":{"@context":"https:\/\/schema.org","@graph":[{"@type":"Article","@id":"https:\/\/www.ucaldas.edu.co\/portal\/x-festival-internacional-de-la-imagen-culmina-una-de-sus-convocatorias-2\/#article","isPartOf":{"@id":"https:\/\/www.ucaldas.edu.co\/portal\/x-festival-internacional-de-la-imagen-culmina-una-de-sus-convocatorias-2\/"},"author":{"name":"ofiprensa","@id":"https:\/\/www.ucaldas.edu.co\/portal\/#\/schema\/person\/a1b482e23449158b4bc319926c074fdf"},"headline":"X Festival Internacional de la Imagen culmina una de sus convocatorias","datePublished":"2011-02-03T15:14:13+00:00","mainEntityOfPage":{"@id":"https:\/\/www.ucaldas.edu.co\/portal\/x-festival-internacional-de-la-imagen-culmina-una-de-sus-convocatorias-2\/"},"wordCount":193,"publisher":{"@id":"https:\/\/www.ucaldas.edu.co\/portal\/#organization"},"image":{"@id":"https:\/\/www.ucaldas.edu.co\/portal\/x-festival-internacional-de-la-imagen-culmina-una-de-sus-convocatorias-2\/#primaryimage"},"thumbnailUrl":"http:\/\/www.ucaldas.edu.co\/images\/tmp\/Festival_Imagen_10.jpg","articleSection":["Actualidad","Universidad al D\u00eda"],"inLanguage":"es"},{"@type":"WebPage","@id":"https:\/\/www.ucaldas.edu.co\/portal\/x-festival-internacional-de-la-imagen-culmina-una-de-sus-convocatorias-2\/","url":"https:\/\/www.ucaldas.edu.co\/portal\/x-festival-internacional-de-la-imagen-culmina-una-de-sus-convocatorias-2\/","name":"X Festival Internacional de la Imagen culmina una de sus convocatorias .","isPartOf":{"@id":"https:\/\/www.ucaldas.edu.co\/portal\/#website"},"primaryImageOfPage":{"@id":"https:\/\/www.ucaldas.edu.co\/portal\/x-festival-internacional-de-la-imagen-culmina-una-de-sus-convocatorias-2\/#primaryimage"},"image":{"@id":"https:\/\/www.ucaldas.edu.co\/portal\/x-festival-internacional-de-la-imagen-culmina-una-de-sus-convocatorias-2\/#primaryimage"},"thumbnailUrl":"http:\/\/www.ucaldas.edu.co\/images\/tmp\/Festival_Imagen_10.jpg","datePublished":"2011-02-03T15:14:13+00:00","breadcrumb":{"@id":"https:\/\/www.ucaldas.edu.co\/portal\/x-festival-internacional-de-la-imagen-culmina-una-de-sus-convocatorias-2\/#breadcrumb"},"inLanguage":"es","potentialAction":[{"@type":"ReadAction","target":["https:\/\/www.ucaldas.edu.co\/portal\/x-festival-internacional-de-la-imagen-culmina-una-de-sus-convocatorias-2\/"]}]},{"@type":"ImageObject","inLanguage":"es","@id":"https:\/\/www.ucaldas.edu.co\/portal\/x-festival-internacional-de-la-imagen-culmina-una-de-sus-convocatorias-2\/#primaryimage","url":"http:\/\/www.ucaldas.edu.co\/images\/tmp\/Festival_Imagen_10.jpg","contentUrl":"http:\/\/www.ucaldas.edu.co\/images\/tmp\/Festival_Imagen_10.jpg"},{"@type":"BreadcrumbList","@id":"https:\/\/www.ucaldas.edu.co\/portal\/x-festival-internacional-de-la-imagen-culmina-una-de-sus-convocatorias-2\/#breadcrumb","itemListElement":[{"@type":"ListItem","position":1,"name":"Portada","item":"https:\/\/www.ucaldas.edu.co\/portal\/"},{"@type":"ListItem","position":2,"name":"X Festival Internacional de la Imagen culmina una de sus convocatorias"}]},{"@type":"WebSite","@id":"https:\/\/www.ucaldas.edu.co\/portal\/#website","url":"https:\/\/www.ucaldas.edu.co\/portal\/","name":"Universidad de Caldas","description":"","publisher":{"@id":"https:\/\/www.ucaldas.edu.co\/portal\/#organization"},"alternateName":"U. de Caldas","potentialAction":[{"@type":"SearchAction","target":{"@type":"EntryPoint","urlTemplate":"https:\/\/www.ucaldas.edu.co\/portal\/?s={search_term_string}"},"query-input":{"@type":"PropertyValueSpecification","valueRequired":true,"valueName":"search_term_string"}}],"inLanguage":"es"},{"@type":"Organization","@id":"https:\/\/www.ucaldas.edu.co\/portal\/#organization","name":"Universidad de Caldas","alternateName":"U. de Caldas","url":"https:\/\/www.ucaldas.edu.co\/portal\/","logo":{"@type":"ImageObject","inLanguage":"es","@id":"https:\/\/www.ucaldas.edu.co\/portal\/#\/schema\/logo\/image\/","url":"https:\/\/www.ucaldas.edu.co\/portal\/wp-content\/uploads\/2023\/11\/Logo_horizontal_oscuroU-2023.png","contentUrl":"https:\/\/www.ucaldas.edu.co\/portal\/wp-content\/uploads\/2023\/11\/Logo_horizontal_oscuroU-2023.png","width":263,"height":101,"caption":"Universidad de Caldas"},"image":{"@id":"https:\/\/www.ucaldas.edu.co\/portal\/#\/schema\/logo\/image\/"},"sameAs":["https:\/\/www.facebook.com\/udecaldas","https:\/\/x.com\/udecaldas","https:\/\/www.youtube.com\/universidadcaldas","https:\/\/www.instagram.com\/udecaldas\/"]},{"@type":"Person","@id":"https:\/\/www.ucaldas.edu.co\/portal\/#\/schema\/person\/a1b482e23449158b4bc319926c074fdf","name":"ofiprensa","image":{"@type":"ImageObject","inLanguage":"es","@id":"https:\/\/www.ucaldas.edu.co\/portal\/wp-content\/litespeed\/avatar\/09ea5085e600095a7a811142c6944527.jpg?ver=1777497608","url":"https:\/\/www.ucaldas.edu.co\/portal\/wp-content\/litespeed\/avatar\/09ea5085e600095a7a811142c6944527.jpg?ver=1777497608","contentUrl":"https:\/\/www.ucaldas.edu.co\/portal\/wp-content\/litespeed\/avatar\/09ea5085e600095a7a811142c6944527.jpg?ver=1777497608","caption":"ofiprensa"},"url":"https:\/\/www.ucaldas.edu.co\/portal\/author\/ofiprensa\/"}]}},"_links":{"self":[{"href":"https:\/\/www.ucaldas.edu.co\/portal\/wp-json\/wp\/v2\/posts\/6406","targetHints":{"allow":["GET"]}}],"collection":[{"href":"https:\/\/www.ucaldas.edu.co\/portal\/wp-json\/wp\/v2\/posts"}],"about":[{"href":"https:\/\/www.ucaldas.edu.co\/portal\/wp-json\/wp\/v2\/types\/post"}],"author":[{"embeddable":true,"href":"https:\/\/www.ucaldas.edu.co\/portal\/wp-json\/wp\/v2\/users\/2"}],"replies":[{"embeddable":true,"href":"https:\/\/www.ucaldas.edu.co\/portal\/wp-json\/wp\/v2\/comments?post=6406"}],"version-history":[{"count":0,"href":"https:\/\/www.ucaldas.edu.co\/portal\/wp-json\/wp\/v2\/posts\/6406\/revisions"}],"wp:attachment":[{"href":"https:\/\/www.ucaldas.edu.co\/portal\/wp-json\/wp\/v2\/media?parent=6406"}],"wp:term":[{"taxonomy":"category","embeddable":true,"href":"https:\/\/www.ucaldas.edu.co\/portal\/wp-json\/wp\/v2\/categories?post=6406"},{"taxonomy":"post_tag","embeddable":true,"href":"https:\/\/www.ucaldas.edu.co\/portal\/wp-json\/wp\/v2\/tags?post=6406"}],"curies":[{"name":"wp","href":"https:\/\/api.w.org\/{rel}","templated":true}]}}