{"id":6398,"date":"2011-02-01T10:09:17","date_gmt":"2011-02-01T15:09:17","guid":{"rendered":"https:\/\/www.ucaldas.edu.co\/portal\/?p=6398"},"modified":"2011-02-01T10:09:17","modified_gmt":"2011-02-01T15:09:17","slug":"u-de-caldas-en-maraton-de-70-horas-por-la-biodiversidad-en-santagueda-caldas","status":"publish","type":"post","link":"https:\/\/www.ucaldas.edu.co\/portal\/u-de-caldas-en-maraton-de-70-horas-por-la-biodiversidad-en-santagueda-caldas\/","title":{"rendered":"U. de Caldas, en marat\u00f3n de 70 horas por la biodiversidad en Sant\u00e1gueda (Caldas)"},"content":{"rendered":"<p>30 estudiantes y docentes hicieron muestreo en el \u00e1rea<\/p>\n<hr \/>\n<p align=\"right\">\u00a0<b>01\/02\/2011<\/b><\/p>\n<table border=\"0\">\n<tbody>\n<tr>\n<td><img loading=\"lazy\" decoding=\"async\" style=\"border: 0px\" alt=\"Jardin Botanico\" src=\"http:\/\/www.ucaldas.edu.co\/images\/jardin_botanico.jpg\" width=\"240\" height=\"150\" border=\"0\" \/><\/td>\n<td><b>30 estudiantes y docentes<\/b> de la Universidad de Caldas, que hacen parte del Programa de Educaci\u00f3n e Investigaci\u00f3n del <b>Jard\u00edn Bot\u00e1nico<\/b> de la Instituci\u00f3n, realizaron desde el pasado jueves 27 hasta el domingo 30 de enero del 2011, la <b>Octava Marat\u00f3n<\/b><b> Cient\u00edfica de Muestreo de Biodiversidad<\/b> en el <b>guadual de la Granja Montelindo, de la U. de Caldas.<\/b><\/td>\n<\/tr>\n<\/tbody>\n<\/table>\n<p>&nbsp;<\/p>\n<p>En total, fueron <b>70 horas de muestreo ininterrumpido<\/b> en el que se identificaron grupos taxon\u00f3micos de hongos, plantas vasculares y no vasculares, insectos, ar\u00e1cnidos, aves, mam\u00edferos, anfibios y reptiles.<\/p>\n<p><b>\u00a0<\/b><\/p>\n<p>\u201cEsta visita se hizo con el apoyo de la Oficina de Gesti\u00f3n Ambiental de la Instituci\u00f3n. Estas muestras se realizan en espacios estrat\u00e9gicos para la conservaci\u00f3n, que se han convertido en refugios para la biodiversidad\u201d, coment\u00f3 Jos\u00e9 Humberto Gallego Aristizabal, Director del Jard\u00edn Bot\u00e1nico de la U. de Caldas.<\/p>\n<p>&nbsp;<\/p>\n<p>Estas visitas se han realizado en los municipios caldenses de Riosucio, Sup\u00eda y Marmato. Tambi\u00e9n en Cartago (Valle),\u00a0 Pueblo Rico (Risaralda), Murillo (Tolima) y en La Guajira.<\/p>\n<p>&nbsp;<\/p>\n<p>\u201cBuscamos que la U. de Caldas y la regi\u00f3n visibilicen estos muestreos, porque es muy importante garantizar la conservaci\u00f3n de las especies\u201d, afirm\u00f3 Gallego Aristizabal.<\/p>\n<p>&nbsp;<\/p>\n<p>El resultado del muestreo ser\u00e1 un informe cient\u00edfico con el que se realizar\u00e1 un trabajo did\u00e1ctico para darlo a conocer a la comunidad en general.<\/p>\n<p>&nbsp;<\/p>\n<p>Espere pronto im\u00e1genes de esta actividad en <b><a href=\"http:\/\/www.facebook.com\/ucaldas.edu.co\" target=\"_blank\">www.facebook.com\/ucaldas.edu.co<\/a> <\/b><\/p>\n<p>&nbsp;<\/p>\n<p><b>Informes: <\/b>en el Jard\u00edn Bot\u00e1nico de la U. de Caldas. Tel\u00e9fono 878 15 00, extensi\u00f3n 13 408.<\/p>\n","protected":false},"excerpt":{"rendered":"<p>30 estudiantes y docentes hicieron muestreo en el \u00e1rea \u00a001\/02\/2011 30 estudiantes y docentes de la Universidad de Caldas, que hacen parte del Programa de Educaci\u00f3n e Investigaci\u00f3n del Jard\u00edn Bot\u00e1nico de la Instituci\u00f3n, realizaron desde el pasado jueves 27 hasta el domingo 30 de enero del 2011, la Octava Marat\u00f3n Cient\u00edfica de Muestreo de [&hellip;]<\/p>\n","protected":false},"author":2,"featured_media":0,"comment_status":"closed","ping_status":"closed","sticky":false,"template":"","format":"standard","meta":{"footnotes":""},"categories":[48,53],"tags":[],"class_list":["post-6398","post","type-post","status-publish","format-standard","hentry","category-actualidad","category-universidad-al-dia"],"yoast_head":"<!-- This site is optimized with the Yoast SEO plugin v27.5 - https:\/\/yoast.com\/product\/yoast-seo-wordpress\/ -->\n<title>U. de Caldas, en marat\u00f3n de 70 horas por la biodiversidad en Sant\u00e1gueda (Caldas) .<\/title>\n<meta name=\"robots\" content=\"index, follow, max-snippet:-1, max-image-preview:large, max-video-preview:-1\" \/>\n<link rel=\"canonical\" href=\"https:\/\/www.ucaldas.edu.co\/portal\/u-de-caldas-en-maraton-de-70-horas-por-la-biodiversidad-en-santagueda-caldas\/\" \/>\n<script type=\"application\/ld+json\" class=\"yoast-schema-graph\">{\"@context\":\"https:\\\/\\\/schema.org\",\"@graph\":[{\"@type\":\"Article\",\"@id\":\"https:\\\/\\\/www.ucaldas.edu.co\\\/portal\\\/u-de-caldas-en-maraton-de-70-horas-por-la-biodiversidad-en-santagueda-caldas\\\/#article\",\"isPartOf\":{\"@id\":\"https:\\\/\\\/www.ucaldas.edu.co\\\/portal\\\/u-de-caldas-en-maraton-de-70-horas-por-la-biodiversidad-en-santagueda-caldas\\\/\"},\"author\":{\"name\":\"ofiprensa\",\"@id\":\"https:\\\/\\\/www.ucaldas.edu.co\\\/portal\\\/#\\\/schema\\\/person\\\/a1b482e23449158b4bc319926c074fdf\"},\"headline\":\"U. de Caldas, en marat\u00f3n de 70 horas por la biodiversidad en Sant\u00e1gueda (Caldas)\",\"datePublished\":\"2011-02-01T15:09:17+00:00\",\"mainEntityOfPage\":{\"@id\":\"https:\\\/\\\/www.ucaldas.edu.co\\\/portal\\\/u-de-caldas-en-maraton-de-70-horas-por-la-biodiversidad-en-santagueda-caldas\\\/\"},\"wordCount\":289,\"publisher\":{\"@id\":\"https:\\\/\\\/www.ucaldas.edu.co\\\/portal\\\/#organization\"},\"image\":{\"@id\":\"https:\\\/\\\/www.ucaldas.edu.co\\\/portal\\\/u-de-caldas-en-maraton-de-70-horas-por-la-biodiversidad-en-santagueda-caldas\\\/#primaryimage\"},\"thumbnailUrl\":\"http:\\\/\\\/www.ucaldas.edu.co\\\/images\\\/jardin_botanico.jpg\",\"articleSection\":[\"Actualidad\",\"Universidad al D\u00eda\"],\"inLanguage\":\"es\"},{\"@type\":\"WebPage\",\"@id\":\"https:\\\/\\\/www.ucaldas.edu.co\\\/portal\\\/u-de-caldas-en-maraton-de-70-horas-por-la-biodiversidad-en-santagueda-caldas\\\/\",\"url\":\"https:\\\/\\\/www.ucaldas.edu.co\\\/portal\\\/u-de-caldas-en-maraton-de-70-horas-por-la-biodiversidad-en-santagueda-caldas\\\/\",\"name\":\"U. de Caldas, en marat\u00f3n de 70 horas por la biodiversidad en Sant\u00e1gueda (Caldas) .\",\"isPartOf\":{\"@id\":\"https:\\\/\\\/www.ucaldas.edu.co\\\/portal\\\/#website\"},\"primaryImageOfPage\":{\"@id\":\"https:\\\/\\\/www.ucaldas.edu.co\\\/portal\\\/u-de-caldas-en-maraton-de-70-horas-por-la-biodiversidad-en-santagueda-caldas\\\/#primaryimage\"},\"image\":{\"@id\":\"https:\\\/\\\/www.ucaldas.edu.co\\\/portal\\\/u-de-caldas-en-maraton-de-70-horas-por-la-biodiversidad-en-santagueda-caldas\\\/#primaryimage\"},\"thumbnailUrl\":\"http:\\\/\\\/www.ucaldas.edu.co\\\/images\\\/jardin_botanico.jpg\",\"datePublished\":\"2011-02-01T15:09:17+00:00\",\"breadcrumb\":{\"@id\":\"https:\\\/\\\/www.ucaldas.edu.co\\\/portal\\\/u-de-caldas-en-maraton-de-70-horas-por-la-biodiversidad-en-santagueda-caldas\\\/#breadcrumb\"},\"inLanguage\":\"es\",\"potentialAction\":[{\"@type\":\"ReadAction\",\"target\":[\"https:\\\/\\\/www.ucaldas.edu.co\\\/portal\\\/u-de-caldas-en-maraton-de-70-horas-por-la-biodiversidad-en-santagueda-caldas\\\/\"]}]},{\"@type\":\"ImageObject\",\"inLanguage\":\"es\",\"@id\":\"https:\\\/\\\/www.ucaldas.edu.co\\\/portal\\\/u-de-caldas-en-maraton-de-70-horas-por-la-biodiversidad-en-santagueda-caldas\\\/#primaryimage\",\"url\":\"http:\\\/\\\/www.ucaldas.edu.co\\\/images\\\/jardin_botanico.jpg\",\"contentUrl\":\"http:\\\/\\\/www.ucaldas.edu.co\\\/images\\\/jardin_botanico.jpg\"},{\"@type\":\"BreadcrumbList\",\"@id\":\"https:\\\/\\\/www.ucaldas.edu.co\\\/portal\\\/u-de-caldas-en-maraton-de-70-horas-por-la-biodiversidad-en-santagueda-caldas\\\/#breadcrumb\",\"itemListElement\":[{\"@type\":\"ListItem\",\"position\":1,\"name\":\"Portada\",\"item\":\"https:\\\/\\\/www.ucaldas.edu.co\\\/portal\\\/\"},{\"@type\":\"ListItem\",\"position\":2,\"name\":\"U. de Caldas, en marat\u00f3n de 70 horas por la biodiversidad en Sant\u00e1gueda (Caldas)\"}]},{\"@type\":\"WebSite\",\"@id\":\"https:\\\/\\\/www.ucaldas.edu.co\\\/portal\\\/#website\",\"url\":\"https:\\\/\\\/www.ucaldas.edu.co\\\/portal\\\/\",\"name\":\"Universidad de Caldas\",\"description\":\"\",\"publisher\":{\"@id\":\"https:\\\/\\\/www.ucaldas.edu.co\\\/portal\\\/#organization\"},\"alternateName\":\"U. de Caldas\",\"potentialAction\":[{\"@type\":\"SearchAction\",\"target\":{\"@type\":\"EntryPoint\",\"urlTemplate\":\"https:\\\/\\\/www.ucaldas.edu.co\\\/portal\\\/?s={search_term_string}\"},\"query-input\":{\"@type\":\"PropertyValueSpecification\",\"valueRequired\":true,\"valueName\":\"search_term_string\"}}],\"inLanguage\":\"es\"},{\"@type\":\"Organization\",\"@id\":\"https:\\\/\\\/www.ucaldas.edu.co\\\/portal\\\/#organization\",\"name\":\"Universidad de Caldas\",\"alternateName\":\"U. de Caldas\",\"url\":\"https:\\\/\\\/www.ucaldas.edu.co\\\/portal\\\/\",\"logo\":{\"@type\":\"ImageObject\",\"inLanguage\":\"es\",\"@id\":\"https:\\\/\\\/www.ucaldas.edu.co\\\/portal\\\/#\\\/schema\\\/logo\\\/image\\\/\",\"url\":\"https:\\\/\\\/www.ucaldas.edu.co\\\/portal\\\/wp-content\\\/uploads\\\/2023\\\/11\\\/Logo_horizontal_oscuroU-2023.png\",\"contentUrl\":\"https:\\\/\\\/www.ucaldas.edu.co\\\/portal\\\/wp-content\\\/uploads\\\/2023\\\/11\\\/Logo_horizontal_oscuroU-2023.png\",\"width\":263,\"height\":101,\"caption\":\"Universidad de Caldas\"},\"image\":{\"@id\":\"https:\\\/\\\/www.ucaldas.edu.co\\\/portal\\\/#\\\/schema\\\/logo\\\/image\\\/\"},\"sameAs\":[\"https:\\\/\\\/www.facebook.com\\\/udecaldas\",\"https:\\\/\\\/x.com\\\/udecaldas\",\"https:\\\/\\\/www.youtube.com\\\/universidadcaldas\",\"https:\\\/\\\/www.instagram.com\\\/udecaldas\\\/\"]},{\"@type\":\"Person\",\"@id\":\"https:\\\/\\\/www.ucaldas.edu.co\\\/portal\\\/#\\\/schema\\\/person\\\/a1b482e23449158b4bc319926c074fdf\",\"name\":\"ofiprensa\",\"image\":{\"@type\":\"ImageObject\",\"inLanguage\":\"es\",\"@id\":\"https:\\\/\\\/www.ucaldas.edu.co\\\/portal\\\/wp-content\\\/litespeed\\\/avatar\\\/09ea5085e600095a7a811142c6944527.jpg?ver=1777497608\",\"url\":\"https:\\\/\\\/www.ucaldas.edu.co\\\/portal\\\/wp-content\\\/litespeed\\\/avatar\\\/09ea5085e600095a7a811142c6944527.jpg?ver=1777497608\",\"contentUrl\":\"https:\\\/\\\/www.ucaldas.edu.co\\\/portal\\\/wp-content\\\/litespeed\\\/avatar\\\/09ea5085e600095a7a811142c6944527.jpg?ver=1777497608\",\"caption\":\"ofiprensa\"},\"url\":\"https:\\\/\\\/www.ucaldas.edu.co\\\/portal\\\/author\\\/ofiprensa\\\/\"}]}<\/script>\n<!-- \/ Yoast SEO plugin. -->","yoast_head_json":{"title":"U. de Caldas, en marat\u00f3n de 70 horas por la biodiversidad en Sant\u00e1gueda (Caldas) .","robots":{"index":"index","follow":"follow","max-snippet":"max-snippet:-1","max-image-preview":"max-image-preview:large","max-video-preview":"max-video-preview:-1"},"canonical":"https:\/\/www.ucaldas.edu.co\/portal\/u-de-caldas-en-maraton-de-70-horas-por-la-biodiversidad-en-santagueda-caldas\/","schema":{"@context":"https:\/\/schema.org","@graph":[{"@type":"Article","@id":"https:\/\/www.ucaldas.edu.co\/portal\/u-de-caldas-en-maraton-de-70-horas-por-la-biodiversidad-en-santagueda-caldas\/#article","isPartOf":{"@id":"https:\/\/www.ucaldas.edu.co\/portal\/u-de-caldas-en-maraton-de-70-horas-por-la-biodiversidad-en-santagueda-caldas\/"},"author":{"name":"ofiprensa","@id":"https:\/\/www.ucaldas.edu.co\/portal\/#\/schema\/person\/a1b482e23449158b4bc319926c074fdf"},"headline":"U. de Caldas, en marat\u00f3n de 70 horas por la biodiversidad en Sant\u00e1gueda (Caldas)","datePublished":"2011-02-01T15:09:17+00:00","mainEntityOfPage":{"@id":"https:\/\/www.ucaldas.edu.co\/portal\/u-de-caldas-en-maraton-de-70-horas-por-la-biodiversidad-en-santagueda-caldas\/"},"wordCount":289,"publisher":{"@id":"https:\/\/www.ucaldas.edu.co\/portal\/#organization"},"image":{"@id":"https:\/\/www.ucaldas.edu.co\/portal\/u-de-caldas-en-maraton-de-70-horas-por-la-biodiversidad-en-santagueda-caldas\/#primaryimage"},"thumbnailUrl":"http:\/\/www.ucaldas.edu.co\/images\/jardin_botanico.jpg","articleSection":["Actualidad","Universidad al D\u00eda"],"inLanguage":"es"},{"@type":"WebPage","@id":"https:\/\/www.ucaldas.edu.co\/portal\/u-de-caldas-en-maraton-de-70-horas-por-la-biodiversidad-en-santagueda-caldas\/","url":"https:\/\/www.ucaldas.edu.co\/portal\/u-de-caldas-en-maraton-de-70-horas-por-la-biodiversidad-en-santagueda-caldas\/","name":"U. de Caldas, en marat\u00f3n de 70 horas por la biodiversidad en Sant\u00e1gueda (Caldas) .","isPartOf":{"@id":"https:\/\/www.ucaldas.edu.co\/portal\/#website"},"primaryImageOfPage":{"@id":"https:\/\/www.ucaldas.edu.co\/portal\/u-de-caldas-en-maraton-de-70-horas-por-la-biodiversidad-en-santagueda-caldas\/#primaryimage"},"image":{"@id":"https:\/\/www.ucaldas.edu.co\/portal\/u-de-caldas-en-maraton-de-70-horas-por-la-biodiversidad-en-santagueda-caldas\/#primaryimage"},"thumbnailUrl":"http:\/\/www.ucaldas.edu.co\/images\/jardin_botanico.jpg","datePublished":"2011-02-01T15:09:17+00:00","breadcrumb":{"@id":"https:\/\/www.ucaldas.edu.co\/portal\/u-de-caldas-en-maraton-de-70-horas-por-la-biodiversidad-en-santagueda-caldas\/#breadcrumb"},"inLanguage":"es","potentialAction":[{"@type":"ReadAction","target":["https:\/\/www.ucaldas.edu.co\/portal\/u-de-caldas-en-maraton-de-70-horas-por-la-biodiversidad-en-santagueda-caldas\/"]}]},{"@type":"ImageObject","inLanguage":"es","@id":"https:\/\/www.ucaldas.edu.co\/portal\/u-de-caldas-en-maraton-de-70-horas-por-la-biodiversidad-en-santagueda-caldas\/#primaryimage","url":"http:\/\/www.ucaldas.edu.co\/images\/jardin_botanico.jpg","contentUrl":"http:\/\/www.ucaldas.edu.co\/images\/jardin_botanico.jpg"},{"@type":"BreadcrumbList","@id":"https:\/\/www.ucaldas.edu.co\/portal\/u-de-caldas-en-maraton-de-70-horas-por-la-biodiversidad-en-santagueda-caldas\/#breadcrumb","itemListElement":[{"@type":"ListItem","position":1,"name":"Portada","item":"https:\/\/www.ucaldas.edu.co\/portal\/"},{"@type":"ListItem","position":2,"name":"U. de Caldas, en marat\u00f3n de 70 horas por la biodiversidad en Sant\u00e1gueda (Caldas)"}]},{"@type":"WebSite","@id":"https:\/\/www.ucaldas.edu.co\/portal\/#website","url":"https:\/\/www.ucaldas.edu.co\/portal\/","name":"Universidad de Caldas","description":"","publisher":{"@id":"https:\/\/www.ucaldas.edu.co\/portal\/#organization"},"alternateName":"U. de Caldas","potentialAction":[{"@type":"SearchAction","target":{"@type":"EntryPoint","urlTemplate":"https:\/\/www.ucaldas.edu.co\/portal\/?s={search_term_string}"},"query-input":{"@type":"PropertyValueSpecification","valueRequired":true,"valueName":"search_term_string"}}],"inLanguage":"es"},{"@type":"Organization","@id":"https:\/\/www.ucaldas.edu.co\/portal\/#organization","name":"Universidad de Caldas","alternateName":"U. de Caldas","url":"https:\/\/www.ucaldas.edu.co\/portal\/","logo":{"@type":"ImageObject","inLanguage":"es","@id":"https:\/\/www.ucaldas.edu.co\/portal\/#\/schema\/logo\/image\/","url":"https:\/\/www.ucaldas.edu.co\/portal\/wp-content\/uploads\/2023\/11\/Logo_horizontal_oscuroU-2023.png","contentUrl":"https:\/\/www.ucaldas.edu.co\/portal\/wp-content\/uploads\/2023\/11\/Logo_horizontal_oscuroU-2023.png","width":263,"height":101,"caption":"Universidad de Caldas"},"image":{"@id":"https:\/\/www.ucaldas.edu.co\/portal\/#\/schema\/logo\/image\/"},"sameAs":["https:\/\/www.facebook.com\/udecaldas","https:\/\/x.com\/udecaldas","https:\/\/www.youtube.com\/universidadcaldas","https:\/\/www.instagram.com\/udecaldas\/"]},{"@type":"Person","@id":"https:\/\/www.ucaldas.edu.co\/portal\/#\/schema\/person\/a1b482e23449158b4bc319926c074fdf","name":"ofiprensa","image":{"@type":"ImageObject","inLanguage":"es","@id":"https:\/\/www.ucaldas.edu.co\/portal\/wp-content\/litespeed\/avatar\/09ea5085e600095a7a811142c6944527.jpg?ver=1777497608","url":"https:\/\/www.ucaldas.edu.co\/portal\/wp-content\/litespeed\/avatar\/09ea5085e600095a7a811142c6944527.jpg?ver=1777497608","contentUrl":"https:\/\/www.ucaldas.edu.co\/portal\/wp-content\/litespeed\/avatar\/09ea5085e600095a7a811142c6944527.jpg?ver=1777497608","caption":"ofiprensa"},"url":"https:\/\/www.ucaldas.edu.co\/portal\/author\/ofiprensa\/"}]}},"_links":{"self":[{"href":"https:\/\/www.ucaldas.edu.co\/portal\/wp-json\/wp\/v2\/posts\/6398","targetHints":{"allow":["GET"]}}],"collection":[{"href":"https:\/\/www.ucaldas.edu.co\/portal\/wp-json\/wp\/v2\/posts"}],"about":[{"href":"https:\/\/www.ucaldas.edu.co\/portal\/wp-json\/wp\/v2\/types\/post"}],"author":[{"embeddable":true,"href":"https:\/\/www.ucaldas.edu.co\/portal\/wp-json\/wp\/v2\/users\/2"}],"replies":[{"embeddable":true,"href":"https:\/\/www.ucaldas.edu.co\/portal\/wp-json\/wp\/v2\/comments?post=6398"}],"version-history":[{"count":0,"href":"https:\/\/www.ucaldas.edu.co\/portal\/wp-json\/wp\/v2\/posts\/6398\/revisions"}],"wp:attachment":[{"href":"https:\/\/www.ucaldas.edu.co\/portal\/wp-json\/wp\/v2\/media?parent=6398"}],"wp:term":[{"taxonomy":"category","embeddable":true,"href":"https:\/\/www.ucaldas.edu.co\/portal\/wp-json\/wp\/v2\/categories?post=6398"},{"taxonomy":"post_tag","embeddable":true,"href":"https:\/\/www.ucaldas.edu.co\/portal\/wp-json\/wp\/v2\/tags?post=6398"}],"curies":[{"name":"wp","href":"https:\/\/api.w.org\/{rel}","templated":true}]}}