{"id":63905,"date":"2021-07-23T23:45:18","date_gmt":"2021-07-23T23:45:18","guid":{"rendered":"https:\/\/www.ucaldas.edu.co\/portal\/?p=63905"},"modified":"2021-07-27T23:06:48","modified_gmt":"2021-07-27T23:06:48","slug":"consejo-academico-extiende-el-plazo-de-pago-de-matricula-del-periodo-2021-1","status":"publish","type":"post","link":"https:\/\/www.ucaldas.edu.co\/portal\/consejo-academico-extiende-el-plazo-de-pago-de-matricula-del-periodo-2021-1\/","title":{"rendered":"Consejo Acad\u00e9mico extiende el plazo de pago de matr\u00edcula del periodo 2021 \u2013 1"},"content":{"rendered":"<p style=\"text-align: center;\">MEDIDA DIRIGIDA A ESTUDIANTES DE PREGRADO PRESENCIAL DE LA INSTITUCI\u00d3N<br \/>\n<strong>Consejo Acad\u00e9mico extiende el plazo de pago de matr\u00edcula del periodo 2021 \u2013 1<\/strong><\/p>\n<p style=\"text-align: right;\">23\/07\/2021<\/p>\n<p><img loading=\"lazy\" decoding=\"async\" class=\"size-full wp-image-63906 aligncenter\" src=\"https:\/\/www.ucaldas.edu.co\/portal\/wp-content\/uploads\/2021\/07\/matriculas.jpg\" alt=\"\" width=\"700\" height=\"400\" srcset=\"https:\/\/www.ucaldas.edu.co\/portal\/wp-content\/uploads\/2021\/07\/matriculas.jpg 700w, https:\/\/www.ucaldas.edu.co\/portal\/wp-content\/uploads\/2021\/07\/matriculas-300x171.jpg 300w\" sizes=\"auto, (max-width: 700px) 100vw, 700px\" \/><\/p>\n<p>El Consejo Acad\u00e9mico de la Universidad de Caldas extendi\u00f3 el plazo para el pago del recibo de matr\u00edcula de estudiantes de pregrado presencial del periodo 2021 -1 hasta el viernes 30 de julio del presente a\u00f1o.<\/p>\n<p><!--more--><\/p>\n<p>La Vicerrector\u00eda Acad\u00e9mica informa que la medida se toma considerando las modificaciones realizadas al Acuerdo N\u00famero 58 de 2020, que regula el Calendario Acad\u00e9mico del a\u00f1o 2020, y atendiendo las peticiones de los representantes estudiantiles y los directores de programa.<\/p>\n<p>La medida cobija a todos los estudiantes de pregrado presencial, sin importar el semestre acad\u00e9mico al que pertenezcan.<\/p>\n<p>Los estudiantes que tengan dudas e inquietudes, pueden comunicarse \u00a0a trav\u00e9s del correo electr\u00f3nico: <strong>\u00a0<a href=\"gestionacademica@ucaldas.edu.co\">gestionacademica@ucaldas.edu.co<\/a><\/strong><\/p>\n<p>&nbsp;<\/p>\n<p><strong>Anexo:<\/strong><\/p>\n<p><strong>Audio Rector Alejandro Ceballos M\u00e1rquez<\/strong><\/p>\n<p><iframe loading=\"lazy\" src=\"https:\/\/co.ivoox.com\/es\/player_ek_73362904_2_1.html?data=mJigmJeddJWhhpywj5WUaZS1lJiah5yncZKhhpywj5WRaZi3jpWah5yncaLgxs_O0MnWs4y3xsfOztHTt4zBhqigh6aVttLpxt-ajbfJp9Xj05DCkJDIqYy3wtHRw9iRaZi3jqjOzsnFt4y1xdKYt5KJe6ShlQ..&amp;\" width=\"238\" height=\"48\" frameborder=\"0\" scrolling=\"no\" allowfullscreen=\"allowfullscreen\"><\/iframe><\/p>\n<p><strong>Informes: <\/strong>Oficina de Comunicaciones y Prensa Universidad de Caldas.<\/p>\n<p><strong>Redacci\u00f3n:<\/strong> Mateo Buritic\u00e1 Giraldo<\/p>\n<p>&nbsp;<\/p>\n","protected":false},"excerpt":{"rendered":"<p>MEDIDA DIRIGIDA A ESTUDIANTES DE PREGRADO PRESENCIAL DE LA INSTITUCI\u00d3N Consejo Acad\u00e9mico extiende el plazo de pago de matr\u00edcula del periodo 2021 \u2013 1 23\/07\/2021 El Consejo Acad\u00e9mico de la Universidad de Caldas extendi\u00f3 el plazo para el pago del recibo de matr\u00edcula de estudiantes de pregrado presencial del periodo 2021 -1 hasta el viernes [&hellip;]<\/p>\n","protected":false},"author":2,"featured_media":63906,"comment_status":"closed","ping_status":"open","sticky":false,"template":"","format":"standard","meta":{"footnotes":""},"categories":[48,53],"tags":[1117,6839,6840],"class_list":["post-63905","post","type-post","status-publish","format-standard","has-post-thumbnail","hentry","category-actualidad","category-universidad-al-dia","tag-consejo-academico","tag-matriculas-2021","tag-matriculas-pregrados-presenciales"],"yoast_head":"<!-- This site is optimized with the Yoast SEO plugin v27.5 - https:\/\/yoast.com\/product\/yoast-seo-wordpress\/ -->\n<title>Consejo Acad\u00e9mico extiende el plazo de pago de matr\u00edcula del periodo 2021 \u2013 1 .<\/title>\n<meta name=\"robots\" content=\"index, follow, max-snippet:-1, max-image-preview:large, max-video-preview:-1\" \/>\n<link rel=\"canonical\" href=\"https:\/\/www.ucaldas.edu.co\/portal\/consejo-academico-extiende-el-plazo-de-pago-de-matricula-del-periodo-2021-1\/\" \/>\n<script type=\"application\/ld+json\" class=\"yoast-schema-graph\">{\"@context\":\"https:\\\/\\\/schema.org\",\"@graph\":[{\"@type\":\"Article\",\"@id\":\"https:\\\/\\\/www.ucaldas.edu.co\\\/portal\\\/consejo-academico-extiende-el-plazo-de-pago-de-matricula-del-periodo-2021-1\\\/#article\",\"isPartOf\":{\"@id\":\"https:\\\/\\\/www.ucaldas.edu.co\\\/portal\\\/consejo-academico-extiende-el-plazo-de-pago-de-matricula-del-periodo-2021-1\\\/\"},\"author\":{\"name\":\"ofiprensa\",\"@id\":\"https:\\\/\\\/www.ucaldas.edu.co\\\/portal\\\/#\\\/schema\\\/person\\\/a1b482e23449158b4bc319926c074fdf\"},\"headline\":\"Consejo Acad\u00e9mico extiende el plazo de pago de matr\u00edcula del periodo 2021 \u2013 1\",\"datePublished\":\"2021-07-23T23:45:18+00:00\",\"dateModified\":\"2021-07-27T23:06:48+00:00\",\"mainEntityOfPage\":{\"@id\":\"https:\\\/\\\/www.ucaldas.edu.co\\\/portal\\\/consejo-academico-extiende-el-plazo-de-pago-de-matricula-del-periodo-2021-1\\\/\"},\"wordCount\":178,\"publisher\":{\"@id\":\"https:\\\/\\\/www.ucaldas.edu.co\\\/portal\\\/#organization\"},\"image\":{\"@id\":\"https:\\\/\\\/www.ucaldas.edu.co\\\/portal\\\/consejo-academico-extiende-el-plazo-de-pago-de-matricula-del-periodo-2021-1\\\/#primaryimage\"},\"thumbnailUrl\":\"https:\\\/\\\/www.ucaldas.edu.co\\\/portal\\\/wp-content\\\/uploads\\\/2021\\\/07\\\/matriculas.jpg\",\"keywords\":[\"Consejo Acad\u00e9mico\",\"matr\u00edculas 2021\",\"matr\u00edculas pregrados presenciales\"],\"articleSection\":[\"Actualidad\",\"Universidad al D\u00eda\"],\"inLanguage\":\"es\"},{\"@type\":\"WebPage\",\"@id\":\"https:\\\/\\\/www.ucaldas.edu.co\\\/portal\\\/consejo-academico-extiende-el-plazo-de-pago-de-matricula-del-periodo-2021-1\\\/\",\"url\":\"https:\\\/\\\/www.ucaldas.edu.co\\\/portal\\\/consejo-academico-extiende-el-plazo-de-pago-de-matricula-del-periodo-2021-1\\\/\",\"name\":\"Consejo Acad\u00e9mico extiende el plazo de pago de matr\u00edcula del periodo 2021 \u2013 1 .\",\"isPartOf\":{\"@id\":\"https:\\\/\\\/www.ucaldas.edu.co\\\/portal\\\/#website\"},\"primaryImageOfPage\":{\"@id\":\"https:\\\/\\\/www.ucaldas.edu.co\\\/portal\\\/consejo-academico-extiende-el-plazo-de-pago-de-matricula-del-periodo-2021-1\\\/#primaryimage\"},\"image\":{\"@id\":\"https:\\\/\\\/www.ucaldas.edu.co\\\/portal\\\/consejo-academico-extiende-el-plazo-de-pago-de-matricula-del-periodo-2021-1\\\/#primaryimage\"},\"thumbnailUrl\":\"https:\\\/\\\/www.ucaldas.edu.co\\\/portal\\\/wp-content\\\/uploads\\\/2021\\\/07\\\/matriculas.jpg\",\"datePublished\":\"2021-07-23T23:45:18+00:00\",\"dateModified\":\"2021-07-27T23:06:48+00:00\",\"breadcrumb\":{\"@id\":\"https:\\\/\\\/www.ucaldas.edu.co\\\/portal\\\/consejo-academico-extiende-el-plazo-de-pago-de-matricula-del-periodo-2021-1\\\/#breadcrumb\"},\"inLanguage\":\"es\",\"potentialAction\":[{\"@type\":\"ReadAction\",\"target\":[\"https:\\\/\\\/www.ucaldas.edu.co\\\/portal\\\/consejo-academico-extiende-el-plazo-de-pago-de-matricula-del-periodo-2021-1\\\/\"]}]},{\"@type\":\"ImageObject\",\"inLanguage\":\"es\",\"@id\":\"https:\\\/\\\/www.ucaldas.edu.co\\\/portal\\\/consejo-academico-extiende-el-plazo-de-pago-de-matricula-del-periodo-2021-1\\\/#primaryimage\",\"url\":\"https:\\\/\\\/www.ucaldas.edu.co\\\/portal\\\/wp-content\\\/uploads\\\/2021\\\/07\\\/matriculas.jpg\",\"contentUrl\":\"https:\\\/\\\/www.ucaldas.edu.co\\\/portal\\\/wp-content\\\/uploads\\\/2021\\\/07\\\/matriculas.jpg\",\"width\":700,\"height\":400},{\"@type\":\"BreadcrumbList\",\"@id\":\"https:\\\/\\\/www.ucaldas.edu.co\\\/portal\\\/consejo-academico-extiende-el-plazo-de-pago-de-matricula-del-periodo-2021-1\\\/#breadcrumb\",\"itemListElement\":[{\"@type\":\"ListItem\",\"position\":1,\"name\":\"Portada\",\"item\":\"https:\\\/\\\/www.ucaldas.edu.co\\\/portal\\\/\"},{\"@type\":\"ListItem\",\"position\":2,\"name\":\"Consejo Acad\u00e9mico extiende el plazo de pago de matr\u00edcula del periodo 2021 \u2013 1\"}]},{\"@type\":\"WebSite\",\"@id\":\"https:\\\/\\\/www.ucaldas.edu.co\\\/portal\\\/#website\",\"url\":\"https:\\\/\\\/www.ucaldas.edu.co\\\/portal\\\/\",\"name\":\"Universidad de Caldas\",\"description\":\"\",\"publisher\":{\"@id\":\"https:\\\/\\\/www.ucaldas.edu.co\\\/portal\\\/#organization\"},\"alternateName\":\"U. de Caldas\",\"potentialAction\":[{\"@type\":\"SearchAction\",\"target\":{\"@type\":\"EntryPoint\",\"urlTemplate\":\"https:\\\/\\\/www.ucaldas.edu.co\\\/portal\\\/?s={search_term_string}\"},\"query-input\":{\"@type\":\"PropertyValueSpecification\",\"valueRequired\":true,\"valueName\":\"search_term_string\"}}],\"inLanguage\":\"es\"},{\"@type\":\"Organization\",\"@id\":\"https:\\\/\\\/www.ucaldas.edu.co\\\/portal\\\/#organization\",\"name\":\"Universidad de Caldas\",\"alternateName\":\"U. de Caldas\",\"url\":\"https:\\\/\\\/www.ucaldas.edu.co\\\/portal\\\/\",\"logo\":{\"@type\":\"ImageObject\",\"inLanguage\":\"es\",\"@id\":\"https:\\\/\\\/www.ucaldas.edu.co\\\/portal\\\/#\\\/schema\\\/logo\\\/image\\\/\",\"url\":\"https:\\\/\\\/www.ucaldas.edu.co\\\/portal\\\/wp-content\\\/uploads\\\/2023\\\/11\\\/Logo_horizontal_oscuroU-2023.png\",\"contentUrl\":\"https:\\\/\\\/www.ucaldas.edu.co\\\/portal\\\/wp-content\\\/uploads\\\/2023\\\/11\\\/Logo_horizontal_oscuroU-2023.png\",\"width\":263,\"height\":101,\"caption\":\"Universidad de Caldas\"},\"image\":{\"@id\":\"https:\\\/\\\/www.ucaldas.edu.co\\\/portal\\\/#\\\/schema\\\/logo\\\/image\\\/\"},\"sameAs\":[\"https:\\\/\\\/www.facebook.com\\\/udecaldas\",\"https:\\\/\\\/x.com\\\/udecaldas\",\"https:\\\/\\\/www.youtube.com\\\/universidadcaldas\",\"https:\\\/\\\/www.instagram.com\\\/udecaldas\\\/\"]},{\"@type\":\"Person\",\"@id\":\"https:\\\/\\\/www.ucaldas.edu.co\\\/portal\\\/#\\\/schema\\\/person\\\/a1b482e23449158b4bc319926c074fdf\",\"name\":\"ofiprensa\",\"image\":{\"@type\":\"ImageObject\",\"inLanguage\":\"es\",\"@id\":\"https:\\\/\\\/www.ucaldas.edu.co\\\/portal\\\/wp-content\\\/litespeed\\\/avatar\\\/09ea5085e600095a7a811142c6944527.jpg?ver=1777497608\",\"url\":\"https:\\\/\\\/www.ucaldas.edu.co\\\/portal\\\/wp-content\\\/litespeed\\\/avatar\\\/09ea5085e600095a7a811142c6944527.jpg?ver=1777497608\",\"contentUrl\":\"https:\\\/\\\/www.ucaldas.edu.co\\\/portal\\\/wp-content\\\/litespeed\\\/avatar\\\/09ea5085e600095a7a811142c6944527.jpg?ver=1777497608\",\"caption\":\"ofiprensa\"},\"url\":\"https:\\\/\\\/www.ucaldas.edu.co\\\/portal\\\/author\\\/ofiprensa\\\/\"}]}<\/script>\n<!-- \/ Yoast SEO plugin. -->","yoast_head_json":{"title":"Consejo Acad\u00e9mico extiende el plazo de pago de matr\u00edcula del periodo 2021 \u2013 1 .","robots":{"index":"index","follow":"follow","max-snippet":"max-snippet:-1","max-image-preview":"max-image-preview:large","max-video-preview":"max-video-preview:-1"},"canonical":"https:\/\/www.ucaldas.edu.co\/portal\/consejo-academico-extiende-el-plazo-de-pago-de-matricula-del-periodo-2021-1\/","schema":{"@context":"https:\/\/schema.org","@graph":[{"@type":"Article","@id":"https:\/\/www.ucaldas.edu.co\/portal\/consejo-academico-extiende-el-plazo-de-pago-de-matricula-del-periodo-2021-1\/#article","isPartOf":{"@id":"https:\/\/www.ucaldas.edu.co\/portal\/consejo-academico-extiende-el-plazo-de-pago-de-matricula-del-periodo-2021-1\/"},"author":{"name":"ofiprensa","@id":"https:\/\/www.ucaldas.edu.co\/portal\/#\/schema\/person\/a1b482e23449158b4bc319926c074fdf"},"headline":"Consejo Acad\u00e9mico extiende el plazo de pago de matr\u00edcula del periodo 2021 \u2013 1","datePublished":"2021-07-23T23:45:18+00:00","dateModified":"2021-07-27T23:06:48+00:00","mainEntityOfPage":{"@id":"https:\/\/www.ucaldas.edu.co\/portal\/consejo-academico-extiende-el-plazo-de-pago-de-matricula-del-periodo-2021-1\/"},"wordCount":178,"publisher":{"@id":"https:\/\/www.ucaldas.edu.co\/portal\/#organization"},"image":{"@id":"https:\/\/www.ucaldas.edu.co\/portal\/consejo-academico-extiende-el-plazo-de-pago-de-matricula-del-periodo-2021-1\/#primaryimage"},"thumbnailUrl":"https:\/\/www.ucaldas.edu.co\/portal\/wp-content\/uploads\/2021\/07\/matriculas.jpg","keywords":["Consejo Acad\u00e9mico","matr\u00edculas 2021","matr\u00edculas pregrados presenciales"],"articleSection":["Actualidad","Universidad al D\u00eda"],"inLanguage":"es"},{"@type":"WebPage","@id":"https:\/\/www.ucaldas.edu.co\/portal\/consejo-academico-extiende-el-plazo-de-pago-de-matricula-del-periodo-2021-1\/","url":"https:\/\/www.ucaldas.edu.co\/portal\/consejo-academico-extiende-el-plazo-de-pago-de-matricula-del-periodo-2021-1\/","name":"Consejo Acad\u00e9mico extiende el plazo de pago de matr\u00edcula del periodo 2021 \u2013 1 .","isPartOf":{"@id":"https:\/\/www.ucaldas.edu.co\/portal\/#website"},"primaryImageOfPage":{"@id":"https:\/\/www.ucaldas.edu.co\/portal\/consejo-academico-extiende-el-plazo-de-pago-de-matricula-del-periodo-2021-1\/#primaryimage"},"image":{"@id":"https:\/\/www.ucaldas.edu.co\/portal\/consejo-academico-extiende-el-plazo-de-pago-de-matricula-del-periodo-2021-1\/#primaryimage"},"thumbnailUrl":"https:\/\/www.ucaldas.edu.co\/portal\/wp-content\/uploads\/2021\/07\/matriculas.jpg","datePublished":"2021-07-23T23:45:18+00:00","dateModified":"2021-07-27T23:06:48+00:00","breadcrumb":{"@id":"https:\/\/www.ucaldas.edu.co\/portal\/consejo-academico-extiende-el-plazo-de-pago-de-matricula-del-periodo-2021-1\/#breadcrumb"},"inLanguage":"es","potentialAction":[{"@type":"ReadAction","target":["https:\/\/www.ucaldas.edu.co\/portal\/consejo-academico-extiende-el-plazo-de-pago-de-matricula-del-periodo-2021-1\/"]}]},{"@type":"ImageObject","inLanguage":"es","@id":"https:\/\/www.ucaldas.edu.co\/portal\/consejo-academico-extiende-el-plazo-de-pago-de-matricula-del-periodo-2021-1\/#primaryimage","url":"https:\/\/www.ucaldas.edu.co\/portal\/wp-content\/uploads\/2021\/07\/matriculas.jpg","contentUrl":"https:\/\/www.ucaldas.edu.co\/portal\/wp-content\/uploads\/2021\/07\/matriculas.jpg","width":700,"height":400},{"@type":"BreadcrumbList","@id":"https:\/\/www.ucaldas.edu.co\/portal\/consejo-academico-extiende-el-plazo-de-pago-de-matricula-del-periodo-2021-1\/#breadcrumb","itemListElement":[{"@type":"ListItem","position":1,"name":"Portada","item":"https:\/\/www.ucaldas.edu.co\/portal\/"},{"@type":"ListItem","position":2,"name":"Consejo Acad\u00e9mico extiende el plazo de pago de matr\u00edcula del periodo 2021 \u2013 1"}]},{"@type":"WebSite","@id":"https:\/\/www.ucaldas.edu.co\/portal\/#website","url":"https:\/\/www.ucaldas.edu.co\/portal\/","name":"Universidad de Caldas","description":"","publisher":{"@id":"https:\/\/www.ucaldas.edu.co\/portal\/#organization"},"alternateName":"U. de Caldas","potentialAction":[{"@type":"SearchAction","target":{"@type":"EntryPoint","urlTemplate":"https:\/\/www.ucaldas.edu.co\/portal\/?s={search_term_string}"},"query-input":{"@type":"PropertyValueSpecification","valueRequired":true,"valueName":"search_term_string"}}],"inLanguage":"es"},{"@type":"Organization","@id":"https:\/\/www.ucaldas.edu.co\/portal\/#organization","name":"Universidad de Caldas","alternateName":"U. de Caldas","url":"https:\/\/www.ucaldas.edu.co\/portal\/","logo":{"@type":"ImageObject","inLanguage":"es","@id":"https:\/\/www.ucaldas.edu.co\/portal\/#\/schema\/logo\/image\/","url":"https:\/\/www.ucaldas.edu.co\/portal\/wp-content\/uploads\/2023\/11\/Logo_horizontal_oscuroU-2023.png","contentUrl":"https:\/\/www.ucaldas.edu.co\/portal\/wp-content\/uploads\/2023\/11\/Logo_horizontal_oscuroU-2023.png","width":263,"height":101,"caption":"Universidad de Caldas"},"image":{"@id":"https:\/\/www.ucaldas.edu.co\/portal\/#\/schema\/logo\/image\/"},"sameAs":["https:\/\/www.facebook.com\/udecaldas","https:\/\/x.com\/udecaldas","https:\/\/www.youtube.com\/universidadcaldas","https:\/\/www.instagram.com\/udecaldas\/"]},{"@type":"Person","@id":"https:\/\/www.ucaldas.edu.co\/portal\/#\/schema\/person\/a1b482e23449158b4bc319926c074fdf","name":"ofiprensa","image":{"@type":"ImageObject","inLanguage":"es","@id":"https:\/\/www.ucaldas.edu.co\/portal\/wp-content\/litespeed\/avatar\/09ea5085e600095a7a811142c6944527.jpg?ver=1777497608","url":"https:\/\/www.ucaldas.edu.co\/portal\/wp-content\/litespeed\/avatar\/09ea5085e600095a7a811142c6944527.jpg?ver=1777497608","contentUrl":"https:\/\/www.ucaldas.edu.co\/portal\/wp-content\/litespeed\/avatar\/09ea5085e600095a7a811142c6944527.jpg?ver=1777497608","caption":"ofiprensa"},"url":"https:\/\/www.ucaldas.edu.co\/portal\/author\/ofiprensa\/"}]}},"_links":{"self":[{"href":"https:\/\/www.ucaldas.edu.co\/portal\/wp-json\/wp\/v2\/posts\/63905","targetHints":{"allow":["GET"]}}],"collection":[{"href":"https:\/\/www.ucaldas.edu.co\/portal\/wp-json\/wp\/v2\/posts"}],"about":[{"href":"https:\/\/www.ucaldas.edu.co\/portal\/wp-json\/wp\/v2\/types\/post"}],"author":[{"embeddable":true,"href":"https:\/\/www.ucaldas.edu.co\/portal\/wp-json\/wp\/v2\/users\/2"}],"replies":[{"embeddable":true,"href":"https:\/\/www.ucaldas.edu.co\/portal\/wp-json\/wp\/v2\/comments?post=63905"}],"version-history":[{"count":0,"href":"https:\/\/www.ucaldas.edu.co\/portal\/wp-json\/wp\/v2\/posts\/63905\/revisions"}],"wp:featuredmedia":[{"embeddable":true,"href":"https:\/\/www.ucaldas.edu.co\/portal\/wp-json\/wp\/v2\/media\/63906"}],"wp:attachment":[{"href":"https:\/\/www.ucaldas.edu.co\/portal\/wp-json\/wp\/v2\/media?parent=63905"}],"wp:term":[{"taxonomy":"category","embeddable":true,"href":"https:\/\/www.ucaldas.edu.co\/portal\/wp-json\/wp\/v2\/categories?post=63905"},{"taxonomy":"post_tag","embeddable":true,"href":"https:\/\/www.ucaldas.edu.co\/portal\/wp-json\/wp\/v2\/tags?post=63905"}],"curies":[{"name":"wp","href":"https:\/\/api.w.org\/{rel}","templated":true}]}}