{"id":63899,"date":"2021-07-23T23:38:39","date_gmt":"2021-07-23T23:38:39","guid":{"rendered":"https:\/\/www.ucaldas.edu.co\/portal\/?p=63899"},"modified":"2021-07-23T23:38:39","modified_gmt":"2021-07-23T23:38:39","slug":"hasta-el-30-de-julio-estara-abierta-la-convocatoria-para-ser-parte-del-programa-estatal-mujer-ciencia-equidad","status":"publish","type":"post","link":"https:\/\/www.ucaldas.edu.co\/portal\/hasta-el-30-de-julio-estara-abierta-la-convocatoria-para-ser-parte-del-programa-estatal-mujer-ciencia-equidad\/","title":{"rendered":"Hasta el 30 de julio estar\u00e1 abierta la convocatoria para ser parte del programa estatal +Mujer +Ciencia +Equidad"},"content":{"rendered":"<p style=\"text-align: center;\">INVITAN LA ORGANIZACI\u00d3N DE ESTADOS IBEROAMERICANOS (OEI) Y MINCIENCIAS<br \/>\n<strong>Hasta el 30 de julio estar\u00e1 abierta la convocatoria para ser parte del programa estatal +Mujer +Ciencia +Equidad<\/strong><\/p>\n<p style=\"text-align: right;\">23\/07\/2021<\/p>\n<p><img loading=\"lazy\" decoding=\"async\" class=\"size-full wp-image-63900 aligncenter\" src=\"https:\/\/www.ucaldas.edu.co\/portal\/wp-content\/uploads\/2021\/07\/programa-mas-mujer.jpg\" alt=\"\" width=\"700\" height=\"400\" srcset=\"https:\/\/www.ucaldas.edu.co\/portal\/wp-content\/uploads\/2021\/07\/programa-mas-mujer.jpg 700w, https:\/\/www.ucaldas.edu.co\/portal\/wp-content\/uploads\/2021\/07\/programa-mas-mujer-300x171.jpg 300w\" sizes=\"auto, (max-width: 700px) 100vw, 700px\" \/><\/p>\n<p>Con el objetivo de que m\u00e1s mujeres participen del programa estatal +Mujer +Ciencia +Equidad, la Organizaci\u00f3n de Estados Iberoamericanos (OEI) y Minciencias invitan a que estudiantes universitarias y graduadas hagan parte de la convocatoria, la cual est\u00e1 abierta hasta el pr\u00f3ximo 30 de julio.<\/p>\n<p><!--more--><\/p>\n<p>La finalidad de esta convocatoria es incentivar la vocaci\u00f3n cient\u00edfica en las j\u00f3venes y fortalecer su proyecto de vida mediante la inserci\u00f3n al Sistema Nacional de Ciencia, Tecnolog\u00eda e Innovaci\u00f3n, adem\u00e1s, desde OEI se explica que el programa tiene diferentes componentes:<\/p>\n<ul>\n<li>Mentor\u00edas.<\/li>\n<li>Pasant\u00edas de investigaci\u00f3n nacional e internacional.<\/li>\n<li>Habilidades STEAM\/TIC.<\/li>\n<li>Segunda lengua extranjera.<\/li>\n<li>Emprendimiento y Empleabilidad.<\/li>\n<\/ul>\n<p>Acerca de la poblaci\u00f3n a la que est\u00e1 dirigida el programa, desde Minciencias aclaran que es a:<\/p>\n<ul>\n<li>Mujeres colombianas entre 18 y 28 a\u00f1os de edad que certifiquen alguna de las siguientes caracter\u00edsticas: Estudiantes de programas t\u00e9cnicos, tecnol\u00f3gicos o universitarios, de cualquier \u00e1rea del conocimiento.<\/li>\n<li>Deben haber cursado al menos el 60% del programa acad\u00e9mico y profesionales reci\u00e9n egresadas de formaci\u00f3n t\u00e9cnica, tecnol\u00f3gica o universitaria con m\u00e1ximo tres a\u00f1os de haberse graduado al momento de la postulaci\u00f3n.<\/li>\n<li>Aclaran adem\u00e1s que tendr\u00e1n prioridad de acceso las j\u00f3venes que pertenezcan a grupos \u00e9tnicos: ind\u00edgenas, negros, afros, raizales, palenqueros y Rrom, mujeres en condici\u00f3n de discapacidad y v\u00edctimas del conflicto armado. SISBEN A, B, C.<\/li>\n<\/ul>\n<p>&nbsp;<\/p>\n<p><strong><a href=\"https:\/\/mujercienciaequidad.minciencias.gov.co\/\">Aqu\u00ed encontrar\u00e1 los t\u00e9rminos de referencia y acceder al enlace de inscripci\u00f3n:<\/a><\/strong><\/p>\n<p><strong>\u00a0<\/strong><\/p>\n<p><strong>Informes: <\/strong>Oficina de Comunicaciones y Prensa Universidad de Caldas.<\/p>\n<p><strong>Redacci\u00f3n:<\/strong> Mateo Buritic\u00e1 Giraldo<\/p>\n<p>&nbsp;<\/p>\n","protected":false},"excerpt":{"rendered":"<p>INVITAN LA ORGANIZACI\u00d3N DE ESTADOS IBEROAMERICANOS (OEI) Y MINCIENCIAS Hasta el 30 de julio estar\u00e1 abierta la convocatoria para ser parte del programa estatal +Mujer +Ciencia +Equidad 23\/07\/2021 Con el objetivo de que m\u00e1s mujeres participen del programa estatal +Mujer +Ciencia +Equidad, la Organizaci\u00f3n de Estados Iberoamericanos (OEI) y Minciencias invitan a que estudiantes universitarias [&hellip;]<\/p>\n","protected":false},"author":2,"featured_media":63900,"comment_status":"closed","ping_status":"open","sticky":false,"template":"","format":"standard","meta":{"footnotes":""},"categories":[48,53,620],"tags":[4543,6835,6836],"class_list":["post-63899","post","type-post","status-publish","format-standard","has-post-thumbnail","hentry","category-actualidad","category-universidad-al-dia","category-ucaldas-transparente","tag-minciencias","tag-mas-mujer-mas-ciencia-mas-equidad","tag-organizacion-de-estados-iberoamericanos"],"yoast_head":"<!-- This site is optimized with the Yoast SEO plugin v27.5 - https:\/\/yoast.com\/product\/yoast-seo-wordpress\/ -->\n<title>Hasta el 30 de julio estar\u00e1 abierta la convocatoria para ser parte del programa estatal +Mujer +Ciencia +Equidad .<\/title>\n<meta name=\"robots\" content=\"index, follow, max-snippet:-1, max-image-preview:large, max-video-preview:-1\" \/>\n<link rel=\"canonical\" href=\"https:\/\/www.ucaldas.edu.co\/portal\/hasta-el-30-de-julio-estara-abierta-la-convocatoria-para-ser-parte-del-programa-estatal-mujer-ciencia-equidad\/\" \/>\n<script type=\"application\/ld+json\" class=\"yoast-schema-graph\">{\"@context\":\"https:\\\/\\\/schema.org\",\"@graph\":[{\"@type\":\"Article\",\"@id\":\"https:\\\/\\\/www.ucaldas.edu.co\\\/portal\\\/hasta-el-30-de-julio-estara-abierta-la-convocatoria-para-ser-parte-del-programa-estatal-mujer-ciencia-equidad\\\/#article\",\"isPartOf\":{\"@id\":\"https:\\\/\\\/www.ucaldas.edu.co\\\/portal\\\/hasta-el-30-de-julio-estara-abierta-la-convocatoria-para-ser-parte-del-programa-estatal-mujer-ciencia-equidad\\\/\"},\"author\":{\"name\":\"ofiprensa\",\"@id\":\"https:\\\/\\\/www.ucaldas.edu.co\\\/portal\\\/#\\\/schema\\\/person\\\/a1b482e23449158b4bc319926c074fdf\"},\"headline\":\"Hasta el 30 de julio estar\u00e1 abierta la convocatoria para ser parte del programa estatal +Mujer +Ciencia +Equidad\",\"datePublished\":\"2021-07-23T23:38:39+00:00\",\"mainEntityOfPage\":{\"@id\":\"https:\\\/\\\/www.ucaldas.edu.co\\\/portal\\\/hasta-el-30-de-julio-estara-abierta-la-convocatoria-para-ser-parte-del-programa-estatal-mujer-ciencia-equidad\\\/\"},\"wordCount\":315,\"publisher\":{\"@id\":\"https:\\\/\\\/www.ucaldas.edu.co\\\/portal\\\/#organization\"},\"image\":{\"@id\":\"https:\\\/\\\/www.ucaldas.edu.co\\\/portal\\\/hasta-el-30-de-julio-estara-abierta-la-convocatoria-para-ser-parte-del-programa-estatal-mujer-ciencia-equidad\\\/#primaryimage\"},\"thumbnailUrl\":\"https:\\\/\\\/www.ucaldas.edu.co\\\/portal\\\/wp-content\\\/uploads\\\/2021\\\/07\\\/programa-mas-mujer.jpg\",\"keywords\":[\"Minciencias\",\"m\u00e1s mujer m\u00e1s ciencia m\u00e1s equidad\",\"organizaci\u00f3n de estados iberoamericanos\"],\"articleSection\":[\"Actualidad\",\"Universidad al D\u00eda\",\"UCaldas Transparente\"],\"inLanguage\":\"es\"},{\"@type\":\"WebPage\",\"@id\":\"https:\\\/\\\/www.ucaldas.edu.co\\\/portal\\\/hasta-el-30-de-julio-estara-abierta-la-convocatoria-para-ser-parte-del-programa-estatal-mujer-ciencia-equidad\\\/\",\"url\":\"https:\\\/\\\/www.ucaldas.edu.co\\\/portal\\\/hasta-el-30-de-julio-estara-abierta-la-convocatoria-para-ser-parte-del-programa-estatal-mujer-ciencia-equidad\\\/\",\"name\":\"Hasta el 30 de julio estar\u00e1 abierta la convocatoria para ser parte del programa estatal +Mujer +Ciencia +Equidad .\",\"isPartOf\":{\"@id\":\"https:\\\/\\\/www.ucaldas.edu.co\\\/portal\\\/#website\"},\"primaryImageOfPage\":{\"@id\":\"https:\\\/\\\/www.ucaldas.edu.co\\\/portal\\\/hasta-el-30-de-julio-estara-abierta-la-convocatoria-para-ser-parte-del-programa-estatal-mujer-ciencia-equidad\\\/#primaryimage\"},\"image\":{\"@id\":\"https:\\\/\\\/www.ucaldas.edu.co\\\/portal\\\/hasta-el-30-de-julio-estara-abierta-la-convocatoria-para-ser-parte-del-programa-estatal-mujer-ciencia-equidad\\\/#primaryimage\"},\"thumbnailUrl\":\"https:\\\/\\\/www.ucaldas.edu.co\\\/portal\\\/wp-content\\\/uploads\\\/2021\\\/07\\\/programa-mas-mujer.jpg\",\"datePublished\":\"2021-07-23T23:38:39+00:00\",\"breadcrumb\":{\"@id\":\"https:\\\/\\\/www.ucaldas.edu.co\\\/portal\\\/hasta-el-30-de-julio-estara-abierta-la-convocatoria-para-ser-parte-del-programa-estatal-mujer-ciencia-equidad\\\/#breadcrumb\"},\"inLanguage\":\"es\",\"potentialAction\":[{\"@type\":\"ReadAction\",\"target\":[\"https:\\\/\\\/www.ucaldas.edu.co\\\/portal\\\/hasta-el-30-de-julio-estara-abierta-la-convocatoria-para-ser-parte-del-programa-estatal-mujer-ciencia-equidad\\\/\"]}]},{\"@type\":\"ImageObject\",\"inLanguage\":\"es\",\"@id\":\"https:\\\/\\\/www.ucaldas.edu.co\\\/portal\\\/hasta-el-30-de-julio-estara-abierta-la-convocatoria-para-ser-parte-del-programa-estatal-mujer-ciencia-equidad\\\/#primaryimage\",\"url\":\"https:\\\/\\\/www.ucaldas.edu.co\\\/portal\\\/wp-content\\\/uploads\\\/2021\\\/07\\\/programa-mas-mujer.jpg\",\"contentUrl\":\"https:\\\/\\\/www.ucaldas.edu.co\\\/portal\\\/wp-content\\\/uploads\\\/2021\\\/07\\\/programa-mas-mujer.jpg\",\"width\":700,\"height\":400},{\"@type\":\"BreadcrumbList\",\"@id\":\"https:\\\/\\\/www.ucaldas.edu.co\\\/portal\\\/hasta-el-30-de-julio-estara-abierta-la-convocatoria-para-ser-parte-del-programa-estatal-mujer-ciencia-equidad\\\/#breadcrumb\",\"itemListElement\":[{\"@type\":\"ListItem\",\"position\":1,\"name\":\"Portada\",\"item\":\"https:\\\/\\\/www.ucaldas.edu.co\\\/portal\\\/\"},{\"@type\":\"ListItem\",\"position\":2,\"name\":\"Hasta el 30 de julio estar\u00e1 abierta la convocatoria para ser parte del programa estatal +Mujer +Ciencia +Equidad\"}]},{\"@type\":\"WebSite\",\"@id\":\"https:\\\/\\\/www.ucaldas.edu.co\\\/portal\\\/#website\",\"url\":\"https:\\\/\\\/www.ucaldas.edu.co\\\/portal\\\/\",\"name\":\"Universidad de Caldas\",\"description\":\"\",\"publisher\":{\"@id\":\"https:\\\/\\\/www.ucaldas.edu.co\\\/portal\\\/#organization\"},\"alternateName\":\"U. de Caldas\",\"potentialAction\":[{\"@type\":\"SearchAction\",\"target\":{\"@type\":\"EntryPoint\",\"urlTemplate\":\"https:\\\/\\\/www.ucaldas.edu.co\\\/portal\\\/?s={search_term_string}\"},\"query-input\":{\"@type\":\"PropertyValueSpecification\",\"valueRequired\":true,\"valueName\":\"search_term_string\"}}],\"inLanguage\":\"es\"},{\"@type\":\"Organization\",\"@id\":\"https:\\\/\\\/www.ucaldas.edu.co\\\/portal\\\/#organization\",\"name\":\"Universidad de Caldas\",\"alternateName\":\"U. de Caldas\",\"url\":\"https:\\\/\\\/www.ucaldas.edu.co\\\/portal\\\/\",\"logo\":{\"@type\":\"ImageObject\",\"inLanguage\":\"es\",\"@id\":\"https:\\\/\\\/www.ucaldas.edu.co\\\/portal\\\/#\\\/schema\\\/logo\\\/image\\\/\",\"url\":\"https:\\\/\\\/www.ucaldas.edu.co\\\/portal\\\/wp-content\\\/uploads\\\/2023\\\/11\\\/Logo_horizontal_oscuroU-2023.png\",\"contentUrl\":\"https:\\\/\\\/www.ucaldas.edu.co\\\/portal\\\/wp-content\\\/uploads\\\/2023\\\/11\\\/Logo_horizontal_oscuroU-2023.png\",\"width\":263,\"height\":101,\"caption\":\"Universidad de Caldas\"},\"image\":{\"@id\":\"https:\\\/\\\/www.ucaldas.edu.co\\\/portal\\\/#\\\/schema\\\/logo\\\/image\\\/\"},\"sameAs\":[\"https:\\\/\\\/www.facebook.com\\\/udecaldas\",\"https:\\\/\\\/x.com\\\/udecaldas\",\"https:\\\/\\\/www.youtube.com\\\/universidadcaldas\",\"https:\\\/\\\/www.instagram.com\\\/udecaldas\\\/\"]},{\"@type\":\"Person\",\"@id\":\"https:\\\/\\\/www.ucaldas.edu.co\\\/portal\\\/#\\\/schema\\\/person\\\/a1b482e23449158b4bc319926c074fdf\",\"name\":\"ofiprensa\",\"image\":{\"@type\":\"ImageObject\",\"inLanguage\":\"es\",\"@id\":\"https:\\\/\\\/www.ucaldas.edu.co\\\/portal\\\/wp-content\\\/litespeed\\\/avatar\\\/09ea5085e600095a7a811142c6944527.jpg?ver=1777497608\",\"url\":\"https:\\\/\\\/www.ucaldas.edu.co\\\/portal\\\/wp-content\\\/litespeed\\\/avatar\\\/09ea5085e600095a7a811142c6944527.jpg?ver=1777497608\",\"contentUrl\":\"https:\\\/\\\/www.ucaldas.edu.co\\\/portal\\\/wp-content\\\/litespeed\\\/avatar\\\/09ea5085e600095a7a811142c6944527.jpg?ver=1777497608\",\"caption\":\"ofiprensa\"},\"url\":\"https:\\\/\\\/www.ucaldas.edu.co\\\/portal\\\/author\\\/ofiprensa\\\/\"}]}<\/script>\n<!-- \/ Yoast SEO plugin. -->","yoast_head_json":{"title":"Hasta el 30 de julio estar\u00e1 abierta la convocatoria para ser parte del programa estatal +Mujer +Ciencia +Equidad .","robots":{"index":"index","follow":"follow","max-snippet":"max-snippet:-1","max-image-preview":"max-image-preview:large","max-video-preview":"max-video-preview:-1"},"canonical":"https:\/\/www.ucaldas.edu.co\/portal\/hasta-el-30-de-julio-estara-abierta-la-convocatoria-para-ser-parte-del-programa-estatal-mujer-ciencia-equidad\/","schema":{"@context":"https:\/\/schema.org","@graph":[{"@type":"Article","@id":"https:\/\/www.ucaldas.edu.co\/portal\/hasta-el-30-de-julio-estara-abierta-la-convocatoria-para-ser-parte-del-programa-estatal-mujer-ciencia-equidad\/#article","isPartOf":{"@id":"https:\/\/www.ucaldas.edu.co\/portal\/hasta-el-30-de-julio-estara-abierta-la-convocatoria-para-ser-parte-del-programa-estatal-mujer-ciencia-equidad\/"},"author":{"name":"ofiprensa","@id":"https:\/\/www.ucaldas.edu.co\/portal\/#\/schema\/person\/a1b482e23449158b4bc319926c074fdf"},"headline":"Hasta el 30 de julio estar\u00e1 abierta la convocatoria para ser parte del programa estatal +Mujer +Ciencia +Equidad","datePublished":"2021-07-23T23:38:39+00:00","mainEntityOfPage":{"@id":"https:\/\/www.ucaldas.edu.co\/portal\/hasta-el-30-de-julio-estara-abierta-la-convocatoria-para-ser-parte-del-programa-estatal-mujer-ciencia-equidad\/"},"wordCount":315,"publisher":{"@id":"https:\/\/www.ucaldas.edu.co\/portal\/#organization"},"image":{"@id":"https:\/\/www.ucaldas.edu.co\/portal\/hasta-el-30-de-julio-estara-abierta-la-convocatoria-para-ser-parte-del-programa-estatal-mujer-ciencia-equidad\/#primaryimage"},"thumbnailUrl":"https:\/\/www.ucaldas.edu.co\/portal\/wp-content\/uploads\/2021\/07\/programa-mas-mujer.jpg","keywords":["Minciencias","m\u00e1s mujer m\u00e1s ciencia m\u00e1s equidad","organizaci\u00f3n de estados iberoamericanos"],"articleSection":["Actualidad","Universidad al D\u00eda","UCaldas Transparente"],"inLanguage":"es"},{"@type":"WebPage","@id":"https:\/\/www.ucaldas.edu.co\/portal\/hasta-el-30-de-julio-estara-abierta-la-convocatoria-para-ser-parte-del-programa-estatal-mujer-ciencia-equidad\/","url":"https:\/\/www.ucaldas.edu.co\/portal\/hasta-el-30-de-julio-estara-abierta-la-convocatoria-para-ser-parte-del-programa-estatal-mujer-ciencia-equidad\/","name":"Hasta el 30 de julio estar\u00e1 abierta la convocatoria para ser parte del programa estatal +Mujer +Ciencia +Equidad .","isPartOf":{"@id":"https:\/\/www.ucaldas.edu.co\/portal\/#website"},"primaryImageOfPage":{"@id":"https:\/\/www.ucaldas.edu.co\/portal\/hasta-el-30-de-julio-estara-abierta-la-convocatoria-para-ser-parte-del-programa-estatal-mujer-ciencia-equidad\/#primaryimage"},"image":{"@id":"https:\/\/www.ucaldas.edu.co\/portal\/hasta-el-30-de-julio-estara-abierta-la-convocatoria-para-ser-parte-del-programa-estatal-mujer-ciencia-equidad\/#primaryimage"},"thumbnailUrl":"https:\/\/www.ucaldas.edu.co\/portal\/wp-content\/uploads\/2021\/07\/programa-mas-mujer.jpg","datePublished":"2021-07-23T23:38:39+00:00","breadcrumb":{"@id":"https:\/\/www.ucaldas.edu.co\/portal\/hasta-el-30-de-julio-estara-abierta-la-convocatoria-para-ser-parte-del-programa-estatal-mujer-ciencia-equidad\/#breadcrumb"},"inLanguage":"es","potentialAction":[{"@type":"ReadAction","target":["https:\/\/www.ucaldas.edu.co\/portal\/hasta-el-30-de-julio-estara-abierta-la-convocatoria-para-ser-parte-del-programa-estatal-mujer-ciencia-equidad\/"]}]},{"@type":"ImageObject","inLanguage":"es","@id":"https:\/\/www.ucaldas.edu.co\/portal\/hasta-el-30-de-julio-estara-abierta-la-convocatoria-para-ser-parte-del-programa-estatal-mujer-ciencia-equidad\/#primaryimage","url":"https:\/\/www.ucaldas.edu.co\/portal\/wp-content\/uploads\/2021\/07\/programa-mas-mujer.jpg","contentUrl":"https:\/\/www.ucaldas.edu.co\/portal\/wp-content\/uploads\/2021\/07\/programa-mas-mujer.jpg","width":700,"height":400},{"@type":"BreadcrumbList","@id":"https:\/\/www.ucaldas.edu.co\/portal\/hasta-el-30-de-julio-estara-abierta-la-convocatoria-para-ser-parte-del-programa-estatal-mujer-ciencia-equidad\/#breadcrumb","itemListElement":[{"@type":"ListItem","position":1,"name":"Portada","item":"https:\/\/www.ucaldas.edu.co\/portal\/"},{"@type":"ListItem","position":2,"name":"Hasta el 30 de julio estar\u00e1 abierta la convocatoria para ser parte del programa estatal +Mujer +Ciencia +Equidad"}]},{"@type":"WebSite","@id":"https:\/\/www.ucaldas.edu.co\/portal\/#website","url":"https:\/\/www.ucaldas.edu.co\/portal\/","name":"Universidad de Caldas","description":"","publisher":{"@id":"https:\/\/www.ucaldas.edu.co\/portal\/#organization"},"alternateName":"U. de Caldas","potentialAction":[{"@type":"SearchAction","target":{"@type":"EntryPoint","urlTemplate":"https:\/\/www.ucaldas.edu.co\/portal\/?s={search_term_string}"},"query-input":{"@type":"PropertyValueSpecification","valueRequired":true,"valueName":"search_term_string"}}],"inLanguage":"es"},{"@type":"Organization","@id":"https:\/\/www.ucaldas.edu.co\/portal\/#organization","name":"Universidad de Caldas","alternateName":"U. de Caldas","url":"https:\/\/www.ucaldas.edu.co\/portal\/","logo":{"@type":"ImageObject","inLanguage":"es","@id":"https:\/\/www.ucaldas.edu.co\/portal\/#\/schema\/logo\/image\/","url":"https:\/\/www.ucaldas.edu.co\/portal\/wp-content\/uploads\/2023\/11\/Logo_horizontal_oscuroU-2023.png","contentUrl":"https:\/\/www.ucaldas.edu.co\/portal\/wp-content\/uploads\/2023\/11\/Logo_horizontal_oscuroU-2023.png","width":263,"height":101,"caption":"Universidad de Caldas"},"image":{"@id":"https:\/\/www.ucaldas.edu.co\/portal\/#\/schema\/logo\/image\/"},"sameAs":["https:\/\/www.facebook.com\/udecaldas","https:\/\/x.com\/udecaldas","https:\/\/www.youtube.com\/universidadcaldas","https:\/\/www.instagram.com\/udecaldas\/"]},{"@type":"Person","@id":"https:\/\/www.ucaldas.edu.co\/portal\/#\/schema\/person\/a1b482e23449158b4bc319926c074fdf","name":"ofiprensa","image":{"@type":"ImageObject","inLanguage":"es","@id":"https:\/\/www.ucaldas.edu.co\/portal\/wp-content\/litespeed\/avatar\/09ea5085e600095a7a811142c6944527.jpg?ver=1777497608","url":"https:\/\/www.ucaldas.edu.co\/portal\/wp-content\/litespeed\/avatar\/09ea5085e600095a7a811142c6944527.jpg?ver=1777497608","contentUrl":"https:\/\/www.ucaldas.edu.co\/portal\/wp-content\/litespeed\/avatar\/09ea5085e600095a7a811142c6944527.jpg?ver=1777497608","caption":"ofiprensa"},"url":"https:\/\/www.ucaldas.edu.co\/portal\/author\/ofiprensa\/"}]}},"_links":{"self":[{"href":"https:\/\/www.ucaldas.edu.co\/portal\/wp-json\/wp\/v2\/posts\/63899","targetHints":{"allow":["GET"]}}],"collection":[{"href":"https:\/\/www.ucaldas.edu.co\/portal\/wp-json\/wp\/v2\/posts"}],"about":[{"href":"https:\/\/www.ucaldas.edu.co\/portal\/wp-json\/wp\/v2\/types\/post"}],"author":[{"embeddable":true,"href":"https:\/\/www.ucaldas.edu.co\/portal\/wp-json\/wp\/v2\/users\/2"}],"replies":[{"embeddable":true,"href":"https:\/\/www.ucaldas.edu.co\/portal\/wp-json\/wp\/v2\/comments?post=63899"}],"version-history":[{"count":0,"href":"https:\/\/www.ucaldas.edu.co\/portal\/wp-json\/wp\/v2\/posts\/63899\/revisions"}],"wp:featuredmedia":[{"embeddable":true,"href":"https:\/\/www.ucaldas.edu.co\/portal\/wp-json\/wp\/v2\/media\/63900"}],"wp:attachment":[{"href":"https:\/\/www.ucaldas.edu.co\/portal\/wp-json\/wp\/v2\/media?parent=63899"}],"wp:term":[{"taxonomy":"category","embeddable":true,"href":"https:\/\/www.ucaldas.edu.co\/portal\/wp-json\/wp\/v2\/categories?post=63899"},{"taxonomy":"post_tag","embeddable":true,"href":"https:\/\/www.ucaldas.edu.co\/portal\/wp-json\/wp\/v2\/tags?post=63899"}],"curies":[{"name":"wp","href":"https:\/\/api.w.org\/{rel}","templated":true}]}}