{"id":63766,"date":"2021-07-14T23:14:23","date_gmt":"2021-07-14T23:14:23","guid":{"rendered":"https:\/\/www.ucaldas.edu.co\/portal\/?p=63766"},"modified":"2021-07-14T23:14:23","modified_gmt":"2021-07-14T23:14:23","slug":"presentacion-de-resultados-de-la-convocatoria-de-becas-para-proyectos-de-investigacion-de-maestrias","status":"publish","type":"post","link":"https:\/\/www.ucaldas.edu.co\/portal\/presentacion-de-resultados-de-la-convocatoria-de-becas-para-proyectos-de-investigacion-de-maestrias\/","title":{"rendered":"Presentaci\u00f3n de resultados de la convocatoria de becas para proyectos de investigaci\u00f3n de maestr\u00edas"},"content":{"rendered":"<p style=\"text-align: center;\">EL EVENTO SE REALIZAR\u00c1 ESTE JUEVES EN EL \u00abPARQUE DE LA GOTERA\u00bb<br \/>\n<strong>Presentaci\u00f3n de resultados de la convocatoria de<br \/>\nbecas para proyectos de investigaci\u00f3n de maestr\u00edas<\/strong><\/p>\n<p style=\"text-align: right;\">14\/07\/2021<\/p>\n<p><img loading=\"lazy\" decoding=\"async\" class=\"size-full wp-image-63767 aligncenter\" src=\"https:\/\/www.ucaldas.edu.co\/portal\/wp-content\/uploads\/2021\/07\/WhatsApp-Image-2021-07-14-at-3.58.21-PM.jpeg\" alt=\"\" width=\"700\" height=\"400\" srcset=\"https:\/\/www.ucaldas.edu.co\/portal\/wp-content\/uploads\/2021\/07\/WhatsApp-Image-2021-07-14-at-3.58.21-PM.jpeg 700w, https:\/\/www.ucaldas.edu.co\/portal\/wp-content\/uploads\/2021\/07\/WhatsApp-Image-2021-07-14-at-3.58.21-PM-300x171.jpeg 300w\" sizes=\"auto, (max-width: 700px) 100vw, 700px\" \/><\/p>\n<p>En un evento especial que se llevar\u00e1 a cabo en el \u201cParque de la Gotera\u201d la Alcald\u00eda de Manizales presentar\u00e1 los resultados de la convocatoria de becas \u00a0para estudiantes que realizan investigaciones aplicadas a la soluci\u00f3n de las necesidades de desarrollo sostenible para los manizale\u00f1os y la utilizaci\u00f3n de sus resultados en la gesti\u00f3n p\u00fablica local.<\/p>\n<p><!--more--><\/p>\n<p>Esta iniciativa que se adelanta con el apoyo del \u00a0\u00a0Sistema Universitario de Manizales (SUMA ) y Manizales Campus Universitario otorgar\u00e1 a 41 proyectos presentados, \u00a0fondos de becas de investigaci\u00f3n para estudiantes de maestr\u00eda que con sus tesis de grado busquen hacer trabajos que aporten en el desarrollo sostenible de la ciudad.<\/p>\n<p>Los proyectos inscritos fueron de estudiantes de universidades como la Cat\u00f3lica de Manizales con dos iniciativas, la Universidad de Manizales con cinco propuestas, la Universidad de Caldas con seis, la Universidad Aut\u00f3noma de Manizales con 9 propuestas y la Universidad Nacional con 19; las cuales suman 41 proyectos inscritos.<\/p>\n<p>El 24,39% de los proyectos presentados responden enfoques tem\u00e1ticos como Ecosistema de transformaci\u00f3n digital, el 17% a iniciativas de m\u00e1s empresas verdes y el 14% para proyectos que responde a necesidades en Manizales biodiverciudad e innovaci\u00f3n p\u00fablica.<\/p>\n<p>&nbsp;<\/p>\n<p><strong>Informes: <\/strong>Oficina de Comunicaciones y Prensa Universidad de Caldas.<\/p>\n<p><strong>Redacci\u00f3n:<\/strong> Adriana Salazar Villegas<\/p>\n<p>&nbsp;<\/p>\n","protected":false},"excerpt":{"rendered":"<p>EL EVENTO SE REALIZAR\u00c1 ESTE JUEVES EN EL \u00abPARQUE DE LA GOTERA\u00bb Presentaci\u00f3n de resultados de la convocatoria de becas para proyectos de investigaci\u00f3n de maestr\u00edas 14\/07\/2021 En un evento especial que se llevar\u00e1 a cabo en el \u201cParque de la Gotera\u201d la Alcald\u00eda de Manizales presentar\u00e1 los resultados de la convocatoria de becas \u00a0para [&hellip;]<\/p>\n","protected":false},"author":2,"featured_media":63767,"comment_status":"closed","ping_status":"open","sticky":false,"template":"","format":"standard","meta":{"footnotes":"","_members_access_role":[],"_members_access_error":""},"categories":[48,53,62],"tags":[133,534,628,763,3706,3877],"class_list":["post-63766","post","type-post","status-publish","format-standard","has-post-thumbnail","hentry","category-actualidad","category-universidad-al-dia","category-eventos","tag-presentacion","tag-becas","tag-alcaldia-de-manizales","tag-maestria","tag-suma","tag-ods"],"yoast_head":"<!-- This site is optimized with the Yoast SEO plugin v28.3 - https:\/\/yoast.com\/product\/yoast-seo-wordpress\/ -->\n<title>Presentaci\u00f3n de resultados de la convocatoria de becas para proyectos de investigaci\u00f3n de maestr\u00edas .<\/title>\n<meta name=\"robots\" content=\"index, follow, max-snippet:-1, max-image-preview:large, max-video-preview:-1\" \/>\n<link rel=\"canonical\" href=\"https:\/\/www.ucaldas.edu.co\/portal\/presentacion-de-resultados-de-la-convocatoria-de-becas-para-proyectos-de-investigacion-de-maestrias\/\" \/>\n<script type=\"application\/ld+json\" class=\"yoast-schema-graph\">{\"@context\":\"https:\\\/\\\/schema.org\",\"@graph\":[{\"@type\":\"Article\",\"@id\":\"https:\\\/\\\/www.ucaldas.edu.co\\\/portal\\\/presentacion-de-resultados-de-la-convocatoria-de-becas-para-proyectos-de-investigacion-de-maestrias\\\/#article\",\"isPartOf\":{\"@id\":\"https:\\\/\\\/www.ucaldas.edu.co\\\/portal\\\/presentacion-de-resultados-de-la-convocatoria-de-becas-para-proyectos-de-investigacion-de-maestrias\\\/\"},\"author\":{\"name\":\"ofiprensa\",\"@id\":\"https:\\\/\\\/www.ucaldas.edu.co\\\/portal\\\/#\\\/schema\\\/person\\\/a1b482e23449158b4bc319926c074fdf\"},\"headline\":\"Presentaci\u00f3n de resultados de la convocatoria de becas para proyectos de investigaci\u00f3n de maestr\u00edas\",\"datePublished\":\"2021-07-14T23:14:23+00:00\",\"mainEntityOfPage\":{\"@id\":\"https:\\\/\\\/www.ucaldas.edu.co\\\/portal\\\/presentacion-de-resultados-de-la-convocatoria-de-becas-para-proyectos-de-investigacion-de-maestrias\\\/\"},\"wordCount\":262,\"publisher\":{\"@id\":\"https:\\\/\\\/www.ucaldas.edu.co\\\/portal\\\/#organization\"},\"image\":{\"@id\":\"https:\\\/\\\/www.ucaldas.edu.co\\\/portal\\\/presentacion-de-resultados-de-la-convocatoria-de-becas-para-proyectos-de-investigacion-de-maestrias\\\/#primaryimage\"},\"thumbnailUrl\":\"https:\\\/\\\/www.ucaldas.edu.co\\\/portal\\\/wp-content\\\/uploads\\\/2021\\\/07\\\/WhatsApp-Image-2021-07-14-at-3.58.21-PM.jpeg\",\"keywords\":[\"Presentaci\u00f3n\",\"Becas\",\"Alcald\u00eda de Manizales\",\"maestr\u00eda\",\"suma\",\"ODS\"],\"articleSection\":[\"Actualidad\",\"Universidad al D\u00eda\",\"Eventos\"],\"inLanguage\":\"es\"},{\"@type\":\"WebPage\",\"@id\":\"https:\\\/\\\/www.ucaldas.edu.co\\\/portal\\\/presentacion-de-resultados-de-la-convocatoria-de-becas-para-proyectos-de-investigacion-de-maestrias\\\/\",\"url\":\"https:\\\/\\\/www.ucaldas.edu.co\\\/portal\\\/presentacion-de-resultados-de-la-convocatoria-de-becas-para-proyectos-de-investigacion-de-maestrias\\\/\",\"name\":\"Presentaci\u00f3n de resultados de la convocatoria de becas para proyectos de investigaci\u00f3n de maestr\u00edas .\",\"isPartOf\":{\"@id\":\"https:\\\/\\\/www.ucaldas.edu.co\\\/portal\\\/#website\"},\"primaryImageOfPage\":{\"@id\":\"https:\\\/\\\/www.ucaldas.edu.co\\\/portal\\\/presentacion-de-resultados-de-la-convocatoria-de-becas-para-proyectos-de-investigacion-de-maestrias\\\/#primaryimage\"},\"image\":{\"@id\":\"https:\\\/\\\/www.ucaldas.edu.co\\\/portal\\\/presentacion-de-resultados-de-la-convocatoria-de-becas-para-proyectos-de-investigacion-de-maestrias\\\/#primaryimage\"},\"thumbnailUrl\":\"https:\\\/\\\/www.ucaldas.edu.co\\\/portal\\\/wp-content\\\/uploads\\\/2021\\\/07\\\/WhatsApp-Image-2021-07-14-at-3.58.21-PM.jpeg\",\"datePublished\":\"2021-07-14T23:14:23+00:00\",\"breadcrumb\":{\"@id\":\"https:\\\/\\\/www.ucaldas.edu.co\\\/portal\\\/presentacion-de-resultados-de-la-convocatoria-de-becas-para-proyectos-de-investigacion-de-maestrias\\\/#breadcrumb\"},\"inLanguage\":\"es\",\"potentialAction\":[{\"@type\":\"ReadAction\",\"target\":[\"https:\\\/\\\/www.ucaldas.edu.co\\\/portal\\\/presentacion-de-resultados-de-la-convocatoria-de-becas-para-proyectos-de-investigacion-de-maestrias\\\/\"]}]},{\"@type\":\"ImageObject\",\"inLanguage\":\"es\",\"@id\":\"https:\\\/\\\/www.ucaldas.edu.co\\\/portal\\\/presentacion-de-resultados-de-la-convocatoria-de-becas-para-proyectos-de-investigacion-de-maestrias\\\/#primaryimage\",\"url\":\"https:\\\/\\\/www.ucaldas.edu.co\\\/portal\\\/wp-content\\\/uploads\\\/2021\\\/07\\\/WhatsApp-Image-2021-07-14-at-3.58.21-PM.jpeg\",\"contentUrl\":\"https:\\\/\\\/www.ucaldas.edu.co\\\/portal\\\/wp-content\\\/uploads\\\/2021\\\/07\\\/WhatsApp-Image-2021-07-14-at-3.58.21-PM.jpeg\",\"width\":700,\"height\":400},{\"@type\":\"BreadcrumbList\",\"@id\":\"https:\\\/\\\/www.ucaldas.edu.co\\\/portal\\\/presentacion-de-resultados-de-la-convocatoria-de-becas-para-proyectos-de-investigacion-de-maestrias\\\/#breadcrumb\",\"itemListElement\":[{\"@type\":\"ListItem\",\"position\":1,\"name\":\"Portada\",\"item\":\"https:\\\/\\\/www.ucaldas.edu.co\\\/portal\\\/\"},{\"@type\":\"ListItem\",\"position\":2,\"name\":\"Presentaci\u00f3n de resultados de la convocatoria de becas para proyectos de investigaci\u00f3n de maestr\u00edas\"}]},{\"@type\":\"WebSite\",\"@id\":\"https:\\\/\\\/www.ucaldas.edu.co\\\/portal\\\/#website\",\"url\":\"https:\\\/\\\/www.ucaldas.edu.co\\\/portal\\\/\",\"name\":\"Universidad de Caldas\",\"description\":\"\",\"publisher\":{\"@id\":\"https:\\\/\\\/www.ucaldas.edu.co\\\/portal\\\/#organization\"},\"alternateName\":\"U. de Caldas\",\"potentialAction\":[{\"@type\":\"SearchAction\",\"target\":{\"@type\":\"EntryPoint\",\"urlTemplate\":\"https:\\\/\\\/www.ucaldas.edu.co\\\/portal\\\/?s={search_term_string}\"},\"query-input\":{\"@type\":\"PropertyValueSpecification\",\"valueRequired\":true,\"valueName\":\"search_term_string\"}}],\"inLanguage\":\"es\"},{\"@type\":\"Organization\",\"@id\":\"https:\\\/\\\/www.ucaldas.edu.co\\\/portal\\\/#organization\",\"name\":\"Universidad de Caldas\",\"alternateName\":\"U. de Caldas\",\"url\":\"https:\\\/\\\/www.ucaldas.edu.co\\\/portal\\\/\",\"logo\":{\"@type\":\"ImageObject\",\"inLanguage\":\"es\",\"@id\":\"https:\\\/\\\/www.ucaldas.edu.co\\\/portal\\\/#\\\/schema\\\/logo\\\/image\\\/\",\"url\":\"https:\\\/\\\/www.ucaldas.edu.co\\\/portal\\\/wp-content\\\/uploads\\\/2023\\\/11\\\/Logo_horizontal_oscuroU-2023.png\",\"contentUrl\":\"https:\\\/\\\/www.ucaldas.edu.co\\\/portal\\\/wp-content\\\/uploads\\\/2023\\\/11\\\/Logo_horizontal_oscuroU-2023.png\",\"width\":263,\"height\":101,\"caption\":\"Universidad de Caldas\"},\"image\":{\"@id\":\"https:\\\/\\\/www.ucaldas.edu.co\\\/portal\\\/#\\\/schema\\\/logo\\\/image\\\/\"},\"sameAs\":[\"https:\\\/\\\/www.facebook.com\\\/udecaldas\",\"https:\\\/\\\/x.com\\\/udecaldas\",\"https:\\\/\\\/www.youtube.com\\\/universidadcaldas\",\"https:\\\/\\\/www.instagram.com\\\/udecaldas\\\/\"]},{\"@type\":\"Person\",\"@id\":\"https:\\\/\\\/www.ucaldas.edu.co\\\/portal\\\/#\\\/schema\\\/person\\\/a1b482e23449158b4bc319926c074fdf\",\"name\":\"ofiprensa\",\"image\":{\"@type\":\"ImageObject\",\"inLanguage\":\"es\",\"@id\":\"https:\\\/\\\/www.ucaldas.edu.co\\\/portal\\\/wp-content\\\/litespeed\\\/avatar\\\/09ea5085e600095a7a811142c6944527.jpg?ver=1787779368\",\"url\":\"https:\\\/\\\/www.ucaldas.edu.co\\\/portal\\\/wp-content\\\/litespeed\\\/avatar\\\/09ea5085e600095a7a811142c6944527.jpg?ver=1787779368\",\"contentUrl\":\"https:\\\/\\\/www.ucaldas.edu.co\\\/portal\\\/wp-content\\\/litespeed\\\/avatar\\\/09ea5085e600095a7a811142c6944527.jpg?ver=1787779368\",\"caption\":\"ofiprensa\"},\"url\":\"https:\\\/\\\/www.ucaldas.edu.co\\\/portal\\\/author\\\/ofiprensa\\\/\"}]}<\/script>\n<!-- \/ Yoast SEO plugin. -->","yoast_head_json":{"title":"Presentaci\u00f3n de resultados de la convocatoria de becas para proyectos de investigaci\u00f3n de maestr\u00edas .","robots":{"index":"index","follow":"follow","max-snippet":"max-snippet:-1","max-image-preview":"max-image-preview:large","max-video-preview":"max-video-preview:-1"},"canonical":"https:\/\/www.ucaldas.edu.co\/portal\/presentacion-de-resultados-de-la-convocatoria-de-becas-para-proyectos-de-investigacion-de-maestrias\/","schema":{"@context":"https:\/\/schema.org","@graph":[{"@type":"Article","@id":"https:\/\/www.ucaldas.edu.co\/portal\/presentacion-de-resultados-de-la-convocatoria-de-becas-para-proyectos-de-investigacion-de-maestrias\/#article","isPartOf":{"@id":"https:\/\/www.ucaldas.edu.co\/portal\/presentacion-de-resultados-de-la-convocatoria-de-becas-para-proyectos-de-investigacion-de-maestrias\/"},"author":{"name":"ofiprensa","@id":"https:\/\/www.ucaldas.edu.co\/portal\/#\/schema\/person\/a1b482e23449158b4bc319926c074fdf"},"headline":"Presentaci\u00f3n de resultados de la convocatoria de becas para proyectos de investigaci\u00f3n de maestr\u00edas","datePublished":"2021-07-14T23:14:23+00:00","mainEntityOfPage":{"@id":"https:\/\/www.ucaldas.edu.co\/portal\/presentacion-de-resultados-de-la-convocatoria-de-becas-para-proyectos-de-investigacion-de-maestrias\/"},"wordCount":262,"publisher":{"@id":"https:\/\/www.ucaldas.edu.co\/portal\/#organization"},"image":{"@id":"https:\/\/www.ucaldas.edu.co\/portal\/presentacion-de-resultados-de-la-convocatoria-de-becas-para-proyectos-de-investigacion-de-maestrias\/#primaryimage"},"thumbnailUrl":"https:\/\/www.ucaldas.edu.co\/portal\/wp-content\/uploads\/2021\/07\/WhatsApp-Image-2021-07-14-at-3.58.21-PM.jpeg","keywords":["Presentaci\u00f3n","Becas","Alcald\u00eda de Manizales","maestr\u00eda","suma","ODS"],"articleSection":["Actualidad","Universidad al D\u00eda","Eventos"],"inLanguage":"es"},{"@type":"WebPage","@id":"https:\/\/www.ucaldas.edu.co\/portal\/presentacion-de-resultados-de-la-convocatoria-de-becas-para-proyectos-de-investigacion-de-maestrias\/","url":"https:\/\/www.ucaldas.edu.co\/portal\/presentacion-de-resultados-de-la-convocatoria-de-becas-para-proyectos-de-investigacion-de-maestrias\/","name":"Presentaci\u00f3n de resultados de la convocatoria de becas para proyectos de investigaci\u00f3n de maestr\u00edas .","isPartOf":{"@id":"https:\/\/www.ucaldas.edu.co\/portal\/#website"},"primaryImageOfPage":{"@id":"https:\/\/www.ucaldas.edu.co\/portal\/presentacion-de-resultados-de-la-convocatoria-de-becas-para-proyectos-de-investigacion-de-maestrias\/#primaryimage"},"image":{"@id":"https:\/\/www.ucaldas.edu.co\/portal\/presentacion-de-resultados-de-la-convocatoria-de-becas-para-proyectos-de-investigacion-de-maestrias\/#primaryimage"},"thumbnailUrl":"https:\/\/www.ucaldas.edu.co\/portal\/wp-content\/uploads\/2021\/07\/WhatsApp-Image-2021-07-14-at-3.58.21-PM.jpeg","datePublished":"2021-07-14T23:14:23+00:00","breadcrumb":{"@id":"https:\/\/www.ucaldas.edu.co\/portal\/presentacion-de-resultados-de-la-convocatoria-de-becas-para-proyectos-de-investigacion-de-maestrias\/#breadcrumb"},"inLanguage":"es","potentialAction":[{"@type":"ReadAction","target":["https:\/\/www.ucaldas.edu.co\/portal\/presentacion-de-resultados-de-la-convocatoria-de-becas-para-proyectos-de-investigacion-de-maestrias\/"]}]},{"@type":"ImageObject","inLanguage":"es","@id":"https:\/\/www.ucaldas.edu.co\/portal\/presentacion-de-resultados-de-la-convocatoria-de-becas-para-proyectos-de-investigacion-de-maestrias\/#primaryimage","url":"https:\/\/www.ucaldas.edu.co\/portal\/wp-content\/uploads\/2021\/07\/WhatsApp-Image-2021-07-14-at-3.58.21-PM.jpeg","contentUrl":"https:\/\/www.ucaldas.edu.co\/portal\/wp-content\/uploads\/2021\/07\/WhatsApp-Image-2021-07-14-at-3.58.21-PM.jpeg","width":700,"height":400},{"@type":"BreadcrumbList","@id":"https:\/\/www.ucaldas.edu.co\/portal\/presentacion-de-resultados-de-la-convocatoria-de-becas-para-proyectos-de-investigacion-de-maestrias\/#breadcrumb","itemListElement":[{"@type":"ListItem","position":1,"name":"Portada","item":"https:\/\/www.ucaldas.edu.co\/portal\/"},{"@type":"ListItem","position":2,"name":"Presentaci\u00f3n de resultados de la convocatoria de becas para proyectos de investigaci\u00f3n de maestr\u00edas"}]},{"@type":"WebSite","@id":"https:\/\/www.ucaldas.edu.co\/portal\/#website","url":"https:\/\/www.ucaldas.edu.co\/portal\/","name":"Universidad de Caldas","description":"","publisher":{"@id":"https:\/\/www.ucaldas.edu.co\/portal\/#organization"},"alternateName":"U. de Caldas","potentialAction":[{"@type":"SearchAction","target":{"@type":"EntryPoint","urlTemplate":"https:\/\/www.ucaldas.edu.co\/portal\/?s={search_term_string}"},"query-input":{"@type":"PropertyValueSpecification","valueRequired":true,"valueName":"search_term_string"}}],"inLanguage":"es"},{"@type":"Organization","@id":"https:\/\/www.ucaldas.edu.co\/portal\/#organization","name":"Universidad de Caldas","alternateName":"U. de Caldas","url":"https:\/\/www.ucaldas.edu.co\/portal\/","logo":{"@type":"ImageObject","inLanguage":"es","@id":"https:\/\/www.ucaldas.edu.co\/portal\/#\/schema\/logo\/image\/","url":"https:\/\/www.ucaldas.edu.co\/portal\/wp-content\/uploads\/2023\/11\/Logo_horizontal_oscuroU-2023.png","contentUrl":"https:\/\/www.ucaldas.edu.co\/portal\/wp-content\/uploads\/2023\/11\/Logo_horizontal_oscuroU-2023.png","width":263,"height":101,"caption":"Universidad de Caldas"},"image":{"@id":"https:\/\/www.ucaldas.edu.co\/portal\/#\/schema\/logo\/image\/"},"sameAs":["https:\/\/www.facebook.com\/udecaldas","https:\/\/x.com\/udecaldas","https:\/\/www.youtube.com\/universidadcaldas","https:\/\/www.instagram.com\/udecaldas\/"]},{"@type":"Person","@id":"https:\/\/www.ucaldas.edu.co\/portal\/#\/schema\/person\/a1b482e23449158b4bc319926c074fdf","name":"ofiprensa","image":{"@type":"ImageObject","inLanguage":"es","@id":"https:\/\/www.ucaldas.edu.co\/portal\/wp-content\/litespeed\/avatar\/09ea5085e600095a7a811142c6944527.jpg?ver=1787779368","url":"https:\/\/www.ucaldas.edu.co\/portal\/wp-content\/litespeed\/avatar\/09ea5085e600095a7a811142c6944527.jpg?ver=1787779368","contentUrl":"https:\/\/www.ucaldas.edu.co\/portal\/wp-content\/litespeed\/avatar\/09ea5085e600095a7a811142c6944527.jpg?ver=1787779368","caption":"ofiprensa"},"url":"https:\/\/www.ucaldas.edu.co\/portal\/author\/ofiprensa\/"}]}},"_links":{"self":[{"href":"https:\/\/www.ucaldas.edu.co\/portal\/wp-json\/wp\/v2\/posts\/63766","targetHints":{"allow":["GET"]}}],"collection":[{"href":"https:\/\/www.ucaldas.edu.co\/portal\/wp-json\/wp\/v2\/posts"}],"about":[{"href":"https:\/\/www.ucaldas.edu.co\/portal\/wp-json\/wp\/v2\/types\/post"}],"author":[{"embeddable":true,"href":"https:\/\/www.ucaldas.edu.co\/portal\/wp-json\/wp\/v2\/users\/2"}],"replies":[{"embeddable":true,"href":"https:\/\/www.ucaldas.edu.co\/portal\/wp-json\/wp\/v2\/comments?post=63766"}],"version-history":[{"count":0,"href":"https:\/\/www.ucaldas.edu.co\/portal\/wp-json\/wp\/v2\/posts\/63766\/revisions"}],"wp:featuredmedia":[{"embeddable":true,"href":"https:\/\/www.ucaldas.edu.co\/portal\/wp-json\/wp\/v2\/media\/63767"}],"wp:attachment":[{"href":"https:\/\/www.ucaldas.edu.co\/portal\/wp-json\/wp\/v2\/media?parent=63766"}],"wp:term":[{"taxonomy":"category","embeddable":true,"href":"https:\/\/www.ucaldas.edu.co\/portal\/wp-json\/wp\/v2\/categories?post=63766"},{"taxonomy":"post_tag","embeddable":true,"href":"https:\/\/www.ucaldas.edu.co\/portal\/wp-json\/wp\/v2\/tags?post=63766"}],"curies":[{"name":"wp","href":"https:\/\/api.w.org\/{rel}","templated":true}]}}