{"id":6374,"date":"2014-05-19T14:53:01","date_gmt":"2014-05-19T19:53:01","guid":{"rendered":"https:\/\/www.ucaldas.edu.co\/portal\/?p=6374"},"modified":"2014-05-19T14:53:01","modified_gmt":"2014-05-19T19:53:01","slug":"estudiantes-u-de-caldas-fueron-ponentes-en-congreso-en-mexico","status":"publish","type":"post","link":"https:\/\/www.ucaldas.edu.co\/portal\/estudiantes-u-de-caldas-fueron-ponentes-en-congreso-en-mexico\/","title":{"rendered":"Estudiantes U. de Caldas fueron ponentes en congreso en M\u00e9xico"},"content":{"rendered":"<p align=\"center\"><span style=\"text-decoration: underline;\">EN EVENTO SOBRE HISTORIA Y PR\u00c1CTICA DE LAS DROGAS<br \/>\n<\/span><b>Estudiantes U. de Caldas fueron ponentes en congreso en M\u00e9xico<\/b><\/p>\n<p align=\"center\"><a href=\"https:\/\/www.ucaldas.edu.co\/portal\/wp-content\/uploads\/2014\/05\/10171639_688988554496346_7389085532855701960_n.jpg\"><img loading=\"lazy\" decoding=\"async\" class=\"aligncenter size-medium wp-image-6376\" alt=\"10171639_688988554496346_7389085532855701960_n\" src=\"https:\/\/www.ucaldas.edu.co\/portal\/wp-content\/uploads\/2014\/05\/10171639_688988554496346_7389085532855701960_n-300x237.jpg\" width=\"300\" height=\"237\" \/><\/a><\/p>\n<p align=\"right\">19\/5\/2014<\/p>\n<p align=\"right\">Redacci\u00f3n: Margarita Laverde<\/p>\n<p style=\"text-align: justify;\">\u00a0Gina Lizeth Beltr\u00e1n P\u00e9rez y Lady Dian Montoya Ocampo,\u00a0<b>estudiantes<\/b>\u00a0del\u00a0<b>Programa de Sociolog\u00eda<\/b>\u00a0de la\u00a0<b>Universidad de Caldas,<\/b><b>participaron como ponentes<\/b>\u00a0de la conferencia\u00a0<i>Usos, pr\u00e1cticas y territorios de la cannabis en el contexto universitario colombiano,\u00a0<\/i>en el\u00a0<b>IV Congreso historia y pr\u00e1ctica de las drogas<\/b>\u00a0<i>Presente, pasado y futuro. Plantas sagradas,\u00a0<\/i>que se llev\u00f3 a cabo el pasado 3 de abril del 2014\u00a0<b>en M\u00e9xico<\/b>.<!--more--><\/p>\n<p style=\"text-align: justify;\">\u00a0Las\u00a0<b>estudiantes hicieron parte de la mesa Antropolog\u00eda de las Plantas Sagradas Alternativas<\/b>. El evento se desarroll\u00f3 en la Escuela Nacional de Antropolog\u00eda e Historia (ENAH), en el pa\u00eds azteca.<\/p>\n<p style=\"text-align: justify;\">En el evento\u00a0<b>se<\/b>\u00a0<b>estudiaron los usos de las plantas sagradas<\/b>\u00a0que contienen sustancias psicoactivas, desde usos rituales y adivinatorios, hasta terap\u00e9uticos y recreativos.<\/p>\n<p style=\"text-align: justify;\"><a href=\"https:\/\/www.facebook.com\/media\/set\/?set=a.688987957829739.1073742766.107054166023124&amp;type=1&amp;l=2c5abf03e4\" target=\"_blank\">Conozca im\u00e1genes de las estudiantes de la U. de Caldas en M\u00e9xico<\/a><\/p>\n<p style=\"text-align: justify;\" align=\"left\"><b>Informes:<\/b>\u00a0en el tel\u00e9fono 886 27 20 extensi\u00f3n 21 154.<\/p>\n<p align=\"left\"><b>\u00a0<\/b><\/p>\n","protected":false},"excerpt":{"rendered":"<p>EN EVENTO SOBRE HISTORIA Y PR\u00c1CTICA DE LAS DROGAS Estudiantes U. de Caldas fueron ponentes en congreso en M\u00e9xico 19\/5\/2014 Redacci\u00f3n: Margarita Laverde \u00a0Gina Lizeth Beltr\u00e1n P\u00e9rez y Lady Dian Montoya Ocampo,\u00a0estudiantes\u00a0del\u00a0Programa de Sociolog\u00eda\u00a0de la\u00a0Universidad de Caldas,participaron como ponentes\u00a0de la conferencia\u00a0Usos, pr\u00e1cticas y territorios de la cannabis en el contexto universitario colombiano,\u00a0en el\u00a0IV Congreso historia [&hellip;]<\/p>\n","protected":false},"author":2,"featured_media":0,"comment_status":"closed","ping_status":"closed","sticky":false,"template":"","format":"standard","meta":{"footnotes":""},"categories":[48,53],"tags":[87,95,125,138,171,367,1865],"class_list":["post-6374","post","type-post","status-publish","format-standard","hentry","category-actualidad","category-universidad-al-dia","tag-estudiante","tag-universidad-de-caldas","tag-conferencia","tag-mexico","tag-congreso","tag-sociologia","tag-escuela-nacional-de-antropologia-e-historia"],"yoast_head":"<!-- This site is optimized with the Yoast SEO plugin v27.5 - https:\/\/yoast.com\/product\/yoast-seo-wordpress\/ -->\n<title>Estudiantes U. de Caldas fueron ponentes en congreso en M\u00e9xico .<\/title>\n<meta name=\"robots\" content=\"index, follow, max-snippet:-1, max-image-preview:large, max-video-preview:-1\" \/>\n<link rel=\"canonical\" href=\"https:\/\/www.ucaldas.edu.co\/portal\/estudiantes-u-de-caldas-fueron-ponentes-en-congreso-en-mexico\/\" \/>\n<script type=\"application\/ld+json\" class=\"yoast-schema-graph\">{\"@context\":\"https:\\\/\\\/schema.org\",\"@graph\":[{\"@type\":\"Article\",\"@id\":\"https:\\\/\\\/www.ucaldas.edu.co\\\/portal\\\/estudiantes-u-de-caldas-fueron-ponentes-en-congreso-en-mexico\\\/#article\",\"isPartOf\":{\"@id\":\"https:\\\/\\\/www.ucaldas.edu.co\\\/portal\\\/estudiantes-u-de-caldas-fueron-ponentes-en-congreso-en-mexico\\\/\"},\"author\":{\"name\":\"ofiprensa\",\"@id\":\"https:\\\/\\\/www.ucaldas.edu.co\\\/portal\\\/#\\\/schema\\\/person\\\/a1b482e23449158b4bc319926c074fdf\"},\"headline\":\"Estudiantes U. de Caldas fueron ponentes en congreso en M\u00e9xico\",\"datePublished\":\"2014-05-19T19:53:01+00:00\",\"mainEntityOfPage\":{\"@id\":\"https:\\\/\\\/www.ucaldas.edu.co\\\/portal\\\/estudiantes-u-de-caldas-fueron-ponentes-en-congreso-en-mexico\\\/\"},\"wordCount\":186,\"publisher\":{\"@id\":\"https:\\\/\\\/www.ucaldas.edu.co\\\/portal\\\/#organization\"},\"image\":{\"@id\":\"https:\\\/\\\/www.ucaldas.edu.co\\\/portal\\\/estudiantes-u-de-caldas-fueron-ponentes-en-congreso-en-mexico\\\/#primaryimage\"},\"thumbnailUrl\":\"https:\\\/\\\/www.ucaldas.edu.co\\\/portal\\\/wp-content\\\/uploads\\\/2014\\\/05\\\/10171639_688988554496346_7389085532855701960_n-300x237.jpg\",\"keywords\":[\"Estudiante\",\"Universidad De Caldas\",\"conferencia\",\"M\u00e9xico\",\"congreso\",\"Sociolog\u00eda\",\"Escuela Nacional de Antropolog\u00eda e Historia\"],\"articleSection\":[\"Actualidad\",\"Universidad al D\u00eda\"],\"inLanguage\":\"es\"},{\"@type\":\"WebPage\",\"@id\":\"https:\\\/\\\/www.ucaldas.edu.co\\\/portal\\\/estudiantes-u-de-caldas-fueron-ponentes-en-congreso-en-mexico\\\/\",\"url\":\"https:\\\/\\\/www.ucaldas.edu.co\\\/portal\\\/estudiantes-u-de-caldas-fueron-ponentes-en-congreso-en-mexico\\\/\",\"name\":\"Estudiantes U. de Caldas fueron ponentes en congreso en M\u00e9xico .\",\"isPartOf\":{\"@id\":\"https:\\\/\\\/www.ucaldas.edu.co\\\/portal\\\/#website\"},\"primaryImageOfPage\":{\"@id\":\"https:\\\/\\\/www.ucaldas.edu.co\\\/portal\\\/estudiantes-u-de-caldas-fueron-ponentes-en-congreso-en-mexico\\\/#primaryimage\"},\"image\":{\"@id\":\"https:\\\/\\\/www.ucaldas.edu.co\\\/portal\\\/estudiantes-u-de-caldas-fueron-ponentes-en-congreso-en-mexico\\\/#primaryimage\"},\"thumbnailUrl\":\"https:\\\/\\\/www.ucaldas.edu.co\\\/portal\\\/wp-content\\\/uploads\\\/2014\\\/05\\\/10171639_688988554496346_7389085532855701960_n-300x237.jpg\",\"datePublished\":\"2014-05-19T19:53:01+00:00\",\"breadcrumb\":{\"@id\":\"https:\\\/\\\/www.ucaldas.edu.co\\\/portal\\\/estudiantes-u-de-caldas-fueron-ponentes-en-congreso-en-mexico\\\/#breadcrumb\"},\"inLanguage\":\"es\",\"potentialAction\":[{\"@type\":\"ReadAction\",\"target\":[\"https:\\\/\\\/www.ucaldas.edu.co\\\/portal\\\/estudiantes-u-de-caldas-fueron-ponentes-en-congreso-en-mexico\\\/\"]}]},{\"@type\":\"ImageObject\",\"inLanguage\":\"es\",\"@id\":\"https:\\\/\\\/www.ucaldas.edu.co\\\/portal\\\/estudiantes-u-de-caldas-fueron-ponentes-en-congreso-en-mexico\\\/#primaryimage\",\"url\":\"https:\\\/\\\/www.ucaldas.edu.co\\\/portal\\\/wp-content\\\/uploads\\\/2014\\\/05\\\/10171639_688988554496346_7389085532855701960_n-300x237.jpg\",\"contentUrl\":\"https:\\\/\\\/www.ucaldas.edu.co\\\/portal\\\/wp-content\\\/uploads\\\/2014\\\/05\\\/10171639_688988554496346_7389085532855701960_n-300x237.jpg\"},{\"@type\":\"BreadcrumbList\",\"@id\":\"https:\\\/\\\/www.ucaldas.edu.co\\\/portal\\\/estudiantes-u-de-caldas-fueron-ponentes-en-congreso-en-mexico\\\/#breadcrumb\",\"itemListElement\":[{\"@type\":\"ListItem\",\"position\":1,\"name\":\"Portada\",\"item\":\"https:\\\/\\\/www.ucaldas.edu.co\\\/portal\\\/\"},{\"@type\":\"ListItem\",\"position\":2,\"name\":\"Estudiantes U. de Caldas fueron ponentes en congreso en M\u00e9xico\"}]},{\"@type\":\"WebSite\",\"@id\":\"https:\\\/\\\/www.ucaldas.edu.co\\\/portal\\\/#website\",\"url\":\"https:\\\/\\\/www.ucaldas.edu.co\\\/portal\\\/\",\"name\":\"Universidad de Caldas\",\"description\":\"\",\"publisher\":{\"@id\":\"https:\\\/\\\/www.ucaldas.edu.co\\\/portal\\\/#organization\"},\"alternateName\":\"U. de Caldas\",\"potentialAction\":[{\"@type\":\"SearchAction\",\"target\":{\"@type\":\"EntryPoint\",\"urlTemplate\":\"https:\\\/\\\/www.ucaldas.edu.co\\\/portal\\\/?s={search_term_string}\"},\"query-input\":{\"@type\":\"PropertyValueSpecification\",\"valueRequired\":true,\"valueName\":\"search_term_string\"}}],\"inLanguage\":\"es\"},{\"@type\":\"Organization\",\"@id\":\"https:\\\/\\\/www.ucaldas.edu.co\\\/portal\\\/#organization\",\"name\":\"Universidad de Caldas\",\"alternateName\":\"U. de Caldas\",\"url\":\"https:\\\/\\\/www.ucaldas.edu.co\\\/portal\\\/\",\"logo\":{\"@type\":\"ImageObject\",\"inLanguage\":\"es\",\"@id\":\"https:\\\/\\\/www.ucaldas.edu.co\\\/portal\\\/#\\\/schema\\\/logo\\\/image\\\/\",\"url\":\"https:\\\/\\\/www.ucaldas.edu.co\\\/portal\\\/wp-content\\\/uploads\\\/2023\\\/11\\\/Logo_horizontal_oscuroU-2023.png\",\"contentUrl\":\"https:\\\/\\\/www.ucaldas.edu.co\\\/portal\\\/wp-content\\\/uploads\\\/2023\\\/11\\\/Logo_horizontal_oscuroU-2023.png\",\"width\":263,\"height\":101,\"caption\":\"Universidad de Caldas\"},\"image\":{\"@id\":\"https:\\\/\\\/www.ucaldas.edu.co\\\/portal\\\/#\\\/schema\\\/logo\\\/image\\\/\"},\"sameAs\":[\"https:\\\/\\\/www.facebook.com\\\/udecaldas\",\"https:\\\/\\\/x.com\\\/udecaldas\",\"https:\\\/\\\/www.youtube.com\\\/universidadcaldas\",\"https:\\\/\\\/www.instagram.com\\\/udecaldas\\\/\"]},{\"@type\":\"Person\",\"@id\":\"https:\\\/\\\/www.ucaldas.edu.co\\\/portal\\\/#\\\/schema\\\/person\\\/a1b482e23449158b4bc319926c074fdf\",\"name\":\"ofiprensa\",\"image\":{\"@type\":\"ImageObject\",\"inLanguage\":\"es\",\"@id\":\"https:\\\/\\\/www.ucaldas.edu.co\\\/portal\\\/wp-content\\\/litespeed\\\/avatar\\\/09ea5085e600095a7a811142c6944527.jpg?ver=1777497608\",\"url\":\"https:\\\/\\\/www.ucaldas.edu.co\\\/portal\\\/wp-content\\\/litespeed\\\/avatar\\\/09ea5085e600095a7a811142c6944527.jpg?ver=1777497608\",\"contentUrl\":\"https:\\\/\\\/www.ucaldas.edu.co\\\/portal\\\/wp-content\\\/litespeed\\\/avatar\\\/09ea5085e600095a7a811142c6944527.jpg?ver=1777497608\",\"caption\":\"ofiprensa\"},\"url\":\"https:\\\/\\\/www.ucaldas.edu.co\\\/portal\\\/author\\\/ofiprensa\\\/\"}]}<\/script>\n<!-- \/ Yoast SEO plugin. -->","yoast_head_json":{"title":"Estudiantes U. de Caldas fueron ponentes en congreso en M\u00e9xico .","robots":{"index":"index","follow":"follow","max-snippet":"max-snippet:-1","max-image-preview":"max-image-preview:large","max-video-preview":"max-video-preview:-1"},"canonical":"https:\/\/www.ucaldas.edu.co\/portal\/estudiantes-u-de-caldas-fueron-ponentes-en-congreso-en-mexico\/","schema":{"@context":"https:\/\/schema.org","@graph":[{"@type":"Article","@id":"https:\/\/www.ucaldas.edu.co\/portal\/estudiantes-u-de-caldas-fueron-ponentes-en-congreso-en-mexico\/#article","isPartOf":{"@id":"https:\/\/www.ucaldas.edu.co\/portal\/estudiantes-u-de-caldas-fueron-ponentes-en-congreso-en-mexico\/"},"author":{"name":"ofiprensa","@id":"https:\/\/www.ucaldas.edu.co\/portal\/#\/schema\/person\/a1b482e23449158b4bc319926c074fdf"},"headline":"Estudiantes U. de Caldas fueron ponentes en congreso en M\u00e9xico","datePublished":"2014-05-19T19:53:01+00:00","mainEntityOfPage":{"@id":"https:\/\/www.ucaldas.edu.co\/portal\/estudiantes-u-de-caldas-fueron-ponentes-en-congreso-en-mexico\/"},"wordCount":186,"publisher":{"@id":"https:\/\/www.ucaldas.edu.co\/portal\/#organization"},"image":{"@id":"https:\/\/www.ucaldas.edu.co\/portal\/estudiantes-u-de-caldas-fueron-ponentes-en-congreso-en-mexico\/#primaryimage"},"thumbnailUrl":"https:\/\/www.ucaldas.edu.co\/portal\/wp-content\/uploads\/2014\/05\/10171639_688988554496346_7389085532855701960_n-300x237.jpg","keywords":["Estudiante","Universidad De Caldas","conferencia","M\u00e9xico","congreso","Sociolog\u00eda","Escuela Nacional de Antropolog\u00eda e Historia"],"articleSection":["Actualidad","Universidad al D\u00eda"],"inLanguage":"es"},{"@type":"WebPage","@id":"https:\/\/www.ucaldas.edu.co\/portal\/estudiantes-u-de-caldas-fueron-ponentes-en-congreso-en-mexico\/","url":"https:\/\/www.ucaldas.edu.co\/portal\/estudiantes-u-de-caldas-fueron-ponentes-en-congreso-en-mexico\/","name":"Estudiantes U. de Caldas fueron ponentes en congreso en M\u00e9xico .","isPartOf":{"@id":"https:\/\/www.ucaldas.edu.co\/portal\/#website"},"primaryImageOfPage":{"@id":"https:\/\/www.ucaldas.edu.co\/portal\/estudiantes-u-de-caldas-fueron-ponentes-en-congreso-en-mexico\/#primaryimage"},"image":{"@id":"https:\/\/www.ucaldas.edu.co\/portal\/estudiantes-u-de-caldas-fueron-ponentes-en-congreso-en-mexico\/#primaryimage"},"thumbnailUrl":"https:\/\/www.ucaldas.edu.co\/portal\/wp-content\/uploads\/2014\/05\/10171639_688988554496346_7389085532855701960_n-300x237.jpg","datePublished":"2014-05-19T19:53:01+00:00","breadcrumb":{"@id":"https:\/\/www.ucaldas.edu.co\/portal\/estudiantes-u-de-caldas-fueron-ponentes-en-congreso-en-mexico\/#breadcrumb"},"inLanguage":"es","potentialAction":[{"@type":"ReadAction","target":["https:\/\/www.ucaldas.edu.co\/portal\/estudiantes-u-de-caldas-fueron-ponentes-en-congreso-en-mexico\/"]}]},{"@type":"ImageObject","inLanguage":"es","@id":"https:\/\/www.ucaldas.edu.co\/portal\/estudiantes-u-de-caldas-fueron-ponentes-en-congreso-en-mexico\/#primaryimage","url":"https:\/\/www.ucaldas.edu.co\/portal\/wp-content\/uploads\/2014\/05\/10171639_688988554496346_7389085532855701960_n-300x237.jpg","contentUrl":"https:\/\/www.ucaldas.edu.co\/portal\/wp-content\/uploads\/2014\/05\/10171639_688988554496346_7389085532855701960_n-300x237.jpg"},{"@type":"BreadcrumbList","@id":"https:\/\/www.ucaldas.edu.co\/portal\/estudiantes-u-de-caldas-fueron-ponentes-en-congreso-en-mexico\/#breadcrumb","itemListElement":[{"@type":"ListItem","position":1,"name":"Portada","item":"https:\/\/www.ucaldas.edu.co\/portal\/"},{"@type":"ListItem","position":2,"name":"Estudiantes U. de Caldas fueron ponentes en congreso en M\u00e9xico"}]},{"@type":"WebSite","@id":"https:\/\/www.ucaldas.edu.co\/portal\/#website","url":"https:\/\/www.ucaldas.edu.co\/portal\/","name":"Universidad de Caldas","description":"","publisher":{"@id":"https:\/\/www.ucaldas.edu.co\/portal\/#organization"},"alternateName":"U. de Caldas","potentialAction":[{"@type":"SearchAction","target":{"@type":"EntryPoint","urlTemplate":"https:\/\/www.ucaldas.edu.co\/portal\/?s={search_term_string}"},"query-input":{"@type":"PropertyValueSpecification","valueRequired":true,"valueName":"search_term_string"}}],"inLanguage":"es"},{"@type":"Organization","@id":"https:\/\/www.ucaldas.edu.co\/portal\/#organization","name":"Universidad de Caldas","alternateName":"U. de Caldas","url":"https:\/\/www.ucaldas.edu.co\/portal\/","logo":{"@type":"ImageObject","inLanguage":"es","@id":"https:\/\/www.ucaldas.edu.co\/portal\/#\/schema\/logo\/image\/","url":"https:\/\/www.ucaldas.edu.co\/portal\/wp-content\/uploads\/2023\/11\/Logo_horizontal_oscuroU-2023.png","contentUrl":"https:\/\/www.ucaldas.edu.co\/portal\/wp-content\/uploads\/2023\/11\/Logo_horizontal_oscuroU-2023.png","width":263,"height":101,"caption":"Universidad de Caldas"},"image":{"@id":"https:\/\/www.ucaldas.edu.co\/portal\/#\/schema\/logo\/image\/"},"sameAs":["https:\/\/www.facebook.com\/udecaldas","https:\/\/x.com\/udecaldas","https:\/\/www.youtube.com\/universidadcaldas","https:\/\/www.instagram.com\/udecaldas\/"]},{"@type":"Person","@id":"https:\/\/www.ucaldas.edu.co\/portal\/#\/schema\/person\/a1b482e23449158b4bc319926c074fdf","name":"ofiprensa","image":{"@type":"ImageObject","inLanguage":"es","@id":"https:\/\/www.ucaldas.edu.co\/portal\/wp-content\/litespeed\/avatar\/09ea5085e600095a7a811142c6944527.jpg?ver=1777497608","url":"https:\/\/www.ucaldas.edu.co\/portal\/wp-content\/litespeed\/avatar\/09ea5085e600095a7a811142c6944527.jpg?ver=1777497608","contentUrl":"https:\/\/www.ucaldas.edu.co\/portal\/wp-content\/litespeed\/avatar\/09ea5085e600095a7a811142c6944527.jpg?ver=1777497608","caption":"ofiprensa"},"url":"https:\/\/www.ucaldas.edu.co\/portal\/author\/ofiprensa\/"}]}},"_links":{"self":[{"href":"https:\/\/www.ucaldas.edu.co\/portal\/wp-json\/wp\/v2\/posts\/6374","targetHints":{"allow":["GET"]}}],"collection":[{"href":"https:\/\/www.ucaldas.edu.co\/portal\/wp-json\/wp\/v2\/posts"}],"about":[{"href":"https:\/\/www.ucaldas.edu.co\/portal\/wp-json\/wp\/v2\/types\/post"}],"author":[{"embeddable":true,"href":"https:\/\/www.ucaldas.edu.co\/portal\/wp-json\/wp\/v2\/users\/2"}],"replies":[{"embeddable":true,"href":"https:\/\/www.ucaldas.edu.co\/portal\/wp-json\/wp\/v2\/comments?post=6374"}],"version-history":[{"count":0,"href":"https:\/\/www.ucaldas.edu.co\/portal\/wp-json\/wp\/v2\/posts\/6374\/revisions"}],"wp:attachment":[{"href":"https:\/\/www.ucaldas.edu.co\/portal\/wp-json\/wp\/v2\/media?parent=6374"}],"wp:term":[{"taxonomy":"category","embeddable":true,"href":"https:\/\/www.ucaldas.edu.co\/portal\/wp-json\/wp\/v2\/categories?post=6374"},{"taxonomy":"post_tag","embeddable":true,"href":"https:\/\/www.ucaldas.edu.co\/portal\/wp-json\/wp\/v2\/tags?post=6374"}],"curies":[{"name":"wp","href":"https:\/\/api.w.org\/{rel}","templated":true}]}}