{"id":63735,"date":"2021-07-13T23:57:07","date_gmt":"2021-07-13T23:57:07","guid":{"rendered":"https:\/\/www.ucaldas.edu.co\/portal\/?p=63735"},"modified":"2021-07-13T23:57:07","modified_gmt":"2021-07-13T23:57:07","slug":"universidad-nebrija-e-icetex-abren-convocatoria-de-maestrias-en-diferentes-disciplinas","status":"publish","type":"post","link":"https:\/\/www.ucaldas.edu.co\/portal\/universidad-nebrija-e-icetex-abren-convocatoria-de-maestrias-en-diferentes-disciplinas\/","title":{"rendered":"Universidad Nebrija e ICETEX abren convocatoria de Maestr\u00edas en diferentes disciplinas"},"content":{"rendered":"<p style=\"text-align: center;\">LOS PROGRAMAS DE MAESTR\u00cdAS SE IMPARTIR\u00c1N<br \/>\nDE MANERA VIRTUAL DESDE OCTUBRE DE 2021<br \/>\n<strong>Universidad Nebrija e ICETEX abren convocatoria de Maestr\u00edas en diferentes disciplinas<\/strong><\/p>\n<p style=\"text-align: right;\">13\/07\/2021<\/p>\n<p><img loading=\"lazy\" decoding=\"async\" class=\"size-full wp-image-63277 aligncenter\" src=\"https:\/\/www.ucaldas.edu.co\/portal\/wp-content\/uploads\/2021\/06\/icetex.jpg\" alt=\"\" width=\"700\" height=\"400\" srcset=\"https:\/\/www.ucaldas.edu.co\/portal\/wp-content\/uploads\/2021\/06\/icetex.jpg 700w, https:\/\/www.ucaldas.edu.co\/portal\/wp-content\/uploads\/2021\/06\/icetex-300x171.jpg 300w\" sizes=\"auto, (max-width: 700px) 100vw, 700px\" \/><\/p>\n<p>Como una apuesta para capacitar profesionales colombianos en diferentes \u00e1reas del conocimiento como marketing digital, publicidad, derecho, liderazgo o relaciones internacionales, la Universidad Nebrija e ICETEX abren la convocatoria para poner al alcance de los interesados una oferta de becas con enfoque multidisciplinar.<\/p>\n<p><!--more--><\/p>\n<p>La convocatoria ofrecer\u00e1 60 becas parciales del 50% sobre el valor de los honorarios en docencia para distintos programas de Maestr\u00eda en diferentes \u00e1reas. Est\u00e1 dirigida a profesionales universitarios colombianos mayores de 21 a\u00f1os y menor de 65 a\u00f1os; que cuenten con un promedio m\u00ednimo de notas de pregrado de 3,7\/5,0; y que cuenten preferiblemente con m\u00ednimo 1 a\u00f1o de experiencia profesional y est\u00e9n en busca de fortalecer su perfil por medio de la modalidad virtual.<\/p>\n<p>&nbsp;<\/p>\n<p>Los aspirantes deber\u00e1n aplicar a trav\u00e9s del sitio web del ICETEX, en: <strong><a href=\"https:\/\/portal.icetex.gov.co\/Portal\/Home\/HomeEstudiante\/becas\/becas-para-estudios-en-el-exterior\/becas-vigentes\/\">https:\/\/portal.icetex.gov.co\/Portal\/Home\/HomeEstudiante\/becas\/becas-para-estudios-en-el-exterior\/becas-vigentes\/<\/a><\/strong><\/p>\n<p><strong>\u00a0<\/strong><\/p>\n<table style=\"height: 171px;\" width=\"707\">\n<tbody>\n<tr>\n<td style=\"width: 697px;\"><strong>PARA DESTACAR:<\/strong><\/p>\n<p>La Universidad de Nebrija es una de las 25 mejores universidades del mundo seg\u00fan el ranking internacional &#8216;U-Multirank 2019&#8217;. En este estudio, avalado por la Comisi\u00f3n Europea, se han evaluado m\u00e1s de 1700 centros educativos de 96 pa\u00edses distintos.<\/td>\n<\/tr>\n<\/tbody>\n<\/table>\n<p>&nbsp;<\/p>\n<p><strong>Informes: <\/strong>Oficina de Comunicaciones y Prensa Universidad de Caldas.<\/p>\n<p><strong>Redacci\u00f3n:<\/strong> Adriana Salazar Villegas<\/p>\n<p>&nbsp;<\/p>\n","protected":false},"excerpt":{"rendered":"<p>LOS PROGRAMAS DE MAESTR\u00cdAS SE IMPARTIR\u00c1N DE MANERA VIRTUAL DESDE OCTUBRE DE 2021 Universidad Nebrija e ICETEX abren convocatoria de Maestr\u00edas en diferentes disciplinas 13\/07\/2021 Como una apuesta para capacitar profesionales colombianos en diferentes \u00e1reas del conocimiento como marketing digital, publicidad, derecho, liderazgo o relaciones internacionales, la Universidad Nebrija e ICETEX abren la convocatoria para [&hellip;]<\/p>\n","protected":false},"author":2,"featured_media":63277,"comment_status":"closed","ping_status":"open","sticky":false,"template":"","format":"standard","meta":{"footnotes":"","_members_access_role":[],"_members_access_error":""},"categories":[48,53,614],"tags":[351,534,763,1112,6792],"class_list":["post-63735","post","type-post","status-publish","format-standard","has-post-thumbnail","hentry","category-actualidad","category-universidad-al-dia","category-ucaldas-internacional","tag-icetex","tag-becas","tag-maestria","tag-virtualidad","tag-nebrija"],"yoast_head":"<!-- This site is optimized with the Yoast SEO plugin v28.3 - https:\/\/yoast.com\/product\/yoast-seo-wordpress\/ -->\n<title>Universidad Nebrija e ICETEX abren convocatoria de Maestr\u00edas en diferentes disciplinas .<\/title>\n<meta name=\"robots\" content=\"index, follow, max-snippet:-1, max-image-preview:large, max-video-preview:-1\" \/>\n<link rel=\"canonical\" href=\"https:\/\/www.ucaldas.edu.co\/portal\/universidad-nebrija-e-icetex-abren-convocatoria-de-maestrias-en-diferentes-disciplinas\/\" \/>\n<script type=\"application\/ld+json\" class=\"yoast-schema-graph\">{\"@context\":\"https:\\\/\\\/schema.org\",\"@graph\":[{\"@type\":\"Article\",\"@id\":\"https:\\\/\\\/www.ucaldas.edu.co\\\/portal\\\/universidad-nebrija-e-icetex-abren-convocatoria-de-maestrias-en-diferentes-disciplinas\\\/#article\",\"isPartOf\":{\"@id\":\"https:\\\/\\\/www.ucaldas.edu.co\\\/portal\\\/universidad-nebrija-e-icetex-abren-convocatoria-de-maestrias-en-diferentes-disciplinas\\\/\"},\"author\":{\"name\":\"ofiprensa\",\"@id\":\"https:\\\/\\\/www.ucaldas.edu.co\\\/portal\\\/#\\\/schema\\\/person\\\/a1b482e23449158b4bc319926c074fdf\"},\"headline\":\"Universidad Nebrija e ICETEX abren convocatoria de Maestr\u00edas en diferentes disciplinas\",\"datePublished\":\"2021-07-13T23:57:07+00:00\",\"mainEntityOfPage\":{\"@id\":\"https:\\\/\\\/www.ucaldas.edu.co\\\/portal\\\/universidad-nebrija-e-icetex-abren-convocatoria-de-maestrias-en-diferentes-disciplinas\\\/\"},\"wordCount\":241,\"publisher\":{\"@id\":\"https:\\\/\\\/www.ucaldas.edu.co\\\/portal\\\/#organization\"},\"image\":{\"@id\":\"https:\\\/\\\/www.ucaldas.edu.co\\\/portal\\\/universidad-nebrija-e-icetex-abren-convocatoria-de-maestrias-en-diferentes-disciplinas\\\/#primaryimage\"},\"thumbnailUrl\":\"https:\\\/\\\/www.ucaldas.edu.co\\\/portal\\\/wp-content\\\/uploads\\\/2021\\\/06\\\/icetex.jpg\",\"keywords\":[\"Icetex\",\"Becas\",\"maestr\u00eda\",\"Virtualidad\",\"Nebrija\"],\"articleSection\":[\"Actualidad\",\"Universidad al D\u00eda\",\"Ucaldas Internacional\"],\"inLanguage\":\"es\"},{\"@type\":\"WebPage\",\"@id\":\"https:\\\/\\\/www.ucaldas.edu.co\\\/portal\\\/universidad-nebrija-e-icetex-abren-convocatoria-de-maestrias-en-diferentes-disciplinas\\\/\",\"url\":\"https:\\\/\\\/www.ucaldas.edu.co\\\/portal\\\/universidad-nebrija-e-icetex-abren-convocatoria-de-maestrias-en-diferentes-disciplinas\\\/\",\"name\":\"Universidad Nebrija e ICETEX abren convocatoria de Maestr\u00edas en diferentes disciplinas .\",\"isPartOf\":{\"@id\":\"https:\\\/\\\/www.ucaldas.edu.co\\\/portal\\\/#website\"},\"primaryImageOfPage\":{\"@id\":\"https:\\\/\\\/www.ucaldas.edu.co\\\/portal\\\/universidad-nebrija-e-icetex-abren-convocatoria-de-maestrias-en-diferentes-disciplinas\\\/#primaryimage\"},\"image\":{\"@id\":\"https:\\\/\\\/www.ucaldas.edu.co\\\/portal\\\/universidad-nebrija-e-icetex-abren-convocatoria-de-maestrias-en-diferentes-disciplinas\\\/#primaryimage\"},\"thumbnailUrl\":\"https:\\\/\\\/www.ucaldas.edu.co\\\/portal\\\/wp-content\\\/uploads\\\/2021\\\/06\\\/icetex.jpg\",\"datePublished\":\"2021-07-13T23:57:07+00:00\",\"breadcrumb\":{\"@id\":\"https:\\\/\\\/www.ucaldas.edu.co\\\/portal\\\/universidad-nebrija-e-icetex-abren-convocatoria-de-maestrias-en-diferentes-disciplinas\\\/#breadcrumb\"},\"inLanguage\":\"es\",\"potentialAction\":[{\"@type\":\"ReadAction\",\"target\":[\"https:\\\/\\\/www.ucaldas.edu.co\\\/portal\\\/universidad-nebrija-e-icetex-abren-convocatoria-de-maestrias-en-diferentes-disciplinas\\\/\"]}]},{\"@type\":\"ImageObject\",\"inLanguage\":\"es\",\"@id\":\"https:\\\/\\\/www.ucaldas.edu.co\\\/portal\\\/universidad-nebrija-e-icetex-abren-convocatoria-de-maestrias-en-diferentes-disciplinas\\\/#primaryimage\",\"url\":\"https:\\\/\\\/www.ucaldas.edu.co\\\/portal\\\/wp-content\\\/uploads\\\/2021\\\/06\\\/icetex.jpg\",\"contentUrl\":\"https:\\\/\\\/www.ucaldas.edu.co\\\/portal\\\/wp-content\\\/uploads\\\/2021\\\/06\\\/icetex.jpg\",\"width\":700,\"height\":400},{\"@type\":\"BreadcrumbList\",\"@id\":\"https:\\\/\\\/www.ucaldas.edu.co\\\/portal\\\/universidad-nebrija-e-icetex-abren-convocatoria-de-maestrias-en-diferentes-disciplinas\\\/#breadcrumb\",\"itemListElement\":[{\"@type\":\"ListItem\",\"position\":1,\"name\":\"Portada\",\"item\":\"https:\\\/\\\/www.ucaldas.edu.co\\\/portal\\\/\"},{\"@type\":\"ListItem\",\"position\":2,\"name\":\"Universidad Nebrija e ICETEX abren convocatoria de Maestr\u00edas en diferentes disciplinas\"}]},{\"@type\":\"WebSite\",\"@id\":\"https:\\\/\\\/www.ucaldas.edu.co\\\/portal\\\/#website\",\"url\":\"https:\\\/\\\/www.ucaldas.edu.co\\\/portal\\\/\",\"name\":\"Universidad de Caldas\",\"description\":\"\",\"publisher\":{\"@id\":\"https:\\\/\\\/www.ucaldas.edu.co\\\/portal\\\/#organization\"},\"alternateName\":\"U. de Caldas\",\"potentialAction\":[{\"@type\":\"SearchAction\",\"target\":{\"@type\":\"EntryPoint\",\"urlTemplate\":\"https:\\\/\\\/www.ucaldas.edu.co\\\/portal\\\/?s={search_term_string}\"},\"query-input\":{\"@type\":\"PropertyValueSpecification\",\"valueRequired\":true,\"valueName\":\"search_term_string\"}}],\"inLanguage\":\"es\"},{\"@type\":\"Organization\",\"@id\":\"https:\\\/\\\/www.ucaldas.edu.co\\\/portal\\\/#organization\",\"name\":\"Universidad de Caldas\",\"alternateName\":\"U. de Caldas\",\"url\":\"https:\\\/\\\/www.ucaldas.edu.co\\\/portal\\\/\",\"logo\":{\"@type\":\"ImageObject\",\"inLanguage\":\"es\",\"@id\":\"https:\\\/\\\/www.ucaldas.edu.co\\\/portal\\\/#\\\/schema\\\/logo\\\/image\\\/\",\"url\":\"https:\\\/\\\/www.ucaldas.edu.co\\\/portal\\\/wp-content\\\/uploads\\\/2023\\\/11\\\/Logo_horizontal_oscuroU-2023.png\",\"contentUrl\":\"https:\\\/\\\/www.ucaldas.edu.co\\\/portal\\\/wp-content\\\/uploads\\\/2023\\\/11\\\/Logo_horizontal_oscuroU-2023.png\",\"width\":263,\"height\":101,\"caption\":\"Universidad de Caldas\"},\"image\":{\"@id\":\"https:\\\/\\\/www.ucaldas.edu.co\\\/portal\\\/#\\\/schema\\\/logo\\\/image\\\/\"},\"sameAs\":[\"https:\\\/\\\/www.facebook.com\\\/udecaldas\",\"https:\\\/\\\/x.com\\\/udecaldas\",\"https:\\\/\\\/www.youtube.com\\\/universidadcaldas\",\"https:\\\/\\\/www.instagram.com\\\/udecaldas\\\/\"]},{\"@type\":\"Person\",\"@id\":\"https:\\\/\\\/www.ucaldas.edu.co\\\/portal\\\/#\\\/schema\\\/person\\\/a1b482e23449158b4bc319926c074fdf\",\"name\":\"ofiprensa\",\"image\":{\"@type\":\"ImageObject\",\"inLanguage\":\"es\",\"@id\":\"https:\\\/\\\/www.ucaldas.edu.co\\\/portal\\\/wp-content\\\/litespeed\\\/avatar\\\/09ea5085e600095a7a811142c6944527.jpg?ver=1787779368\",\"url\":\"https:\\\/\\\/www.ucaldas.edu.co\\\/portal\\\/wp-content\\\/litespeed\\\/avatar\\\/09ea5085e600095a7a811142c6944527.jpg?ver=1787779368\",\"contentUrl\":\"https:\\\/\\\/www.ucaldas.edu.co\\\/portal\\\/wp-content\\\/litespeed\\\/avatar\\\/09ea5085e600095a7a811142c6944527.jpg?ver=1787779368\",\"caption\":\"ofiprensa\"},\"url\":\"https:\\\/\\\/www.ucaldas.edu.co\\\/portal\\\/author\\\/ofiprensa\\\/\"}]}<\/script>\n<!-- \/ Yoast SEO plugin. -->","yoast_head_json":{"title":"Universidad Nebrija e ICETEX abren convocatoria de Maestr\u00edas en diferentes disciplinas .","robots":{"index":"index","follow":"follow","max-snippet":"max-snippet:-1","max-image-preview":"max-image-preview:large","max-video-preview":"max-video-preview:-1"},"canonical":"https:\/\/www.ucaldas.edu.co\/portal\/universidad-nebrija-e-icetex-abren-convocatoria-de-maestrias-en-diferentes-disciplinas\/","schema":{"@context":"https:\/\/schema.org","@graph":[{"@type":"Article","@id":"https:\/\/www.ucaldas.edu.co\/portal\/universidad-nebrija-e-icetex-abren-convocatoria-de-maestrias-en-diferentes-disciplinas\/#article","isPartOf":{"@id":"https:\/\/www.ucaldas.edu.co\/portal\/universidad-nebrija-e-icetex-abren-convocatoria-de-maestrias-en-diferentes-disciplinas\/"},"author":{"name":"ofiprensa","@id":"https:\/\/www.ucaldas.edu.co\/portal\/#\/schema\/person\/a1b482e23449158b4bc319926c074fdf"},"headline":"Universidad Nebrija e ICETEX abren convocatoria de Maestr\u00edas en diferentes disciplinas","datePublished":"2021-07-13T23:57:07+00:00","mainEntityOfPage":{"@id":"https:\/\/www.ucaldas.edu.co\/portal\/universidad-nebrija-e-icetex-abren-convocatoria-de-maestrias-en-diferentes-disciplinas\/"},"wordCount":241,"publisher":{"@id":"https:\/\/www.ucaldas.edu.co\/portal\/#organization"},"image":{"@id":"https:\/\/www.ucaldas.edu.co\/portal\/universidad-nebrija-e-icetex-abren-convocatoria-de-maestrias-en-diferentes-disciplinas\/#primaryimage"},"thumbnailUrl":"https:\/\/www.ucaldas.edu.co\/portal\/wp-content\/uploads\/2021\/06\/icetex.jpg","keywords":["Icetex","Becas","maestr\u00eda","Virtualidad","Nebrija"],"articleSection":["Actualidad","Universidad al D\u00eda","Ucaldas Internacional"],"inLanguage":"es"},{"@type":"WebPage","@id":"https:\/\/www.ucaldas.edu.co\/portal\/universidad-nebrija-e-icetex-abren-convocatoria-de-maestrias-en-diferentes-disciplinas\/","url":"https:\/\/www.ucaldas.edu.co\/portal\/universidad-nebrija-e-icetex-abren-convocatoria-de-maestrias-en-diferentes-disciplinas\/","name":"Universidad Nebrija e ICETEX abren convocatoria de Maestr\u00edas en diferentes disciplinas .","isPartOf":{"@id":"https:\/\/www.ucaldas.edu.co\/portal\/#website"},"primaryImageOfPage":{"@id":"https:\/\/www.ucaldas.edu.co\/portal\/universidad-nebrija-e-icetex-abren-convocatoria-de-maestrias-en-diferentes-disciplinas\/#primaryimage"},"image":{"@id":"https:\/\/www.ucaldas.edu.co\/portal\/universidad-nebrija-e-icetex-abren-convocatoria-de-maestrias-en-diferentes-disciplinas\/#primaryimage"},"thumbnailUrl":"https:\/\/www.ucaldas.edu.co\/portal\/wp-content\/uploads\/2021\/06\/icetex.jpg","datePublished":"2021-07-13T23:57:07+00:00","breadcrumb":{"@id":"https:\/\/www.ucaldas.edu.co\/portal\/universidad-nebrija-e-icetex-abren-convocatoria-de-maestrias-en-diferentes-disciplinas\/#breadcrumb"},"inLanguage":"es","potentialAction":[{"@type":"ReadAction","target":["https:\/\/www.ucaldas.edu.co\/portal\/universidad-nebrija-e-icetex-abren-convocatoria-de-maestrias-en-diferentes-disciplinas\/"]}]},{"@type":"ImageObject","inLanguage":"es","@id":"https:\/\/www.ucaldas.edu.co\/portal\/universidad-nebrija-e-icetex-abren-convocatoria-de-maestrias-en-diferentes-disciplinas\/#primaryimage","url":"https:\/\/www.ucaldas.edu.co\/portal\/wp-content\/uploads\/2021\/06\/icetex.jpg","contentUrl":"https:\/\/www.ucaldas.edu.co\/portal\/wp-content\/uploads\/2021\/06\/icetex.jpg","width":700,"height":400},{"@type":"BreadcrumbList","@id":"https:\/\/www.ucaldas.edu.co\/portal\/universidad-nebrija-e-icetex-abren-convocatoria-de-maestrias-en-diferentes-disciplinas\/#breadcrumb","itemListElement":[{"@type":"ListItem","position":1,"name":"Portada","item":"https:\/\/www.ucaldas.edu.co\/portal\/"},{"@type":"ListItem","position":2,"name":"Universidad Nebrija e ICETEX abren convocatoria de Maestr\u00edas en diferentes disciplinas"}]},{"@type":"WebSite","@id":"https:\/\/www.ucaldas.edu.co\/portal\/#website","url":"https:\/\/www.ucaldas.edu.co\/portal\/","name":"Universidad de Caldas","description":"","publisher":{"@id":"https:\/\/www.ucaldas.edu.co\/portal\/#organization"},"alternateName":"U. de Caldas","potentialAction":[{"@type":"SearchAction","target":{"@type":"EntryPoint","urlTemplate":"https:\/\/www.ucaldas.edu.co\/portal\/?s={search_term_string}"},"query-input":{"@type":"PropertyValueSpecification","valueRequired":true,"valueName":"search_term_string"}}],"inLanguage":"es"},{"@type":"Organization","@id":"https:\/\/www.ucaldas.edu.co\/portal\/#organization","name":"Universidad de Caldas","alternateName":"U. de Caldas","url":"https:\/\/www.ucaldas.edu.co\/portal\/","logo":{"@type":"ImageObject","inLanguage":"es","@id":"https:\/\/www.ucaldas.edu.co\/portal\/#\/schema\/logo\/image\/","url":"https:\/\/www.ucaldas.edu.co\/portal\/wp-content\/uploads\/2023\/11\/Logo_horizontal_oscuroU-2023.png","contentUrl":"https:\/\/www.ucaldas.edu.co\/portal\/wp-content\/uploads\/2023\/11\/Logo_horizontal_oscuroU-2023.png","width":263,"height":101,"caption":"Universidad de Caldas"},"image":{"@id":"https:\/\/www.ucaldas.edu.co\/portal\/#\/schema\/logo\/image\/"},"sameAs":["https:\/\/www.facebook.com\/udecaldas","https:\/\/x.com\/udecaldas","https:\/\/www.youtube.com\/universidadcaldas","https:\/\/www.instagram.com\/udecaldas\/"]},{"@type":"Person","@id":"https:\/\/www.ucaldas.edu.co\/portal\/#\/schema\/person\/a1b482e23449158b4bc319926c074fdf","name":"ofiprensa","image":{"@type":"ImageObject","inLanguage":"es","@id":"https:\/\/www.ucaldas.edu.co\/portal\/wp-content\/litespeed\/avatar\/09ea5085e600095a7a811142c6944527.jpg?ver=1787779368","url":"https:\/\/www.ucaldas.edu.co\/portal\/wp-content\/litespeed\/avatar\/09ea5085e600095a7a811142c6944527.jpg?ver=1787779368","contentUrl":"https:\/\/www.ucaldas.edu.co\/portal\/wp-content\/litespeed\/avatar\/09ea5085e600095a7a811142c6944527.jpg?ver=1787779368","caption":"ofiprensa"},"url":"https:\/\/www.ucaldas.edu.co\/portal\/author\/ofiprensa\/"}]}},"_links":{"self":[{"href":"https:\/\/www.ucaldas.edu.co\/portal\/wp-json\/wp\/v2\/posts\/63735","targetHints":{"allow":["GET"]}}],"collection":[{"href":"https:\/\/www.ucaldas.edu.co\/portal\/wp-json\/wp\/v2\/posts"}],"about":[{"href":"https:\/\/www.ucaldas.edu.co\/portal\/wp-json\/wp\/v2\/types\/post"}],"author":[{"embeddable":true,"href":"https:\/\/www.ucaldas.edu.co\/portal\/wp-json\/wp\/v2\/users\/2"}],"replies":[{"embeddable":true,"href":"https:\/\/www.ucaldas.edu.co\/portal\/wp-json\/wp\/v2\/comments?post=63735"}],"version-history":[{"count":0,"href":"https:\/\/www.ucaldas.edu.co\/portal\/wp-json\/wp\/v2\/posts\/63735\/revisions"}],"wp:featuredmedia":[{"embeddable":true,"href":"https:\/\/www.ucaldas.edu.co\/portal\/wp-json\/wp\/v2\/media\/63277"}],"wp:attachment":[{"href":"https:\/\/www.ucaldas.edu.co\/portal\/wp-json\/wp\/v2\/media?parent=63735"}],"wp:term":[{"taxonomy":"category","embeddable":true,"href":"https:\/\/www.ucaldas.edu.co\/portal\/wp-json\/wp\/v2\/categories?post=63735"},{"taxonomy":"post_tag","embeddable":true,"href":"https:\/\/www.ucaldas.edu.co\/portal\/wp-json\/wp\/v2\/tags?post=63735"}],"curies":[{"name":"wp","href":"https:\/\/api.w.org\/{rel}","templated":true}]}}