{"id":63663,"date":"2021-07-12T22:27:01","date_gmt":"2021-07-12T22:27:01","guid":{"rendered":"https:\/\/www.ucaldas.edu.co\/portal\/?p=63663"},"modified":"2021-07-12T22:27:01","modified_gmt":"2021-07-12T22:27:01","slug":"premio-jose-francisco-socarras-en-la-categoria-mejor-docente-investigador","status":"publish","type":"post","link":"https:\/\/www.ucaldas.edu.co\/portal\/premio-jose-francisco-socarras-en-la-categoria-mejor-docente-investigador\/","title":{"rendered":"Premio Jos\u00e9 Francisco Socarr\u00e1s en la categor\u00eda mejor docente investigador"},"content":{"rendered":"<p style=\"text-align: center;\">SE OTORGAR\u00c1 AL DOCENTE INVESTIGADOR<br \/>\nAFROCOLOMBIANO DE INSTITUCIONES DE EDUCACI\u00d3N SUPERIOR<br \/>\n<strong>Premio Jos\u00e9 Francisco Socarr\u00e1s en la categor\u00eda mejor docente investigador<\/strong><\/p>\n<p style=\"text-align: right;\">12\/07\/2021<\/p>\n<p><img loading=\"lazy\" decoding=\"async\" class=\"size-full wp-image-63664 aligncenter\" src=\"https:\/\/www.ucaldas.edu.co\/portal\/wp-content\/uploads\/2021\/07\/WhatsApp-Image-2021-07-12-at-5.10.58-PM-1.jpeg\" alt=\"\" width=\"700\" height=\"400\" srcset=\"https:\/\/www.ucaldas.edu.co\/portal\/wp-content\/uploads\/2021\/07\/WhatsApp-Image-2021-07-12-at-5.10.58-PM-1.jpeg 700w, https:\/\/www.ucaldas.edu.co\/portal\/wp-content\/uploads\/2021\/07\/WhatsApp-Image-2021-07-12-at-5.10.58-PM-1-300x171.jpeg 300w\" sizes=\"auto, (max-width: 700px) 100vw, 700px\" \/><\/p>\n<p>Hasta el 30 de septiembre de 2021 estar\u00e1 abierta la convocatoria para la postulaci\u00f3n de candidatos para el Premio Jos\u00e9 Francisco Socarr\u00e1s en la categor\u00eda: Mejor docente investigador afrocolombiano de instituciones de educaci\u00f3n superior en cada una de las siguientes \u00e1reas del conocimiento:<\/p>\n<p><!--more--><\/p>\n<ul>\n<li>Medicina<\/li>\n<li>Educaci\u00f3n<\/li>\n<li>Ciencias Exactas F\u00edsicas y Naturales.<\/li>\n<li>Artes<\/li>\n<li>Humanidades<\/li>\n<\/ul>\n<p>El Premio Jos\u00e9 Francisco Socarr\u00e1s al m\u00e9rito afrocolombiano, en la Educaci\u00f3n, la Medicina, la Ciencia, la Cultura y la Pol\u00edtica fue reglamentado mediante cap\u00edtulo 11 del decreto 1295 de 2016 del Ministerio de Educaci\u00f3n Nacional y se entrega anualmente.<\/p>\n<p>El objetivo principal de este reconocimiento es identificar los candidatos que cumplen con las caracter\u00edsticas definidas seg\u00fan la categor\u00eda y est\u00e1ndares del Ministerio de Ciencia, Tecnolog\u00eda e Innovaci\u00f3n para ser reconocidos como docente investigador en cada una de las \u00e1reas del conocimiento indicadas.<\/p>\n<p>Esta convocatoria est\u00e1 dirigida a Docentes Investigadores afrocolombianos que durante el a\u00f1o 2020, se hayan destacado en el ejercicio de su profesi\u00f3n o por su liderazgo.<\/p>\n<p>&nbsp;<\/p>\n<table>\n<tbody>\n<tr>\n<td width=\"589\"><strong>PARA DESTACAR:<\/strong><\/p>\n<p>Proceso de selecci\u00f3n y premiaci\u00f3n lo realiza el Ministerio de Educaci\u00f3n Nacional.<\/td>\n<\/tr>\n<\/tbody>\n<\/table>\n<p>&nbsp;<\/p>\n<p>Consulte los requisitos de participaci\u00f3n <strong><a href=\"https:\/\/minciencias.gov.co\/sala_de_prensa\/premio-jose-francisco-socarras-en-la-categoria-mejor-docente-investigador\">aqu\u00ed<\/a><\/strong><\/p>\n<p>&nbsp;<\/p>\n<p><strong>Informes: <\/strong>Oficina de Comunicaciones y Prensa Universidad de Caldas.<\/p>\n<p><strong>Redacci\u00f3n:<\/strong> Adriana Salazar Villegas<\/p>\n<p>&nbsp;<\/p>\n","protected":false},"excerpt":{"rendered":"<p>SE OTORGAR\u00c1 AL DOCENTE INVESTIGADOR AFROCOLOMBIANO DE INSTITUCIONES DE EDUCACI\u00d3N SUPERIOR Premio Jos\u00e9 Francisco Socarr\u00e1s en la categor\u00eda mejor docente investigador 12\/07\/2021 Hasta el 30 de septiembre de 2021 estar\u00e1 abierta la convocatoria para la postulaci\u00f3n de candidatos para el Premio Jos\u00e9 Francisco Socarr\u00e1s en la categor\u00eda: Mejor docente investigador afrocolombiano de instituciones de educaci\u00f3n [&hellip;]<\/p>\n","protected":false},"author":2,"featured_media":63664,"comment_status":"closed","ping_status":"open","sticky":false,"template":"","format":"standard","meta":{"footnotes":""},"categories":[53,48],"tags":[141,333,4422,6776,81],"class_list":["post-63663","post","type-post","status-publish","format-standard","has-post-thumbnail","hentry","category-universidad-al-dia","category-actualidad","tag-convocatoria","tag-docentes","tag-merito","tag-afrocolombiano","tag-premio"],"yoast_head":"<!-- This site is optimized with the Yoast SEO plugin v27.5 - https:\/\/yoast.com\/product\/yoast-seo-wordpress\/ -->\n<title>Premio Jos\u00e9 Francisco Socarr\u00e1s en la categor\u00eda mejor docente investigador .<\/title>\n<meta name=\"robots\" content=\"index, follow, max-snippet:-1, max-image-preview:large, max-video-preview:-1\" \/>\n<link rel=\"canonical\" href=\"https:\/\/www.ucaldas.edu.co\/portal\/premio-jose-francisco-socarras-en-la-categoria-mejor-docente-investigador\/\" \/>\n<script type=\"application\/ld+json\" class=\"yoast-schema-graph\">{\"@context\":\"https:\\\/\\\/schema.org\",\"@graph\":[{\"@type\":\"Article\",\"@id\":\"https:\\\/\\\/www.ucaldas.edu.co\\\/portal\\\/premio-jose-francisco-socarras-en-la-categoria-mejor-docente-investigador\\\/#article\",\"isPartOf\":{\"@id\":\"https:\\\/\\\/www.ucaldas.edu.co\\\/portal\\\/premio-jose-francisco-socarras-en-la-categoria-mejor-docente-investigador\\\/\"},\"author\":{\"name\":\"ofiprensa\",\"@id\":\"https:\\\/\\\/www.ucaldas.edu.co\\\/portal\\\/#\\\/schema\\\/person\\\/a1b482e23449158b4bc319926c074fdf\"},\"headline\":\"Premio Jos\u00e9 Francisco Socarr\u00e1s en la categor\u00eda mejor docente investigador\",\"datePublished\":\"2021-07-12T22:27:01+00:00\",\"mainEntityOfPage\":{\"@id\":\"https:\\\/\\\/www.ucaldas.edu.co\\\/portal\\\/premio-jose-francisco-socarras-en-la-categoria-mejor-docente-investigador\\\/\"},\"wordCount\":252,\"publisher\":{\"@id\":\"https:\\\/\\\/www.ucaldas.edu.co\\\/portal\\\/#organization\"},\"image\":{\"@id\":\"https:\\\/\\\/www.ucaldas.edu.co\\\/portal\\\/premio-jose-francisco-socarras-en-la-categoria-mejor-docente-investigador\\\/#primaryimage\"},\"thumbnailUrl\":\"https:\\\/\\\/www.ucaldas.edu.co\\\/portal\\\/wp-content\\\/uploads\\\/2021\\\/07\\\/WhatsApp-Image-2021-07-12-at-5.10.58-PM-1.jpeg\",\"keywords\":[\"Convocatoria\",\"docentes\",\"m\u00e9rito\",\"afrocolombiano\",\"premio\"],\"articleSection\":[\"Universidad al D\u00eda\",\"Actualidad\"],\"inLanguage\":\"es\"},{\"@type\":\"WebPage\",\"@id\":\"https:\\\/\\\/www.ucaldas.edu.co\\\/portal\\\/premio-jose-francisco-socarras-en-la-categoria-mejor-docente-investigador\\\/\",\"url\":\"https:\\\/\\\/www.ucaldas.edu.co\\\/portal\\\/premio-jose-francisco-socarras-en-la-categoria-mejor-docente-investigador\\\/\",\"name\":\"Premio Jos\u00e9 Francisco Socarr\u00e1s en la categor\u00eda mejor docente investigador .\",\"isPartOf\":{\"@id\":\"https:\\\/\\\/www.ucaldas.edu.co\\\/portal\\\/#website\"},\"primaryImageOfPage\":{\"@id\":\"https:\\\/\\\/www.ucaldas.edu.co\\\/portal\\\/premio-jose-francisco-socarras-en-la-categoria-mejor-docente-investigador\\\/#primaryimage\"},\"image\":{\"@id\":\"https:\\\/\\\/www.ucaldas.edu.co\\\/portal\\\/premio-jose-francisco-socarras-en-la-categoria-mejor-docente-investigador\\\/#primaryimage\"},\"thumbnailUrl\":\"https:\\\/\\\/www.ucaldas.edu.co\\\/portal\\\/wp-content\\\/uploads\\\/2021\\\/07\\\/WhatsApp-Image-2021-07-12-at-5.10.58-PM-1.jpeg\",\"datePublished\":\"2021-07-12T22:27:01+00:00\",\"breadcrumb\":{\"@id\":\"https:\\\/\\\/www.ucaldas.edu.co\\\/portal\\\/premio-jose-francisco-socarras-en-la-categoria-mejor-docente-investigador\\\/#breadcrumb\"},\"inLanguage\":\"es\",\"potentialAction\":[{\"@type\":\"ReadAction\",\"target\":[\"https:\\\/\\\/www.ucaldas.edu.co\\\/portal\\\/premio-jose-francisco-socarras-en-la-categoria-mejor-docente-investigador\\\/\"]}]},{\"@type\":\"ImageObject\",\"inLanguage\":\"es\",\"@id\":\"https:\\\/\\\/www.ucaldas.edu.co\\\/portal\\\/premio-jose-francisco-socarras-en-la-categoria-mejor-docente-investigador\\\/#primaryimage\",\"url\":\"https:\\\/\\\/www.ucaldas.edu.co\\\/portal\\\/wp-content\\\/uploads\\\/2021\\\/07\\\/WhatsApp-Image-2021-07-12-at-5.10.58-PM-1.jpeg\",\"contentUrl\":\"https:\\\/\\\/www.ucaldas.edu.co\\\/portal\\\/wp-content\\\/uploads\\\/2021\\\/07\\\/WhatsApp-Image-2021-07-12-at-5.10.58-PM-1.jpeg\",\"width\":700,\"height\":400},{\"@type\":\"BreadcrumbList\",\"@id\":\"https:\\\/\\\/www.ucaldas.edu.co\\\/portal\\\/premio-jose-francisco-socarras-en-la-categoria-mejor-docente-investigador\\\/#breadcrumb\",\"itemListElement\":[{\"@type\":\"ListItem\",\"position\":1,\"name\":\"Portada\",\"item\":\"https:\\\/\\\/www.ucaldas.edu.co\\\/portal\\\/\"},{\"@type\":\"ListItem\",\"position\":2,\"name\":\"Premio Jos\u00e9 Francisco Socarr\u00e1s en la categor\u00eda mejor docente investigador\"}]},{\"@type\":\"WebSite\",\"@id\":\"https:\\\/\\\/www.ucaldas.edu.co\\\/portal\\\/#website\",\"url\":\"https:\\\/\\\/www.ucaldas.edu.co\\\/portal\\\/\",\"name\":\"Universidad de Caldas\",\"description\":\"\",\"publisher\":{\"@id\":\"https:\\\/\\\/www.ucaldas.edu.co\\\/portal\\\/#organization\"},\"alternateName\":\"U. de Caldas\",\"potentialAction\":[{\"@type\":\"SearchAction\",\"target\":{\"@type\":\"EntryPoint\",\"urlTemplate\":\"https:\\\/\\\/www.ucaldas.edu.co\\\/portal\\\/?s={search_term_string}\"},\"query-input\":{\"@type\":\"PropertyValueSpecification\",\"valueRequired\":true,\"valueName\":\"search_term_string\"}}],\"inLanguage\":\"es\"},{\"@type\":\"Organization\",\"@id\":\"https:\\\/\\\/www.ucaldas.edu.co\\\/portal\\\/#organization\",\"name\":\"Universidad de Caldas\",\"alternateName\":\"U. de Caldas\",\"url\":\"https:\\\/\\\/www.ucaldas.edu.co\\\/portal\\\/\",\"logo\":{\"@type\":\"ImageObject\",\"inLanguage\":\"es\",\"@id\":\"https:\\\/\\\/www.ucaldas.edu.co\\\/portal\\\/#\\\/schema\\\/logo\\\/image\\\/\",\"url\":\"https:\\\/\\\/www.ucaldas.edu.co\\\/portal\\\/wp-content\\\/uploads\\\/2023\\\/11\\\/Logo_horizontal_oscuroU-2023.png\",\"contentUrl\":\"https:\\\/\\\/www.ucaldas.edu.co\\\/portal\\\/wp-content\\\/uploads\\\/2023\\\/11\\\/Logo_horizontal_oscuroU-2023.png\",\"width\":263,\"height\":101,\"caption\":\"Universidad de Caldas\"},\"image\":{\"@id\":\"https:\\\/\\\/www.ucaldas.edu.co\\\/portal\\\/#\\\/schema\\\/logo\\\/image\\\/\"},\"sameAs\":[\"https:\\\/\\\/www.facebook.com\\\/udecaldas\",\"https:\\\/\\\/x.com\\\/udecaldas\",\"https:\\\/\\\/www.youtube.com\\\/universidadcaldas\",\"https:\\\/\\\/www.instagram.com\\\/udecaldas\\\/\"]},{\"@type\":\"Person\",\"@id\":\"https:\\\/\\\/www.ucaldas.edu.co\\\/portal\\\/#\\\/schema\\\/person\\\/a1b482e23449158b4bc319926c074fdf\",\"name\":\"ofiprensa\",\"image\":{\"@type\":\"ImageObject\",\"inLanguage\":\"es\",\"@id\":\"https:\\\/\\\/www.ucaldas.edu.co\\\/portal\\\/wp-content\\\/litespeed\\\/avatar\\\/09ea5085e600095a7a811142c6944527.jpg?ver=1777497608\",\"url\":\"https:\\\/\\\/www.ucaldas.edu.co\\\/portal\\\/wp-content\\\/litespeed\\\/avatar\\\/09ea5085e600095a7a811142c6944527.jpg?ver=1777497608\",\"contentUrl\":\"https:\\\/\\\/www.ucaldas.edu.co\\\/portal\\\/wp-content\\\/litespeed\\\/avatar\\\/09ea5085e600095a7a811142c6944527.jpg?ver=1777497608\",\"caption\":\"ofiprensa\"},\"url\":\"https:\\\/\\\/www.ucaldas.edu.co\\\/portal\\\/author\\\/ofiprensa\\\/\"}]}<\/script>\n<!-- \/ Yoast SEO plugin. -->","yoast_head_json":{"title":"Premio Jos\u00e9 Francisco Socarr\u00e1s en la categor\u00eda mejor docente investigador .","robots":{"index":"index","follow":"follow","max-snippet":"max-snippet:-1","max-image-preview":"max-image-preview:large","max-video-preview":"max-video-preview:-1"},"canonical":"https:\/\/www.ucaldas.edu.co\/portal\/premio-jose-francisco-socarras-en-la-categoria-mejor-docente-investigador\/","schema":{"@context":"https:\/\/schema.org","@graph":[{"@type":"Article","@id":"https:\/\/www.ucaldas.edu.co\/portal\/premio-jose-francisco-socarras-en-la-categoria-mejor-docente-investigador\/#article","isPartOf":{"@id":"https:\/\/www.ucaldas.edu.co\/portal\/premio-jose-francisco-socarras-en-la-categoria-mejor-docente-investigador\/"},"author":{"name":"ofiprensa","@id":"https:\/\/www.ucaldas.edu.co\/portal\/#\/schema\/person\/a1b482e23449158b4bc319926c074fdf"},"headline":"Premio Jos\u00e9 Francisco Socarr\u00e1s en la categor\u00eda mejor docente investigador","datePublished":"2021-07-12T22:27:01+00:00","mainEntityOfPage":{"@id":"https:\/\/www.ucaldas.edu.co\/portal\/premio-jose-francisco-socarras-en-la-categoria-mejor-docente-investigador\/"},"wordCount":252,"publisher":{"@id":"https:\/\/www.ucaldas.edu.co\/portal\/#organization"},"image":{"@id":"https:\/\/www.ucaldas.edu.co\/portal\/premio-jose-francisco-socarras-en-la-categoria-mejor-docente-investigador\/#primaryimage"},"thumbnailUrl":"https:\/\/www.ucaldas.edu.co\/portal\/wp-content\/uploads\/2021\/07\/WhatsApp-Image-2021-07-12-at-5.10.58-PM-1.jpeg","keywords":["Convocatoria","docentes","m\u00e9rito","afrocolombiano","premio"],"articleSection":["Universidad al D\u00eda","Actualidad"],"inLanguage":"es"},{"@type":"WebPage","@id":"https:\/\/www.ucaldas.edu.co\/portal\/premio-jose-francisco-socarras-en-la-categoria-mejor-docente-investigador\/","url":"https:\/\/www.ucaldas.edu.co\/portal\/premio-jose-francisco-socarras-en-la-categoria-mejor-docente-investigador\/","name":"Premio Jos\u00e9 Francisco Socarr\u00e1s en la categor\u00eda mejor docente investigador .","isPartOf":{"@id":"https:\/\/www.ucaldas.edu.co\/portal\/#website"},"primaryImageOfPage":{"@id":"https:\/\/www.ucaldas.edu.co\/portal\/premio-jose-francisco-socarras-en-la-categoria-mejor-docente-investigador\/#primaryimage"},"image":{"@id":"https:\/\/www.ucaldas.edu.co\/portal\/premio-jose-francisco-socarras-en-la-categoria-mejor-docente-investigador\/#primaryimage"},"thumbnailUrl":"https:\/\/www.ucaldas.edu.co\/portal\/wp-content\/uploads\/2021\/07\/WhatsApp-Image-2021-07-12-at-5.10.58-PM-1.jpeg","datePublished":"2021-07-12T22:27:01+00:00","breadcrumb":{"@id":"https:\/\/www.ucaldas.edu.co\/portal\/premio-jose-francisco-socarras-en-la-categoria-mejor-docente-investigador\/#breadcrumb"},"inLanguage":"es","potentialAction":[{"@type":"ReadAction","target":["https:\/\/www.ucaldas.edu.co\/portal\/premio-jose-francisco-socarras-en-la-categoria-mejor-docente-investigador\/"]}]},{"@type":"ImageObject","inLanguage":"es","@id":"https:\/\/www.ucaldas.edu.co\/portal\/premio-jose-francisco-socarras-en-la-categoria-mejor-docente-investigador\/#primaryimage","url":"https:\/\/www.ucaldas.edu.co\/portal\/wp-content\/uploads\/2021\/07\/WhatsApp-Image-2021-07-12-at-5.10.58-PM-1.jpeg","contentUrl":"https:\/\/www.ucaldas.edu.co\/portal\/wp-content\/uploads\/2021\/07\/WhatsApp-Image-2021-07-12-at-5.10.58-PM-1.jpeg","width":700,"height":400},{"@type":"BreadcrumbList","@id":"https:\/\/www.ucaldas.edu.co\/portal\/premio-jose-francisco-socarras-en-la-categoria-mejor-docente-investigador\/#breadcrumb","itemListElement":[{"@type":"ListItem","position":1,"name":"Portada","item":"https:\/\/www.ucaldas.edu.co\/portal\/"},{"@type":"ListItem","position":2,"name":"Premio Jos\u00e9 Francisco Socarr\u00e1s en la categor\u00eda mejor docente investigador"}]},{"@type":"WebSite","@id":"https:\/\/www.ucaldas.edu.co\/portal\/#website","url":"https:\/\/www.ucaldas.edu.co\/portal\/","name":"Universidad de Caldas","description":"","publisher":{"@id":"https:\/\/www.ucaldas.edu.co\/portal\/#organization"},"alternateName":"U. de Caldas","potentialAction":[{"@type":"SearchAction","target":{"@type":"EntryPoint","urlTemplate":"https:\/\/www.ucaldas.edu.co\/portal\/?s={search_term_string}"},"query-input":{"@type":"PropertyValueSpecification","valueRequired":true,"valueName":"search_term_string"}}],"inLanguage":"es"},{"@type":"Organization","@id":"https:\/\/www.ucaldas.edu.co\/portal\/#organization","name":"Universidad de Caldas","alternateName":"U. de Caldas","url":"https:\/\/www.ucaldas.edu.co\/portal\/","logo":{"@type":"ImageObject","inLanguage":"es","@id":"https:\/\/www.ucaldas.edu.co\/portal\/#\/schema\/logo\/image\/","url":"https:\/\/www.ucaldas.edu.co\/portal\/wp-content\/uploads\/2023\/11\/Logo_horizontal_oscuroU-2023.png","contentUrl":"https:\/\/www.ucaldas.edu.co\/portal\/wp-content\/uploads\/2023\/11\/Logo_horizontal_oscuroU-2023.png","width":263,"height":101,"caption":"Universidad de Caldas"},"image":{"@id":"https:\/\/www.ucaldas.edu.co\/portal\/#\/schema\/logo\/image\/"},"sameAs":["https:\/\/www.facebook.com\/udecaldas","https:\/\/x.com\/udecaldas","https:\/\/www.youtube.com\/universidadcaldas","https:\/\/www.instagram.com\/udecaldas\/"]},{"@type":"Person","@id":"https:\/\/www.ucaldas.edu.co\/portal\/#\/schema\/person\/a1b482e23449158b4bc319926c074fdf","name":"ofiprensa","image":{"@type":"ImageObject","inLanguage":"es","@id":"https:\/\/www.ucaldas.edu.co\/portal\/wp-content\/litespeed\/avatar\/09ea5085e600095a7a811142c6944527.jpg?ver=1777497608","url":"https:\/\/www.ucaldas.edu.co\/portal\/wp-content\/litespeed\/avatar\/09ea5085e600095a7a811142c6944527.jpg?ver=1777497608","contentUrl":"https:\/\/www.ucaldas.edu.co\/portal\/wp-content\/litespeed\/avatar\/09ea5085e600095a7a811142c6944527.jpg?ver=1777497608","caption":"ofiprensa"},"url":"https:\/\/www.ucaldas.edu.co\/portal\/author\/ofiprensa\/"}]}},"_links":{"self":[{"href":"https:\/\/www.ucaldas.edu.co\/portal\/wp-json\/wp\/v2\/posts\/63663","targetHints":{"allow":["GET"]}}],"collection":[{"href":"https:\/\/www.ucaldas.edu.co\/portal\/wp-json\/wp\/v2\/posts"}],"about":[{"href":"https:\/\/www.ucaldas.edu.co\/portal\/wp-json\/wp\/v2\/types\/post"}],"author":[{"embeddable":true,"href":"https:\/\/www.ucaldas.edu.co\/portal\/wp-json\/wp\/v2\/users\/2"}],"replies":[{"embeddable":true,"href":"https:\/\/www.ucaldas.edu.co\/portal\/wp-json\/wp\/v2\/comments?post=63663"}],"version-history":[{"count":0,"href":"https:\/\/www.ucaldas.edu.co\/portal\/wp-json\/wp\/v2\/posts\/63663\/revisions"}],"wp:featuredmedia":[{"embeddable":true,"href":"https:\/\/www.ucaldas.edu.co\/portal\/wp-json\/wp\/v2\/media\/63664"}],"wp:attachment":[{"href":"https:\/\/www.ucaldas.edu.co\/portal\/wp-json\/wp\/v2\/media?parent=63663"}],"wp:term":[{"taxonomy":"category","embeddable":true,"href":"https:\/\/www.ucaldas.edu.co\/portal\/wp-json\/wp\/v2\/categories?post=63663"},{"taxonomy":"post_tag","embeddable":true,"href":"https:\/\/www.ucaldas.edu.co\/portal\/wp-json\/wp\/v2\/tags?post=63663"}],"curies":[{"name":"wp","href":"https:\/\/api.w.org\/{rel}","templated":true}]}}