{"id":63604,"date":"2021-07-08T00:43:20","date_gmt":"2021-07-08T00:43:20","guid":{"rendered":"https:\/\/www.ucaldas.edu.co\/portal\/?p=63604"},"modified":"2021-07-08T00:43:20","modified_gmt":"2021-07-08T00:43:20","slug":"estudiantes-de-la-universidad-de-caldas-de-mision-tic-2022-participaron-en-encuentro-con-el-presidente-de-la-republica","status":"publish","type":"post","link":"https:\/\/www.ucaldas.edu.co\/portal\/estudiantes-de-la-universidad-de-caldas-de-mision-tic-2022-participaron-en-encuentro-con-el-presidente-de-la-republica\/","title":{"rendered":"Estudiantes de la Universidad de Caldas de Misi\u00f3n Tic 2022 participaron en encuentro con el Presidente de la Rep\u00fablica"},"content":{"rendered":"<p style=\"text-align: center;\">COMPARTIERON EXPERIENCIAS CON LA MINISTRA DE LAS TIC<br \/>\n<strong>Estudiantes de la Universidad de Caldas de Misi\u00f3n Tic 2022<br \/>\nparticiparon en encuentro con el Presidente de la Rep\u00fablica<\/strong><\/p>\n<p style=\"text-align: right;\">07\/07\/2021<\/p>\n<p><img loading=\"lazy\" decoding=\"async\" class=\"size-full wp-image-63605 aligncenter\" src=\"https:\/\/www.ucaldas.edu.co\/portal\/wp-content\/uploads\/2021\/07\/WhatsApp-Image-2021-07-07-at-6.23.34-PM-1.jpeg\" alt=\"\" width=\"700\" height=\"400\" srcset=\"https:\/\/www.ucaldas.edu.co\/portal\/wp-content\/uploads\/2021\/07\/WhatsApp-Image-2021-07-07-at-6.23.34-PM-1.jpeg 700w, https:\/\/www.ucaldas.edu.co\/portal\/wp-content\/uploads\/2021\/07\/WhatsApp-Image-2021-07-07-at-6.23.34-PM-1-300x171.jpeg 300w\" sizes=\"auto, (max-width: 700px) 100vw, 700px\" \/><\/p>\n<p>Dos meses despu\u00e9s de su primer encuentro con los egresados de Misi\u00f3n TIC en la Casa de Nari\u00f1o, el proyecto nacional que tiene como meta formar 100.000 colombianos entre estudiantes de colegios y bachilleres mayores de 15 a\u00f1os interesados en aprender programaci\u00f3n, el presidente de la Rep\u00fablica, Iv\u00e1n Duque M\u00e1rquez, y Karen Abudinen, ministra TIC, se reunieron en Bogot\u00e1 con los j\u00f3venes que escribir\u00e1n el presente y el futuro de la reactivaci\u00f3n econ\u00f3mica\u2026 en lenguaje de programaci\u00f3n.<\/p>\n<p><!--more--><\/p>\n<p>El encuentro fue dise\u00f1ado para que los protagonistas fueran los j\u00f3venes programadores, quienes compartieron sus experiencias con el Jefe de Estado y la ministra de las TIC y expusieron algunos de los proyectos tecnol\u00f3gicos con los que comenzar\u00e1n a innovar a partir de este a\u00f1o.<\/p>\n<p>Uno de los asistentes al encuentro fue Byron Reales G\u00f3ngora estudiante de la Universidad de Caldas y fundador de Agroboscales S.A.S., un emprendimiento desarrollado a finales de 2020 con el que est\u00e1 exportando productos agropecuarios a Alemania y Corea del Sur.<\/p>\n<p>\u00abAhora todo se mueve por medio de internet, redes sociales y aplicaciones, por lo que es muy importante aprender a utilizarlas y generar soluciones innovadoras, que apoyen la reactivaci\u00f3n de la econom\u00eda, mientras se crean nuevas oportunidades para m\u00e1s personas. Misi\u00f3n TIC es uno de los caminos para desarrollar esas habilidades, pues es una herramienta de potencializaci\u00f3n en el \u00e1rea digital\u00bb, asegur\u00f3 Reales.<\/p>\n<p>El rector de la Universidad de Caldas Alejandro Ceballos M\u00e1rquez acompa\u00f1\u00f3 a los estudiantes en este encuentro y resalt\u00f3 que este programa naci\u00f3 y fue dise\u00f1ado de la mano de empresas y emprendedores del sector para que los estudiantes de Misi\u00f3n TIC fueran formados con los conocimientos, habilidades y valores que necesita el mercado laboral de hoy en d\u00eda<\/p>\n<p>En esta formaci\u00f3n participan diferentes universidades del pa\u00eds y la Universidad de Caldas es la instituci\u00f3n que cuenta con la mayor\u00eda de estudiantes, 4800 en total, seguido por la Universidad del Norte, 4.550 cupos, la Universidad Aut\u00f3noma de Bucaramanga y la Universidad Nacional de Colombia cada una con 4.500 cupos, la Universidad de Antioquia y la Universidad del Bosque con 4300 cupos cada una y la Universidad Industrial de Santander con 4200 cupos.<\/p>\n<p>&nbsp;<\/p>\n<p><strong>Anexo:<br \/>\n<\/strong><strong><a href=\"https:\/\/www.ivoox.com\/encuentro-mision-tic-2022-8216-juntos-apostandole-a-la-audios-mp3_rf_72519688_1.html\">Audio rector Universidad de Caldas, Alejandro Ceballos M\u00e1rquez<\/a><br \/>\n<iframe loading=\"lazy\" src=\"https:\/\/www.ivoox.com\/player_ek_72519688_2_1.html?data=mJeik56afJmhhpywj5WUaZS1lZmah5yncZKhhpywj5WRaZi3jpWah5yncabixNrS0NnWs4zhytjWh6iXaZqnz5Dhy8iPdpGmk5CSlJuJdpSsk5ajh5imrtbi1dTgjcbUs9Tohqigh52VssXjzcqYw5KJe6Shq6qzp5CoiYzEs6q7taaRaZi3jpk.&amp;\" width=\"238\" height=\"48\" frameborder=\"0\" scrolling=\"no\" allowfullscreen=\"allowfullscreen\"><\/iframe><\/p>\n<p><\/strong><\/p>\n<p><strong>\u00a0<\/strong><\/p>\n<p><strong>Informes: <\/strong>Oficina de Comunicaciones y Prensa Universidad de Caldas.<\/p>\n<p><strong>Redacci\u00f3n:<\/strong> Adriana Salazar Villegas *con informaci\u00f3n de MinTic<\/p>\n<p>&nbsp;<\/p>\n","protected":false},"excerpt":{"rendered":"<p>COMPARTIERON EXPERIENCIAS CON LA MINISTRA DE LAS TIC Estudiantes de la Universidad de Caldas de Misi\u00f3n Tic 2022 participaron en encuentro con el Presidente de la Rep\u00fablica 07\/07\/2021 Dos meses despu\u00e9s de su primer encuentro con los egresados de Misi\u00f3n TIC en la Casa de Nari\u00f1o, el proyecto nacional que tiene como meta formar 100.000 [&hellip;]<\/p>\n","protected":false},"author":2,"featured_media":63605,"comment_status":"closed","ping_status":"open","sticky":false,"template":"","format":"standard","meta":{"footnotes":""},"categories":[48,53],"tags":[350,642,5142,6749],"class_list":["post-63604","post","type-post","status-publish","format-standard","has-post-thumbnail","hentry","category-actualidad","category-universidad-al-dia","tag-formacion","tag-tecnologia","tag-mision-tic-2022","tag-programadores"],"yoast_head":"<!-- This site is optimized with the Yoast SEO plugin v27.4 - https:\/\/yoast.com\/product\/yoast-seo-wordpress\/ -->\n<title>Estudiantes de la Universidad de Caldas de Misi\u00f3n Tic 2022 participaron en encuentro con el Presidente de la Rep\u00fablica .<\/title>\n<meta name=\"robots\" content=\"index, follow, max-snippet:-1, max-image-preview:large, max-video-preview:-1\" \/>\n<link rel=\"canonical\" href=\"https:\/\/www.ucaldas.edu.co\/portal\/estudiantes-de-la-universidad-de-caldas-de-mision-tic-2022-participaron-en-encuentro-con-el-presidente-de-la-republica\/\" \/>\n<script type=\"application\/ld+json\" class=\"yoast-schema-graph\">{\"@context\":\"https:\\\/\\\/schema.org\",\"@graph\":[{\"@type\":\"Article\",\"@id\":\"https:\\\/\\\/www.ucaldas.edu.co\\\/portal\\\/estudiantes-de-la-universidad-de-caldas-de-mision-tic-2022-participaron-en-encuentro-con-el-presidente-de-la-republica\\\/#article\",\"isPartOf\":{\"@id\":\"https:\\\/\\\/www.ucaldas.edu.co\\\/portal\\\/estudiantes-de-la-universidad-de-caldas-de-mision-tic-2022-participaron-en-encuentro-con-el-presidente-de-la-republica\\\/\"},\"author\":{\"name\":\"ofiprensa\",\"@id\":\"https:\\\/\\\/www.ucaldas.edu.co\\\/portal\\\/#\\\/schema\\\/person\\\/a1b482e23449158b4bc319926c074fdf\"},\"headline\":\"Estudiantes de la Universidad de Caldas de Misi\u00f3n Tic 2022 participaron en encuentro con el Presidente de la Rep\u00fablica\",\"datePublished\":\"2021-07-08T00:43:20+00:00\",\"mainEntityOfPage\":{\"@id\":\"https:\\\/\\\/www.ucaldas.edu.co\\\/portal\\\/estudiantes-de-la-universidad-de-caldas-de-mision-tic-2022-participaron-en-encuentro-con-el-presidente-de-la-republica\\\/\"},\"wordCount\":464,\"publisher\":{\"@id\":\"https:\\\/\\\/www.ucaldas.edu.co\\\/portal\\\/#organization\"},\"image\":{\"@id\":\"https:\\\/\\\/www.ucaldas.edu.co\\\/portal\\\/estudiantes-de-la-universidad-de-caldas-de-mision-tic-2022-participaron-en-encuentro-con-el-presidente-de-la-republica\\\/#primaryimage\"},\"thumbnailUrl\":\"https:\\\/\\\/www.ucaldas.edu.co\\\/portal\\\/wp-content\\\/uploads\\\/2021\\\/07\\\/WhatsApp-Image-2021-07-07-at-6.23.34-PM-1.jpeg\",\"keywords\":[\"formaci\u00f3n\",\"tecnolog\u00eda\",\"misi\u00f3n tic 2022\",\"programadores\"],\"articleSection\":[\"Actualidad\",\"Universidad al D\u00eda\"],\"inLanguage\":\"es\"},{\"@type\":\"WebPage\",\"@id\":\"https:\\\/\\\/www.ucaldas.edu.co\\\/portal\\\/estudiantes-de-la-universidad-de-caldas-de-mision-tic-2022-participaron-en-encuentro-con-el-presidente-de-la-republica\\\/\",\"url\":\"https:\\\/\\\/www.ucaldas.edu.co\\\/portal\\\/estudiantes-de-la-universidad-de-caldas-de-mision-tic-2022-participaron-en-encuentro-con-el-presidente-de-la-republica\\\/\",\"name\":\"Estudiantes de la Universidad de Caldas de Misi\u00f3n Tic 2022 participaron en encuentro con el Presidente de la Rep\u00fablica .\",\"isPartOf\":{\"@id\":\"https:\\\/\\\/www.ucaldas.edu.co\\\/portal\\\/#website\"},\"primaryImageOfPage\":{\"@id\":\"https:\\\/\\\/www.ucaldas.edu.co\\\/portal\\\/estudiantes-de-la-universidad-de-caldas-de-mision-tic-2022-participaron-en-encuentro-con-el-presidente-de-la-republica\\\/#primaryimage\"},\"image\":{\"@id\":\"https:\\\/\\\/www.ucaldas.edu.co\\\/portal\\\/estudiantes-de-la-universidad-de-caldas-de-mision-tic-2022-participaron-en-encuentro-con-el-presidente-de-la-republica\\\/#primaryimage\"},\"thumbnailUrl\":\"https:\\\/\\\/www.ucaldas.edu.co\\\/portal\\\/wp-content\\\/uploads\\\/2021\\\/07\\\/WhatsApp-Image-2021-07-07-at-6.23.34-PM-1.jpeg\",\"datePublished\":\"2021-07-08T00:43:20+00:00\",\"breadcrumb\":{\"@id\":\"https:\\\/\\\/www.ucaldas.edu.co\\\/portal\\\/estudiantes-de-la-universidad-de-caldas-de-mision-tic-2022-participaron-en-encuentro-con-el-presidente-de-la-republica\\\/#breadcrumb\"},\"inLanguage\":\"es\",\"potentialAction\":[{\"@type\":\"ReadAction\",\"target\":[\"https:\\\/\\\/www.ucaldas.edu.co\\\/portal\\\/estudiantes-de-la-universidad-de-caldas-de-mision-tic-2022-participaron-en-encuentro-con-el-presidente-de-la-republica\\\/\"]}]},{\"@type\":\"ImageObject\",\"inLanguage\":\"es\",\"@id\":\"https:\\\/\\\/www.ucaldas.edu.co\\\/portal\\\/estudiantes-de-la-universidad-de-caldas-de-mision-tic-2022-participaron-en-encuentro-con-el-presidente-de-la-republica\\\/#primaryimage\",\"url\":\"https:\\\/\\\/www.ucaldas.edu.co\\\/portal\\\/wp-content\\\/uploads\\\/2021\\\/07\\\/WhatsApp-Image-2021-07-07-at-6.23.34-PM-1.jpeg\",\"contentUrl\":\"https:\\\/\\\/www.ucaldas.edu.co\\\/portal\\\/wp-content\\\/uploads\\\/2021\\\/07\\\/WhatsApp-Image-2021-07-07-at-6.23.34-PM-1.jpeg\",\"width\":700,\"height\":400},{\"@type\":\"BreadcrumbList\",\"@id\":\"https:\\\/\\\/www.ucaldas.edu.co\\\/portal\\\/estudiantes-de-la-universidad-de-caldas-de-mision-tic-2022-participaron-en-encuentro-con-el-presidente-de-la-republica\\\/#breadcrumb\",\"itemListElement\":[{\"@type\":\"ListItem\",\"position\":1,\"name\":\"Portada\",\"item\":\"https:\\\/\\\/www.ucaldas.edu.co\\\/portal\\\/\"},{\"@type\":\"ListItem\",\"position\":2,\"name\":\"Estudiantes de la Universidad de Caldas de Misi\u00f3n Tic 2022 participaron en encuentro con el Presidente de la Rep\u00fablica\"}]},{\"@type\":\"WebSite\",\"@id\":\"https:\\\/\\\/www.ucaldas.edu.co\\\/portal\\\/#website\",\"url\":\"https:\\\/\\\/www.ucaldas.edu.co\\\/portal\\\/\",\"name\":\"Universidad de Caldas\",\"description\":\"\",\"publisher\":{\"@id\":\"https:\\\/\\\/www.ucaldas.edu.co\\\/portal\\\/#organization\"},\"alternateName\":\"U. de Caldas\",\"potentialAction\":[{\"@type\":\"SearchAction\",\"target\":{\"@type\":\"EntryPoint\",\"urlTemplate\":\"https:\\\/\\\/www.ucaldas.edu.co\\\/portal\\\/?s={search_term_string}\"},\"query-input\":{\"@type\":\"PropertyValueSpecification\",\"valueRequired\":true,\"valueName\":\"search_term_string\"}}],\"inLanguage\":\"es\"},{\"@type\":\"Organization\",\"@id\":\"https:\\\/\\\/www.ucaldas.edu.co\\\/portal\\\/#organization\",\"name\":\"Universidad de Caldas\",\"alternateName\":\"U. de Caldas\",\"url\":\"https:\\\/\\\/www.ucaldas.edu.co\\\/portal\\\/\",\"logo\":{\"@type\":\"ImageObject\",\"inLanguage\":\"es\",\"@id\":\"https:\\\/\\\/www.ucaldas.edu.co\\\/portal\\\/#\\\/schema\\\/logo\\\/image\\\/\",\"url\":\"https:\\\/\\\/www.ucaldas.edu.co\\\/portal\\\/wp-content\\\/uploads\\\/2023\\\/11\\\/Logo_horizontal_oscuroU-2023.png\",\"contentUrl\":\"https:\\\/\\\/www.ucaldas.edu.co\\\/portal\\\/wp-content\\\/uploads\\\/2023\\\/11\\\/Logo_horizontal_oscuroU-2023.png\",\"width\":263,\"height\":101,\"caption\":\"Universidad de Caldas\"},\"image\":{\"@id\":\"https:\\\/\\\/www.ucaldas.edu.co\\\/portal\\\/#\\\/schema\\\/logo\\\/image\\\/\"},\"sameAs\":[\"https:\\\/\\\/www.facebook.com\\\/udecaldas\",\"https:\\\/\\\/x.com\\\/udecaldas\",\"https:\\\/\\\/www.youtube.com\\\/universidadcaldas\",\"https:\\\/\\\/www.instagram.com\\\/udecaldas\\\/\"]},{\"@type\":\"Person\",\"@id\":\"https:\\\/\\\/www.ucaldas.edu.co\\\/portal\\\/#\\\/schema\\\/person\\\/a1b482e23449158b4bc319926c074fdf\",\"name\":\"ofiprensa\",\"image\":{\"@type\":\"ImageObject\",\"inLanguage\":\"es\",\"@id\":\"https:\\\/\\\/www.ucaldas.edu.co\\\/portal\\\/wp-content\\\/litespeed\\\/avatar\\\/09ea5085e600095a7a811142c6944527.jpg?ver=1776892805\",\"url\":\"https:\\\/\\\/www.ucaldas.edu.co\\\/portal\\\/wp-content\\\/litespeed\\\/avatar\\\/09ea5085e600095a7a811142c6944527.jpg?ver=1776892805\",\"contentUrl\":\"https:\\\/\\\/www.ucaldas.edu.co\\\/portal\\\/wp-content\\\/litespeed\\\/avatar\\\/09ea5085e600095a7a811142c6944527.jpg?ver=1776892805\",\"caption\":\"ofiprensa\"},\"url\":\"https:\\\/\\\/www.ucaldas.edu.co\\\/portal\\\/author\\\/ofiprensa\\\/\"}]}<\/script>\n<!-- \/ Yoast SEO plugin. -->","yoast_head_json":{"title":"Estudiantes de la Universidad de Caldas de Misi\u00f3n Tic 2022 participaron en encuentro con el Presidente de la Rep\u00fablica .","robots":{"index":"index","follow":"follow","max-snippet":"max-snippet:-1","max-image-preview":"max-image-preview:large","max-video-preview":"max-video-preview:-1"},"canonical":"https:\/\/www.ucaldas.edu.co\/portal\/estudiantes-de-la-universidad-de-caldas-de-mision-tic-2022-participaron-en-encuentro-con-el-presidente-de-la-republica\/","schema":{"@context":"https:\/\/schema.org","@graph":[{"@type":"Article","@id":"https:\/\/www.ucaldas.edu.co\/portal\/estudiantes-de-la-universidad-de-caldas-de-mision-tic-2022-participaron-en-encuentro-con-el-presidente-de-la-republica\/#article","isPartOf":{"@id":"https:\/\/www.ucaldas.edu.co\/portal\/estudiantes-de-la-universidad-de-caldas-de-mision-tic-2022-participaron-en-encuentro-con-el-presidente-de-la-republica\/"},"author":{"name":"ofiprensa","@id":"https:\/\/www.ucaldas.edu.co\/portal\/#\/schema\/person\/a1b482e23449158b4bc319926c074fdf"},"headline":"Estudiantes de la Universidad de Caldas de Misi\u00f3n Tic 2022 participaron en encuentro con el Presidente de la Rep\u00fablica","datePublished":"2021-07-08T00:43:20+00:00","mainEntityOfPage":{"@id":"https:\/\/www.ucaldas.edu.co\/portal\/estudiantes-de-la-universidad-de-caldas-de-mision-tic-2022-participaron-en-encuentro-con-el-presidente-de-la-republica\/"},"wordCount":464,"publisher":{"@id":"https:\/\/www.ucaldas.edu.co\/portal\/#organization"},"image":{"@id":"https:\/\/www.ucaldas.edu.co\/portal\/estudiantes-de-la-universidad-de-caldas-de-mision-tic-2022-participaron-en-encuentro-con-el-presidente-de-la-republica\/#primaryimage"},"thumbnailUrl":"https:\/\/www.ucaldas.edu.co\/portal\/wp-content\/uploads\/2021\/07\/WhatsApp-Image-2021-07-07-at-6.23.34-PM-1.jpeg","keywords":["formaci\u00f3n","tecnolog\u00eda","misi\u00f3n tic 2022","programadores"],"articleSection":["Actualidad","Universidad al D\u00eda"],"inLanguage":"es"},{"@type":"WebPage","@id":"https:\/\/www.ucaldas.edu.co\/portal\/estudiantes-de-la-universidad-de-caldas-de-mision-tic-2022-participaron-en-encuentro-con-el-presidente-de-la-republica\/","url":"https:\/\/www.ucaldas.edu.co\/portal\/estudiantes-de-la-universidad-de-caldas-de-mision-tic-2022-participaron-en-encuentro-con-el-presidente-de-la-republica\/","name":"Estudiantes de la Universidad de Caldas de Misi\u00f3n Tic 2022 participaron en encuentro con el Presidente de la Rep\u00fablica .","isPartOf":{"@id":"https:\/\/www.ucaldas.edu.co\/portal\/#website"},"primaryImageOfPage":{"@id":"https:\/\/www.ucaldas.edu.co\/portal\/estudiantes-de-la-universidad-de-caldas-de-mision-tic-2022-participaron-en-encuentro-con-el-presidente-de-la-republica\/#primaryimage"},"image":{"@id":"https:\/\/www.ucaldas.edu.co\/portal\/estudiantes-de-la-universidad-de-caldas-de-mision-tic-2022-participaron-en-encuentro-con-el-presidente-de-la-republica\/#primaryimage"},"thumbnailUrl":"https:\/\/www.ucaldas.edu.co\/portal\/wp-content\/uploads\/2021\/07\/WhatsApp-Image-2021-07-07-at-6.23.34-PM-1.jpeg","datePublished":"2021-07-08T00:43:20+00:00","breadcrumb":{"@id":"https:\/\/www.ucaldas.edu.co\/portal\/estudiantes-de-la-universidad-de-caldas-de-mision-tic-2022-participaron-en-encuentro-con-el-presidente-de-la-republica\/#breadcrumb"},"inLanguage":"es","potentialAction":[{"@type":"ReadAction","target":["https:\/\/www.ucaldas.edu.co\/portal\/estudiantes-de-la-universidad-de-caldas-de-mision-tic-2022-participaron-en-encuentro-con-el-presidente-de-la-republica\/"]}]},{"@type":"ImageObject","inLanguage":"es","@id":"https:\/\/www.ucaldas.edu.co\/portal\/estudiantes-de-la-universidad-de-caldas-de-mision-tic-2022-participaron-en-encuentro-con-el-presidente-de-la-republica\/#primaryimage","url":"https:\/\/www.ucaldas.edu.co\/portal\/wp-content\/uploads\/2021\/07\/WhatsApp-Image-2021-07-07-at-6.23.34-PM-1.jpeg","contentUrl":"https:\/\/www.ucaldas.edu.co\/portal\/wp-content\/uploads\/2021\/07\/WhatsApp-Image-2021-07-07-at-6.23.34-PM-1.jpeg","width":700,"height":400},{"@type":"BreadcrumbList","@id":"https:\/\/www.ucaldas.edu.co\/portal\/estudiantes-de-la-universidad-de-caldas-de-mision-tic-2022-participaron-en-encuentro-con-el-presidente-de-la-republica\/#breadcrumb","itemListElement":[{"@type":"ListItem","position":1,"name":"Portada","item":"https:\/\/www.ucaldas.edu.co\/portal\/"},{"@type":"ListItem","position":2,"name":"Estudiantes de la Universidad de Caldas de Misi\u00f3n Tic 2022 participaron en encuentro con el Presidente de la Rep\u00fablica"}]},{"@type":"WebSite","@id":"https:\/\/www.ucaldas.edu.co\/portal\/#website","url":"https:\/\/www.ucaldas.edu.co\/portal\/","name":"Universidad de Caldas","description":"","publisher":{"@id":"https:\/\/www.ucaldas.edu.co\/portal\/#organization"},"alternateName":"U. de Caldas","potentialAction":[{"@type":"SearchAction","target":{"@type":"EntryPoint","urlTemplate":"https:\/\/www.ucaldas.edu.co\/portal\/?s={search_term_string}"},"query-input":{"@type":"PropertyValueSpecification","valueRequired":true,"valueName":"search_term_string"}}],"inLanguage":"es"},{"@type":"Organization","@id":"https:\/\/www.ucaldas.edu.co\/portal\/#organization","name":"Universidad de Caldas","alternateName":"U. de Caldas","url":"https:\/\/www.ucaldas.edu.co\/portal\/","logo":{"@type":"ImageObject","inLanguage":"es","@id":"https:\/\/www.ucaldas.edu.co\/portal\/#\/schema\/logo\/image\/","url":"https:\/\/www.ucaldas.edu.co\/portal\/wp-content\/uploads\/2023\/11\/Logo_horizontal_oscuroU-2023.png","contentUrl":"https:\/\/www.ucaldas.edu.co\/portal\/wp-content\/uploads\/2023\/11\/Logo_horizontal_oscuroU-2023.png","width":263,"height":101,"caption":"Universidad de Caldas"},"image":{"@id":"https:\/\/www.ucaldas.edu.co\/portal\/#\/schema\/logo\/image\/"},"sameAs":["https:\/\/www.facebook.com\/udecaldas","https:\/\/x.com\/udecaldas","https:\/\/www.youtube.com\/universidadcaldas","https:\/\/www.instagram.com\/udecaldas\/"]},{"@type":"Person","@id":"https:\/\/www.ucaldas.edu.co\/portal\/#\/schema\/person\/a1b482e23449158b4bc319926c074fdf","name":"ofiprensa","image":{"@type":"ImageObject","inLanguage":"es","@id":"https:\/\/www.ucaldas.edu.co\/portal\/wp-content\/litespeed\/avatar\/09ea5085e600095a7a811142c6944527.jpg?ver=1776892805","url":"https:\/\/www.ucaldas.edu.co\/portal\/wp-content\/litespeed\/avatar\/09ea5085e600095a7a811142c6944527.jpg?ver=1776892805","contentUrl":"https:\/\/www.ucaldas.edu.co\/portal\/wp-content\/litespeed\/avatar\/09ea5085e600095a7a811142c6944527.jpg?ver=1776892805","caption":"ofiprensa"},"url":"https:\/\/www.ucaldas.edu.co\/portal\/author\/ofiprensa\/"}]}},"_links":{"self":[{"href":"https:\/\/www.ucaldas.edu.co\/portal\/wp-json\/wp\/v2\/posts\/63604","targetHints":{"allow":["GET"]}}],"collection":[{"href":"https:\/\/www.ucaldas.edu.co\/portal\/wp-json\/wp\/v2\/posts"}],"about":[{"href":"https:\/\/www.ucaldas.edu.co\/portal\/wp-json\/wp\/v2\/types\/post"}],"author":[{"embeddable":true,"href":"https:\/\/www.ucaldas.edu.co\/portal\/wp-json\/wp\/v2\/users\/2"}],"replies":[{"embeddable":true,"href":"https:\/\/www.ucaldas.edu.co\/portal\/wp-json\/wp\/v2\/comments?post=63604"}],"version-history":[{"count":0,"href":"https:\/\/www.ucaldas.edu.co\/portal\/wp-json\/wp\/v2\/posts\/63604\/revisions"}],"wp:featuredmedia":[{"embeddable":true,"href":"https:\/\/www.ucaldas.edu.co\/portal\/wp-json\/wp\/v2\/media\/63605"}],"wp:attachment":[{"href":"https:\/\/www.ucaldas.edu.co\/portal\/wp-json\/wp\/v2\/media?parent=63604"}],"wp:term":[{"taxonomy":"category","embeddable":true,"href":"https:\/\/www.ucaldas.edu.co\/portal\/wp-json\/wp\/v2\/categories?post=63604"},{"taxonomy":"post_tag","embeddable":true,"href":"https:\/\/www.ucaldas.edu.co\/portal\/wp-json\/wp\/v2\/tags?post=63604"}],"curies":[{"name":"wp","href":"https:\/\/api.w.org\/{rel}","templated":true}]}}