{"id":63591,"date":"2021-07-07T23:48:50","date_gmt":"2021-07-07T23:48:50","guid":{"rendered":"https:\/\/www.ucaldas.edu.co\/portal\/?p=63591"},"modified":"2021-07-07T23:48:50","modified_gmt":"2021-07-07T23:48:50","slug":"ultima-sesion-primer-ciclo-de-conferencias-la-decada-de-la-accion-para-el-desarrollo-sostenible","status":"publish","type":"post","link":"https:\/\/www.ucaldas.edu.co\/portal\/ultima-sesion-primer-ciclo-de-conferencias-la-decada-de-la-accion-para-el-desarrollo-sostenible\/","title":{"rendered":"\u00daltima sesi\u00f3n primer Ciclo de Conferencias: \u2018La d\u00e9cada de la acci\u00f3n para el Desarrollo Sostenible\u2019"},"content":{"rendered":"<p>&nbsp;<\/p>\n<p style=\"text-align: center;\">CONSERVACI\u00d3N PARA LA SOSTENIBILIDAD<br \/>\n<strong>\u00daltima sesi\u00f3n primer Ciclo de Conferencias:<br \/>\n\u2018La d\u00e9cada de la acci\u00f3n para el Desarrollo Sostenible\u2019<\/strong><\/p>\n<p style=\"text-align: right;\">07\/07\/2021<\/p>\n<p><img loading=\"lazy\" decoding=\"async\" class=\"size-full wp-image-63592 aligncenter\" src=\"https:\/\/www.ucaldas.edu.co\/portal\/wp-content\/uploads\/2021\/07\/catedra-unesco.jpg\" alt=\"\" width=\"700\" height=\"400\" srcset=\"https:\/\/www.ucaldas.edu.co\/portal\/wp-content\/uploads\/2021\/07\/catedra-unesco.jpg 700w, https:\/\/www.ucaldas.edu.co\/portal\/wp-content\/uploads\/2021\/07\/catedra-unesco-300x171.jpg 300w\" sizes=\"auto, (max-width: 700px) 100vw, 700px\" \/><\/p>\n<p>El pr\u00f3ximo mi\u00e9rcoles\u00a0 14 de julio a partir de las 5:00 p.m.\u00a0 se llevar\u00e1 a cabo la \u00faltima sesi\u00f3n del primer Ciclo de Conferencias \u2018La d\u00e9cada de la acci\u00f3n para el Desarrollo Sostenible\u2019, en la que se brindar\u00e1 un contexto nacional y regional de la conservaci\u00f3n para la sostenibilidad.<\/p>\n<p><!--more--><\/p>\n<p>El evento contar\u00e1 con la participaci\u00f3n de:<\/p>\n<ul>\n<li>Germ\u00e1n Jim\u00e9nez, Profesor Titular de la Pontificia Universidad Javeriana.<\/li>\n<li>Ligia Janneth Molina, Profesora Titular de la Universidad del Quind\u00edo.<\/li>\n<\/ul>\n<p>El Ciclo buscaba propiciar un espacio de discusi\u00f3n, reflexi\u00f3n y an\u00e1lisis sobre la aplicaci\u00f3n de la Biotecnolog\u00eda y la Bioeconom\u00eda como herramientas de elecci\u00f3n regional, que permita contribuir al cumplimiento nacional de los Objetivos de Desarrollo Sostenible ODS.<\/p>\n<p>La C\u00e1tedra UNESCO en Biotecnolog\u00eda y Objetivos de Desarrollo Sostenible es una iniciativa que se implementa en alianza entre la Universidad de Caldas, la Universidad Tecnol\u00f3gica de Pereira, la Universidad del Quind\u00edo y la Universidad Nacional de Colombia sede Manizales.<\/p>\n<p>&nbsp;<\/p>\n<p><strong><a href=\"https:\/\/renata.zoom.us\/meeting\/register\/tZEvcOCvrDIoGdBR3XnCPOaIxE8--0GRji7S\">Inscripciones a la transmisi\u00f3n aqu\u00ed.<\/a><\/strong><\/p>\n<p>&nbsp;<\/p>\n<p><strong>Informes: <\/strong>Oficina de Comunicaciones y Prensa Universidad de Caldas.<\/p>\n<p><strong>Redacci\u00f3n:<\/strong> Mateo Buritic\u00e1 Giraldo<\/p>\n<p>&nbsp;<\/p>\n","protected":false},"excerpt":{"rendered":"<p>&nbsp; CONSERVACI\u00d3N PARA LA SOSTENIBILIDAD \u00daltima sesi\u00f3n primer Ciclo de Conferencias: \u2018La d\u00e9cada de la acci\u00f3n para el Desarrollo Sostenible\u2019 07\/07\/2021 El pr\u00f3ximo mi\u00e9rcoles\u00a0 14 de julio a partir de las 5:00 p.m.\u00a0 se llevar\u00e1 a cabo la \u00faltima sesi\u00f3n del primer Ciclo de Conferencias \u2018La d\u00e9cada de la acci\u00f3n para el Desarrollo Sostenible\u2019, en [&hellip;]<\/p>\n","protected":false},"author":2,"featured_media":63592,"comment_status":"closed","ping_status":"open","sticky":false,"template":"","format":"standard","meta":{"footnotes":""},"categories":[48,53,62],"tags":[3627,6499,6744],"class_list":["post-63591","post","type-post","status-publish","format-standard","has-post-thumbnail","hentry","category-actualidad","category-universidad-al-dia","category-eventos","tag-desarrollo-sostenible","tag-catedra-unesco","tag-objetivos-ods"],"yoast_head":"<!-- This site is optimized with the Yoast SEO plugin v27.5 - https:\/\/yoast.com\/product\/yoast-seo-wordpress\/ -->\n<title>\u00daltima sesi\u00f3n primer Ciclo de Conferencias: \u2018La d\u00e9cada de la acci\u00f3n para el Desarrollo Sostenible\u2019 .<\/title>\n<meta name=\"robots\" content=\"index, follow, max-snippet:-1, max-image-preview:large, max-video-preview:-1\" \/>\n<link rel=\"canonical\" href=\"https:\/\/www.ucaldas.edu.co\/portal\/ultima-sesion-primer-ciclo-de-conferencias-la-decada-de-la-accion-para-el-desarrollo-sostenible\/\" \/>\n<script type=\"application\/ld+json\" class=\"yoast-schema-graph\">{\"@context\":\"https:\\\/\\\/schema.org\",\"@graph\":[{\"@type\":\"Article\",\"@id\":\"https:\\\/\\\/www.ucaldas.edu.co\\\/portal\\\/ultima-sesion-primer-ciclo-de-conferencias-la-decada-de-la-accion-para-el-desarrollo-sostenible\\\/#article\",\"isPartOf\":{\"@id\":\"https:\\\/\\\/www.ucaldas.edu.co\\\/portal\\\/ultima-sesion-primer-ciclo-de-conferencias-la-decada-de-la-accion-para-el-desarrollo-sostenible\\\/\"},\"author\":{\"name\":\"ofiprensa\",\"@id\":\"https:\\\/\\\/www.ucaldas.edu.co\\\/portal\\\/#\\\/schema\\\/person\\\/a1b482e23449158b4bc319926c074fdf\"},\"headline\":\"\u00daltima sesi\u00f3n primer Ciclo de Conferencias: \u2018La d\u00e9cada de la acci\u00f3n para el Desarrollo Sostenible\u2019\",\"datePublished\":\"2021-07-07T23:48:50+00:00\",\"mainEntityOfPage\":{\"@id\":\"https:\\\/\\\/www.ucaldas.edu.co\\\/portal\\\/ultima-sesion-primer-ciclo-de-conferencias-la-decada-de-la-accion-para-el-desarrollo-sostenible\\\/\"},\"wordCount\":238,\"publisher\":{\"@id\":\"https:\\\/\\\/www.ucaldas.edu.co\\\/portal\\\/#organization\"},\"image\":{\"@id\":\"https:\\\/\\\/www.ucaldas.edu.co\\\/portal\\\/ultima-sesion-primer-ciclo-de-conferencias-la-decada-de-la-accion-para-el-desarrollo-sostenible\\\/#primaryimage\"},\"thumbnailUrl\":\"https:\\\/\\\/www.ucaldas.edu.co\\\/portal\\\/wp-content\\\/uploads\\\/2021\\\/07\\\/catedra-unesco.jpg\",\"keywords\":[\"desarrollo sostenible\",\"c\u00e1tedra unesco\",\"objetivos ods\"],\"articleSection\":[\"Actualidad\",\"Universidad al D\u00eda\",\"Eventos\"],\"inLanguage\":\"es\"},{\"@type\":\"WebPage\",\"@id\":\"https:\\\/\\\/www.ucaldas.edu.co\\\/portal\\\/ultima-sesion-primer-ciclo-de-conferencias-la-decada-de-la-accion-para-el-desarrollo-sostenible\\\/\",\"url\":\"https:\\\/\\\/www.ucaldas.edu.co\\\/portal\\\/ultima-sesion-primer-ciclo-de-conferencias-la-decada-de-la-accion-para-el-desarrollo-sostenible\\\/\",\"name\":\"\u00daltima sesi\u00f3n primer Ciclo de Conferencias: \u2018La d\u00e9cada de la acci\u00f3n para el Desarrollo Sostenible\u2019 .\",\"isPartOf\":{\"@id\":\"https:\\\/\\\/www.ucaldas.edu.co\\\/portal\\\/#website\"},\"primaryImageOfPage\":{\"@id\":\"https:\\\/\\\/www.ucaldas.edu.co\\\/portal\\\/ultima-sesion-primer-ciclo-de-conferencias-la-decada-de-la-accion-para-el-desarrollo-sostenible\\\/#primaryimage\"},\"image\":{\"@id\":\"https:\\\/\\\/www.ucaldas.edu.co\\\/portal\\\/ultima-sesion-primer-ciclo-de-conferencias-la-decada-de-la-accion-para-el-desarrollo-sostenible\\\/#primaryimage\"},\"thumbnailUrl\":\"https:\\\/\\\/www.ucaldas.edu.co\\\/portal\\\/wp-content\\\/uploads\\\/2021\\\/07\\\/catedra-unesco.jpg\",\"datePublished\":\"2021-07-07T23:48:50+00:00\",\"breadcrumb\":{\"@id\":\"https:\\\/\\\/www.ucaldas.edu.co\\\/portal\\\/ultima-sesion-primer-ciclo-de-conferencias-la-decada-de-la-accion-para-el-desarrollo-sostenible\\\/#breadcrumb\"},\"inLanguage\":\"es\",\"potentialAction\":[{\"@type\":\"ReadAction\",\"target\":[\"https:\\\/\\\/www.ucaldas.edu.co\\\/portal\\\/ultima-sesion-primer-ciclo-de-conferencias-la-decada-de-la-accion-para-el-desarrollo-sostenible\\\/\"]}]},{\"@type\":\"ImageObject\",\"inLanguage\":\"es\",\"@id\":\"https:\\\/\\\/www.ucaldas.edu.co\\\/portal\\\/ultima-sesion-primer-ciclo-de-conferencias-la-decada-de-la-accion-para-el-desarrollo-sostenible\\\/#primaryimage\",\"url\":\"https:\\\/\\\/www.ucaldas.edu.co\\\/portal\\\/wp-content\\\/uploads\\\/2021\\\/07\\\/catedra-unesco.jpg\",\"contentUrl\":\"https:\\\/\\\/www.ucaldas.edu.co\\\/portal\\\/wp-content\\\/uploads\\\/2021\\\/07\\\/catedra-unesco.jpg\",\"width\":700,\"height\":400},{\"@type\":\"BreadcrumbList\",\"@id\":\"https:\\\/\\\/www.ucaldas.edu.co\\\/portal\\\/ultima-sesion-primer-ciclo-de-conferencias-la-decada-de-la-accion-para-el-desarrollo-sostenible\\\/#breadcrumb\",\"itemListElement\":[{\"@type\":\"ListItem\",\"position\":1,\"name\":\"Portada\",\"item\":\"https:\\\/\\\/www.ucaldas.edu.co\\\/portal\\\/\"},{\"@type\":\"ListItem\",\"position\":2,\"name\":\"\u00daltima sesi\u00f3n primer Ciclo de Conferencias: \u2018La d\u00e9cada de la acci\u00f3n para el Desarrollo Sostenible\u2019\"}]},{\"@type\":\"WebSite\",\"@id\":\"https:\\\/\\\/www.ucaldas.edu.co\\\/portal\\\/#website\",\"url\":\"https:\\\/\\\/www.ucaldas.edu.co\\\/portal\\\/\",\"name\":\"Universidad de Caldas\",\"description\":\"\",\"publisher\":{\"@id\":\"https:\\\/\\\/www.ucaldas.edu.co\\\/portal\\\/#organization\"},\"alternateName\":\"U. de Caldas\",\"potentialAction\":[{\"@type\":\"SearchAction\",\"target\":{\"@type\":\"EntryPoint\",\"urlTemplate\":\"https:\\\/\\\/www.ucaldas.edu.co\\\/portal\\\/?s={search_term_string}\"},\"query-input\":{\"@type\":\"PropertyValueSpecification\",\"valueRequired\":true,\"valueName\":\"search_term_string\"}}],\"inLanguage\":\"es\"},{\"@type\":\"Organization\",\"@id\":\"https:\\\/\\\/www.ucaldas.edu.co\\\/portal\\\/#organization\",\"name\":\"Universidad de Caldas\",\"alternateName\":\"U. de Caldas\",\"url\":\"https:\\\/\\\/www.ucaldas.edu.co\\\/portal\\\/\",\"logo\":{\"@type\":\"ImageObject\",\"inLanguage\":\"es\",\"@id\":\"https:\\\/\\\/www.ucaldas.edu.co\\\/portal\\\/#\\\/schema\\\/logo\\\/image\\\/\",\"url\":\"https:\\\/\\\/www.ucaldas.edu.co\\\/portal\\\/wp-content\\\/uploads\\\/2023\\\/11\\\/Logo_horizontal_oscuroU-2023.png\",\"contentUrl\":\"https:\\\/\\\/www.ucaldas.edu.co\\\/portal\\\/wp-content\\\/uploads\\\/2023\\\/11\\\/Logo_horizontal_oscuroU-2023.png\",\"width\":263,\"height\":101,\"caption\":\"Universidad de Caldas\"},\"image\":{\"@id\":\"https:\\\/\\\/www.ucaldas.edu.co\\\/portal\\\/#\\\/schema\\\/logo\\\/image\\\/\"},\"sameAs\":[\"https:\\\/\\\/www.facebook.com\\\/udecaldas\",\"https:\\\/\\\/x.com\\\/udecaldas\",\"https:\\\/\\\/www.youtube.com\\\/universidadcaldas\",\"https:\\\/\\\/www.instagram.com\\\/udecaldas\\\/\"]},{\"@type\":\"Person\",\"@id\":\"https:\\\/\\\/www.ucaldas.edu.co\\\/portal\\\/#\\\/schema\\\/person\\\/a1b482e23449158b4bc319926c074fdf\",\"name\":\"ofiprensa\",\"image\":{\"@type\":\"ImageObject\",\"inLanguage\":\"es\",\"@id\":\"https:\\\/\\\/www.ucaldas.edu.co\\\/portal\\\/wp-content\\\/litespeed\\\/avatar\\\/09ea5085e600095a7a811142c6944527.jpg?ver=1777497608\",\"url\":\"https:\\\/\\\/www.ucaldas.edu.co\\\/portal\\\/wp-content\\\/litespeed\\\/avatar\\\/09ea5085e600095a7a811142c6944527.jpg?ver=1777497608\",\"contentUrl\":\"https:\\\/\\\/www.ucaldas.edu.co\\\/portal\\\/wp-content\\\/litespeed\\\/avatar\\\/09ea5085e600095a7a811142c6944527.jpg?ver=1777497608\",\"caption\":\"ofiprensa\"},\"url\":\"https:\\\/\\\/www.ucaldas.edu.co\\\/portal\\\/author\\\/ofiprensa\\\/\"}]}<\/script>\n<!-- \/ Yoast SEO plugin. -->","yoast_head_json":{"title":"\u00daltima sesi\u00f3n primer Ciclo de Conferencias: \u2018La d\u00e9cada de la acci\u00f3n para el Desarrollo Sostenible\u2019 .","robots":{"index":"index","follow":"follow","max-snippet":"max-snippet:-1","max-image-preview":"max-image-preview:large","max-video-preview":"max-video-preview:-1"},"canonical":"https:\/\/www.ucaldas.edu.co\/portal\/ultima-sesion-primer-ciclo-de-conferencias-la-decada-de-la-accion-para-el-desarrollo-sostenible\/","schema":{"@context":"https:\/\/schema.org","@graph":[{"@type":"Article","@id":"https:\/\/www.ucaldas.edu.co\/portal\/ultima-sesion-primer-ciclo-de-conferencias-la-decada-de-la-accion-para-el-desarrollo-sostenible\/#article","isPartOf":{"@id":"https:\/\/www.ucaldas.edu.co\/portal\/ultima-sesion-primer-ciclo-de-conferencias-la-decada-de-la-accion-para-el-desarrollo-sostenible\/"},"author":{"name":"ofiprensa","@id":"https:\/\/www.ucaldas.edu.co\/portal\/#\/schema\/person\/a1b482e23449158b4bc319926c074fdf"},"headline":"\u00daltima sesi\u00f3n primer Ciclo de Conferencias: \u2018La d\u00e9cada de la acci\u00f3n para el Desarrollo Sostenible\u2019","datePublished":"2021-07-07T23:48:50+00:00","mainEntityOfPage":{"@id":"https:\/\/www.ucaldas.edu.co\/portal\/ultima-sesion-primer-ciclo-de-conferencias-la-decada-de-la-accion-para-el-desarrollo-sostenible\/"},"wordCount":238,"publisher":{"@id":"https:\/\/www.ucaldas.edu.co\/portal\/#organization"},"image":{"@id":"https:\/\/www.ucaldas.edu.co\/portal\/ultima-sesion-primer-ciclo-de-conferencias-la-decada-de-la-accion-para-el-desarrollo-sostenible\/#primaryimage"},"thumbnailUrl":"https:\/\/www.ucaldas.edu.co\/portal\/wp-content\/uploads\/2021\/07\/catedra-unesco.jpg","keywords":["desarrollo sostenible","c\u00e1tedra unesco","objetivos ods"],"articleSection":["Actualidad","Universidad al D\u00eda","Eventos"],"inLanguage":"es"},{"@type":"WebPage","@id":"https:\/\/www.ucaldas.edu.co\/portal\/ultima-sesion-primer-ciclo-de-conferencias-la-decada-de-la-accion-para-el-desarrollo-sostenible\/","url":"https:\/\/www.ucaldas.edu.co\/portal\/ultima-sesion-primer-ciclo-de-conferencias-la-decada-de-la-accion-para-el-desarrollo-sostenible\/","name":"\u00daltima sesi\u00f3n primer Ciclo de Conferencias: \u2018La d\u00e9cada de la acci\u00f3n para el Desarrollo Sostenible\u2019 .","isPartOf":{"@id":"https:\/\/www.ucaldas.edu.co\/portal\/#website"},"primaryImageOfPage":{"@id":"https:\/\/www.ucaldas.edu.co\/portal\/ultima-sesion-primer-ciclo-de-conferencias-la-decada-de-la-accion-para-el-desarrollo-sostenible\/#primaryimage"},"image":{"@id":"https:\/\/www.ucaldas.edu.co\/portal\/ultima-sesion-primer-ciclo-de-conferencias-la-decada-de-la-accion-para-el-desarrollo-sostenible\/#primaryimage"},"thumbnailUrl":"https:\/\/www.ucaldas.edu.co\/portal\/wp-content\/uploads\/2021\/07\/catedra-unesco.jpg","datePublished":"2021-07-07T23:48:50+00:00","breadcrumb":{"@id":"https:\/\/www.ucaldas.edu.co\/portal\/ultima-sesion-primer-ciclo-de-conferencias-la-decada-de-la-accion-para-el-desarrollo-sostenible\/#breadcrumb"},"inLanguage":"es","potentialAction":[{"@type":"ReadAction","target":["https:\/\/www.ucaldas.edu.co\/portal\/ultima-sesion-primer-ciclo-de-conferencias-la-decada-de-la-accion-para-el-desarrollo-sostenible\/"]}]},{"@type":"ImageObject","inLanguage":"es","@id":"https:\/\/www.ucaldas.edu.co\/portal\/ultima-sesion-primer-ciclo-de-conferencias-la-decada-de-la-accion-para-el-desarrollo-sostenible\/#primaryimage","url":"https:\/\/www.ucaldas.edu.co\/portal\/wp-content\/uploads\/2021\/07\/catedra-unesco.jpg","contentUrl":"https:\/\/www.ucaldas.edu.co\/portal\/wp-content\/uploads\/2021\/07\/catedra-unesco.jpg","width":700,"height":400},{"@type":"BreadcrumbList","@id":"https:\/\/www.ucaldas.edu.co\/portal\/ultima-sesion-primer-ciclo-de-conferencias-la-decada-de-la-accion-para-el-desarrollo-sostenible\/#breadcrumb","itemListElement":[{"@type":"ListItem","position":1,"name":"Portada","item":"https:\/\/www.ucaldas.edu.co\/portal\/"},{"@type":"ListItem","position":2,"name":"\u00daltima sesi\u00f3n primer Ciclo de Conferencias: \u2018La d\u00e9cada de la acci\u00f3n para el Desarrollo Sostenible\u2019"}]},{"@type":"WebSite","@id":"https:\/\/www.ucaldas.edu.co\/portal\/#website","url":"https:\/\/www.ucaldas.edu.co\/portal\/","name":"Universidad de Caldas","description":"","publisher":{"@id":"https:\/\/www.ucaldas.edu.co\/portal\/#organization"},"alternateName":"U. de Caldas","potentialAction":[{"@type":"SearchAction","target":{"@type":"EntryPoint","urlTemplate":"https:\/\/www.ucaldas.edu.co\/portal\/?s={search_term_string}"},"query-input":{"@type":"PropertyValueSpecification","valueRequired":true,"valueName":"search_term_string"}}],"inLanguage":"es"},{"@type":"Organization","@id":"https:\/\/www.ucaldas.edu.co\/portal\/#organization","name":"Universidad de Caldas","alternateName":"U. de Caldas","url":"https:\/\/www.ucaldas.edu.co\/portal\/","logo":{"@type":"ImageObject","inLanguage":"es","@id":"https:\/\/www.ucaldas.edu.co\/portal\/#\/schema\/logo\/image\/","url":"https:\/\/www.ucaldas.edu.co\/portal\/wp-content\/uploads\/2023\/11\/Logo_horizontal_oscuroU-2023.png","contentUrl":"https:\/\/www.ucaldas.edu.co\/portal\/wp-content\/uploads\/2023\/11\/Logo_horizontal_oscuroU-2023.png","width":263,"height":101,"caption":"Universidad de Caldas"},"image":{"@id":"https:\/\/www.ucaldas.edu.co\/portal\/#\/schema\/logo\/image\/"},"sameAs":["https:\/\/www.facebook.com\/udecaldas","https:\/\/x.com\/udecaldas","https:\/\/www.youtube.com\/universidadcaldas","https:\/\/www.instagram.com\/udecaldas\/"]},{"@type":"Person","@id":"https:\/\/www.ucaldas.edu.co\/portal\/#\/schema\/person\/a1b482e23449158b4bc319926c074fdf","name":"ofiprensa","image":{"@type":"ImageObject","inLanguage":"es","@id":"https:\/\/www.ucaldas.edu.co\/portal\/wp-content\/litespeed\/avatar\/09ea5085e600095a7a811142c6944527.jpg?ver=1777497608","url":"https:\/\/www.ucaldas.edu.co\/portal\/wp-content\/litespeed\/avatar\/09ea5085e600095a7a811142c6944527.jpg?ver=1777497608","contentUrl":"https:\/\/www.ucaldas.edu.co\/portal\/wp-content\/litespeed\/avatar\/09ea5085e600095a7a811142c6944527.jpg?ver=1777497608","caption":"ofiprensa"},"url":"https:\/\/www.ucaldas.edu.co\/portal\/author\/ofiprensa\/"}]}},"_links":{"self":[{"href":"https:\/\/www.ucaldas.edu.co\/portal\/wp-json\/wp\/v2\/posts\/63591","targetHints":{"allow":["GET"]}}],"collection":[{"href":"https:\/\/www.ucaldas.edu.co\/portal\/wp-json\/wp\/v2\/posts"}],"about":[{"href":"https:\/\/www.ucaldas.edu.co\/portal\/wp-json\/wp\/v2\/types\/post"}],"author":[{"embeddable":true,"href":"https:\/\/www.ucaldas.edu.co\/portal\/wp-json\/wp\/v2\/users\/2"}],"replies":[{"embeddable":true,"href":"https:\/\/www.ucaldas.edu.co\/portal\/wp-json\/wp\/v2\/comments?post=63591"}],"version-history":[{"count":0,"href":"https:\/\/www.ucaldas.edu.co\/portal\/wp-json\/wp\/v2\/posts\/63591\/revisions"}],"wp:featuredmedia":[{"embeddable":true,"href":"https:\/\/www.ucaldas.edu.co\/portal\/wp-json\/wp\/v2\/media\/63592"}],"wp:attachment":[{"href":"https:\/\/www.ucaldas.edu.co\/portal\/wp-json\/wp\/v2\/media?parent=63591"}],"wp:term":[{"taxonomy":"category","embeddable":true,"href":"https:\/\/www.ucaldas.edu.co\/portal\/wp-json\/wp\/v2\/categories?post=63591"},{"taxonomy":"post_tag","embeddable":true,"href":"https:\/\/www.ucaldas.edu.co\/portal\/wp-json\/wp\/v2\/tags?post=63591"}],"curies":[{"name":"wp","href":"https:\/\/api.w.org\/{rel}","templated":true}]}}