{"id":63399,"date":"2021-06-24T23:35:06","date_gmt":"2021-06-24T23:35:06","guid":{"rendered":"https:\/\/www.ucaldas.edu.co\/portal\/?p=63399"},"modified":"2021-06-24T23:35:06","modified_gmt":"2021-06-24T23:35:06","slug":"red-de-oportunidades-analitica-de-datos-y-programa-mujer-ciencia-equidad","status":"publish","type":"post","link":"https:\/\/www.ucaldas.edu.co\/portal\/red-de-oportunidades-analitica-de-datos-y-programa-mujer-ciencia-equidad\/","title":{"rendered":"Red de oportunidades \u201cAnal\u00edtica de datos y Programa + Mujer + Ciencia + Equidad\u201d"},"content":{"rendered":"<p style=\"text-align: center;\">SESI\u00d3N VIRTUAL EL VIERNES 25 DE JUNIO<br \/>\n<strong>Red de oportunidades \u201cAnal\u00edtica de datos y Programa + Mujer + Ciencia + Equidad\u201d<\/strong><\/p>\n<p style=\"text-align: right;\">24\/06\/2021<\/p>\n<p><img loading=\"lazy\" decoding=\"async\" class=\"size-full wp-image-63400 aligncenter\" src=\"https:\/\/www.ucaldas.edu.co\/portal\/wp-content\/uploads\/2021\/06\/evento-renata.jpg\" alt=\"\" width=\"700\" height=\"400\" srcset=\"https:\/\/www.ucaldas.edu.co\/portal\/wp-content\/uploads\/2021\/06\/evento-renata.jpg 700w, https:\/\/www.ucaldas.edu.co\/portal\/wp-content\/uploads\/2021\/06\/evento-renata-300x171.jpg 300w\" sizes=\"auto, (max-width: 700px) 100vw, 700px\" \/><\/p>\n<p>La Red Nacional Acad\u00e9mica de Tecnolog\u00eda Avanzada, RENATA, invita a la comunidad acad\u00e9mica y cient\u00edfica del pa\u00eds a participar en Red de oportunidades \u201cAnal\u00edtica de datos y Programa + Mujer + Ciencia + Equidad\u201d que se llevar\u00e1 a cabo el viernes 25 de junio a partir de \u00a0las 10:00 a.m.<\/p>\n<p><!--more--><\/p>\n<p>En el evento adem\u00e1s de informar sobre las becas, premios y fondos de financiamiento para el desarrollo de proyectos en el contexto del programa \u201cM\u00e1s mujer, m\u00e1s ciencias, m\u00e1s equidad\u201d; tambi\u00e9n se expondr\u00e1 la importancia de la anal\u00edtica de datos en cuanto al descubrimiento, interpretaci\u00f3n y comunicaci\u00f3n de patrones significativos en los datos.<\/p>\n<p>Los invitados a la sesi\u00f3n ser\u00e1n:<\/p>\n<ul>\n<li>Eduardo Mendoza Victorica, L\u00edder de consultores de Bisolution Latinoam\u00e9rica.<\/li>\n<li>Diana Paola Joya, miembro del equipo de J\u00f3venes Investigadores de la Direcci\u00f3n de Vocaciones y Formaci\u00f3n de CTel de Minciencias.<\/li>\n<li>Liliana Jaimes, Asesora de Proyectos de Ciencias y Tecnolog\u00eda de la Organizaci\u00f3n de Estados Iberoamericanos.<\/li>\n<li>Carlos Ram\u00edrez, Gerente de TI de RENATA.<\/li>\n<li>Claudia Mar\u00eda Costa, Coordinadora de Comunicaciones de RENATA.<\/li>\n<\/ul>\n<p><strong>\u00a0<\/strong><\/p>\n<p><strong><a href=\"https:\/\/www.youtube.com\/channel\/UCyMGDIiYBpWfp-mIj1TIEjw\">Link de la transmisi\u00f3n aqu\u00ed.<\/a><\/strong><\/p>\n<p>&nbsp;<\/p>\n<p><strong>Informes: <\/strong>Oficina de Comunicaciones y Prensa Universidad de Caldas.<\/p>\n<p><strong>Redacci\u00f3n:<\/strong> Mateo Buritic\u00e1 Giraldo<\/p>\n<p>&nbsp;<\/p>\n","protected":false},"excerpt":{"rendered":"<p>SESI\u00d3N VIRTUAL EL VIERNES 25 DE JUNIO Red de oportunidades \u201cAnal\u00edtica de datos y Programa + Mujer + Ciencia + Equidad\u201d 24\/06\/2021 La Red Nacional Acad\u00e9mica de Tecnolog\u00eda Avanzada, RENATA, invita a la comunidad acad\u00e9mica y cient\u00edfica del pa\u00eds a participar en Red de oportunidades \u201cAnal\u00edtica de datos y Programa + Mujer + Ciencia + [&hellip;]<\/p>\n","protected":false},"author":2,"featured_media":63400,"comment_status":"closed","ping_status":"open","sticky":false,"template":"","format":"standard","meta":{"footnotes":""},"categories":[48,53,62],"tags":[3328,4543,6655,6656],"class_list":["post-63399","post","type-post","status-publish","format-standard","has-post-thumbnail","hentry","category-actualidad","category-universidad-al-dia","category-eventos","tag-renata","tag-minciencias","tag-analitica-de-datos","tag-programa-mas-mujer"],"yoast_head":"<!-- This site is optimized with the Yoast SEO plugin v27.5 - https:\/\/yoast.com\/product\/yoast-seo-wordpress\/ -->\n<title>Red de oportunidades \u201cAnal\u00edtica de datos y Programa + Mujer + Ciencia + Equidad\u201d .<\/title>\n<meta name=\"robots\" content=\"index, follow, max-snippet:-1, max-image-preview:large, max-video-preview:-1\" \/>\n<link rel=\"canonical\" href=\"https:\/\/www.ucaldas.edu.co\/portal\/red-de-oportunidades-analitica-de-datos-y-programa-mujer-ciencia-equidad\/\" \/>\n<script type=\"application\/ld+json\" class=\"yoast-schema-graph\">{\"@context\":\"https:\\\/\\\/schema.org\",\"@graph\":[{\"@type\":\"Article\",\"@id\":\"https:\\\/\\\/www.ucaldas.edu.co\\\/portal\\\/red-de-oportunidades-analitica-de-datos-y-programa-mujer-ciencia-equidad\\\/#article\",\"isPartOf\":{\"@id\":\"https:\\\/\\\/www.ucaldas.edu.co\\\/portal\\\/red-de-oportunidades-analitica-de-datos-y-programa-mujer-ciencia-equidad\\\/\"},\"author\":{\"name\":\"ofiprensa\",\"@id\":\"https:\\\/\\\/www.ucaldas.edu.co\\\/portal\\\/#\\\/schema\\\/person\\\/a1b482e23449158b4bc319926c074fdf\"},\"headline\":\"Red de oportunidades \u201cAnal\u00edtica de datos y Programa + Mujer + Ciencia + Equidad\u201d\",\"datePublished\":\"2021-06-24T23:35:06+00:00\",\"mainEntityOfPage\":{\"@id\":\"https:\\\/\\\/www.ucaldas.edu.co\\\/portal\\\/red-de-oportunidades-analitica-de-datos-y-programa-mujer-ciencia-equidad\\\/\"},\"wordCount\":242,\"publisher\":{\"@id\":\"https:\\\/\\\/www.ucaldas.edu.co\\\/portal\\\/#organization\"},\"image\":{\"@id\":\"https:\\\/\\\/www.ucaldas.edu.co\\\/portal\\\/red-de-oportunidades-analitica-de-datos-y-programa-mujer-ciencia-equidad\\\/#primaryimage\"},\"thumbnailUrl\":\"https:\\\/\\\/www.ucaldas.edu.co\\\/portal\\\/wp-content\\\/uploads\\\/2021\\\/06\\\/evento-renata.jpg\",\"keywords\":[\"renata\",\"Minciencias\",\"anal\u00edtica de datos\",\"programa m\u00e1s mujer\"],\"articleSection\":[\"Actualidad\",\"Universidad al D\u00eda\",\"Eventos\"],\"inLanguage\":\"es\"},{\"@type\":\"WebPage\",\"@id\":\"https:\\\/\\\/www.ucaldas.edu.co\\\/portal\\\/red-de-oportunidades-analitica-de-datos-y-programa-mujer-ciencia-equidad\\\/\",\"url\":\"https:\\\/\\\/www.ucaldas.edu.co\\\/portal\\\/red-de-oportunidades-analitica-de-datos-y-programa-mujer-ciencia-equidad\\\/\",\"name\":\"Red de oportunidades \u201cAnal\u00edtica de datos y Programa + Mujer + Ciencia + Equidad\u201d .\",\"isPartOf\":{\"@id\":\"https:\\\/\\\/www.ucaldas.edu.co\\\/portal\\\/#website\"},\"primaryImageOfPage\":{\"@id\":\"https:\\\/\\\/www.ucaldas.edu.co\\\/portal\\\/red-de-oportunidades-analitica-de-datos-y-programa-mujer-ciencia-equidad\\\/#primaryimage\"},\"image\":{\"@id\":\"https:\\\/\\\/www.ucaldas.edu.co\\\/portal\\\/red-de-oportunidades-analitica-de-datos-y-programa-mujer-ciencia-equidad\\\/#primaryimage\"},\"thumbnailUrl\":\"https:\\\/\\\/www.ucaldas.edu.co\\\/portal\\\/wp-content\\\/uploads\\\/2021\\\/06\\\/evento-renata.jpg\",\"datePublished\":\"2021-06-24T23:35:06+00:00\",\"breadcrumb\":{\"@id\":\"https:\\\/\\\/www.ucaldas.edu.co\\\/portal\\\/red-de-oportunidades-analitica-de-datos-y-programa-mujer-ciencia-equidad\\\/#breadcrumb\"},\"inLanguage\":\"es\",\"potentialAction\":[{\"@type\":\"ReadAction\",\"target\":[\"https:\\\/\\\/www.ucaldas.edu.co\\\/portal\\\/red-de-oportunidades-analitica-de-datos-y-programa-mujer-ciencia-equidad\\\/\"]}]},{\"@type\":\"ImageObject\",\"inLanguage\":\"es\",\"@id\":\"https:\\\/\\\/www.ucaldas.edu.co\\\/portal\\\/red-de-oportunidades-analitica-de-datos-y-programa-mujer-ciencia-equidad\\\/#primaryimage\",\"url\":\"https:\\\/\\\/www.ucaldas.edu.co\\\/portal\\\/wp-content\\\/uploads\\\/2021\\\/06\\\/evento-renata.jpg\",\"contentUrl\":\"https:\\\/\\\/www.ucaldas.edu.co\\\/portal\\\/wp-content\\\/uploads\\\/2021\\\/06\\\/evento-renata.jpg\",\"width\":700,\"height\":400},{\"@type\":\"BreadcrumbList\",\"@id\":\"https:\\\/\\\/www.ucaldas.edu.co\\\/portal\\\/red-de-oportunidades-analitica-de-datos-y-programa-mujer-ciencia-equidad\\\/#breadcrumb\",\"itemListElement\":[{\"@type\":\"ListItem\",\"position\":1,\"name\":\"Portada\",\"item\":\"https:\\\/\\\/www.ucaldas.edu.co\\\/portal\\\/\"},{\"@type\":\"ListItem\",\"position\":2,\"name\":\"Red de oportunidades \u201cAnal\u00edtica de datos y Programa + Mujer + Ciencia + Equidad\u201d\"}]},{\"@type\":\"WebSite\",\"@id\":\"https:\\\/\\\/www.ucaldas.edu.co\\\/portal\\\/#website\",\"url\":\"https:\\\/\\\/www.ucaldas.edu.co\\\/portal\\\/\",\"name\":\"Universidad de Caldas\",\"description\":\"\",\"publisher\":{\"@id\":\"https:\\\/\\\/www.ucaldas.edu.co\\\/portal\\\/#organization\"},\"alternateName\":\"U. de Caldas\",\"potentialAction\":[{\"@type\":\"SearchAction\",\"target\":{\"@type\":\"EntryPoint\",\"urlTemplate\":\"https:\\\/\\\/www.ucaldas.edu.co\\\/portal\\\/?s={search_term_string}\"},\"query-input\":{\"@type\":\"PropertyValueSpecification\",\"valueRequired\":true,\"valueName\":\"search_term_string\"}}],\"inLanguage\":\"es\"},{\"@type\":\"Organization\",\"@id\":\"https:\\\/\\\/www.ucaldas.edu.co\\\/portal\\\/#organization\",\"name\":\"Universidad de Caldas\",\"alternateName\":\"U. de Caldas\",\"url\":\"https:\\\/\\\/www.ucaldas.edu.co\\\/portal\\\/\",\"logo\":{\"@type\":\"ImageObject\",\"inLanguage\":\"es\",\"@id\":\"https:\\\/\\\/www.ucaldas.edu.co\\\/portal\\\/#\\\/schema\\\/logo\\\/image\\\/\",\"url\":\"https:\\\/\\\/www.ucaldas.edu.co\\\/portal\\\/wp-content\\\/uploads\\\/2023\\\/11\\\/Logo_horizontal_oscuroU-2023.png\",\"contentUrl\":\"https:\\\/\\\/www.ucaldas.edu.co\\\/portal\\\/wp-content\\\/uploads\\\/2023\\\/11\\\/Logo_horizontal_oscuroU-2023.png\",\"width\":263,\"height\":101,\"caption\":\"Universidad de Caldas\"},\"image\":{\"@id\":\"https:\\\/\\\/www.ucaldas.edu.co\\\/portal\\\/#\\\/schema\\\/logo\\\/image\\\/\"},\"sameAs\":[\"https:\\\/\\\/www.facebook.com\\\/udecaldas\",\"https:\\\/\\\/x.com\\\/udecaldas\",\"https:\\\/\\\/www.youtube.com\\\/universidadcaldas\",\"https:\\\/\\\/www.instagram.com\\\/udecaldas\\\/\"]},{\"@type\":\"Person\",\"@id\":\"https:\\\/\\\/www.ucaldas.edu.co\\\/portal\\\/#\\\/schema\\\/person\\\/a1b482e23449158b4bc319926c074fdf\",\"name\":\"ofiprensa\",\"image\":{\"@type\":\"ImageObject\",\"inLanguage\":\"es\",\"@id\":\"https:\\\/\\\/www.ucaldas.edu.co\\\/portal\\\/wp-content\\\/litespeed\\\/avatar\\\/09ea5085e600095a7a811142c6944527.jpg?ver=1777497608\",\"url\":\"https:\\\/\\\/www.ucaldas.edu.co\\\/portal\\\/wp-content\\\/litespeed\\\/avatar\\\/09ea5085e600095a7a811142c6944527.jpg?ver=1777497608\",\"contentUrl\":\"https:\\\/\\\/www.ucaldas.edu.co\\\/portal\\\/wp-content\\\/litespeed\\\/avatar\\\/09ea5085e600095a7a811142c6944527.jpg?ver=1777497608\",\"caption\":\"ofiprensa\"},\"url\":\"https:\\\/\\\/www.ucaldas.edu.co\\\/portal\\\/author\\\/ofiprensa\\\/\"}]}<\/script>\n<!-- \/ Yoast SEO plugin. -->","yoast_head_json":{"title":"Red de oportunidades \u201cAnal\u00edtica de datos y Programa + Mujer + Ciencia + Equidad\u201d .","robots":{"index":"index","follow":"follow","max-snippet":"max-snippet:-1","max-image-preview":"max-image-preview:large","max-video-preview":"max-video-preview:-1"},"canonical":"https:\/\/www.ucaldas.edu.co\/portal\/red-de-oportunidades-analitica-de-datos-y-programa-mujer-ciencia-equidad\/","schema":{"@context":"https:\/\/schema.org","@graph":[{"@type":"Article","@id":"https:\/\/www.ucaldas.edu.co\/portal\/red-de-oportunidades-analitica-de-datos-y-programa-mujer-ciencia-equidad\/#article","isPartOf":{"@id":"https:\/\/www.ucaldas.edu.co\/portal\/red-de-oportunidades-analitica-de-datos-y-programa-mujer-ciencia-equidad\/"},"author":{"name":"ofiprensa","@id":"https:\/\/www.ucaldas.edu.co\/portal\/#\/schema\/person\/a1b482e23449158b4bc319926c074fdf"},"headline":"Red de oportunidades \u201cAnal\u00edtica de datos y Programa + Mujer + Ciencia + Equidad\u201d","datePublished":"2021-06-24T23:35:06+00:00","mainEntityOfPage":{"@id":"https:\/\/www.ucaldas.edu.co\/portal\/red-de-oportunidades-analitica-de-datos-y-programa-mujer-ciencia-equidad\/"},"wordCount":242,"publisher":{"@id":"https:\/\/www.ucaldas.edu.co\/portal\/#organization"},"image":{"@id":"https:\/\/www.ucaldas.edu.co\/portal\/red-de-oportunidades-analitica-de-datos-y-programa-mujer-ciencia-equidad\/#primaryimage"},"thumbnailUrl":"https:\/\/www.ucaldas.edu.co\/portal\/wp-content\/uploads\/2021\/06\/evento-renata.jpg","keywords":["renata","Minciencias","anal\u00edtica de datos","programa m\u00e1s mujer"],"articleSection":["Actualidad","Universidad al D\u00eda","Eventos"],"inLanguage":"es"},{"@type":"WebPage","@id":"https:\/\/www.ucaldas.edu.co\/portal\/red-de-oportunidades-analitica-de-datos-y-programa-mujer-ciencia-equidad\/","url":"https:\/\/www.ucaldas.edu.co\/portal\/red-de-oportunidades-analitica-de-datos-y-programa-mujer-ciencia-equidad\/","name":"Red de oportunidades \u201cAnal\u00edtica de datos y Programa + Mujer + Ciencia + Equidad\u201d .","isPartOf":{"@id":"https:\/\/www.ucaldas.edu.co\/portal\/#website"},"primaryImageOfPage":{"@id":"https:\/\/www.ucaldas.edu.co\/portal\/red-de-oportunidades-analitica-de-datos-y-programa-mujer-ciencia-equidad\/#primaryimage"},"image":{"@id":"https:\/\/www.ucaldas.edu.co\/portal\/red-de-oportunidades-analitica-de-datos-y-programa-mujer-ciencia-equidad\/#primaryimage"},"thumbnailUrl":"https:\/\/www.ucaldas.edu.co\/portal\/wp-content\/uploads\/2021\/06\/evento-renata.jpg","datePublished":"2021-06-24T23:35:06+00:00","breadcrumb":{"@id":"https:\/\/www.ucaldas.edu.co\/portal\/red-de-oportunidades-analitica-de-datos-y-programa-mujer-ciencia-equidad\/#breadcrumb"},"inLanguage":"es","potentialAction":[{"@type":"ReadAction","target":["https:\/\/www.ucaldas.edu.co\/portal\/red-de-oportunidades-analitica-de-datos-y-programa-mujer-ciencia-equidad\/"]}]},{"@type":"ImageObject","inLanguage":"es","@id":"https:\/\/www.ucaldas.edu.co\/portal\/red-de-oportunidades-analitica-de-datos-y-programa-mujer-ciencia-equidad\/#primaryimage","url":"https:\/\/www.ucaldas.edu.co\/portal\/wp-content\/uploads\/2021\/06\/evento-renata.jpg","contentUrl":"https:\/\/www.ucaldas.edu.co\/portal\/wp-content\/uploads\/2021\/06\/evento-renata.jpg","width":700,"height":400},{"@type":"BreadcrumbList","@id":"https:\/\/www.ucaldas.edu.co\/portal\/red-de-oportunidades-analitica-de-datos-y-programa-mujer-ciencia-equidad\/#breadcrumb","itemListElement":[{"@type":"ListItem","position":1,"name":"Portada","item":"https:\/\/www.ucaldas.edu.co\/portal\/"},{"@type":"ListItem","position":2,"name":"Red de oportunidades \u201cAnal\u00edtica de datos y Programa + Mujer + Ciencia + Equidad\u201d"}]},{"@type":"WebSite","@id":"https:\/\/www.ucaldas.edu.co\/portal\/#website","url":"https:\/\/www.ucaldas.edu.co\/portal\/","name":"Universidad de Caldas","description":"","publisher":{"@id":"https:\/\/www.ucaldas.edu.co\/portal\/#organization"},"alternateName":"U. de Caldas","potentialAction":[{"@type":"SearchAction","target":{"@type":"EntryPoint","urlTemplate":"https:\/\/www.ucaldas.edu.co\/portal\/?s={search_term_string}"},"query-input":{"@type":"PropertyValueSpecification","valueRequired":true,"valueName":"search_term_string"}}],"inLanguage":"es"},{"@type":"Organization","@id":"https:\/\/www.ucaldas.edu.co\/portal\/#organization","name":"Universidad de Caldas","alternateName":"U. de Caldas","url":"https:\/\/www.ucaldas.edu.co\/portal\/","logo":{"@type":"ImageObject","inLanguage":"es","@id":"https:\/\/www.ucaldas.edu.co\/portal\/#\/schema\/logo\/image\/","url":"https:\/\/www.ucaldas.edu.co\/portal\/wp-content\/uploads\/2023\/11\/Logo_horizontal_oscuroU-2023.png","contentUrl":"https:\/\/www.ucaldas.edu.co\/portal\/wp-content\/uploads\/2023\/11\/Logo_horizontal_oscuroU-2023.png","width":263,"height":101,"caption":"Universidad de Caldas"},"image":{"@id":"https:\/\/www.ucaldas.edu.co\/portal\/#\/schema\/logo\/image\/"},"sameAs":["https:\/\/www.facebook.com\/udecaldas","https:\/\/x.com\/udecaldas","https:\/\/www.youtube.com\/universidadcaldas","https:\/\/www.instagram.com\/udecaldas\/"]},{"@type":"Person","@id":"https:\/\/www.ucaldas.edu.co\/portal\/#\/schema\/person\/a1b482e23449158b4bc319926c074fdf","name":"ofiprensa","image":{"@type":"ImageObject","inLanguage":"es","@id":"https:\/\/www.ucaldas.edu.co\/portal\/wp-content\/litespeed\/avatar\/09ea5085e600095a7a811142c6944527.jpg?ver=1777497608","url":"https:\/\/www.ucaldas.edu.co\/portal\/wp-content\/litespeed\/avatar\/09ea5085e600095a7a811142c6944527.jpg?ver=1777497608","contentUrl":"https:\/\/www.ucaldas.edu.co\/portal\/wp-content\/litespeed\/avatar\/09ea5085e600095a7a811142c6944527.jpg?ver=1777497608","caption":"ofiprensa"},"url":"https:\/\/www.ucaldas.edu.co\/portal\/author\/ofiprensa\/"}]}},"_links":{"self":[{"href":"https:\/\/www.ucaldas.edu.co\/portal\/wp-json\/wp\/v2\/posts\/63399","targetHints":{"allow":["GET"]}}],"collection":[{"href":"https:\/\/www.ucaldas.edu.co\/portal\/wp-json\/wp\/v2\/posts"}],"about":[{"href":"https:\/\/www.ucaldas.edu.co\/portal\/wp-json\/wp\/v2\/types\/post"}],"author":[{"embeddable":true,"href":"https:\/\/www.ucaldas.edu.co\/portal\/wp-json\/wp\/v2\/users\/2"}],"replies":[{"embeddable":true,"href":"https:\/\/www.ucaldas.edu.co\/portal\/wp-json\/wp\/v2\/comments?post=63399"}],"version-history":[{"count":0,"href":"https:\/\/www.ucaldas.edu.co\/portal\/wp-json\/wp\/v2\/posts\/63399\/revisions"}],"wp:featuredmedia":[{"embeddable":true,"href":"https:\/\/www.ucaldas.edu.co\/portal\/wp-json\/wp\/v2\/media\/63400"}],"wp:attachment":[{"href":"https:\/\/www.ucaldas.edu.co\/portal\/wp-json\/wp\/v2\/media?parent=63399"}],"wp:term":[{"taxonomy":"category","embeddable":true,"href":"https:\/\/www.ucaldas.edu.co\/portal\/wp-json\/wp\/v2\/categories?post=63399"},{"taxonomy":"post_tag","embeddable":true,"href":"https:\/\/www.ucaldas.edu.co\/portal\/wp-json\/wp\/v2\/tags?post=63399"}],"curies":[{"name":"wp","href":"https:\/\/api.w.org\/{rel}","templated":true}]}}