{"id":63311,"date":"2021-06-18T23:32:47","date_gmt":"2021-06-18T23:32:47","guid":{"rendered":"https:\/\/www.ucaldas.edu.co\/portal\/?p=63311"},"modified":"2021-06-18T23:32:47","modified_gmt":"2021-06-18T23:32:47","slug":"conozca-el-proyecto-revitalizacion-y-educacion-bilingue-lengua-embera","status":"publish","type":"post","link":"https:\/\/www.ucaldas.edu.co\/portal\/conozca-el-proyecto-revitalizacion-y-educacion-bilingue-lengua-embera\/","title":{"rendered":"Conozca el proyecto \u201cRevitalizaci\u00f3n y educaci\u00f3n biling\u00fce lengua Ember\u00e1\u201d"},"content":{"rendered":"<p style=\"text-align: center;\">\u00a0EN EL RESGUARDO LA ALBANIA DEL MUNICIPIO DE SAN JOS\u00c9<br \/>\n<b>Conozca el proyecto \u201cRevitalizaci\u00f3n y educaci\u00f3n biling\u00fce lengua Ember\u00e1\u201d<\/b><\/p>\n<p style=\"text-align: right;\">18\/06\/2021<\/p>\n<p><img loading=\"lazy\" decoding=\"async\" class=\"size-full wp-image-63312 aligncenter\" src=\"https:\/\/www.ucaldas.edu.co\/portal\/wp-content\/uploads\/2021\/06\/proyecto-embera.jpg\" alt=\"\" width=\"700\" height=\"400\" srcset=\"https:\/\/www.ucaldas.edu.co\/portal\/wp-content\/uploads\/2021\/06\/proyecto-embera.jpg 700w, https:\/\/www.ucaldas.edu.co\/portal\/wp-content\/uploads\/2021\/06\/proyecto-embera-300x171.jpg 300w\" sizes=\"auto, (max-width: 700px) 100vw, 700px\" \/><\/p>\n<p>Docentes del Departamento de Antropolog\u00eda y Sociolog\u00eda de la Universidad de Caldas, ejecutan \u00a0el proyecto \u201cRevitalizaci\u00f3n y educaci\u00f3n biling\u00fce lengua Ember\u00e1\u201d en el resguardo La Albania ubicado en el municipio de San Jos\u00e9, en el occidente de \u00a0Caldas.<\/p>\n<p><!--more--><\/p>\n<p>El proyecto busca realizar un acompa\u00f1amiento pedag\u00f3gico a la educaci\u00f3n biling\u00fce ember\u00e1-espa\u00f1ol y la elaboraci\u00f3n de materiales pedag\u00f3gicos que permitan dise\u00f1ar acciones urgentes de revitalizaci\u00f3n de la lengua Ember\u00e1, por medio de la difusi\u00f3n y discusi\u00f3n de los resultados de los diagn\u00f3sticos socioling\u00fc\u00edsticos realizados. Tambi\u00e9n se pretende adelantar capacitaciones con los y las agentes Ember\u00e1 como maestros y gestores culturales.<\/p>\n<p>La Revitalizaci\u00f3n en la que se basa el proyecto, es la estrategia que ha sido acordada multilateralmente dentro de la UNESCO con la participaci\u00f3n de expertos frente al proceso del deterioro de las lenguas ind\u00edgenas, que est\u00e1n en una acelerada perdida de vitalidad y de hablantes a un ritmo alarmante a nivel mundial.<\/p>\n<p>Este proyecto apunta a uno pasos iniciales espec\u00edficos los cuales inician con la documentaci\u00f3n que, seg\u00fan el docente Mauricio Pardo Rojas, co-coordinador del proyecto, sirve como elemento para la profundizaci\u00f3n ling\u00fc\u00edstica, uso pedag\u00f3gico de la lengua y como base para la capacitaci\u00f3n de los docentes en el mencionado municipio.<\/p>\n<p>Paralelo a la documentaci\u00f3n, se inici\u00f3 con la capacitaci\u00f3n docente en lecto-escritura con la revisi\u00f3n de materiales de cartilla, los cuales, a medida que se avance con la documentaci\u00f3n, ser\u00e1n complementados con elementos de mayor complejidad gramatical para el uso escolar y de formaci\u00f3n.<\/p>\n<p>Esta iniciativa fue presentada \u00a0ante la Asamblea Departamental de Caldas por parte del profesor Pardo, con lo cual se busca lograr una mejor articulaci\u00f3n entre la Secretaria de Educaci\u00f3n del departamento, el municipio de San Jos\u00e9 y la Universidad de Caldas, para establecer esta iniciativa como un servicio p\u00fablico permanente y sostenible.<\/p>\n<p>&nbsp;<\/p>\n<p><strong>Anexo:<br \/>\n<\/strong><strong><a href=\"https:\/\/www.ivoox.com\/mauricio-pardo-rojas-docente-coordinador-proyecto-revitalizacion-audios-mp3_rf_71622437_1.html\">Audio docente Mauricio Pardo Rojas.<\/a><br \/>\n<iframe loading=\"lazy\" src=\"https:\/\/co.ivoox.com\/es\/player_ek_71622437_2_1.html?data=mJajlJeYd5ihhpywj5WVaZS1kpyah5yncZKhhpywj5WRaZi3jpWah5ynca7V1tfWxc7Tb7HV08ncjbfTrsLnjJKYptTHqc_oxpDQ0dTWqMriwsnc1JDUttDtxsjh0ZDWqdehhpywj6jFsMXV1JCuxtKPmY6ZmKialg..&amp;\" width=\"238\" height=\"48\" frameborder=\"0\" scrolling=\"no\" allowfullscreen=\"allowfullscreen\"><\/iframe><\/p>\n<p><\/strong><\/p>\n<p>&nbsp;<\/p>\n<p><strong>Informes: <\/strong>Oficina de Comunicaciones y Prensa Universidad de Caldas.<\/p>\n<p><strong>Redacci\u00f3n:<\/strong> Mateo Buritic\u00e1 Giraldo<\/p>\n<p>&nbsp;<\/p>\n","protected":false},"excerpt":{"rendered":"<p>\u00a0EN EL RESGUARDO LA ALBANIA DEL MUNICIPIO DE SAN JOS\u00c9 Conozca el proyecto \u201cRevitalizaci\u00f3n y educaci\u00f3n biling\u00fce lengua Ember\u00e1\u201d 18\/06\/2021 Docentes del Departamento de Antropolog\u00eda y Sociolog\u00eda de la Universidad de Caldas, ejecutan \u00a0el proyecto \u201cRevitalizaci\u00f3n y educaci\u00f3n biling\u00fce lengua Ember\u00e1\u201d en el resguardo La Albania ubicado en el municipio de San Jos\u00e9, en el [&hellip;]<\/p>\n","protected":false},"author":2,"featured_media":63312,"comment_status":"closed","ping_status":"open","sticky":false,"template":"","format":"standard","meta":{"footnotes":""},"categories":[48,53,617],"tags":[187,6630,6631,6632],"class_list":["post-63311","post","type-post","status-publish","format-standard","has-post-thumbnail","hentry","category-actualidad","category-universidad-al-dia","category-ucaldas-colaborativa","tag-vicerrectoria-de-proyeccion-universitaria","tag-revitalizacion-bilingue","tag-lengua-embera-chami","tag-resguardo-la-albania"],"yoast_head":"<!-- This site is optimized with the Yoast SEO plugin v27.5 - https:\/\/yoast.com\/product\/yoast-seo-wordpress\/ -->\n<title>Conozca el proyecto \u201cRevitalizaci\u00f3n y educaci\u00f3n biling\u00fce lengua Ember\u00e1\u201d .<\/title>\n<meta name=\"robots\" content=\"index, follow, max-snippet:-1, max-image-preview:large, max-video-preview:-1\" \/>\n<link rel=\"canonical\" href=\"https:\/\/www.ucaldas.edu.co\/portal\/conozca-el-proyecto-revitalizacion-y-educacion-bilingue-lengua-embera\/\" \/>\n<script type=\"application\/ld+json\" class=\"yoast-schema-graph\">{\"@context\":\"https:\\\/\\\/schema.org\",\"@graph\":[{\"@type\":\"Article\",\"@id\":\"https:\\\/\\\/www.ucaldas.edu.co\\\/portal\\\/conozca-el-proyecto-revitalizacion-y-educacion-bilingue-lengua-embera\\\/#article\",\"isPartOf\":{\"@id\":\"https:\\\/\\\/www.ucaldas.edu.co\\\/portal\\\/conozca-el-proyecto-revitalizacion-y-educacion-bilingue-lengua-embera\\\/\"},\"author\":{\"name\":\"ofiprensa\",\"@id\":\"https:\\\/\\\/www.ucaldas.edu.co\\\/portal\\\/#\\\/schema\\\/person\\\/a1b482e23449158b4bc319926c074fdf\"},\"headline\":\"Conozca el proyecto \u201cRevitalizaci\u00f3n y educaci\u00f3n biling\u00fce lengua Ember\u00e1\u201d\",\"datePublished\":\"2021-06-18T23:32:47+00:00\",\"mainEntityOfPage\":{\"@id\":\"https:\\\/\\\/www.ucaldas.edu.co\\\/portal\\\/conozca-el-proyecto-revitalizacion-y-educacion-bilingue-lengua-embera\\\/\"},\"wordCount\":393,\"publisher\":{\"@id\":\"https:\\\/\\\/www.ucaldas.edu.co\\\/portal\\\/#organization\"},\"image\":{\"@id\":\"https:\\\/\\\/www.ucaldas.edu.co\\\/portal\\\/conozca-el-proyecto-revitalizacion-y-educacion-bilingue-lengua-embera\\\/#primaryimage\"},\"thumbnailUrl\":\"https:\\\/\\\/www.ucaldas.edu.co\\\/portal\\\/wp-content\\\/uploads\\\/2021\\\/06\\\/proyecto-embera.jpg\",\"keywords\":[\"vicerrector\u00eda de Proyecci\u00f3n Universitaria\",\"revitalizaci\u00f3n biling\u00fce\",\"lengua embera chami\",\"resguardo la albania\"],\"articleSection\":[\"Actualidad\",\"Universidad al D\u00eda\",\"UCaldas Colaborativa\"],\"inLanguage\":\"es\"},{\"@type\":\"WebPage\",\"@id\":\"https:\\\/\\\/www.ucaldas.edu.co\\\/portal\\\/conozca-el-proyecto-revitalizacion-y-educacion-bilingue-lengua-embera\\\/\",\"url\":\"https:\\\/\\\/www.ucaldas.edu.co\\\/portal\\\/conozca-el-proyecto-revitalizacion-y-educacion-bilingue-lengua-embera\\\/\",\"name\":\"Conozca el proyecto \u201cRevitalizaci\u00f3n y educaci\u00f3n biling\u00fce lengua Ember\u00e1\u201d .\",\"isPartOf\":{\"@id\":\"https:\\\/\\\/www.ucaldas.edu.co\\\/portal\\\/#website\"},\"primaryImageOfPage\":{\"@id\":\"https:\\\/\\\/www.ucaldas.edu.co\\\/portal\\\/conozca-el-proyecto-revitalizacion-y-educacion-bilingue-lengua-embera\\\/#primaryimage\"},\"image\":{\"@id\":\"https:\\\/\\\/www.ucaldas.edu.co\\\/portal\\\/conozca-el-proyecto-revitalizacion-y-educacion-bilingue-lengua-embera\\\/#primaryimage\"},\"thumbnailUrl\":\"https:\\\/\\\/www.ucaldas.edu.co\\\/portal\\\/wp-content\\\/uploads\\\/2021\\\/06\\\/proyecto-embera.jpg\",\"datePublished\":\"2021-06-18T23:32:47+00:00\",\"breadcrumb\":{\"@id\":\"https:\\\/\\\/www.ucaldas.edu.co\\\/portal\\\/conozca-el-proyecto-revitalizacion-y-educacion-bilingue-lengua-embera\\\/#breadcrumb\"},\"inLanguage\":\"es\",\"potentialAction\":[{\"@type\":\"ReadAction\",\"target\":[\"https:\\\/\\\/www.ucaldas.edu.co\\\/portal\\\/conozca-el-proyecto-revitalizacion-y-educacion-bilingue-lengua-embera\\\/\"]}]},{\"@type\":\"ImageObject\",\"inLanguage\":\"es\",\"@id\":\"https:\\\/\\\/www.ucaldas.edu.co\\\/portal\\\/conozca-el-proyecto-revitalizacion-y-educacion-bilingue-lengua-embera\\\/#primaryimage\",\"url\":\"https:\\\/\\\/www.ucaldas.edu.co\\\/portal\\\/wp-content\\\/uploads\\\/2021\\\/06\\\/proyecto-embera.jpg\",\"contentUrl\":\"https:\\\/\\\/www.ucaldas.edu.co\\\/portal\\\/wp-content\\\/uploads\\\/2021\\\/06\\\/proyecto-embera.jpg\",\"width\":700,\"height\":400},{\"@type\":\"BreadcrumbList\",\"@id\":\"https:\\\/\\\/www.ucaldas.edu.co\\\/portal\\\/conozca-el-proyecto-revitalizacion-y-educacion-bilingue-lengua-embera\\\/#breadcrumb\",\"itemListElement\":[{\"@type\":\"ListItem\",\"position\":1,\"name\":\"Portada\",\"item\":\"https:\\\/\\\/www.ucaldas.edu.co\\\/portal\\\/\"},{\"@type\":\"ListItem\",\"position\":2,\"name\":\"Conozca el proyecto \u201cRevitalizaci\u00f3n y educaci\u00f3n biling\u00fce lengua Ember\u00e1\u201d\"}]},{\"@type\":\"WebSite\",\"@id\":\"https:\\\/\\\/www.ucaldas.edu.co\\\/portal\\\/#website\",\"url\":\"https:\\\/\\\/www.ucaldas.edu.co\\\/portal\\\/\",\"name\":\"Universidad de Caldas\",\"description\":\"\",\"publisher\":{\"@id\":\"https:\\\/\\\/www.ucaldas.edu.co\\\/portal\\\/#organization\"},\"alternateName\":\"U. de Caldas\",\"potentialAction\":[{\"@type\":\"SearchAction\",\"target\":{\"@type\":\"EntryPoint\",\"urlTemplate\":\"https:\\\/\\\/www.ucaldas.edu.co\\\/portal\\\/?s={search_term_string}\"},\"query-input\":{\"@type\":\"PropertyValueSpecification\",\"valueRequired\":true,\"valueName\":\"search_term_string\"}}],\"inLanguage\":\"es\"},{\"@type\":\"Organization\",\"@id\":\"https:\\\/\\\/www.ucaldas.edu.co\\\/portal\\\/#organization\",\"name\":\"Universidad de Caldas\",\"alternateName\":\"U. de Caldas\",\"url\":\"https:\\\/\\\/www.ucaldas.edu.co\\\/portal\\\/\",\"logo\":{\"@type\":\"ImageObject\",\"inLanguage\":\"es\",\"@id\":\"https:\\\/\\\/www.ucaldas.edu.co\\\/portal\\\/#\\\/schema\\\/logo\\\/image\\\/\",\"url\":\"https:\\\/\\\/www.ucaldas.edu.co\\\/portal\\\/wp-content\\\/uploads\\\/2023\\\/11\\\/Logo_horizontal_oscuroU-2023.png\",\"contentUrl\":\"https:\\\/\\\/www.ucaldas.edu.co\\\/portal\\\/wp-content\\\/uploads\\\/2023\\\/11\\\/Logo_horizontal_oscuroU-2023.png\",\"width\":263,\"height\":101,\"caption\":\"Universidad de Caldas\"},\"image\":{\"@id\":\"https:\\\/\\\/www.ucaldas.edu.co\\\/portal\\\/#\\\/schema\\\/logo\\\/image\\\/\"},\"sameAs\":[\"https:\\\/\\\/www.facebook.com\\\/udecaldas\",\"https:\\\/\\\/x.com\\\/udecaldas\",\"https:\\\/\\\/www.youtube.com\\\/universidadcaldas\",\"https:\\\/\\\/www.instagram.com\\\/udecaldas\\\/\"]},{\"@type\":\"Person\",\"@id\":\"https:\\\/\\\/www.ucaldas.edu.co\\\/portal\\\/#\\\/schema\\\/person\\\/a1b482e23449158b4bc319926c074fdf\",\"name\":\"ofiprensa\",\"image\":{\"@type\":\"ImageObject\",\"inLanguage\":\"es\",\"@id\":\"https:\\\/\\\/www.ucaldas.edu.co\\\/portal\\\/wp-content\\\/litespeed\\\/avatar\\\/09ea5085e600095a7a811142c6944527.jpg?ver=1777497608\",\"url\":\"https:\\\/\\\/www.ucaldas.edu.co\\\/portal\\\/wp-content\\\/litespeed\\\/avatar\\\/09ea5085e600095a7a811142c6944527.jpg?ver=1777497608\",\"contentUrl\":\"https:\\\/\\\/www.ucaldas.edu.co\\\/portal\\\/wp-content\\\/litespeed\\\/avatar\\\/09ea5085e600095a7a811142c6944527.jpg?ver=1777497608\",\"caption\":\"ofiprensa\"},\"url\":\"https:\\\/\\\/www.ucaldas.edu.co\\\/portal\\\/author\\\/ofiprensa\\\/\"}]}<\/script>\n<!-- \/ Yoast SEO plugin. -->","yoast_head_json":{"title":"Conozca el proyecto \u201cRevitalizaci\u00f3n y educaci\u00f3n biling\u00fce lengua Ember\u00e1\u201d .","robots":{"index":"index","follow":"follow","max-snippet":"max-snippet:-1","max-image-preview":"max-image-preview:large","max-video-preview":"max-video-preview:-1"},"canonical":"https:\/\/www.ucaldas.edu.co\/portal\/conozca-el-proyecto-revitalizacion-y-educacion-bilingue-lengua-embera\/","schema":{"@context":"https:\/\/schema.org","@graph":[{"@type":"Article","@id":"https:\/\/www.ucaldas.edu.co\/portal\/conozca-el-proyecto-revitalizacion-y-educacion-bilingue-lengua-embera\/#article","isPartOf":{"@id":"https:\/\/www.ucaldas.edu.co\/portal\/conozca-el-proyecto-revitalizacion-y-educacion-bilingue-lengua-embera\/"},"author":{"name":"ofiprensa","@id":"https:\/\/www.ucaldas.edu.co\/portal\/#\/schema\/person\/a1b482e23449158b4bc319926c074fdf"},"headline":"Conozca el proyecto \u201cRevitalizaci\u00f3n y educaci\u00f3n biling\u00fce lengua Ember\u00e1\u201d","datePublished":"2021-06-18T23:32:47+00:00","mainEntityOfPage":{"@id":"https:\/\/www.ucaldas.edu.co\/portal\/conozca-el-proyecto-revitalizacion-y-educacion-bilingue-lengua-embera\/"},"wordCount":393,"publisher":{"@id":"https:\/\/www.ucaldas.edu.co\/portal\/#organization"},"image":{"@id":"https:\/\/www.ucaldas.edu.co\/portal\/conozca-el-proyecto-revitalizacion-y-educacion-bilingue-lengua-embera\/#primaryimage"},"thumbnailUrl":"https:\/\/www.ucaldas.edu.co\/portal\/wp-content\/uploads\/2021\/06\/proyecto-embera.jpg","keywords":["vicerrector\u00eda de Proyecci\u00f3n Universitaria","revitalizaci\u00f3n biling\u00fce","lengua embera chami","resguardo la albania"],"articleSection":["Actualidad","Universidad al D\u00eda","UCaldas Colaborativa"],"inLanguage":"es"},{"@type":"WebPage","@id":"https:\/\/www.ucaldas.edu.co\/portal\/conozca-el-proyecto-revitalizacion-y-educacion-bilingue-lengua-embera\/","url":"https:\/\/www.ucaldas.edu.co\/portal\/conozca-el-proyecto-revitalizacion-y-educacion-bilingue-lengua-embera\/","name":"Conozca el proyecto \u201cRevitalizaci\u00f3n y educaci\u00f3n biling\u00fce lengua Ember\u00e1\u201d .","isPartOf":{"@id":"https:\/\/www.ucaldas.edu.co\/portal\/#website"},"primaryImageOfPage":{"@id":"https:\/\/www.ucaldas.edu.co\/portal\/conozca-el-proyecto-revitalizacion-y-educacion-bilingue-lengua-embera\/#primaryimage"},"image":{"@id":"https:\/\/www.ucaldas.edu.co\/portal\/conozca-el-proyecto-revitalizacion-y-educacion-bilingue-lengua-embera\/#primaryimage"},"thumbnailUrl":"https:\/\/www.ucaldas.edu.co\/portal\/wp-content\/uploads\/2021\/06\/proyecto-embera.jpg","datePublished":"2021-06-18T23:32:47+00:00","breadcrumb":{"@id":"https:\/\/www.ucaldas.edu.co\/portal\/conozca-el-proyecto-revitalizacion-y-educacion-bilingue-lengua-embera\/#breadcrumb"},"inLanguage":"es","potentialAction":[{"@type":"ReadAction","target":["https:\/\/www.ucaldas.edu.co\/portal\/conozca-el-proyecto-revitalizacion-y-educacion-bilingue-lengua-embera\/"]}]},{"@type":"ImageObject","inLanguage":"es","@id":"https:\/\/www.ucaldas.edu.co\/portal\/conozca-el-proyecto-revitalizacion-y-educacion-bilingue-lengua-embera\/#primaryimage","url":"https:\/\/www.ucaldas.edu.co\/portal\/wp-content\/uploads\/2021\/06\/proyecto-embera.jpg","contentUrl":"https:\/\/www.ucaldas.edu.co\/portal\/wp-content\/uploads\/2021\/06\/proyecto-embera.jpg","width":700,"height":400},{"@type":"BreadcrumbList","@id":"https:\/\/www.ucaldas.edu.co\/portal\/conozca-el-proyecto-revitalizacion-y-educacion-bilingue-lengua-embera\/#breadcrumb","itemListElement":[{"@type":"ListItem","position":1,"name":"Portada","item":"https:\/\/www.ucaldas.edu.co\/portal\/"},{"@type":"ListItem","position":2,"name":"Conozca el proyecto \u201cRevitalizaci\u00f3n y educaci\u00f3n biling\u00fce lengua Ember\u00e1\u201d"}]},{"@type":"WebSite","@id":"https:\/\/www.ucaldas.edu.co\/portal\/#website","url":"https:\/\/www.ucaldas.edu.co\/portal\/","name":"Universidad de Caldas","description":"","publisher":{"@id":"https:\/\/www.ucaldas.edu.co\/portal\/#organization"},"alternateName":"U. de Caldas","potentialAction":[{"@type":"SearchAction","target":{"@type":"EntryPoint","urlTemplate":"https:\/\/www.ucaldas.edu.co\/portal\/?s={search_term_string}"},"query-input":{"@type":"PropertyValueSpecification","valueRequired":true,"valueName":"search_term_string"}}],"inLanguage":"es"},{"@type":"Organization","@id":"https:\/\/www.ucaldas.edu.co\/portal\/#organization","name":"Universidad de Caldas","alternateName":"U. de Caldas","url":"https:\/\/www.ucaldas.edu.co\/portal\/","logo":{"@type":"ImageObject","inLanguage":"es","@id":"https:\/\/www.ucaldas.edu.co\/portal\/#\/schema\/logo\/image\/","url":"https:\/\/www.ucaldas.edu.co\/portal\/wp-content\/uploads\/2023\/11\/Logo_horizontal_oscuroU-2023.png","contentUrl":"https:\/\/www.ucaldas.edu.co\/portal\/wp-content\/uploads\/2023\/11\/Logo_horizontal_oscuroU-2023.png","width":263,"height":101,"caption":"Universidad de Caldas"},"image":{"@id":"https:\/\/www.ucaldas.edu.co\/portal\/#\/schema\/logo\/image\/"},"sameAs":["https:\/\/www.facebook.com\/udecaldas","https:\/\/x.com\/udecaldas","https:\/\/www.youtube.com\/universidadcaldas","https:\/\/www.instagram.com\/udecaldas\/"]},{"@type":"Person","@id":"https:\/\/www.ucaldas.edu.co\/portal\/#\/schema\/person\/a1b482e23449158b4bc319926c074fdf","name":"ofiprensa","image":{"@type":"ImageObject","inLanguage":"es","@id":"https:\/\/www.ucaldas.edu.co\/portal\/wp-content\/litespeed\/avatar\/09ea5085e600095a7a811142c6944527.jpg?ver=1777497608","url":"https:\/\/www.ucaldas.edu.co\/portal\/wp-content\/litespeed\/avatar\/09ea5085e600095a7a811142c6944527.jpg?ver=1777497608","contentUrl":"https:\/\/www.ucaldas.edu.co\/portal\/wp-content\/litespeed\/avatar\/09ea5085e600095a7a811142c6944527.jpg?ver=1777497608","caption":"ofiprensa"},"url":"https:\/\/www.ucaldas.edu.co\/portal\/author\/ofiprensa\/"}]}},"_links":{"self":[{"href":"https:\/\/www.ucaldas.edu.co\/portal\/wp-json\/wp\/v2\/posts\/63311","targetHints":{"allow":["GET"]}}],"collection":[{"href":"https:\/\/www.ucaldas.edu.co\/portal\/wp-json\/wp\/v2\/posts"}],"about":[{"href":"https:\/\/www.ucaldas.edu.co\/portal\/wp-json\/wp\/v2\/types\/post"}],"author":[{"embeddable":true,"href":"https:\/\/www.ucaldas.edu.co\/portal\/wp-json\/wp\/v2\/users\/2"}],"replies":[{"embeddable":true,"href":"https:\/\/www.ucaldas.edu.co\/portal\/wp-json\/wp\/v2\/comments?post=63311"}],"version-history":[{"count":0,"href":"https:\/\/www.ucaldas.edu.co\/portal\/wp-json\/wp\/v2\/posts\/63311\/revisions"}],"wp:featuredmedia":[{"embeddable":true,"href":"https:\/\/www.ucaldas.edu.co\/portal\/wp-json\/wp\/v2\/media\/63312"}],"wp:attachment":[{"href":"https:\/\/www.ucaldas.edu.co\/portal\/wp-json\/wp\/v2\/media?parent=63311"}],"wp:term":[{"taxonomy":"category","embeddable":true,"href":"https:\/\/www.ucaldas.edu.co\/portal\/wp-json\/wp\/v2\/categories?post=63311"},{"taxonomy":"post_tag","embeddable":true,"href":"https:\/\/www.ucaldas.edu.co\/portal\/wp-json\/wp\/v2\/tags?post=63311"}],"curies":[{"name":"wp","href":"https:\/\/api.w.org\/{rel}","templated":true}]}}