{"id":63095,"date":"2021-06-04T00:24:30","date_gmt":"2021-06-04T00:24:30","guid":{"rendered":"https:\/\/www.ucaldas.edu.co\/portal\/?p=63095"},"modified":"2021-06-04T00:24:30","modified_gmt":"2021-06-04T00:24:30","slug":"400-personas-del-campo-accedieron-a-atenciones-especializadas-gracias-a-la-ruta-de-la-telemedicina","status":"publish","type":"post","link":"https:\/\/www.ucaldas.edu.co\/portal\/400-personas-del-campo-accedieron-a-atenciones-especializadas-gracias-a-la-ruta-de-la-telemedicina\/","title":{"rendered":"400 personas del campo accedieron a atenciones especializadas gracias a la Ruta de la Telemedicina"},"content":{"rendered":"<p style=\"text-align: center;\">MISI\u00d3N EUROPEA CONSTAT\u00d3 PROCESOS Y BENEFICIOS DE LOS SERVICIOS<br \/>\n<strong>400 personas del campo accedieron a atenciones<br \/>\nespecializadas gracias a la Ruta de la Telemedicina. <\/strong><\/p>\n<p style=\"text-align: right;\">03\/06\/2021<\/p>\n<p><img loading=\"lazy\" decoding=\"async\" class=\"size-full wp-image-63096 aligncenter\" src=\"https:\/\/www.ucaldas.edu.co\/portal\/wp-content\/uploads\/2021\/06\/WhatsApp-Image-2021-06-03-at-6.38.15-PM.jpeg\" alt=\"\" width=\"700\" height=\"400\" srcset=\"https:\/\/www.ucaldas.edu.co\/portal\/wp-content\/uploads\/2021\/06\/WhatsApp-Image-2021-06-03-at-6.38.15-PM.jpeg 700w, https:\/\/www.ucaldas.edu.co\/portal\/wp-content\/uploads\/2021\/06\/WhatsApp-Image-2021-06-03-at-6.38.15-PM-300x171.jpeg 300w\" sizes=\"auto, (max-width: 700px) 100vw, 700px\" \/><\/p>\n<p>Dos semanas y media de trabajo intenso en compa\u00f1\u00eda de la Misi\u00f3n de Observaci\u00f3n Europea dejan 400 personas del campo beneficiadas con las atenciones especializadas por telemedicina. En Caldas gracias a esta ruta, la gente del campo tiene acceso a los servicios de salud en sus territorios, evitando costos y desplazamientos. El compromiso de las EPS, IPS y hospitales fueron fundamentales para garantizar atenciones integrales.<\/p>\n<p><!--more--><\/p>\n<p>\u201cLogramos m\u00e1s 400 personas del campo beneficiadas con las atenciones especializadas por telemedicina, estos pacientes en su mayor\u00eda con enfermedades cr\u00f3nicas\u00a0 y con dificultades para desplazarse a una ciudad capital para recibir atenci\u00f3n\u201d, indic\u00f3 Esteban Granada Aguirre, Director de Telesalud.<\/p>\n<p>El director agreg\u00f3 que gracias a las atenciones, personas que llevaban entre 6 y 10 a\u00f1os sin consultar a un m\u00e9dico, pudieron acceder a una valoraci\u00f3n m\u00e9dica y entrega de medicamentos.<\/p>\n<p>Por su parte, Natalia Osorio, investigadora de la Misi\u00f3n de Observaci\u00f3n Europea destac\u00f3 que el impacto de las atenciones est\u00e1 ligado al eslogan:\u00a0 salvar vidas y enfatiz\u00f3: \u00abel equipo llega a poblaciones con muchas necesidades\u00a0 y que desde hace mucho tiempo no puede acceder a un servicio m\u00e9dico por las distancias, carretas y condiciones econ\u00f3micas. Telesalud est\u00e1 haciendo una misi\u00f3n ejemplar en Caldas y ojal\u00e1 se extendiera a todo el pa\u00eds\u00bb.<\/p>\n<p>La Misi\u00f3n Europea pudo observar los procesos y el impacto que tienen las atenciones en los pacientes.\u00a0 Los integrantes acompa\u00f1aron las\u00a0 jornadas realizadas Marulanda, Victoria, Pensilvania y Anserma donde constataron las patolog\u00edas detectadas y controladas gracias al uso de la tecnolog\u00eda al servicio de la salud.<\/p>\n<p>Atenciones en medicina interna, psiquiatr\u00eda, dermatolog\u00eda, pediatr\u00eda, psicolog\u00eda, medicina general y valoraci\u00f3n para la detecci\u00f3n temprana de cardiopat\u00edas cong\u00e9nitas accedieron los paciente, quienes adem\u00e1s, se beneficiaron con donaciones de elementos de protecci\u00f3n, sillas de ruedas, caminadores,\u00a0 elementos para el hogar y alimentos,\u00a0 gracias al aporte de la Primera gestora Social de Caldas, Camila Castillo y del equipo de Telesalud.<\/p>\n<p>&nbsp;<\/p>\n<p><strong>Anexos:<\/strong><\/p>\n<p><strong><a href=\"https:\/\/www.ivoox.com\/esteban-granada-director-telesalud-ruta-telemedicina-audios-mp3_rf_70944235_1.html\">Esteban Granada Aguirre, Director de Telesalud<\/a><\/p>\n<p><iframe loading=\"lazy\" src=\"https:\/\/co.ivoox.com\/es\/player_ek_70944235_2_1.html?data=mJWmlpmWd5ahhpywj5WVaZS1k5qah5yncZKhhpywj5WRaZi3jpWah5yncabn1crPw9OPi9PVz8bRw5CRb6Xd08rQ1tTWb7XZzcrgw9HZqIzG1tnOjbnJsMbhxsnWxc7SpY6ZmKiapcbQqMLnjKbRz5C5cYarpJKh&amp;\" width=\"238\" height=\"48\" frameborder=\"0\" scrolling=\"no\" allowfullscreen=\"allowfullscreen\"><\/iframe><\/strong><\/p>\n<p><strong><a href=\"https:\/\/www.ivoox.com\/natalia-osorio-investigadora-mision-observacion-europea-audios-mp3_rf_70944285_1.html\">Natalia Osorio, Investigadora Misi\u00f3n de Observaci\u00f3n Europea.<\/a><\/p>\n<p><iframe loading=\"lazy\" src=\"https:\/\/co.ivoox.com\/es\/player_ek_70944285_2_1.html?data=mJWmlpmWfJahhpywj5WUaZS1lJeah5yncZKhhpywj5WRaZi3jpWah5ynca_V1cbZy8aPk9Tj087cjZKPjc_qxtjhy8zFqNDmwpC6y9jNaaSnhqeg0JDIqYzDw9jS1NvFp8qZpJiSpJjSb46ZmKiapcbQqMLnjKbRz5C5cYarpJKh&amp;\" width=\"238\" height=\"48\" frameborder=\"0\" scrolling=\"no\" allowfullscreen=\"allowfullscreen\"><\/iframe><\/strong><\/p>\n<p>&nbsp;<\/p>\n<p>&nbsp;<\/p>\n<p><strong>Informes:<\/strong> Oficina de Prensa de la Universidad de Caldas<\/p>\n<p><strong>Redacci\u00f3n:<\/strong> Julieth Osorio Torres<\/p>\n","protected":false},"excerpt":{"rendered":"<p>MISI\u00d3N EUROPEA CONSTAT\u00d3 PROCESOS Y BENEFICIOS DE LOS SERVICIOS 400 personas del campo accedieron a atenciones especializadas gracias a la Ruta de la Telemedicina. 03\/06\/2021 Dos semanas y media de trabajo intenso en compa\u00f1\u00eda de la Misi\u00f3n de Observaci\u00f3n Europea dejan 400 personas del campo beneficiadas con las atenciones especializadas por telemedicina. En Caldas gracias [&hellip;]<\/p>\n","protected":false},"author":2,"featured_media":63096,"comment_status":"closed","ping_status":"open","sticky":false,"template":"","format":"standard","meta":{"footnotes":""},"categories":[48,53,617],"tags":[275,2575,2830,6422,6545],"class_list":["post-63095","post","type-post","status-publish","format-standard","has-post-thumbnail","hentry","category-actualidad","category-universidad-al-dia","category-ucaldas-colaborativa","tag-telesalud","tag-campo","tag-telemedicina","tag-mision-europea","tag-atencion-medica"],"yoast_head":"<!-- This site is optimized with the Yoast SEO plugin v27.5 - https:\/\/yoast.com\/product\/yoast-seo-wordpress\/ -->\n<title>400 personas del campo accedieron a atenciones especializadas gracias a la Ruta de la Telemedicina .<\/title>\n<meta name=\"robots\" content=\"index, follow, max-snippet:-1, max-image-preview:large, max-video-preview:-1\" \/>\n<link rel=\"canonical\" href=\"https:\/\/www.ucaldas.edu.co\/portal\/400-personas-del-campo-accedieron-a-atenciones-especializadas-gracias-a-la-ruta-de-la-telemedicina\/\" \/>\n<script type=\"application\/ld+json\" class=\"yoast-schema-graph\">{\"@context\":\"https:\\\/\\\/schema.org\",\"@graph\":[{\"@type\":\"Article\",\"@id\":\"https:\\\/\\\/www.ucaldas.edu.co\\\/portal\\\/400-personas-del-campo-accedieron-a-atenciones-especializadas-gracias-a-la-ruta-de-la-telemedicina\\\/#article\",\"isPartOf\":{\"@id\":\"https:\\\/\\\/www.ucaldas.edu.co\\\/portal\\\/400-personas-del-campo-accedieron-a-atenciones-especializadas-gracias-a-la-ruta-de-la-telemedicina\\\/\"},\"author\":{\"name\":\"ofiprensa\",\"@id\":\"https:\\\/\\\/www.ucaldas.edu.co\\\/portal\\\/#\\\/schema\\\/person\\\/a1b482e23449158b4bc319926c074fdf\"},\"headline\":\"400 personas del campo accedieron a atenciones especializadas gracias a la Ruta de la Telemedicina\",\"datePublished\":\"2021-06-04T00:24:30+00:00\",\"mainEntityOfPage\":{\"@id\":\"https:\\\/\\\/www.ucaldas.edu.co\\\/portal\\\/400-personas-del-campo-accedieron-a-atenciones-especializadas-gracias-a-la-ruta-de-la-telemedicina\\\/\"},\"wordCount\":410,\"publisher\":{\"@id\":\"https:\\\/\\\/www.ucaldas.edu.co\\\/portal\\\/#organization\"},\"image\":{\"@id\":\"https:\\\/\\\/www.ucaldas.edu.co\\\/portal\\\/400-personas-del-campo-accedieron-a-atenciones-especializadas-gracias-a-la-ruta-de-la-telemedicina\\\/#primaryimage\"},\"thumbnailUrl\":\"https:\\\/\\\/www.ucaldas.edu.co\\\/portal\\\/wp-content\\\/uploads\\\/2021\\\/06\\\/WhatsApp-Image-2021-06-03-at-6.38.15-PM.jpeg\",\"keywords\":[\"Telesalud\",\"campo\",\"telemedicina\",\"misi\u00f3n europea\",\"atenci\u00f3n m\u00e9dica\"],\"articleSection\":[\"Actualidad\",\"Universidad al D\u00eda\",\"UCaldas Colaborativa\"],\"inLanguage\":\"es\"},{\"@type\":\"WebPage\",\"@id\":\"https:\\\/\\\/www.ucaldas.edu.co\\\/portal\\\/400-personas-del-campo-accedieron-a-atenciones-especializadas-gracias-a-la-ruta-de-la-telemedicina\\\/\",\"url\":\"https:\\\/\\\/www.ucaldas.edu.co\\\/portal\\\/400-personas-del-campo-accedieron-a-atenciones-especializadas-gracias-a-la-ruta-de-la-telemedicina\\\/\",\"name\":\"400 personas del campo accedieron a atenciones especializadas gracias a la Ruta de la Telemedicina .\",\"isPartOf\":{\"@id\":\"https:\\\/\\\/www.ucaldas.edu.co\\\/portal\\\/#website\"},\"primaryImageOfPage\":{\"@id\":\"https:\\\/\\\/www.ucaldas.edu.co\\\/portal\\\/400-personas-del-campo-accedieron-a-atenciones-especializadas-gracias-a-la-ruta-de-la-telemedicina\\\/#primaryimage\"},\"image\":{\"@id\":\"https:\\\/\\\/www.ucaldas.edu.co\\\/portal\\\/400-personas-del-campo-accedieron-a-atenciones-especializadas-gracias-a-la-ruta-de-la-telemedicina\\\/#primaryimage\"},\"thumbnailUrl\":\"https:\\\/\\\/www.ucaldas.edu.co\\\/portal\\\/wp-content\\\/uploads\\\/2021\\\/06\\\/WhatsApp-Image-2021-06-03-at-6.38.15-PM.jpeg\",\"datePublished\":\"2021-06-04T00:24:30+00:00\",\"breadcrumb\":{\"@id\":\"https:\\\/\\\/www.ucaldas.edu.co\\\/portal\\\/400-personas-del-campo-accedieron-a-atenciones-especializadas-gracias-a-la-ruta-de-la-telemedicina\\\/#breadcrumb\"},\"inLanguage\":\"es\",\"potentialAction\":[{\"@type\":\"ReadAction\",\"target\":[\"https:\\\/\\\/www.ucaldas.edu.co\\\/portal\\\/400-personas-del-campo-accedieron-a-atenciones-especializadas-gracias-a-la-ruta-de-la-telemedicina\\\/\"]}]},{\"@type\":\"ImageObject\",\"inLanguage\":\"es\",\"@id\":\"https:\\\/\\\/www.ucaldas.edu.co\\\/portal\\\/400-personas-del-campo-accedieron-a-atenciones-especializadas-gracias-a-la-ruta-de-la-telemedicina\\\/#primaryimage\",\"url\":\"https:\\\/\\\/www.ucaldas.edu.co\\\/portal\\\/wp-content\\\/uploads\\\/2021\\\/06\\\/WhatsApp-Image-2021-06-03-at-6.38.15-PM.jpeg\",\"contentUrl\":\"https:\\\/\\\/www.ucaldas.edu.co\\\/portal\\\/wp-content\\\/uploads\\\/2021\\\/06\\\/WhatsApp-Image-2021-06-03-at-6.38.15-PM.jpeg\",\"width\":700,\"height\":400},{\"@type\":\"BreadcrumbList\",\"@id\":\"https:\\\/\\\/www.ucaldas.edu.co\\\/portal\\\/400-personas-del-campo-accedieron-a-atenciones-especializadas-gracias-a-la-ruta-de-la-telemedicina\\\/#breadcrumb\",\"itemListElement\":[{\"@type\":\"ListItem\",\"position\":1,\"name\":\"Portada\",\"item\":\"https:\\\/\\\/www.ucaldas.edu.co\\\/portal\\\/\"},{\"@type\":\"ListItem\",\"position\":2,\"name\":\"400 personas del campo accedieron a atenciones especializadas gracias a la Ruta de la Telemedicina\"}]},{\"@type\":\"WebSite\",\"@id\":\"https:\\\/\\\/www.ucaldas.edu.co\\\/portal\\\/#website\",\"url\":\"https:\\\/\\\/www.ucaldas.edu.co\\\/portal\\\/\",\"name\":\"Universidad de Caldas\",\"description\":\"\",\"publisher\":{\"@id\":\"https:\\\/\\\/www.ucaldas.edu.co\\\/portal\\\/#organization\"},\"alternateName\":\"U. de Caldas\",\"potentialAction\":[{\"@type\":\"SearchAction\",\"target\":{\"@type\":\"EntryPoint\",\"urlTemplate\":\"https:\\\/\\\/www.ucaldas.edu.co\\\/portal\\\/?s={search_term_string}\"},\"query-input\":{\"@type\":\"PropertyValueSpecification\",\"valueRequired\":true,\"valueName\":\"search_term_string\"}}],\"inLanguage\":\"es\"},{\"@type\":\"Organization\",\"@id\":\"https:\\\/\\\/www.ucaldas.edu.co\\\/portal\\\/#organization\",\"name\":\"Universidad de Caldas\",\"alternateName\":\"U. de Caldas\",\"url\":\"https:\\\/\\\/www.ucaldas.edu.co\\\/portal\\\/\",\"logo\":{\"@type\":\"ImageObject\",\"inLanguage\":\"es\",\"@id\":\"https:\\\/\\\/www.ucaldas.edu.co\\\/portal\\\/#\\\/schema\\\/logo\\\/image\\\/\",\"url\":\"https:\\\/\\\/www.ucaldas.edu.co\\\/portal\\\/wp-content\\\/uploads\\\/2023\\\/11\\\/Logo_horizontal_oscuroU-2023.png\",\"contentUrl\":\"https:\\\/\\\/www.ucaldas.edu.co\\\/portal\\\/wp-content\\\/uploads\\\/2023\\\/11\\\/Logo_horizontal_oscuroU-2023.png\",\"width\":263,\"height\":101,\"caption\":\"Universidad de Caldas\"},\"image\":{\"@id\":\"https:\\\/\\\/www.ucaldas.edu.co\\\/portal\\\/#\\\/schema\\\/logo\\\/image\\\/\"},\"sameAs\":[\"https:\\\/\\\/www.facebook.com\\\/udecaldas\",\"https:\\\/\\\/x.com\\\/udecaldas\",\"https:\\\/\\\/www.youtube.com\\\/universidadcaldas\",\"https:\\\/\\\/www.instagram.com\\\/udecaldas\\\/\"]},{\"@type\":\"Person\",\"@id\":\"https:\\\/\\\/www.ucaldas.edu.co\\\/portal\\\/#\\\/schema\\\/person\\\/a1b482e23449158b4bc319926c074fdf\",\"name\":\"ofiprensa\",\"image\":{\"@type\":\"ImageObject\",\"inLanguage\":\"es\",\"@id\":\"https:\\\/\\\/www.ucaldas.edu.co\\\/portal\\\/wp-content\\\/litespeed\\\/avatar\\\/09ea5085e600095a7a811142c6944527.jpg?ver=1777497608\",\"url\":\"https:\\\/\\\/www.ucaldas.edu.co\\\/portal\\\/wp-content\\\/litespeed\\\/avatar\\\/09ea5085e600095a7a811142c6944527.jpg?ver=1777497608\",\"contentUrl\":\"https:\\\/\\\/www.ucaldas.edu.co\\\/portal\\\/wp-content\\\/litespeed\\\/avatar\\\/09ea5085e600095a7a811142c6944527.jpg?ver=1777497608\",\"caption\":\"ofiprensa\"},\"url\":\"https:\\\/\\\/www.ucaldas.edu.co\\\/portal\\\/author\\\/ofiprensa\\\/\"}]}<\/script>\n<!-- \/ Yoast SEO plugin. -->","yoast_head_json":{"title":"400 personas del campo accedieron a atenciones especializadas gracias a la Ruta de la Telemedicina .","robots":{"index":"index","follow":"follow","max-snippet":"max-snippet:-1","max-image-preview":"max-image-preview:large","max-video-preview":"max-video-preview:-1"},"canonical":"https:\/\/www.ucaldas.edu.co\/portal\/400-personas-del-campo-accedieron-a-atenciones-especializadas-gracias-a-la-ruta-de-la-telemedicina\/","schema":{"@context":"https:\/\/schema.org","@graph":[{"@type":"Article","@id":"https:\/\/www.ucaldas.edu.co\/portal\/400-personas-del-campo-accedieron-a-atenciones-especializadas-gracias-a-la-ruta-de-la-telemedicina\/#article","isPartOf":{"@id":"https:\/\/www.ucaldas.edu.co\/portal\/400-personas-del-campo-accedieron-a-atenciones-especializadas-gracias-a-la-ruta-de-la-telemedicina\/"},"author":{"name":"ofiprensa","@id":"https:\/\/www.ucaldas.edu.co\/portal\/#\/schema\/person\/a1b482e23449158b4bc319926c074fdf"},"headline":"400 personas del campo accedieron a atenciones especializadas gracias a la Ruta de la Telemedicina","datePublished":"2021-06-04T00:24:30+00:00","mainEntityOfPage":{"@id":"https:\/\/www.ucaldas.edu.co\/portal\/400-personas-del-campo-accedieron-a-atenciones-especializadas-gracias-a-la-ruta-de-la-telemedicina\/"},"wordCount":410,"publisher":{"@id":"https:\/\/www.ucaldas.edu.co\/portal\/#organization"},"image":{"@id":"https:\/\/www.ucaldas.edu.co\/portal\/400-personas-del-campo-accedieron-a-atenciones-especializadas-gracias-a-la-ruta-de-la-telemedicina\/#primaryimage"},"thumbnailUrl":"https:\/\/www.ucaldas.edu.co\/portal\/wp-content\/uploads\/2021\/06\/WhatsApp-Image-2021-06-03-at-6.38.15-PM.jpeg","keywords":["Telesalud","campo","telemedicina","misi\u00f3n europea","atenci\u00f3n m\u00e9dica"],"articleSection":["Actualidad","Universidad al D\u00eda","UCaldas Colaborativa"],"inLanguage":"es"},{"@type":"WebPage","@id":"https:\/\/www.ucaldas.edu.co\/portal\/400-personas-del-campo-accedieron-a-atenciones-especializadas-gracias-a-la-ruta-de-la-telemedicina\/","url":"https:\/\/www.ucaldas.edu.co\/portal\/400-personas-del-campo-accedieron-a-atenciones-especializadas-gracias-a-la-ruta-de-la-telemedicina\/","name":"400 personas del campo accedieron a atenciones especializadas gracias a la Ruta de la Telemedicina .","isPartOf":{"@id":"https:\/\/www.ucaldas.edu.co\/portal\/#website"},"primaryImageOfPage":{"@id":"https:\/\/www.ucaldas.edu.co\/portal\/400-personas-del-campo-accedieron-a-atenciones-especializadas-gracias-a-la-ruta-de-la-telemedicina\/#primaryimage"},"image":{"@id":"https:\/\/www.ucaldas.edu.co\/portal\/400-personas-del-campo-accedieron-a-atenciones-especializadas-gracias-a-la-ruta-de-la-telemedicina\/#primaryimage"},"thumbnailUrl":"https:\/\/www.ucaldas.edu.co\/portal\/wp-content\/uploads\/2021\/06\/WhatsApp-Image-2021-06-03-at-6.38.15-PM.jpeg","datePublished":"2021-06-04T00:24:30+00:00","breadcrumb":{"@id":"https:\/\/www.ucaldas.edu.co\/portal\/400-personas-del-campo-accedieron-a-atenciones-especializadas-gracias-a-la-ruta-de-la-telemedicina\/#breadcrumb"},"inLanguage":"es","potentialAction":[{"@type":"ReadAction","target":["https:\/\/www.ucaldas.edu.co\/portal\/400-personas-del-campo-accedieron-a-atenciones-especializadas-gracias-a-la-ruta-de-la-telemedicina\/"]}]},{"@type":"ImageObject","inLanguage":"es","@id":"https:\/\/www.ucaldas.edu.co\/portal\/400-personas-del-campo-accedieron-a-atenciones-especializadas-gracias-a-la-ruta-de-la-telemedicina\/#primaryimage","url":"https:\/\/www.ucaldas.edu.co\/portal\/wp-content\/uploads\/2021\/06\/WhatsApp-Image-2021-06-03-at-6.38.15-PM.jpeg","contentUrl":"https:\/\/www.ucaldas.edu.co\/portal\/wp-content\/uploads\/2021\/06\/WhatsApp-Image-2021-06-03-at-6.38.15-PM.jpeg","width":700,"height":400},{"@type":"BreadcrumbList","@id":"https:\/\/www.ucaldas.edu.co\/portal\/400-personas-del-campo-accedieron-a-atenciones-especializadas-gracias-a-la-ruta-de-la-telemedicina\/#breadcrumb","itemListElement":[{"@type":"ListItem","position":1,"name":"Portada","item":"https:\/\/www.ucaldas.edu.co\/portal\/"},{"@type":"ListItem","position":2,"name":"400 personas del campo accedieron a atenciones especializadas gracias a la Ruta de la Telemedicina"}]},{"@type":"WebSite","@id":"https:\/\/www.ucaldas.edu.co\/portal\/#website","url":"https:\/\/www.ucaldas.edu.co\/portal\/","name":"Universidad de Caldas","description":"","publisher":{"@id":"https:\/\/www.ucaldas.edu.co\/portal\/#organization"},"alternateName":"U. de Caldas","potentialAction":[{"@type":"SearchAction","target":{"@type":"EntryPoint","urlTemplate":"https:\/\/www.ucaldas.edu.co\/portal\/?s={search_term_string}"},"query-input":{"@type":"PropertyValueSpecification","valueRequired":true,"valueName":"search_term_string"}}],"inLanguage":"es"},{"@type":"Organization","@id":"https:\/\/www.ucaldas.edu.co\/portal\/#organization","name":"Universidad de Caldas","alternateName":"U. de Caldas","url":"https:\/\/www.ucaldas.edu.co\/portal\/","logo":{"@type":"ImageObject","inLanguage":"es","@id":"https:\/\/www.ucaldas.edu.co\/portal\/#\/schema\/logo\/image\/","url":"https:\/\/www.ucaldas.edu.co\/portal\/wp-content\/uploads\/2023\/11\/Logo_horizontal_oscuroU-2023.png","contentUrl":"https:\/\/www.ucaldas.edu.co\/portal\/wp-content\/uploads\/2023\/11\/Logo_horizontal_oscuroU-2023.png","width":263,"height":101,"caption":"Universidad de Caldas"},"image":{"@id":"https:\/\/www.ucaldas.edu.co\/portal\/#\/schema\/logo\/image\/"},"sameAs":["https:\/\/www.facebook.com\/udecaldas","https:\/\/x.com\/udecaldas","https:\/\/www.youtube.com\/universidadcaldas","https:\/\/www.instagram.com\/udecaldas\/"]},{"@type":"Person","@id":"https:\/\/www.ucaldas.edu.co\/portal\/#\/schema\/person\/a1b482e23449158b4bc319926c074fdf","name":"ofiprensa","image":{"@type":"ImageObject","inLanguage":"es","@id":"https:\/\/www.ucaldas.edu.co\/portal\/wp-content\/litespeed\/avatar\/09ea5085e600095a7a811142c6944527.jpg?ver=1777497608","url":"https:\/\/www.ucaldas.edu.co\/portal\/wp-content\/litespeed\/avatar\/09ea5085e600095a7a811142c6944527.jpg?ver=1777497608","contentUrl":"https:\/\/www.ucaldas.edu.co\/portal\/wp-content\/litespeed\/avatar\/09ea5085e600095a7a811142c6944527.jpg?ver=1777497608","caption":"ofiprensa"},"url":"https:\/\/www.ucaldas.edu.co\/portal\/author\/ofiprensa\/"}]}},"_links":{"self":[{"href":"https:\/\/www.ucaldas.edu.co\/portal\/wp-json\/wp\/v2\/posts\/63095","targetHints":{"allow":["GET"]}}],"collection":[{"href":"https:\/\/www.ucaldas.edu.co\/portal\/wp-json\/wp\/v2\/posts"}],"about":[{"href":"https:\/\/www.ucaldas.edu.co\/portal\/wp-json\/wp\/v2\/types\/post"}],"author":[{"embeddable":true,"href":"https:\/\/www.ucaldas.edu.co\/portal\/wp-json\/wp\/v2\/users\/2"}],"replies":[{"embeddable":true,"href":"https:\/\/www.ucaldas.edu.co\/portal\/wp-json\/wp\/v2\/comments?post=63095"}],"version-history":[{"count":0,"href":"https:\/\/www.ucaldas.edu.co\/portal\/wp-json\/wp\/v2\/posts\/63095\/revisions"}],"wp:featuredmedia":[{"embeddable":true,"href":"https:\/\/www.ucaldas.edu.co\/portal\/wp-json\/wp\/v2\/media\/63096"}],"wp:attachment":[{"href":"https:\/\/www.ucaldas.edu.co\/portal\/wp-json\/wp\/v2\/media?parent=63095"}],"wp:term":[{"taxonomy":"category","embeddable":true,"href":"https:\/\/www.ucaldas.edu.co\/portal\/wp-json\/wp\/v2\/categories?post=63095"},{"taxonomy":"post_tag","embeddable":true,"href":"https:\/\/www.ucaldas.edu.co\/portal\/wp-json\/wp\/v2\/tags?post=63095"}],"curies":[{"name":"wp","href":"https:\/\/api.w.org\/{rel}","templated":true}]}}