{"id":63074,"date":"2021-06-03T00:42:29","date_gmt":"2021-06-03T00:42:29","guid":{"rendered":"https:\/\/www.ucaldas.edu.co\/portal\/?p=63074"},"modified":"2021-06-03T00:42:29","modified_gmt":"2021-06-03T00:42:29","slug":"aprobados-recursos-para-269-estudiantes-de-doctorado-como-parte-de-las-becas-bicentenario-corte-2","status":"publish","type":"post","link":"https:\/\/www.ucaldas.edu.co\/portal\/aprobados-recursos-para-269-estudiantes-de-doctorado-como-parte-de-las-becas-bicentenario-corte-2\/","title":{"rendered":"Aprobados recursos para 269 estudiantes de doctorado como parte de las Becas Bicentenario Corte 2"},"content":{"rendered":"<p style=\"text-align: center;\">LA UNIVERSIDAD DE CALDAS HACE PARTE DE ESTA FASE<br \/>\n<strong>Aprobados recursos para 269 estudiantes de doctorado<br \/>\ncomo parte de las Becas Bicentenario Corte 2<\/strong><\/p>\n<p style=\"text-align: right;\">02\/06\/2021<\/p>\n<p><img loading=\"lazy\" decoding=\"async\" class=\"size-full wp-image-63075 aligncenter\" src=\"https:\/\/www.ucaldas.edu.co\/portal\/wp-content\/uploads\/2021\/06\/WhatsApp-Image-2021-06-02-at-7.27.14-PM.jpeg\" alt=\"\" width=\"700\" height=\"400\" srcset=\"https:\/\/www.ucaldas.edu.co\/portal\/wp-content\/uploads\/2021\/06\/WhatsApp-Image-2021-06-02-at-7.27.14-PM.jpeg 700w, https:\/\/www.ucaldas.edu.co\/portal\/wp-content\/uploads\/2021\/06\/WhatsApp-Image-2021-06-02-at-7.27.14-PM-300x171.jpeg 300w\" sizes=\"auto, (max-width: 700px) 100vw, 700px\" \/><\/p>\n<p>El \u00d3rgano Colegiado de Administraci\u00f3n y Decisi\u00f3n \u2013OCAD de Ciencia, Tecnolog\u00eda e Innovaci\u00f3n, aprob\u00f3 m\u00e1s de $62 mil millones para la ejecuci\u00f3n de 22 proyectos de la Convocatoria Becas de Excelencia Doctoral del Bicentenario los cuales ser\u00e1n financiados con recursos del Sistema General de Regal\u00edas. Con esta aprobaci\u00f3n se beneficia a 269 estudiantes para su formaci\u00f3n a nivel doctoral en 22 Instituciones de Educaci\u00f3n Superior del pa\u00eds.<\/p>\n<p><!--more--><\/p>\n<p>De los $250 mil millones de regal\u00edas que se asignaron para el programa Becas de Excelencia Doctoral del Bicentenario (Corte 1 y Corte 2), a la fecha se han aprobado $203 mil millones orientados a mejorar las capacidades regionales en CTeI para promover investigaciones de alto impacto en el pa\u00eds de 890 estudiantes.<\/p>\n<p>De acuerdo con Minciencias \u00a0las Instituciones de Educaci\u00f3n Superior\u00a0 actualmente se encuentran en etapas previas al cumplimiento de verificaci\u00f3n de requisitos del Sistema General de Regal\u00edas y desde esta cartera se\u00a0 brinda el soporte necesario para la formulaci\u00f3n y presentaci\u00f3n de los proyectos de inversi\u00f3n.<\/p>\n<p>Sobre la aprobaci\u00f3n de la convocatoria de Becas Bicentenario:<\/p>\n<p><strong>Corte 1<\/strong><\/p>\n<p>46 proyectos aprobados por m\u00e1s de 111.580 millones de pesos beneficiando a 493 estudiantes de doctorado que actualmente adelantan sus estudios en todo el territorio nacional.<\/p>\n<p><strong>Corte 2<\/strong><\/p>\n<p>&#8211; Cuatro (4) proyectos aprobados por m\u00e1s de 29.093 millones de pesos beneficiando a 128 estudiantes. (6 de mayo de 2021) (Universidad del Norte, Universidad de Cartagena, Universidad del Quind\u00edo y Universidad Nacional de Colombia).<\/p>\n<p>&#8211; 22 proyectos aprobados por m\u00e1s de 62.802 millones de pesos beneficiando a 269 estudiantes. (26 de mayo de 2021) (Universidad del Valle, Universidad Distrital Francisco Jos\u00e9 de Caldas, Universidad de Antioquia, Colegio Mayor Nuestra Se\u00f1ora del Rosario, Universidad del Magdalena, Universidad Surcolombiana, Universidad EAFIT, Universidad Tecnol\u00f3gica de Pereira, Universidad de los Llanos, Escuela Colombiana de Ingenier\u00eda Julio Garavito, Universidad Antonio Nari\u00f1o, Pontificia Universidad Javeriana Seccional Cali, Universidad Industrial de Santander, Universidad Jorge Tadeo Lozano, Universidad de la S\u00e1bana, Universidad de los Andes, Universidad Militar Nueva Granada, Instituto Tecnol\u00f3gico Metropolitano de Medell\u00edn, Universidad de Caldas, Pontificia Universidad Javeriana, Universidad Pedag\u00f3gica y Tecnol\u00f3gica de Colombia y\u00a0 Universidad de Pamplona).<\/p>\n<p><strong>\u00a0<\/strong><\/p>\n<p>&nbsp;<\/p>\n<p><strong>Informes: <\/strong>Oficina de Comunicaciones y Prensa Universidad de Caldas.<\/p>\n<p><strong>Redacci\u00f3n:<\/strong> Adriana Salazar Villegas *con informaci\u00f3n de Minciencias<\/p>\n<p>&nbsp;<\/p>\n","protected":false},"excerpt":{"rendered":"<p>LA UNIVERSIDAD DE CALDAS HACE PARTE DE ESTA FASE Aprobados recursos para 269 estudiantes de doctorado como parte de las Becas Bicentenario Corte 2 02\/06\/2021 El \u00d3rgano Colegiado de Administraci\u00f3n y Decisi\u00f3n \u2013OCAD de Ciencia, Tecnolog\u00eda e Innovaci\u00f3n, aprob\u00f3 m\u00e1s de $62 mil millones para la ejecuci\u00f3n de 22 proyectos de la Convocatoria Becas de [&hellip;]<\/p>\n","protected":false},"author":2,"featured_media":63075,"comment_status":"closed","ping_status":"open","sticky":false,"template":"","format":"standard","meta":{"footnotes":""},"categories":[48,53,243],"tags":[50,3561,3601,4543],"class_list":["post-63074","post","type-post","status-publish","format-standard","has-post-thumbnail","hentry","category-actualidad","category-universidad-al-dia","category-ucaldas-acreditada","tag-investigaciones","tag-estudios-doctorales","tag-becas-bicentenario","tag-minciencias"],"yoast_head":"<!-- This site is optimized with the Yoast SEO plugin v27.5 - https:\/\/yoast.com\/product\/yoast-seo-wordpress\/ -->\n<title>Aprobados recursos para 269 estudiantes de doctorado como parte de las Becas Bicentenario Corte 2 .<\/title>\n<meta name=\"robots\" content=\"index, follow, max-snippet:-1, max-image-preview:large, max-video-preview:-1\" \/>\n<link rel=\"canonical\" href=\"https:\/\/www.ucaldas.edu.co\/portal\/aprobados-recursos-para-269-estudiantes-de-doctorado-como-parte-de-las-becas-bicentenario-corte-2\/\" \/>\n<script type=\"application\/ld+json\" class=\"yoast-schema-graph\">{\"@context\":\"https:\\\/\\\/schema.org\",\"@graph\":[{\"@type\":\"Article\",\"@id\":\"https:\\\/\\\/www.ucaldas.edu.co\\\/portal\\\/aprobados-recursos-para-269-estudiantes-de-doctorado-como-parte-de-las-becas-bicentenario-corte-2\\\/#article\",\"isPartOf\":{\"@id\":\"https:\\\/\\\/www.ucaldas.edu.co\\\/portal\\\/aprobados-recursos-para-269-estudiantes-de-doctorado-como-parte-de-las-becas-bicentenario-corte-2\\\/\"},\"author\":{\"name\":\"ofiprensa\",\"@id\":\"https:\\\/\\\/www.ucaldas.edu.co\\\/portal\\\/#\\\/schema\\\/person\\\/a1b482e23449158b4bc319926c074fdf\"},\"headline\":\"Aprobados recursos para 269 estudiantes de doctorado como parte de las Becas Bicentenario Corte 2\",\"datePublished\":\"2021-06-03T00:42:29+00:00\",\"mainEntityOfPage\":{\"@id\":\"https:\\\/\\\/www.ucaldas.edu.co\\\/portal\\\/aprobados-recursos-para-269-estudiantes-de-doctorado-como-parte-de-las-becas-bicentenario-corte-2\\\/\"},\"wordCount\":413,\"publisher\":{\"@id\":\"https:\\\/\\\/www.ucaldas.edu.co\\\/portal\\\/#organization\"},\"image\":{\"@id\":\"https:\\\/\\\/www.ucaldas.edu.co\\\/portal\\\/aprobados-recursos-para-269-estudiantes-de-doctorado-como-parte-de-las-becas-bicentenario-corte-2\\\/#primaryimage\"},\"thumbnailUrl\":\"https:\\\/\\\/www.ucaldas.edu.co\\\/portal\\\/wp-content\\\/uploads\\\/2021\\\/06\\\/WhatsApp-Image-2021-06-02-at-7.27.14-PM.jpeg\",\"keywords\":[\"investigaciones\",\"estudios doctorales\",\"becas bicentenario\",\"Minciencias\"],\"articleSection\":[\"Actualidad\",\"Universidad al D\u00eda\",\"Ucaldas Acreditada\"],\"inLanguage\":\"es\"},{\"@type\":\"WebPage\",\"@id\":\"https:\\\/\\\/www.ucaldas.edu.co\\\/portal\\\/aprobados-recursos-para-269-estudiantes-de-doctorado-como-parte-de-las-becas-bicentenario-corte-2\\\/\",\"url\":\"https:\\\/\\\/www.ucaldas.edu.co\\\/portal\\\/aprobados-recursos-para-269-estudiantes-de-doctorado-como-parte-de-las-becas-bicentenario-corte-2\\\/\",\"name\":\"Aprobados recursos para 269 estudiantes de doctorado como parte de las Becas Bicentenario Corte 2 .\",\"isPartOf\":{\"@id\":\"https:\\\/\\\/www.ucaldas.edu.co\\\/portal\\\/#website\"},\"primaryImageOfPage\":{\"@id\":\"https:\\\/\\\/www.ucaldas.edu.co\\\/portal\\\/aprobados-recursos-para-269-estudiantes-de-doctorado-como-parte-de-las-becas-bicentenario-corte-2\\\/#primaryimage\"},\"image\":{\"@id\":\"https:\\\/\\\/www.ucaldas.edu.co\\\/portal\\\/aprobados-recursos-para-269-estudiantes-de-doctorado-como-parte-de-las-becas-bicentenario-corte-2\\\/#primaryimage\"},\"thumbnailUrl\":\"https:\\\/\\\/www.ucaldas.edu.co\\\/portal\\\/wp-content\\\/uploads\\\/2021\\\/06\\\/WhatsApp-Image-2021-06-02-at-7.27.14-PM.jpeg\",\"datePublished\":\"2021-06-03T00:42:29+00:00\",\"breadcrumb\":{\"@id\":\"https:\\\/\\\/www.ucaldas.edu.co\\\/portal\\\/aprobados-recursos-para-269-estudiantes-de-doctorado-como-parte-de-las-becas-bicentenario-corte-2\\\/#breadcrumb\"},\"inLanguage\":\"es\",\"potentialAction\":[{\"@type\":\"ReadAction\",\"target\":[\"https:\\\/\\\/www.ucaldas.edu.co\\\/portal\\\/aprobados-recursos-para-269-estudiantes-de-doctorado-como-parte-de-las-becas-bicentenario-corte-2\\\/\"]}]},{\"@type\":\"ImageObject\",\"inLanguage\":\"es\",\"@id\":\"https:\\\/\\\/www.ucaldas.edu.co\\\/portal\\\/aprobados-recursos-para-269-estudiantes-de-doctorado-como-parte-de-las-becas-bicentenario-corte-2\\\/#primaryimage\",\"url\":\"https:\\\/\\\/www.ucaldas.edu.co\\\/portal\\\/wp-content\\\/uploads\\\/2021\\\/06\\\/WhatsApp-Image-2021-06-02-at-7.27.14-PM.jpeg\",\"contentUrl\":\"https:\\\/\\\/www.ucaldas.edu.co\\\/portal\\\/wp-content\\\/uploads\\\/2021\\\/06\\\/WhatsApp-Image-2021-06-02-at-7.27.14-PM.jpeg\",\"width\":700,\"height\":400},{\"@type\":\"BreadcrumbList\",\"@id\":\"https:\\\/\\\/www.ucaldas.edu.co\\\/portal\\\/aprobados-recursos-para-269-estudiantes-de-doctorado-como-parte-de-las-becas-bicentenario-corte-2\\\/#breadcrumb\",\"itemListElement\":[{\"@type\":\"ListItem\",\"position\":1,\"name\":\"Portada\",\"item\":\"https:\\\/\\\/www.ucaldas.edu.co\\\/portal\\\/\"},{\"@type\":\"ListItem\",\"position\":2,\"name\":\"Aprobados recursos para 269 estudiantes de doctorado como parte de las Becas Bicentenario Corte 2\"}]},{\"@type\":\"WebSite\",\"@id\":\"https:\\\/\\\/www.ucaldas.edu.co\\\/portal\\\/#website\",\"url\":\"https:\\\/\\\/www.ucaldas.edu.co\\\/portal\\\/\",\"name\":\"Universidad de Caldas\",\"description\":\"\",\"publisher\":{\"@id\":\"https:\\\/\\\/www.ucaldas.edu.co\\\/portal\\\/#organization\"},\"alternateName\":\"U. de Caldas\",\"potentialAction\":[{\"@type\":\"SearchAction\",\"target\":{\"@type\":\"EntryPoint\",\"urlTemplate\":\"https:\\\/\\\/www.ucaldas.edu.co\\\/portal\\\/?s={search_term_string}\"},\"query-input\":{\"@type\":\"PropertyValueSpecification\",\"valueRequired\":true,\"valueName\":\"search_term_string\"}}],\"inLanguage\":\"es\"},{\"@type\":\"Organization\",\"@id\":\"https:\\\/\\\/www.ucaldas.edu.co\\\/portal\\\/#organization\",\"name\":\"Universidad de Caldas\",\"alternateName\":\"U. de Caldas\",\"url\":\"https:\\\/\\\/www.ucaldas.edu.co\\\/portal\\\/\",\"logo\":{\"@type\":\"ImageObject\",\"inLanguage\":\"es\",\"@id\":\"https:\\\/\\\/www.ucaldas.edu.co\\\/portal\\\/#\\\/schema\\\/logo\\\/image\\\/\",\"url\":\"https:\\\/\\\/www.ucaldas.edu.co\\\/portal\\\/wp-content\\\/uploads\\\/2023\\\/11\\\/Logo_horizontal_oscuroU-2023.png\",\"contentUrl\":\"https:\\\/\\\/www.ucaldas.edu.co\\\/portal\\\/wp-content\\\/uploads\\\/2023\\\/11\\\/Logo_horizontal_oscuroU-2023.png\",\"width\":263,\"height\":101,\"caption\":\"Universidad de Caldas\"},\"image\":{\"@id\":\"https:\\\/\\\/www.ucaldas.edu.co\\\/portal\\\/#\\\/schema\\\/logo\\\/image\\\/\"},\"sameAs\":[\"https:\\\/\\\/www.facebook.com\\\/udecaldas\",\"https:\\\/\\\/x.com\\\/udecaldas\",\"https:\\\/\\\/www.youtube.com\\\/universidadcaldas\",\"https:\\\/\\\/www.instagram.com\\\/udecaldas\\\/\"]},{\"@type\":\"Person\",\"@id\":\"https:\\\/\\\/www.ucaldas.edu.co\\\/portal\\\/#\\\/schema\\\/person\\\/a1b482e23449158b4bc319926c074fdf\",\"name\":\"ofiprensa\",\"image\":{\"@type\":\"ImageObject\",\"inLanguage\":\"es\",\"@id\":\"https:\\\/\\\/www.ucaldas.edu.co\\\/portal\\\/wp-content\\\/litespeed\\\/avatar\\\/09ea5085e600095a7a811142c6944527.jpg?ver=1777497608\",\"url\":\"https:\\\/\\\/www.ucaldas.edu.co\\\/portal\\\/wp-content\\\/litespeed\\\/avatar\\\/09ea5085e600095a7a811142c6944527.jpg?ver=1777497608\",\"contentUrl\":\"https:\\\/\\\/www.ucaldas.edu.co\\\/portal\\\/wp-content\\\/litespeed\\\/avatar\\\/09ea5085e600095a7a811142c6944527.jpg?ver=1777497608\",\"caption\":\"ofiprensa\"},\"url\":\"https:\\\/\\\/www.ucaldas.edu.co\\\/portal\\\/author\\\/ofiprensa\\\/\"}]}<\/script>\n<!-- \/ Yoast SEO plugin. -->","yoast_head_json":{"title":"Aprobados recursos para 269 estudiantes de doctorado como parte de las Becas Bicentenario Corte 2 .","robots":{"index":"index","follow":"follow","max-snippet":"max-snippet:-1","max-image-preview":"max-image-preview:large","max-video-preview":"max-video-preview:-1"},"canonical":"https:\/\/www.ucaldas.edu.co\/portal\/aprobados-recursos-para-269-estudiantes-de-doctorado-como-parte-de-las-becas-bicentenario-corte-2\/","schema":{"@context":"https:\/\/schema.org","@graph":[{"@type":"Article","@id":"https:\/\/www.ucaldas.edu.co\/portal\/aprobados-recursos-para-269-estudiantes-de-doctorado-como-parte-de-las-becas-bicentenario-corte-2\/#article","isPartOf":{"@id":"https:\/\/www.ucaldas.edu.co\/portal\/aprobados-recursos-para-269-estudiantes-de-doctorado-como-parte-de-las-becas-bicentenario-corte-2\/"},"author":{"name":"ofiprensa","@id":"https:\/\/www.ucaldas.edu.co\/portal\/#\/schema\/person\/a1b482e23449158b4bc319926c074fdf"},"headline":"Aprobados recursos para 269 estudiantes de doctorado como parte de las Becas Bicentenario Corte 2","datePublished":"2021-06-03T00:42:29+00:00","mainEntityOfPage":{"@id":"https:\/\/www.ucaldas.edu.co\/portal\/aprobados-recursos-para-269-estudiantes-de-doctorado-como-parte-de-las-becas-bicentenario-corte-2\/"},"wordCount":413,"publisher":{"@id":"https:\/\/www.ucaldas.edu.co\/portal\/#organization"},"image":{"@id":"https:\/\/www.ucaldas.edu.co\/portal\/aprobados-recursos-para-269-estudiantes-de-doctorado-como-parte-de-las-becas-bicentenario-corte-2\/#primaryimage"},"thumbnailUrl":"https:\/\/www.ucaldas.edu.co\/portal\/wp-content\/uploads\/2021\/06\/WhatsApp-Image-2021-06-02-at-7.27.14-PM.jpeg","keywords":["investigaciones","estudios doctorales","becas bicentenario","Minciencias"],"articleSection":["Actualidad","Universidad al D\u00eda","Ucaldas Acreditada"],"inLanguage":"es"},{"@type":"WebPage","@id":"https:\/\/www.ucaldas.edu.co\/portal\/aprobados-recursos-para-269-estudiantes-de-doctorado-como-parte-de-las-becas-bicentenario-corte-2\/","url":"https:\/\/www.ucaldas.edu.co\/portal\/aprobados-recursos-para-269-estudiantes-de-doctorado-como-parte-de-las-becas-bicentenario-corte-2\/","name":"Aprobados recursos para 269 estudiantes de doctorado como parte de las Becas Bicentenario Corte 2 .","isPartOf":{"@id":"https:\/\/www.ucaldas.edu.co\/portal\/#website"},"primaryImageOfPage":{"@id":"https:\/\/www.ucaldas.edu.co\/portal\/aprobados-recursos-para-269-estudiantes-de-doctorado-como-parte-de-las-becas-bicentenario-corte-2\/#primaryimage"},"image":{"@id":"https:\/\/www.ucaldas.edu.co\/portal\/aprobados-recursos-para-269-estudiantes-de-doctorado-como-parte-de-las-becas-bicentenario-corte-2\/#primaryimage"},"thumbnailUrl":"https:\/\/www.ucaldas.edu.co\/portal\/wp-content\/uploads\/2021\/06\/WhatsApp-Image-2021-06-02-at-7.27.14-PM.jpeg","datePublished":"2021-06-03T00:42:29+00:00","breadcrumb":{"@id":"https:\/\/www.ucaldas.edu.co\/portal\/aprobados-recursos-para-269-estudiantes-de-doctorado-como-parte-de-las-becas-bicentenario-corte-2\/#breadcrumb"},"inLanguage":"es","potentialAction":[{"@type":"ReadAction","target":["https:\/\/www.ucaldas.edu.co\/portal\/aprobados-recursos-para-269-estudiantes-de-doctorado-como-parte-de-las-becas-bicentenario-corte-2\/"]}]},{"@type":"ImageObject","inLanguage":"es","@id":"https:\/\/www.ucaldas.edu.co\/portal\/aprobados-recursos-para-269-estudiantes-de-doctorado-como-parte-de-las-becas-bicentenario-corte-2\/#primaryimage","url":"https:\/\/www.ucaldas.edu.co\/portal\/wp-content\/uploads\/2021\/06\/WhatsApp-Image-2021-06-02-at-7.27.14-PM.jpeg","contentUrl":"https:\/\/www.ucaldas.edu.co\/portal\/wp-content\/uploads\/2021\/06\/WhatsApp-Image-2021-06-02-at-7.27.14-PM.jpeg","width":700,"height":400},{"@type":"BreadcrumbList","@id":"https:\/\/www.ucaldas.edu.co\/portal\/aprobados-recursos-para-269-estudiantes-de-doctorado-como-parte-de-las-becas-bicentenario-corte-2\/#breadcrumb","itemListElement":[{"@type":"ListItem","position":1,"name":"Portada","item":"https:\/\/www.ucaldas.edu.co\/portal\/"},{"@type":"ListItem","position":2,"name":"Aprobados recursos para 269 estudiantes de doctorado como parte de las Becas Bicentenario Corte 2"}]},{"@type":"WebSite","@id":"https:\/\/www.ucaldas.edu.co\/portal\/#website","url":"https:\/\/www.ucaldas.edu.co\/portal\/","name":"Universidad de Caldas","description":"","publisher":{"@id":"https:\/\/www.ucaldas.edu.co\/portal\/#organization"},"alternateName":"U. de Caldas","potentialAction":[{"@type":"SearchAction","target":{"@type":"EntryPoint","urlTemplate":"https:\/\/www.ucaldas.edu.co\/portal\/?s={search_term_string}"},"query-input":{"@type":"PropertyValueSpecification","valueRequired":true,"valueName":"search_term_string"}}],"inLanguage":"es"},{"@type":"Organization","@id":"https:\/\/www.ucaldas.edu.co\/portal\/#organization","name":"Universidad de Caldas","alternateName":"U. de Caldas","url":"https:\/\/www.ucaldas.edu.co\/portal\/","logo":{"@type":"ImageObject","inLanguage":"es","@id":"https:\/\/www.ucaldas.edu.co\/portal\/#\/schema\/logo\/image\/","url":"https:\/\/www.ucaldas.edu.co\/portal\/wp-content\/uploads\/2023\/11\/Logo_horizontal_oscuroU-2023.png","contentUrl":"https:\/\/www.ucaldas.edu.co\/portal\/wp-content\/uploads\/2023\/11\/Logo_horizontal_oscuroU-2023.png","width":263,"height":101,"caption":"Universidad de Caldas"},"image":{"@id":"https:\/\/www.ucaldas.edu.co\/portal\/#\/schema\/logo\/image\/"},"sameAs":["https:\/\/www.facebook.com\/udecaldas","https:\/\/x.com\/udecaldas","https:\/\/www.youtube.com\/universidadcaldas","https:\/\/www.instagram.com\/udecaldas\/"]},{"@type":"Person","@id":"https:\/\/www.ucaldas.edu.co\/portal\/#\/schema\/person\/a1b482e23449158b4bc319926c074fdf","name":"ofiprensa","image":{"@type":"ImageObject","inLanguage":"es","@id":"https:\/\/www.ucaldas.edu.co\/portal\/wp-content\/litespeed\/avatar\/09ea5085e600095a7a811142c6944527.jpg?ver=1777497608","url":"https:\/\/www.ucaldas.edu.co\/portal\/wp-content\/litespeed\/avatar\/09ea5085e600095a7a811142c6944527.jpg?ver=1777497608","contentUrl":"https:\/\/www.ucaldas.edu.co\/portal\/wp-content\/litespeed\/avatar\/09ea5085e600095a7a811142c6944527.jpg?ver=1777497608","caption":"ofiprensa"},"url":"https:\/\/www.ucaldas.edu.co\/portal\/author\/ofiprensa\/"}]}},"_links":{"self":[{"href":"https:\/\/www.ucaldas.edu.co\/portal\/wp-json\/wp\/v2\/posts\/63074","targetHints":{"allow":["GET"]}}],"collection":[{"href":"https:\/\/www.ucaldas.edu.co\/portal\/wp-json\/wp\/v2\/posts"}],"about":[{"href":"https:\/\/www.ucaldas.edu.co\/portal\/wp-json\/wp\/v2\/types\/post"}],"author":[{"embeddable":true,"href":"https:\/\/www.ucaldas.edu.co\/portal\/wp-json\/wp\/v2\/users\/2"}],"replies":[{"embeddable":true,"href":"https:\/\/www.ucaldas.edu.co\/portal\/wp-json\/wp\/v2\/comments?post=63074"}],"version-history":[{"count":0,"href":"https:\/\/www.ucaldas.edu.co\/portal\/wp-json\/wp\/v2\/posts\/63074\/revisions"}],"wp:featuredmedia":[{"embeddable":true,"href":"https:\/\/www.ucaldas.edu.co\/portal\/wp-json\/wp\/v2\/media\/63075"}],"wp:attachment":[{"href":"https:\/\/www.ucaldas.edu.co\/portal\/wp-json\/wp\/v2\/media?parent=63074"}],"wp:term":[{"taxonomy":"category","embeddable":true,"href":"https:\/\/www.ucaldas.edu.co\/portal\/wp-json\/wp\/v2\/categories?post=63074"},{"taxonomy":"post_tag","embeddable":true,"href":"https:\/\/www.ucaldas.edu.co\/portal\/wp-json\/wp\/v2\/tags?post=63074"}],"curies":[{"name":"wp","href":"https:\/\/api.w.org\/{rel}","templated":true}]}}