{"id":63030,"date":"2021-05-31T23:34:39","date_gmt":"2021-05-31T23:34:39","guid":{"rendered":"https:\/\/www.ucaldas.edu.co\/portal\/?p=63030"},"modified":"2021-05-31T23:34:39","modified_gmt":"2021-05-31T23:34:39","slug":"estudiantes-de-la-universidad-de-caldas-conoceran-detalles-sobre-el-credito-joven","status":"publish","type":"post","link":"https:\/\/www.ucaldas.edu.co\/portal\/estudiantes-de-la-universidad-de-caldas-conoceran-detalles-sobre-el-credito-joven\/","title":{"rendered":"Estudiantes de la Universidad de Caldas conocer\u00e1n detalles sobre el \u201cCr\u00e9dito Joven\u201d"},"content":{"rendered":"<p style=\"text-align: center;\">INCENTIVO DEL GOBIERNO NACIONAL \u00a0PARA AGROEMPRENDIMIENTOS<br \/>\n<strong>Estudiantes de la Universidad de Caldas conocer\u00e1n detalles sobre el \u201cCr\u00e9dito Joven\u201d<\/strong><\/p>\n<p style=\"text-align: right;\">28\/05\/2021<\/p>\n<p><img loading=\"lazy\" decoding=\"async\" class=\"size-full wp-image-63005 aligncenter\" src=\"https:\/\/www.ucaldas.edu.co\/portal\/wp-content\/uploads\/2021\/05\/WhatsApp-Image-2021-05-28-at-5.36.21-PM.jpeg\" alt=\"\" width=\"700\" height=\"400\" srcset=\"https:\/\/www.ucaldas.edu.co\/portal\/wp-content\/uploads\/2021\/05\/WhatsApp-Image-2021-05-28-at-5.36.21-PM.jpeg 700w, https:\/\/www.ucaldas.edu.co\/portal\/wp-content\/uploads\/2021\/05\/WhatsApp-Image-2021-05-28-at-5.36.21-PM-300x171.jpeg 300w\" sizes=\"auto, (max-width: 700px) 100vw, 700px\" \/><\/p>\n<p>Con el prop\u00f3sito de dar a conocer a los estudiantes de la Universidad de Caldas el nuevo programa del Gobierno Nacional denominado: \u201cCr\u00e9dito Joven\u201d, este mi\u00e9rcoles 2 de junio a partir de las 4:00 p.m. se llevar\u00e1 a cabo un Webinar con el Ministro de Agricultura y Desarrollo Rural, \u00a0Rodolfo Zea Navarro \u00a0y \u00a0el \u00a0presidente del Banco Agrario de Colombia Francisco Jos\u00e9 Mej\u00eda Sendoya, a trav\u00e9s del canal de YouTube @udecaldas.<\/p>\n<p><!--more--><\/p>\n<p>Este beneficio est\u00e1 dirigido a estudiantes de \u00faltimos semestres y egresados de carreras agropecuarias o ingenier\u00edas afines que podr\u00e1n acceder a \u00a0una l\u00ednea de cr\u00e9dito m\u00e1s flexible para desarrollar sus emprendimientos en las \u00e1reas agr\u00edcola y agroindustrial.<\/p>\n<p>Para proyectos agropecuarios de 2 o m\u00e1s estudiantes asociados se prestar\u00e1n hasta 40 millones de pesos, y si es uno solo hasta 30 millones de pesos. Esta l\u00ednea tiene un plazo m\u00e1ximo de 5 a\u00f1os seg\u00fan el proyecto productivo, un periodo de gracia a capital de hasta 1 a\u00f1o y una tasa del Indicador Bancario de Referencia (IBR) del 1,1 %, lo que equivale a una tasa del 0,6 % anual.<\/p>\n<p>En cuanto a los proyectos agroindustriales o servicios de apoyo del agro, se manejar\u00e1 un monto de hasta 80 millones de pesos para sociedades entre dos estudiantes o m\u00e1s, y hasta 60 millones para proyectos individuales, siempre y cuando el 50 % sea destinado a activos fijos.<\/p>\n<p>El modelo tendr\u00e1 el mismo plazo y periodo de gracia a capital que la l\u00ednea agropecuaria, pero su tasa es del IBR + 13,25 %, lo que quiere decir que la tasa final ser\u00eda del 15 %. Sin embargo el objetivo es que al final se reduzca hasta un 10 % anual.<\/p>\n<p>Los requisitos para acceder a este beneficio se pueden consultar en: <strong><a href=\"http:\/\/www.bancoagrario.gov.co\/\">http:\/\/www.bancoagrario.gov.co<\/a><\/strong><\/p>\n<p>&nbsp;<\/p>\n<table>\n<tbody>\n<tr>\n<td width=\"589\"><strong>PARA DESTACAR:<\/strong><\/p>\n<p>Los interesados podr\u00e1n acceder a este evento a trav\u00e9s del siguiente enlace: <strong><a href=\"https:\/\/youtu.be\/6lvSDq5Hp6s\">https:\/\/youtu.be\/6lvSDq5Hp6s<\/a><\/strong><\/td>\n<\/tr>\n<\/tbody>\n<\/table>\n<p><strong>\u00a0<\/strong><\/p>\n<p><strong>Anexo:<\/strong><\/p>\n<p><strong><a href=\"https:\/\/www.youtube.com\/watch?v=MsMoogHH39M&amp;feature=youtu.be\">Video Ministro de Agricultura y\u00a0 Desarrollo Rural, \u200bRodolfo Zea Navarro<\/a><\/strong><\/p>\n<p><iframe loading=\"lazy\" title=\"YouTube video player\" src=\"\/\/www.youtube.com\/embed\/MsMoogHH39M\" width=\"460\" height=\"215\" frameborder=\"0\" allowfullscreen=\"allowfullscreen\"><\/iframe><\/p>\n<p><strong>\u00a0<\/strong><\/p>\n<p><strong>Informes: <\/strong>Oficina de Comunicaciones y Prensa Universidad de Caldas.<\/p>\n<p><strong>Redacci\u00f3n:<\/strong> Adriana Salazar Villegas<\/p>\n<p>&nbsp;<\/p>\n","protected":false},"excerpt":{"rendered":"<p>INCENTIVO DEL GOBIERNO NACIONAL \u00a0PARA AGROEMPRENDIMIENTOS Estudiantes de la Universidad de Caldas conocer\u00e1n detalles sobre el \u201cCr\u00e9dito Joven\u201d 28\/05\/2021 Con el prop\u00f3sito de dar a conocer a los estudiantes de la Universidad de Caldas el nuevo programa del Gobierno Nacional denominado: \u201cCr\u00e9dito Joven\u201d, este mi\u00e9rcoles 2 de junio a partir de las 4:00 p.m. se [&hellip;]<\/p>\n","protected":false},"author":2,"featured_media":63005,"comment_status":"closed","ping_status":"open","sticky":false,"template":"","format":"standard","meta":{"footnotes":""},"categories":[48,53,62],"tags":[6509,429,4527,6508],"class_list":["post-63030","post","type-post","status-publish","format-standard","has-post-thumbnail","hentry","category-actualidad","category-universidad-al-dia","category-eventos","tag-ministerio-de-agricultura","tag-emprendimiento","tag-creditos","tag-banco-agrario"],"yoast_head":"<!-- This site is optimized with the Yoast SEO plugin v27.5 - https:\/\/yoast.com\/product\/yoast-seo-wordpress\/ -->\n<title>Estudiantes de la Universidad de Caldas conocer\u00e1n detalles sobre el \u201cCr\u00e9dito Joven\u201d .<\/title>\n<meta name=\"robots\" content=\"index, follow, max-snippet:-1, max-image-preview:large, max-video-preview:-1\" \/>\n<link rel=\"canonical\" href=\"https:\/\/www.ucaldas.edu.co\/portal\/estudiantes-de-la-universidad-de-caldas-conoceran-detalles-sobre-el-credito-joven\/\" \/>\n<script type=\"application\/ld+json\" class=\"yoast-schema-graph\">{\"@context\":\"https:\\\/\\\/schema.org\",\"@graph\":[{\"@type\":\"Article\",\"@id\":\"https:\\\/\\\/www.ucaldas.edu.co\\\/portal\\\/estudiantes-de-la-universidad-de-caldas-conoceran-detalles-sobre-el-credito-joven\\\/#article\",\"isPartOf\":{\"@id\":\"https:\\\/\\\/www.ucaldas.edu.co\\\/portal\\\/estudiantes-de-la-universidad-de-caldas-conoceran-detalles-sobre-el-credito-joven\\\/\"},\"author\":{\"name\":\"ofiprensa\",\"@id\":\"https:\\\/\\\/www.ucaldas.edu.co\\\/portal\\\/#\\\/schema\\\/person\\\/a1b482e23449158b4bc319926c074fdf\"},\"headline\":\"Estudiantes de la Universidad de Caldas conocer\u00e1n detalles sobre el \u201cCr\u00e9dito Joven\u201d\",\"datePublished\":\"2021-05-31T23:34:39+00:00\",\"mainEntityOfPage\":{\"@id\":\"https:\\\/\\\/www.ucaldas.edu.co\\\/portal\\\/estudiantes-de-la-universidad-de-caldas-conoceran-detalles-sobre-el-credito-joven\\\/\"},\"wordCount\":377,\"publisher\":{\"@id\":\"https:\\\/\\\/www.ucaldas.edu.co\\\/portal\\\/#organization\"},\"image\":{\"@id\":\"https:\\\/\\\/www.ucaldas.edu.co\\\/portal\\\/estudiantes-de-la-universidad-de-caldas-conoceran-detalles-sobre-el-credito-joven\\\/#primaryimage\"},\"thumbnailUrl\":\"https:\\\/\\\/www.ucaldas.edu.co\\\/portal\\\/wp-content\\\/uploads\\\/2021\\\/05\\\/WhatsApp-Image-2021-05-28-at-5.36.21-PM.jpeg\",\"keywords\":[\"ministerio de agricultura\",\"Emprendimiento\",\"cr\u00e9ditos\",\"banco agrario\"],\"articleSection\":[\"Actualidad\",\"Universidad al D\u00eda\",\"Eventos\"],\"inLanguage\":\"es\"},{\"@type\":\"WebPage\",\"@id\":\"https:\\\/\\\/www.ucaldas.edu.co\\\/portal\\\/estudiantes-de-la-universidad-de-caldas-conoceran-detalles-sobre-el-credito-joven\\\/\",\"url\":\"https:\\\/\\\/www.ucaldas.edu.co\\\/portal\\\/estudiantes-de-la-universidad-de-caldas-conoceran-detalles-sobre-el-credito-joven\\\/\",\"name\":\"Estudiantes de la Universidad de Caldas conocer\u00e1n detalles sobre el \u201cCr\u00e9dito Joven\u201d .\",\"isPartOf\":{\"@id\":\"https:\\\/\\\/www.ucaldas.edu.co\\\/portal\\\/#website\"},\"primaryImageOfPage\":{\"@id\":\"https:\\\/\\\/www.ucaldas.edu.co\\\/portal\\\/estudiantes-de-la-universidad-de-caldas-conoceran-detalles-sobre-el-credito-joven\\\/#primaryimage\"},\"image\":{\"@id\":\"https:\\\/\\\/www.ucaldas.edu.co\\\/portal\\\/estudiantes-de-la-universidad-de-caldas-conoceran-detalles-sobre-el-credito-joven\\\/#primaryimage\"},\"thumbnailUrl\":\"https:\\\/\\\/www.ucaldas.edu.co\\\/portal\\\/wp-content\\\/uploads\\\/2021\\\/05\\\/WhatsApp-Image-2021-05-28-at-5.36.21-PM.jpeg\",\"datePublished\":\"2021-05-31T23:34:39+00:00\",\"breadcrumb\":{\"@id\":\"https:\\\/\\\/www.ucaldas.edu.co\\\/portal\\\/estudiantes-de-la-universidad-de-caldas-conoceran-detalles-sobre-el-credito-joven\\\/#breadcrumb\"},\"inLanguage\":\"es\",\"potentialAction\":[{\"@type\":\"ReadAction\",\"target\":[\"https:\\\/\\\/www.ucaldas.edu.co\\\/portal\\\/estudiantes-de-la-universidad-de-caldas-conoceran-detalles-sobre-el-credito-joven\\\/\"]}]},{\"@type\":\"ImageObject\",\"inLanguage\":\"es\",\"@id\":\"https:\\\/\\\/www.ucaldas.edu.co\\\/portal\\\/estudiantes-de-la-universidad-de-caldas-conoceran-detalles-sobre-el-credito-joven\\\/#primaryimage\",\"url\":\"https:\\\/\\\/www.ucaldas.edu.co\\\/portal\\\/wp-content\\\/uploads\\\/2021\\\/05\\\/WhatsApp-Image-2021-05-28-at-5.36.21-PM.jpeg\",\"contentUrl\":\"https:\\\/\\\/www.ucaldas.edu.co\\\/portal\\\/wp-content\\\/uploads\\\/2021\\\/05\\\/WhatsApp-Image-2021-05-28-at-5.36.21-PM.jpeg\",\"width\":700,\"height\":400},{\"@type\":\"BreadcrumbList\",\"@id\":\"https:\\\/\\\/www.ucaldas.edu.co\\\/portal\\\/estudiantes-de-la-universidad-de-caldas-conoceran-detalles-sobre-el-credito-joven\\\/#breadcrumb\",\"itemListElement\":[{\"@type\":\"ListItem\",\"position\":1,\"name\":\"Portada\",\"item\":\"https:\\\/\\\/www.ucaldas.edu.co\\\/portal\\\/\"},{\"@type\":\"ListItem\",\"position\":2,\"name\":\"Estudiantes de la Universidad de Caldas conocer\u00e1n detalles sobre el \u201cCr\u00e9dito Joven\u201d\"}]},{\"@type\":\"WebSite\",\"@id\":\"https:\\\/\\\/www.ucaldas.edu.co\\\/portal\\\/#website\",\"url\":\"https:\\\/\\\/www.ucaldas.edu.co\\\/portal\\\/\",\"name\":\"Universidad de Caldas\",\"description\":\"\",\"publisher\":{\"@id\":\"https:\\\/\\\/www.ucaldas.edu.co\\\/portal\\\/#organization\"},\"alternateName\":\"U. de Caldas\",\"potentialAction\":[{\"@type\":\"SearchAction\",\"target\":{\"@type\":\"EntryPoint\",\"urlTemplate\":\"https:\\\/\\\/www.ucaldas.edu.co\\\/portal\\\/?s={search_term_string}\"},\"query-input\":{\"@type\":\"PropertyValueSpecification\",\"valueRequired\":true,\"valueName\":\"search_term_string\"}}],\"inLanguage\":\"es\"},{\"@type\":\"Organization\",\"@id\":\"https:\\\/\\\/www.ucaldas.edu.co\\\/portal\\\/#organization\",\"name\":\"Universidad de Caldas\",\"alternateName\":\"U. de Caldas\",\"url\":\"https:\\\/\\\/www.ucaldas.edu.co\\\/portal\\\/\",\"logo\":{\"@type\":\"ImageObject\",\"inLanguage\":\"es\",\"@id\":\"https:\\\/\\\/www.ucaldas.edu.co\\\/portal\\\/#\\\/schema\\\/logo\\\/image\\\/\",\"url\":\"https:\\\/\\\/www.ucaldas.edu.co\\\/portal\\\/wp-content\\\/uploads\\\/2023\\\/11\\\/Logo_horizontal_oscuroU-2023.png\",\"contentUrl\":\"https:\\\/\\\/www.ucaldas.edu.co\\\/portal\\\/wp-content\\\/uploads\\\/2023\\\/11\\\/Logo_horizontal_oscuroU-2023.png\",\"width\":263,\"height\":101,\"caption\":\"Universidad de Caldas\"},\"image\":{\"@id\":\"https:\\\/\\\/www.ucaldas.edu.co\\\/portal\\\/#\\\/schema\\\/logo\\\/image\\\/\"},\"sameAs\":[\"https:\\\/\\\/www.facebook.com\\\/udecaldas\",\"https:\\\/\\\/x.com\\\/udecaldas\",\"https:\\\/\\\/www.youtube.com\\\/universidadcaldas\",\"https:\\\/\\\/www.instagram.com\\\/udecaldas\\\/\"]},{\"@type\":\"Person\",\"@id\":\"https:\\\/\\\/www.ucaldas.edu.co\\\/portal\\\/#\\\/schema\\\/person\\\/a1b482e23449158b4bc319926c074fdf\",\"name\":\"ofiprensa\",\"image\":{\"@type\":\"ImageObject\",\"inLanguage\":\"es\",\"@id\":\"https:\\\/\\\/www.ucaldas.edu.co\\\/portal\\\/wp-content\\\/litespeed\\\/avatar\\\/09ea5085e600095a7a811142c6944527.jpg?ver=1777497608\",\"url\":\"https:\\\/\\\/www.ucaldas.edu.co\\\/portal\\\/wp-content\\\/litespeed\\\/avatar\\\/09ea5085e600095a7a811142c6944527.jpg?ver=1777497608\",\"contentUrl\":\"https:\\\/\\\/www.ucaldas.edu.co\\\/portal\\\/wp-content\\\/litespeed\\\/avatar\\\/09ea5085e600095a7a811142c6944527.jpg?ver=1777497608\",\"caption\":\"ofiprensa\"},\"url\":\"https:\\\/\\\/www.ucaldas.edu.co\\\/portal\\\/author\\\/ofiprensa\\\/\"}]}<\/script>\n<!-- \/ Yoast SEO plugin. -->","yoast_head_json":{"title":"Estudiantes de la Universidad de Caldas conocer\u00e1n detalles sobre el \u201cCr\u00e9dito Joven\u201d .","robots":{"index":"index","follow":"follow","max-snippet":"max-snippet:-1","max-image-preview":"max-image-preview:large","max-video-preview":"max-video-preview:-1"},"canonical":"https:\/\/www.ucaldas.edu.co\/portal\/estudiantes-de-la-universidad-de-caldas-conoceran-detalles-sobre-el-credito-joven\/","schema":{"@context":"https:\/\/schema.org","@graph":[{"@type":"Article","@id":"https:\/\/www.ucaldas.edu.co\/portal\/estudiantes-de-la-universidad-de-caldas-conoceran-detalles-sobre-el-credito-joven\/#article","isPartOf":{"@id":"https:\/\/www.ucaldas.edu.co\/portal\/estudiantes-de-la-universidad-de-caldas-conoceran-detalles-sobre-el-credito-joven\/"},"author":{"name":"ofiprensa","@id":"https:\/\/www.ucaldas.edu.co\/portal\/#\/schema\/person\/a1b482e23449158b4bc319926c074fdf"},"headline":"Estudiantes de la Universidad de Caldas conocer\u00e1n detalles sobre el \u201cCr\u00e9dito Joven\u201d","datePublished":"2021-05-31T23:34:39+00:00","mainEntityOfPage":{"@id":"https:\/\/www.ucaldas.edu.co\/portal\/estudiantes-de-la-universidad-de-caldas-conoceran-detalles-sobre-el-credito-joven\/"},"wordCount":377,"publisher":{"@id":"https:\/\/www.ucaldas.edu.co\/portal\/#organization"},"image":{"@id":"https:\/\/www.ucaldas.edu.co\/portal\/estudiantes-de-la-universidad-de-caldas-conoceran-detalles-sobre-el-credito-joven\/#primaryimage"},"thumbnailUrl":"https:\/\/www.ucaldas.edu.co\/portal\/wp-content\/uploads\/2021\/05\/WhatsApp-Image-2021-05-28-at-5.36.21-PM.jpeg","keywords":["ministerio de agricultura","Emprendimiento","cr\u00e9ditos","banco agrario"],"articleSection":["Actualidad","Universidad al D\u00eda","Eventos"],"inLanguage":"es"},{"@type":"WebPage","@id":"https:\/\/www.ucaldas.edu.co\/portal\/estudiantes-de-la-universidad-de-caldas-conoceran-detalles-sobre-el-credito-joven\/","url":"https:\/\/www.ucaldas.edu.co\/portal\/estudiantes-de-la-universidad-de-caldas-conoceran-detalles-sobre-el-credito-joven\/","name":"Estudiantes de la Universidad de Caldas conocer\u00e1n detalles sobre el \u201cCr\u00e9dito Joven\u201d .","isPartOf":{"@id":"https:\/\/www.ucaldas.edu.co\/portal\/#website"},"primaryImageOfPage":{"@id":"https:\/\/www.ucaldas.edu.co\/portal\/estudiantes-de-la-universidad-de-caldas-conoceran-detalles-sobre-el-credito-joven\/#primaryimage"},"image":{"@id":"https:\/\/www.ucaldas.edu.co\/portal\/estudiantes-de-la-universidad-de-caldas-conoceran-detalles-sobre-el-credito-joven\/#primaryimage"},"thumbnailUrl":"https:\/\/www.ucaldas.edu.co\/portal\/wp-content\/uploads\/2021\/05\/WhatsApp-Image-2021-05-28-at-5.36.21-PM.jpeg","datePublished":"2021-05-31T23:34:39+00:00","breadcrumb":{"@id":"https:\/\/www.ucaldas.edu.co\/portal\/estudiantes-de-la-universidad-de-caldas-conoceran-detalles-sobre-el-credito-joven\/#breadcrumb"},"inLanguage":"es","potentialAction":[{"@type":"ReadAction","target":["https:\/\/www.ucaldas.edu.co\/portal\/estudiantes-de-la-universidad-de-caldas-conoceran-detalles-sobre-el-credito-joven\/"]}]},{"@type":"ImageObject","inLanguage":"es","@id":"https:\/\/www.ucaldas.edu.co\/portal\/estudiantes-de-la-universidad-de-caldas-conoceran-detalles-sobre-el-credito-joven\/#primaryimage","url":"https:\/\/www.ucaldas.edu.co\/portal\/wp-content\/uploads\/2021\/05\/WhatsApp-Image-2021-05-28-at-5.36.21-PM.jpeg","contentUrl":"https:\/\/www.ucaldas.edu.co\/portal\/wp-content\/uploads\/2021\/05\/WhatsApp-Image-2021-05-28-at-5.36.21-PM.jpeg","width":700,"height":400},{"@type":"BreadcrumbList","@id":"https:\/\/www.ucaldas.edu.co\/portal\/estudiantes-de-la-universidad-de-caldas-conoceran-detalles-sobre-el-credito-joven\/#breadcrumb","itemListElement":[{"@type":"ListItem","position":1,"name":"Portada","item":"https:\/\/www.ucaldas.edu.co\/portal\/"},{"@type":"ListItem","position":2,"name":"Estudiantes de la Universidad de Caldas conocer\u00e1n detalles sobre el \u201cCr\u00e9dito Joven\u201d"}]},{"@type":"WebSite","@id":"https:\/\/www.ucaldas.edu.co\/portal\/#website","url":"https:\/\/www.ucaldas.edu.co\/portal\/","name":"Universidad de Caldas","description":"","publisher":{"@id":"https:\/\/www.ucaldas.edu.co\/portal\/#organization"},"alternateName":"U. de Caldas","potentialAction":[{"@type":"SearchAction","target":{"@type":"EntryPoint","urlTemplate":"https:\/\/www.ucaldas.edu.co\/portal\/?s={search_term_string}"},"query-input":{"@type":"PropertyValueSpecification","valueRequired":true,"valueName":"search_term_string"}}],"inLanguage":"es"},{"@type":"Organization","@id":"https:\/\/www.ucaldas.edu.co\/portal\/#organization","name":"Universidad de Caldas","alternateName":"U. de Caldas","url":"https:\/\/www.ucaldas.edu.co\/portal\/","logo":{"@type":"ImageObject","inLanguage":"es","@id":"https:\/\/www.ucaldas.edu.co\/portal\/#\/schema\/logo\/image\/","url":"https:\/\/www.ucaldas.edu.co\/portal\/wp-content\/uploads\/2023\/11\/Logo_horizontal_oscuroU-2023.png","contentUrl":"https:\/\/www.ucaldas.edu.co\/portal\/wp-content\/uploads\/2023\/11\/Logo_horizontal_oscuroU-2023.png","width":263,"height":101,"caption":"Universidad de Caldas"},"image":{"@id":"https:\/\/www.ucaldas.edu.co\/portal\/#\/schema\/logo\/image\/"},"sameAs":["https:\/\/www.facebook.com\/udecaldas","https:\/\/x.com\/udecaldas","https:\/\/www.youtube.com\/universidadcaldas","https:\/\/www.instagram.com\/udecaldas\/"]},{"@type":"Person","@id":"https:\/\/www.ucaldas.edu.co\/portal\/#\/schema\/person\/a1b482e23449158b4bc319926c074fdf","name":"ofiprensa","image":{"@type":"ImageObject","inLanguage":"es","@id":"https:\/\/www.ucaldas.edu.co\/portal\/wp-content\/litespeed\/avatar\/09ea5085e600095a7a811142c6944527.jpg?ver=1777497608","url":"https:\/\/www.ucaldas.edu.co\/portal\/wp-content\/litespeed\/avatar\/09ea5085e600095a7a811142c6944527.jpg?ver=1777497608","contentUrl":"https:\/\/www.ucaldas.edu.co\/portal\/wp-content\/litespeed\/avatar\/09ea5085e600095a7a811142c6944527.jpg?ver=1777497608","caption":"ofiprensa"},"url":"https:\/\/www.ucaldas.edu.co\/portal\/author\/ofiprensa\/"}]}},"_links":{"self":[{"href":"https:\/\/www.ucaldas.edu.co\/portal\/wp-json\/wp\/v2\/posts\/63030","targetHints":{"allow":["GET"]}}],"collection":[{"href":"https:\/\/www.ucaldas.edu.co\/portal\/wp-json\/wp\/v2\/posts"}],"about":[{"href":"https:\/\/www.ucaldas.edu.co\/portal\/wp-json\/wp\/v2\/types\/post"}],"author":[{"embeddable":true,"href":"https:\/\/www.ucaldas.edu.co\/portal\/wp-json\/wp\/v2\/users\/2"}],"replies":[{"embeddable":true,"href":"https:\/\/www.ucaldas.edu.co\/portal\/wp-json\/wp\/v2\/comments?post=63030"}],"version-history":[{"count":0,"href":"https:\/\/www.ucaldas.edu.co\/portal\/wp-json\/wp\/v2\/posts\/63030\/revisions"}],"wp:featuredmedia":[{"embeddable":true,"href":"https:\/\/www.ucaldas.edu.co\/portal\/wp-json\/wp\/v2\/media\/63005"}],"wp:attachment":[{"href":"https:\/\/www.ucaldas.edu.co\/portal\/wp-json\/wp\/v2\/media?parent=63030"}],"wp:term":[{"taxonomy":"category","embeddable":true,"href":"https:\/\/www.ucaldas.edu.co\/portal\/wp-json\/wp\/v2\/categories?post=63030"},{"taxonomy":"post_tag","embeddable":true,"href":"https:\/\/www.ucaldas.edu.co\/portal\/wp-json\/wp\/v2\/tags?post=63030"}],"curies":[{"name":"wp","href":"https:\/\/api.w.org\/{rel}","templated":true}]}}