{"id":63021,"date":"2021-05-31T23:22:21","date_gmt":"2021-05-31T23:22:21","guid":{"rendered":"https:\/\/www.ucaldas.edu.co\/portal\/?p=63021"},"modified":"2021-05-31T23:22:21","modified_gmt":"2021-05-31T23:22:21","slug":"participe-en-el-primer-congreso-internacional-de-la-sociedad-de-doctores-e-investigadores-de-colombia","status":"publish","type":"post","link":"https:\/\/www.ucaldas.edu.co\/portal\/participe-en-el-primer-congreso-internacional-de-la-sociedad-de-doctores-e-investigadores-de-colombia\/","title":{"rendered":"Participe en el primer Congreso Internacional de la Sociedad de Doctores e Investigadores de Colombia"},"content":{"rendered":"<p style=\"text-align: center;\">INSCRIPCIONES PONENTES HASTA EL 4 DE JUNIO<br \/>\n<strong>Participe en el primer Congreso Internacional de la Sociedad de Doctores e Investigadores de Colombia<\/strong><\/p>\n<p style=\"text-align: right;\">31\/05\/2021<\/p>\n<p><img loading=\"lazy\" decoding=\"async\" class=\"size-full wp-image-63022 aligncenter\" src=\"https:\/\/www.ucaldas.edu.co\/portal\/wp-content\/uploads\/2021\/05\/congreso-sophic.jpg\" alt=\"\" width=\"700\" height=\"400\" srcset=\"https:\/\/www.ucaldas.edu.co\/portal\/wp-content\/uploads\/2021\/05\/congreso-sophic.jpg 700w, https:\/\/www.ucaldas.edu.co\/portal\/wp-content\/uploads\/2021\/05\/congreso-sophic-300x171.jpg 300w\" sizes=\"auto, (max-width: 700px) 100vw, 700px\" \/><\/p>\n<p>Se encuentra abierta convocatoria para participar como ponente en el primer Congreso Internacional de la Sociedad de Doctores e Investigadores de Colombia, el cual tendr\u00e1 como tema central \u201cLa Ciencia al Servicio de la Sociedad\u201d.<\/p>\n<p><!--more--><\/p>\n<p>Sociedad de Doctores e Investigadores de Colombia SoPhIC, quien es la organizadora del evento, realiza este espacio de la mano de doctores y doctorandos del pa\u00eds, que buscan integrar a los investigadores y profesionales de todas las disciplinas acad\u00e9micas, tanto a nivel nacional como internacional, abordando diferentes \u00e1mbitos para generar el impacto social, econ\u00f3mico y cient\u00edfico que requiere Colombia.<\/p>\n<p>Este congreso servir\u00e1 de plataforma para divulgar el conocimiento generado por una diversidad de investigadores, cient\u00edficos y acad\u00e9micos; as\u00ed como para construir puentes entre las diferentes \u00e1reas del conocimiento y propiciar el debate multidisciplinario que exalte el servicio que las diferentes ciencias brindan a la sociedad.<\/p>\n<p>Las ponencias podr\u00e1n presentarse en dos modalidades:<\/p>\n<ul>\n<li>Oral: Presentaci\u00f3n de 10 min de los trabajos seleccionados.<\/li>\n<li>Video 3 min: Poster explicado en video pregrabado.<\/li>\n<\/ul>\n<p>Para quienes quieran participar enviando sus v\u00eddeos de tres minutos, deben indicar claramente en el formato de res\u00famenes que su propuesta va para la modalidad de videos y no para ponencias orales; si desean participar en ambas, tambi\u00e9n deben realizar la claridad.<\/p>\n<p>Programaci\u00f3n:<\/p>\n<table>\n<tbody>\n<tr>\n<td width=\"359\">Fecha l\u00edmite de recepci\u00f3n de res\u00famenes<\/td>\n<td width=\"230\">4 de junio<\/td>\n<\/tr>\n<tr>\n<td width=\"359\">Pago asociados descuento 50% \/ no asociados 30%<\/td>\n<td width=\"230\">11 de junio<\/td>\n<\/tr>\n<tr>\n<td width=\"359\">Fecha l\u00edmite de pago ponentes<\/td>\n<td width=\"230\">4 de junio<\/td>\n<\/tr>\n<tr>\n<td width=\"359\">Publicaci\u00f3n del programa<\/td>\n<td width=\"230\">9 de junio<\/td>\n<\/tr>\n<tr>\n<td width=\"359\">Fecha l\u00edmite de inscripci\u00f3n como asistente<\/td>\n<td width=\"230\">30 de junio<\/td>\n<\/tr>\n<\/tbody>\n<\/table>\n<p>&nbsp;<\/p>\n<p><strong><a href=\"https:\/\/congreso.sophicol.org\/\">M\u00e1s informaci\u00f3n.<\/a><\/strong><\/p>\n<p><strong><a href=\"https:\/\/congreso.sophicol.org\/inscripcion-ponentes\/\">Inscripciones ponencias.<\/a><\/strong><\/p>\n<p>&nbsp;<\/p>\n<p><strong>Informes: <\/strong>Oficina de Comunicaciones y Prensa Universidad de Caldas.<\/p>\n<p><strong>Redacci\u00f3n:<\/strong> Mateo Buritic\u00e1 Giraldo<\/p>\n<p>&nbsp;<\/p>\n","protected":false},"excerpt":{"rendered":"<p>INSCRIPCIONES PONENTES HASTA EL 4 DE JUNIO Participe en el primer Congreso Internacional de la Sociedad de Doctores e Investigadores de Colombia 31\/05\/2021 Se encuentra abierta convocatoria para participar como ponente en el primer Congreso Internacional de la Sociedad de Doctores e Investigadores de Colombia, el cual tendr\u00e1 como tema central \u201cLa Ciencia al Servicio [&hellip;]<\/p>\n","protected":false},"author":2,"featured_media":63022,"comment_status":"closed","ping_status":"open","sticky":false,"template":"","format":"standard","meta":{"footnotes":""},"categories":[48,53,62],"tags":[6512,6513,6514],"class_list":["post-63021","post","type-post","status-publish","format-standard","has-post-thumbnail","hentry","category-actualidad","category-universidad-al-dia","category-eventos","tag-congreso-investigacion","tag-colombia-sophic","tag-doctores-e-investigadores-colombia"],"yoast_head":"<!-- This site is optimized with the Yoast SEO plugin v27.5 - https:\/\/yoast.com\/product\/yoast-seo-wordpress\/ -->\n<title>Participe en el primer Congreso Internacional de la Sociedad de Doctores e Investigadores de Colombia .<\/title>\n<meta name=\"robots\" content=\"index, follow, max-snippet:-1, max-image-preview:large, max-video-preview:-1\" \/>\n<link rel=\"canonical\" href=\"https:\/\/www.ucaldas.edu.co\/portal\/participe-en-el-primer-congreso-internacional-de-la-sociedad-de-doctores-e-investigadores-de-colombia\/\" \/>\n<script type=\"application\/ld+json\" class=\"yoast-schema-graph\">{\"@context\":\"https:\\\/\\\/schema.org\",\"@graph\":[{\"@type\":\"Article\",\"@id\":\"https:\\\/\\\/www.ucaldas.edu.co\\\/portal\\\/participe-en-el-primer-congreso-internacional-de-la-sociedad-de-doctores-e-investigadores-de-colombia\\\/#article\",\"isPartOf\":{\"@id\":\"https:\\\/\\\/www.ucaldas.edu.co\\\/portal\\\/participe-en-el-primer-congreso-internacional-de-la-sociedad-de-doctores-e-investigadores-de-colombia\\\/\"},\"author\":{\"name\":\"ofiprensa\",\"@id\":\"https:\\\/\\\/www.ucaldas.edu.co\\\/portal\\\/#\\\/schema\\\/person\\\/a1b482e23449158b4bc319926c074fdf\"},\"headline\":\"Participe en el primer Congreso Internacional de la Sociedad de Doctores e Investigadores de Colombia\",\"datePublished\":\"2021-05-31T23:22:21+00:00\",\"mainEntityOfPage\":{\"@id\":\"https:\\\/\\\/www.ucaldas.edu.co\\\/portal\\\/participe-en-el-primer-congreso-internacional-de-la-sociedad-de-doctores-e-investigadores-de-colombia\\\/\"},\"wordCount\":318,\"publisher\":{\"@id\":\"https:\\\/\\\/www.ucaldas.edu.co\\\/portal\\\/#organization\"},\"image\":{\"@id\":\"https:\\\/\\\/www.ucaldas.edu.co\\\/portal\\\/participe-en-el-primer-congreso-internacional-de-la-sociedad-de-doctores-e-investigadores-de-colombia\\\/#primaryimage\"},\"thumbnailUrl\":\"https:\\\/\\\/www.ucaldas.edu.co\\\/portal\\\/wp-content\\\/uploads\\\/2021\\\/05\\\/congreso-sophic.jpg\",\"keywords\":[\"congreso investigaci\u00f3n\",\"colombia sophic\",\"doctores e investigadores colombia\"],\"articleSection\":[\"Actualidad\",\"Universidad al D\u00eda\",\"Eventos\"],\"inLanguage\":\"es\"},{\"@type\":\"WebPage\",\"@id\":\"https:\\\/\\\/www.ucaldas.edu.co\\\/portal\\\/participe-en-el-primer-congreso-internacional-de-la-sociedad-de-doctores-e-investigadores-de-colombia\\\/\",\"url\":\"https:\\\/\\\/www.ucaldas.edu.co\\\/portal\\\/participe-en-el-primer-congreso-internacional-de-la-sociedad-de-doctores-e-investigadores-de-colombia\\\/\",\"name\":\"Participe en el primer Congreso Internacional de la Sociedad de Doctores e Investigadores de Colombia .\",\"isPartOf\":{\"@id\":\"https:\\\/\\\/www.ucaldas.edu.co\\\/portal\\\/#website\"},\"primaryImageOfPage\":{\"@id\":\"https:\\\/\\\/www.ucaldas.edu.co\\\/portal\\\/participe-en-el-primer-congreso-internacional-de-la-sociedad-de-doctores-e-investigadores-de-colombia\\\/#primaryimage\"},\"image\":{\"@id\":\"https:\\\/\\\/www.ucaldas.edu.co\\\/portal\\\/participe-en-el-primer-congreso-internacional-de-la-sociedad-de-doctores-e-investigadores-de-colombia\\\/#primaryimage\"},\"thumbnailUrl\":\"https:\\\/\\\/www.ucaldas.edu.co\\\/portal\\\/wp-content\\\/uploads\\\/2021\\\/05\\\/congreso-sophic.jpg\",\"datePublished\":\"2021-05-31T23:22:21+00:00\",\"breadcrumb\":{\"@id\":\"https:\\\/\\\/www.ucaldas.edu.co\\\/portal\\\/participe-en-el-primer-congreso-internacional-de-la-sociedad-de-doctores-e-investigadores-de-colombia\\\/#breadcrumb\"},\"inLanguage\":\"es\",\"potentialAction\":[{\"@type\":\"ReadAction\",\"target\":[\"https:\\\/\\\/www.ucaldas.edu.co\\\/portal\\\/participe-en-el-primer-congreso-internacional-de-la-sociedad-de-doctores-e-investigadores-de-colombia\\\/\"]}]},{\"@type\":\"ImageObject\",\"inLanguage\":\"es\",\"@id\":\"https:\\\/\\\/www.ucaldas.edu.co\\\/portal\\\/participe-en-el-primer-congreso-internacional-de-la-sociedad-de-doctores-e-investigadores-de-colombia\\\/#primaryimage\",\"url\":\"https:\\\/\\\/www.ucaldas.edu.co\\\/portal\\\/wp-content\\\/uploads\\\/2021\\\/05\\\/congreso-sophic.jpg\",\"contentUrl\":\"https:\\\/\\\/www.ucaldas.edu.co\\\/portal\\\/wp-content\\\/uploads\\\/2021\\\/05\\\/congreso-sophic.jpg\",\"width\":700,\"height\":400},{\"@type\":\"BreadcrumbList\",\"@id\":\"https:\\\/\\\/www.ucaldas.edu.co\\\/portal\\\/participe-en-el-primer-congreso-internacional-de-la-sociedad-de-doctores-e-investigadores-de-colombia\\\/#breadcrumb\",\"itemListElement\":[{\"@type\":\"ListItem\",\"position\":1,\"name\":\"Portada\",\"item\":\"https:\\\/\\\/www.ucaldas.edu.co\\\/portal\\\/\"},{\"@type\":\"ListItem\",\"position\":2,\"name\":\"Participe en el primer Congreso Internacional de la Sociedad de Doctores e Investigadores de Colombia\"}]},{\"@type\":\"WebSite\",\"@id\":\"https:\\\/\\\/www.ucaldas.edu.co\\\/portal\\\/#website\",\"url\":\"https:\\\/\\\/www.ucaldas.edu.co\\\/portal\\\/\",\"name\":\"Universidad de Caldas\",\"description\":\"\",\"publisher\":{\"@id\":\"https:\\\/\\\/www.ucaldas.edu.co\\\/portal\\\/#organization\"},\"alternateName\":\"U. de Caldas\",\"potentialAction\":[{\"@type\":\"SearchAction\",\"target\":{\"@type\":\"EntryPoint\",\"urlTemplate\":\"https:\\\/\\\/www.ucaldas.edu.co\\\/portal\\\/?s={search_term_string}\"},\"query-input\":{\"@type\":\"PropertyValueSpecification\",\"valueRequired\":true,\"valueName\":\"search_term_string\"}}],\"inLanguage\":\"es\"},{\"@type\":\"Organization\",\"@id\":\"https:\\\/\\\/www.ucaldas.edu.co\\\/portal\\\/#organization\",\"name\":\"Universidad de Caldas\",\"alternateName\":\"U. de Caldas\",\"url\":\"https:\\\/\\\/www.ucaldas.edu.co\\\/portal\\\/\",\"logo\":{\"@type\":\"ImageObject\",\"inLanguage\":\"es\",\"@id\":\"https:\\\/\\\/www.ucaldas.edu.co\\\/portal\\\/#\\\/schema\\\/logo\\\/image\\\/\",\"url\":\"https:\\\/\\\/www.ucaldas.edu.co\\\/portal\\\/wp-content\\\/uploads\\\/2023\\\/11\\\/Logo_horizontal_oscuroU-2023.png\",\"contentUrl\":\"https:\\\/\\\/www.ucaldas.edu.co\\\/portal\\\/wp-content\\\/uploads\\\/2023\\\/11\\\/Logo_horizontal_oscuroU-2023.png\",\"width\":263,\"height\":101,\"caption\":\"Universidad de Caldas\"},\"image\":{\"@id\":\"https:\\\/\\\/www.ucaldas.edu.co\\\/portal\\\/#\\\/schema\\\/logo\\\/image\\\/\"},\"sameAs\":[\"https:\\\/\\\/www.facebook.com\\\/udecaldas\",\"https:\\\/\\\/x.com\\\/udecaldas\",\"https:\\\/\\\/www.youtube.com\\\/universidadcaldas\",\"https:\\\/\\\/www.instagram.com\\\/udecaldas\\\/\"]},{\"@type\":\"Person\",\"@id\":\"https:\\\/\\\/www.ucaldas.edu.co\\\/portal\\\/#\\\/schema\\\/person\\\/a1b482e23449158b4bc319926c074fdf\",\"name\":\"ofiprensa\",\"image\":{\"@type\":\"ImageObject\",\"inLanguage\":\"es\",\"@id\":\"https:\\\/\\\/www.ucaldas.edu.co\\\/portal\\\/wp-content\\\/litespeed\\\/avatar\\\/09ea5085e600095a7a811142c6944527.jpg?ver=1777497608\",\"url\":\"https:\\\/\\\/www.ucaldas.edu.co\\\/portal\\\/wp-content\\\/litespeed\\\/avatar\\\/09ea5085e600095a7a811142c6944527.jpg?ver=1777497608\",\"contentUrl\":\"https:\\\/\\\/www.ucaldas.edu.co\\\/portal\\\/wp-content\\\/litespeed\\\/avatar\\\/09ea5085e600095a7a811142c6944527.jpg?ver=1777497608\",\"caption\":\"ofiprensa\"},\"url\":\"https:\\\/\\\/www.ucaldas.edu.co\\\/portal\\\/author\\\/ofiprensa\\\/\"}]}<\/script>\n<!-- \/ Yoast SEO plugin. -->","yoast_head_json":{"title":"Participe en el primer Congreso Internacional de la Sociedad de Doctores e Investigadores de Colombia .","robots":{"index":"index","follow":"follow","max-snippet":"max-snippet:-1","max-image-preview":"max-image-preview:large","max-video-preview":"max-video-preview:-1"},"canonical":"https:\/\/www.ucaldas.edu.co\/portal\/participe-en-el-primer-congreso-internacional-de-la-sociedad-de-doctores-e-investigadores-de-colombia\/","schema":{"@context":"https:\/\/schema.org","@graph":[{"@type":"Article","@id":"https:\/\/www.ucaldas.edu.co\/portal\/participe-en-el-primer-congreso-internacional-de-la-sociedad-de-doctores-e-investigadores-de-colombia\/#article","isPartOf":{"@id":"https:\/\/www.ucaldas.edu.co\/portal\/participe-en-el-primer-congreso-internacional-de-la-sociedad-de-doctores-e-investigadores-de-colombia\/"},"author":{"name":"ofiprensa","@id":"https:\/\/www.ucaldas.edu.co\/portal\/#\/schema\/person\/a1b482e23449158b4bc319926c074fdf"},"headline":"Participe en el primer Congreso Internacional de la Sociedad de Doctores e Investigadores de Colombia","datePublished":"2021-05-31T23:22:21+00:00","mainEntityOfPage":{"@id":"https:\/\/www.ucaldas.edu.co\/portal\/participe-en-el-primer-congreso-internacional-de-la-sociedad-de-doctores-e-investigadores-de-colombia\/"},"wordCount":318,"publisher":{"@id":"https:\/\/www.ucaldas.edu.co\/portal\/#organization"},"image":{"@id":"https:\/\/www.ucaldas.edu.co\/portal\/participe-en-el-primer-congreso-internacional-de-la-sociedad-de-doctores-e-investigadores-de-colombia\/#primaryimage"},"thumbnailUrl":"https:\/\/www.ucaldas.edu.co\/portal\/wp-content\/uploads\/2021\/05\/congreso-sophic.jpg","keywords":["congreso investigaci\u00f3n","colombia sophic","doctores e investigadores colombia"],"articleSection":["Actualidad","Universidad al D\u00eda","Eventos"],"inLanguage":"es"},{"@type":"WebPage","@id":"https:\/\/www.ucaldas.edu.co\/portal\/participe-en-el-primer-congreso-internacional-de-la-sociedad-de-doctores-e-investigadores-de-colombia\/","url":"https:\/\/www.ucaldas.edu.co\/portal\/participe-en-el-primer-congreso-internacional-de-la-sociedad-de-doctores-e-investigadores-de-colombia\/","name":"Participe en el primer Congreso Internacional de la Sociedad de Doctores e Investigadores de Colombia .","isPartOf":{"@id":"https:\/\/www.ucaldas.edu.co\/portal\/#website"},"primaryImageOfPage":{"@id":"https:\/\/www.ucaldas.edu.co\/portal\/participe-en-el-primer-congreso-internacional-de-la-sociedad-de-doctores-e-investigadores-de-colombia\/#primaryimage"},"image":{"@id":"https:\/\/www.ucaldas.edu.co\/portal\/participe-en-el-primer-congreso-internacional-de-la-sociedad-de-doctores-e-investigadores-de-colombia\/#primaryimage"},"thumbnailUrl":"https:\/\/www.ucaldas.edu.co\/portal\/wp-content\/uploads\/2021\/05\/congreso-sophic.jpg","datePublished":"2021-05-31T23:22:21+00:00","breadcrumb":{"@id":"https:\/\/www.ucaldas.edu.co\/portal\/participe-en-el-primer-congreso-internacional-de-la-sociedad-de-doctores-e-investigadores-de-colombia\/#breadcrumb"},"inLanguage":"es","potentialAction":[{"@type":"ReadAction","target":["https:\/\/www.ucaldas.edu.co\/portal\/participe-en-el-primer-congreso-internacional-de-la-sociedad-de-doctores-e-investigadores-de-colombia\/"]}]},{"@type":"ImageObject","inLanguage":"es","@id":"https:\/\/www.ucaldas.edu.co\/portal\/participe-en-el-primer-congreso-internacional-de-la-sociedad-de-doctores-e-investigadores-de-colombia\/#primaryimage","url":"https:\/\/www.ucaldas.edu.co\/portal\/wp-content\/uploads\/2021\/05\/congreso-sophic.jpg","contentUrl":"https:\/\/www.ucaldas.edu.co\/portal\/wp-content\/uploads\/2021\/05\/congreso-sophic.jpg","width":700,"height":400},{"@type":"BreadcrumbList","@id":"https:\/\/www.ucaldas.edu.co\/portal\/participe-en-el-primer-congreso-internacional-de-la-sociedad-de-doctores-e-investigadores-de-colombia\/#breadcrumb","itemListElement":[{"@type":"ListItem","position":1,"name":"Portada","item":"https:\/\/www.ucaldas.edu.co\/portal\/"},{"@type":"ListItem","position":2,"name":"Participe en el primer Congreso Internacional de la Sociedad de Doctores e Investigadores de Colombia"}]},{"@type":"WebSite","@id":"https:\/\/www.ucaldas.edu.co\/portal\/#website","url":"https:\/\/www.ucaldas.edu.co\/portal\/","name":"Universidad de Caldas","description":"","publisher":{"@id":"https:\/\/www.ucaldas.edu.co\/portal\/#organization"},"alternateName":"U. de Caldas","potentialAction":[{"@type":"SearchAction","target":{"@type":"EntryPoint","urlTemplate":"https:\/\/www.ucaldas.edu.co\/portal\/?s={search_term_string}"},"query-input":{"@type":"PropertyValueSpecification","valueRequired":true,"valueName":"search_term_string"}}],"inLanguage":"es"},{"@type":"Organization","@id":"https:\/\/www.ucaldas.edu.co\/portal\/#organization","name":"Universidad de Caldas","alternateName":"U. de Caldas","url":"https:\/\/www.ucaldas.edu.co\/portal\/","logo":{"@type":"ImageObject","inLanguage":"es","@id":"https:\/\/www.ucaldas.edu.co\/portal\/#\/schema\/logo\/image\/","url":"https:\/\/www.ucaldas.edu.co\/portal\/wp-content\/uploads\/2023\/11\/Logo_horizontal_oscuroU-2023.png","contentUrl":"https:\/\/www.ucaldas.edu.co\/portal\/wp-content\/uploads\/2023\/11\/Logo_horizontal_oscuroU-2023.png","width":263,"height":101,"caption":"Universidad de Caldas"},"image":{"@id":"https:\/\/www.ucaldas.edu.co\/portal\/#\/schema\/logo\/image\/"},"sameAs":["https:\/\/www.facebook.com\/udecaldas","https:\/\/x.com\/udecaldas","https:\/\/www.youtube.com\/universidadcaldas","https:\/\/www.instagram.com\/udecaldas\/"]},{"@type":"Person","@id":"https:\/\/www.ucaldas.edu.co\/portal\/#\/schema\/person\/a1b482e23449158b4bc319926c074fdf","name":"ofiprensa","image":{"@type":"ImageObject","inLanguage":"es","@id":"https:\/\/www.ucaldas.edu.co\/portal\/wp-content\/litespeed\/avatar\/09ea5085e600095a7a811142c6944527.jpg?ver=1777497608","url":"https:\/\/www.ucaldas.edu.co\/portal\/wp-content\/litespeed\/avatar\/09ea5085e600095a7a811142c6944527.jpg?ver=1777497608","contentUrl":"https:\/\/www.ucaldas.edu.co\/portal\/wp-content\/litespeed\/avatar\/09ea5085e600095a7a811142c6944527.jpg?ver=1777497608","caption":"ofiprensa"},"url":"https:\/\/www.ucaldas.edu.co\/portal\/author\/ofiprensa\/"}]}},"_links":{"self":[{"href":"https:\/\/www.ucaldas.edu.co\/portal\/wp-json\/wp\/v2\/posts\/63021","targetHints":{"allow":["GET"]}}],"collection":[{"href":"https:\/\/www.ucaldas.edu.co\/portal\/wp-json\/wp\/v2\/posts"}],"about":[{"href":"https:\/\/www.ucaldas.edu.co\/portal\/wp-json\/wp\/v2\/types\/post"}],"author":[{"embeddable":true,"href":"https:\/\/www.ucaldas.edu.co\/portal\/wp-json\/wp\/v2\/users\/2"}],"replies":[{"embeddable":true,"href":"https:\/\/www.ucaldas.edu.co\/portal\/wp-json\/wp\/v2\/comments?post=63021"}],"version-history":[{"count":0,"href":"https:\/\/www.ucaldas.edu.co\/portal\/wp-json\/wp\/v2\/posts\/63021\/revisions"}],"wp:featuredmedia":[{"embeddable":true,"href":"https:\/\/www.ucaldas.edu.co\/portal\/wp-json\/wp\/v2\/media\/63022"}],"wp:attachment":[{"href":"https:\/\/www.ucaldas.edu.co\/portal\/wp-json\/wp\/v2\/media?parent=63021"}],"wp:term":[{"taxonomy":"category","embeddable":true,"href":"https:\/\/www.ucaldas.edu.co\/portal\/wp-json\/wp\/v2\/categories?post=63021"},{"taxonomy":"post_tag","embeddable":true,"href":"https:\/\/www.ucaldas.edu.co\/portal\/wp-json\/wp\/v2\/tags?post=63021"}],"curies":[{"name":"wp","href":"https:\/\/api.w.org\/{rel}","templated":true}]}}