{"id":63004,"date":"2021-05-28T23:49:18","date_gmt":"2021-05-28T23:49:18","guid":{"rendered":"https:\/\/www.ucaldas.edu.co\/portal\/?p=63004"},"modified":"2021-05-28T23:49:18","modified_gmt":"2021-05-28T23:49:18","slug":"ministro-de-agricultura-y-presidente-del-banco-agrario-se-reuniran-con-estudiantes-de-la-universidad-de-caldas","status":"publish","type":"post","link":"https:\/\/www.ucaldas.edu.co\/portal\/ministro-de-agricultura-y-presidente-del-banco-agrario-se-reuniran-con-estudiantes-de-la-universidad-de-caldas\/","title":{"rendered":"Ministro de Agricultura y Presidente del Banco Agrario se reunir\u00e1n con estudiantes de la Universidad de Caldas"},"content":{"rendered":"<p style=\"text-align: center;\">PRESENTAR\u00c1N CR\u00c9DITO PARA J\u00d3VENES EMPRENDEDORES<br \/>\n<strong>Ministro de Agricultura y Presidente del Banco Agrario<br \/>\nse reunir\u00e1n con estudiantes de la Universidad de Caldas<\/strong><\/p>\n<p style=\"text-align: right;\">28\/05\/2021<\/p>\n<p><img loading=\"lazy\" decoding=\"async\" class=\"size-full wp-image-63005 aligncenter\" src=\"https:\/\/www.ucaldas.edu.co\/portal\/wp-content\/uploads\/2021\/05\/WhatsApp-Image-2021-05-28-at-5.36.21-PM.jpeg\" alt=\"\" width=\"700\" height=\"400\" srcset=\"https:\/\/www.ucaldas.edu.co\/portal\/wp-content\/uploads\/2021\/05\/WhatsApp-Image-2021-05-28-at-5.36.21-PM.jpeg 700w, https:\/\/www.ucaldas.edu.co\/portal\/wp-content\/uploads\/2021\/05\/WhatsApp-Image-2021-05-28-at-5.36.21-PM-300x171.jpeg 300w\" sizes=\"auto, (max-width: 700px) 100vw, 700px\" \/><\/p>\n<p>El pr\u00f3ximo mi\u00e9rcoles 2 de junio a partir de las 4:00 p.m. a trav\u00e9s del Canal de YouTube de la Universidad de Caldas, el Ministro de Agricultura Rodolfo Zea Navarro, el Presidente del Banco Agrario: Francisco Jos\u00e9 Mej\u00eda Sendoya, presentar\u00e1n a los estudiantes de la Universidad de Caldas, una l\u00ednea de cr\u00e9dito dise\u00f1ada especialmente para estudiantes de \u00faltimo semestre o egresados de carreras t\u00e9cnicas o tecnol\u00f3gicas agropecuarias e ingenier\u00edas afines, para financiar sus proyectos y emprendimientos agropecuarios y\/o agroindustriales.<\/p>\n<p><!--more--><\/p>\n<p>Los requisitos generales para aplicar a esta nueva l\u00ednea son: tener entre 18 y 28 a\u00f1os, haber terminado materias o ser egresado de alguna carrera t\u00e9cnica o tecnol\u00f3gica agropecuaria o de ingenier\u00edas o cualquier otra carrera t\u00e9cnica donde el estudiante demuestre que va a aplicar sus conocimientos en un proyecto agropecuario o agroindustrial.<\/p>\n<p>Esta l\u00ednea consta de tasas que van desde IBR -1.1% para el caso de proyectos agropecuarios, ya que existe una l\u00ednea subsidiada por el Ministerio de Agricultura para este tipo de emprendimientos. Para el caso de proyectos agroindustriales, se espera llegar a una tasa del IBR+8.5% gracias a la destinaci\u00f3n de recursos para tasas compensadas de aliados como Innpulsa Colombia, una entidad l\u00edder y con toda la experiencia en el apoyo al emprendimiento, y algunas alcald\u00edas y gobernaciones.<\/p>\n<p>La l\u00ednea de cr\u00e9dito contempla hasta el 100% de cobertura en la financiaci\u00f3n de los costos directos de los proyectos y periodos de gracia de hasta 12 meses, con plazos de hasta 36 meses (3 a\u00f1os) si el cr\u00e9dito es para capital de trabajo, y de 60 meses (5 a\u00f1os) si es para para inversi\u00f3n.<\/p>\n<p>El monto m\u00e1ximo de cr\u00e9dito para proyectos agroindustriales en el que est\u00e9n asociados m\u00ednimo dos estudiantes es de hasta $80 millones y para un estudiante individual es de hasta $60 millones. Para proyectos agropecuarios (sector primario) el monto m\u00e1ximo para estudiantes asociados es de $40 millones y para un estudiante individual es de $30 millones.<\/p>\n<p>A este encuentro asistir\u00e1n rector Universidad de Caldas Alejandro Ceballos M\u00e1rquez y el\u00a0 decano Facultad de Ciencias Agropecuarias Jorge Uriel Carmona Ram\u00edrez.<\/p>\n<table style=\"width: 686px;\">\n<tbody>\n<tr>\n<td style=\"width: 676px;\"><strong>PARA DESTACAR:<\/strong><\/p>\n<p>Los interesados podr\u00e1n acceder a este evento a trav\u00e9s del siguiente enlace: <strong><a href=\"https:\/\/youtu.be\/6lvSDq5Hp6s\">https:\/\/youtu.be\/6lvSDq5Hp6s<\/a><\/strong><\/td>\n<\/tr>\n<\/tbody>\n<\/table>\n<p>&nbsp;<\/p>\n<p><strong>Anexo:<\/strong><\/p>\n<p><strong><a href=\"https:\/\/youtu.be\/oyUWdhgJPsI\">Video rector Universidad de Caldas, Alejandro Ceballos M\u00e1rquez<\/a><\/strong><\/p>\n<p><iframe loading=\"lazy\" title=\"YouTube video player\" src=\"\/\/www.youtube.com\/embed\/oyUWdhgJPsI\" width=\"460\" height=\"215\" frameborder=\"0\" allowfullscreen=\"allowfullscreen\"><\/iframe><\/p>\n<p>&nbsp;<\/p>\n<p><strong>Informes: <\/strong>Oficina de Comunicaciones y Prensa Universidad de Caldas.<\/p>\n<p><strong>Redacci\u00f3n:<\/strong> Adriana Salazar Villegas<\/p>\n<p><strong>Etiquetas:<\/strong><\/p>\n","protected":false},"excerpt":{"rendered":"<p>PRESENTAR\u00c1N CR\u00c9DITO PARA J\u00d3VENES EMPRENDEDORES Ministro de Agricultura y Presidente del Banco Agrario se reunir\u00e1n con estudiantes de la Universidad de Caldas 28\/05\/2021 El pr\u00f3ximo mi\u00e9rcoles 2 de junio a partir de las 4:00 p.m. a trav\u00e9s del Canal de YouTube de la Universidad de Caldas, el Ministro de Agricultura Rodolfo Zea Navarro, el Presidente [&hellip;]<\/p>\n","protected":false},"author":2,"featured_media":63005,"comment_status":"closed","ping_status":"open","sticky":false,"template":"","format":"standard","meta":{"footnotes":""},"categories":[48,53,62],"tags":[429,4527,6508,6509],"class_list":["post-63004","post","type-post","status-publish","format-standard","has-post-thumbnail","hentry","category-actualidad","category-universidad-al-dia","category-eventos","tag-emprendimiento","tag-creditos","tag-banco-agrario","tag-ministerio-de-agricultura"],"yoast_head":"<!-- This site is optimized with the Yoast SEO plugin v27.5 - https:\/\/yoast.com\/product\/yoast-seo-wordpress\/ -->\n<title>Ministro de Agricultura y Presidente del Banco Agrario se reunir\u00e1n con estudiantes de la Universidad de Caldas .<\/title>\n<meta name=\"robots\" content=\"index, follow, max-snippet:-1, max-image-preview:large, max-video-preview:-1\" \/>\n<link rel=\"canonical\" href=\"https:\/\/www.ucaldas.edu.co\/portal\/ministro-de-agricultura-y-presidente-del-banco-agrario-se-reuniran-con-estudiantes-de-la-universidad-de-caldas\/\" \/>\n<script type=\"application\/ld+json\" class=\"yoast-schema-graph\">{\"@context\":\"https:\\\/\\\/schema.org\",\"@graph\":[{\"@type\":\"Article\",\"@id\":\"https:\\\/\\\/www.ucaldas.edu.co\\\/portal\\\/ministro-de-agricultura-y-presidente-del-banco-agrario-se-reuniran-con-estudiantes-de-la-universidad-de-caldas\\\/#article\",\"isPartOf\":{\"@id\":\"https:\\\/\\\/www.ucaldas.edu.co\\\/portal\\\/ministro-de-agricultura-y-presidente-del-banco-agrario-se-reuniran-con-estudiantes-de-la-universidad-de-caldas\\\/\"},\"author\":{\"name\":\"ofiprensa\",\"@id\":\"https:\\\/\\\/www.ucaldas.edu.co\\\/portal\\\/#\\\/schema\\\/person\\\/a1b482e23449158b4bc319926c074fdf\"},\"headline\":\"Ministro de Agricultura y Presidente del Banco Agrario se reunir\u00e1n con estudiantes de la Universidad de Caldas\",\"datePublished\":\"2021-05-28T23:49:18+00:00\",\"mainEntityOfPage\":{\"@id\":\"https:\\\/\\\/www.ucaldas.edu.co\\\/portal\\\/ministro-de-agricultura-y-presidente-del-banco-agrario-se-reuniran-con-estudiantes-de-la-universidad-de-caldas\\\/\"},\"wordCount\":460,\"publisher\":{\"@id\":\"https:\\\/\\\/www.ucaldas.edu.co\\\/portal\\\/#organization\"},\"image\":{\"@id\":\"https:\\\/\\\/www.ucaldas.edu.co\\\/portal\\\/ministro-de-agricultura-y-presidente-del-banco-agrario-se-reuniran-con-estudiantes-de-la-universidad-de-caldas\\\/#primaryimage\"},\"thumbnailUrl\":\"https:\\\/\\\/www.ucaldas.edu.co\\\/portal\\\/wp-content\\\/uploads\\\/2021\\\/05\\\/WhatsApp-Image-2021-05-28-at-5.36.21-PM.jpeg\",\"keywords\":[\"Emprendimiento\",\"cr\u00e9ditos\",\"banco agrario\",\"ministerio de agricultura\"],\"articleSection\":[\"Actualidad\",\"Universidad al D\u00eda\",\"Eventos\"],\"inLanguage\":\"es\"},{\"@type\":\"WebPage\",\"@id\":\"https:\\\/\\\/www.ucaldas.edu.co\\\/portal\\\/ministro-de-agricultura-y-presidente-del-banco-agrario-se-reuniran-con-estudiantes-de-la-universidad-de-caldas\\\/\",\"url\":\"https:\\\/\\\/www.ucaldas.edu.co\\\/portal\\\/ministro-de-agricultura-y-presidente-del-banco-agrario-se-reuniran-con-estudiantes-de-la-universidad-de-caldas\\\/\",\"name\":\"Ministro de Agricultura y Presidente del Banco Agrario se reunir\u00e1n con estudiantes de la Universidad de Caldas .\",\"isPartOf\":{\"@id\":\"https:\\\/\\\/www.ucaldas.edu.co\\\/portal\\\/#website\"},\"primaryImageOfPage\":{\"@id\":\"https:\\\/\\\/www.ucaldas.edu.co\\\/portal\\\/ministro-de-agricultura-y-presidente-del-banco-agrario-se-reuniran-con-estudiantes-de-la-universidad-de-caldas\\\/#primaryimage\"},\"image\":{\"@id\":\"https:\\\/\\\/www.ucaldas.edu.co\\\/portal\\\/ministro-de-agricultura-y-presidente-del-banco-agrario-se-reuniran-con-estudiantes-de-la-universidad-de-caldas\\\/#primaryimage\"},\"thumbnailUrl\":\"https:\\\/\\\/www.ucaldas.edu.co\\\/portal\\\/wp-content\\\/uploads\\\/2021\\\/05\\\/WhatsApp-Image-2021-05-28-at-5.36.21-PM.jpeg\",\"datePublished\":\"2021-05-28T23:49:18+00:00\",\"breadcrumb\":{\"@id\":\"https:\\\/\\\/www.ucaldas.edu.co\\\/portal\\\/ministro-de-agricultura-y-presidente-del-banco-agrario-se-reuniran-con-estudiantes-de-la-universidad-de-caldas\\\/#breadcrumb\"},\"inLanguage\":\"es\",\"potentialAction\":[{\"@type\":\"ReadAction\",\"target\":[\"https:\\\/\\\/www.ucaldas.edu.co\\\/portal\\\/ministro-de-agricultura-y-presidente-del-banco-agrario-se-reuniran-con-estudiantes-de-la-universidad-de-caldas\\\/\"]}]},{\"@type\":\"ImageObject\",\"inLanguage\":\"es\",\"@id\":\"https:\\\/\\\/www.ucaldas.edu.co\\\/portal\\\/ministro-de-agricultura-y-presidente-del-banco-agrario-se-reuniran-con-estudiantes-de-la-universidad-de-caldas\\\/#primaryimage\",\"url\":\"https:\\\/\\\/www.ucaldas.edu.co\\\/portal\\\/wp-content\\\/uploads\\\/2021\\\/05\\\/WhatsApp-Image-2021-05-28-at-5.36.21-PM.jpeg\",\"contentUrl\":\"https:\\\/\\\/www.ucaldas.edu.co\\\/portal\\\/wp-content\\\/uploads\\\/2021\\\/05\\\/WhatsApp-Image-2021-05-28-at-5.36.21-PM.jpeg\",\"width\":700,\"height\":400},{\"@type\":\"BreadcrumbList\",\"@id\":\"https:\\\/\\\/www.ucaldas.edu.co\\\/portal\\\/ministro-de-agricultura-y-presidente-del-banco-agrario-se-reuniran-con-estudiantes-de-la-universidad-de-caldas\\\/#breadcrumb\",\"itemListElement\":[{\"@type\":\"ListItem\",\"position\":1,\"name\":\"Portada\",\"item\":\"https:\\\/\\\/www.ucaldas.edu.co\\\/portal\\\/\"},{\"@type\":\"ListItem\",\"position\":2,\"name\":\"Ministro de Agricultura y Presidente del Banco Agrario se reunir\u00e1n con estudiantes de la Universidad de Caldas\"}]},{\"@type\":\"WebSite\",\"@id\":\"https:\\\/\\\/www.ucaldas.edu.co\\\/portal\\\/#website\",\"url\":\"https:\\\/\\\/www.ucaldas.edu.co\\\/portal\\\/\",\"name\":\"Universidad de Caldas\",\"description\":\"\",\"publisher\":{\"@id\":\"https:\\\/\\\/www.ucaldas.edu.co\\\/portal\\\/#organization\"},\"alternateName\":\"U. de Caldas\",\"potentialAction\":[{\"@type\":\"SearchAction\",\"target\":{\"@type\":\"EntryPoint\",\"urlTemplate\":\"https:\\\/\\\/www.ucaldas.edu.co\\\/portal\\\/?s={search_term_string}\"},\"query-input\":{\"@type\":\"PropertyValueSpecification\",\"valueRequired\":true,\"valueName\":\"search_term_string\"}}],\"inLanguage\":\"es\"},{\"@type\":\"Organization\",\"@id\":\"https:\\\/\\\/www.ucaldas.edu.co\\\/portal\\\/#organization\",\"name\":\"Universidad de Caldas\",\"alternateName\":\"U. de Caldas\",\"url\":\"https:\\\/\\\/www.ucaldas.edu.co\\\/portal\\\/\",\"logo\":{\"@type\":\"ImageObject\",\"inLanguage\":\"es\",\"@id\":\"https:\\\/\\\/www.ucaldas.edu.co\\\/portal\\\/#\\\/schema\\\/logo\\\/image\\\/\",\"url\":\"https:\\\/\\\/www.ucaldas.edu.co\\\/portal\\\/wp-content\\\/uploads\\\/2023\\\/11\\\/Logo_horizontal_oscuroU-2023.png\",\"contentUrl\":\"https:\\\/\\\/www.ucaldas.edu.co\\\/portal\\\/wp-content\\\/uploads\\\/2023\\\/11\\\/Logo_horizontal_oscuroU-2023.png\",\"width\":263,\"height\":101,\"caption\":\"Universidad de Caldas\"},\"image\":{\"@id\":\"https:\\\/\\\/www.ucaldas.edu.co\\\/portal\\\/#\\\/schema\\\/logo\\\/image\\\/\"},\"sameAs\":[\"https:\\\/\\\/www.facebook.com\\\/udecaldas\",\"https:\\\/\\\/x.com\\\/udecaldas\",\"https:\\\/\\\/www.youtube.com\\\/universidadcaldas\",\"https:\\\/\\\/www.instagram.com\\\/udecaldas\\\/\"]},{\"@type\":\"Person\",\"@id\":\"https:\\\/\\\/www.ucaldas.edu.co\\\/portal\\\/#\\\/schema\\\/person\\\/a1b482e23449158b4bc319926c074fdf\",\"name\":\"ofiprensa\",\"image\":{\"@type\":\"ImageObject\",\"inLanguage\":\"es\",\"@id\":\"https:\\\/\\\/www.ucaldas.edu.co\\\/portal\\\/wp-content\\\/litespeed\\\/avatar\\\/09ea5085e600095a7a811142c6944527.jpg?ver=1777497608\",\"url\":\"https:\\\/\\\/www.ucaldas.edu.co\\\/portal\\\/wp-content\\\/litespeed\\\/avatar\\\/09ea5085e600095a7a811142c6944527.jpg?ver=1777497608\",\"contentUrl\":\"https:\\\/\\\/www.ucaldas.edu.co\\\/portal\\\/wp-content\\\/litespeed\\\/avatar\\\/09ea5085e600095a7a811142c6944527.jpg?ver=1777497608\",\"caption\":\"ofiprensa\"},\"url\":\"https:\\\/\\\/www.ucaldas.edu.co\\\/portal\\\/author\\\/ofiprensa\\\/\"}]}<\/script>\n<!-- \/ Yoast SEO plugin. -->","yoast_head_json":{"title":"Ministro de Agricultura y Presidente del Banco Agrario se reunir\u00e1n con estudiantes de la Universidad de Caldas .","robots":{"index":"index","follow":"follow","max-snippet":"max-snippet:-1","max-image-preview":"max-image-preview:large","max-video-preview":"max-video-preview:-1"},"canonical":"https:\/\/www.ucaldas.edu.co\/portal\/ministro-de-agricultura-y-presidente-del-banco-agrario-se-reuniran-con-estudiantes-de-la-universidad-de-caldas\/","schema":{"@context":"https:\/\/schema.org","@graph":[{"@type":"Article","@id":"https:\/\/www.ucaldas.edu.co\/portal\/ministro-de-agricultura-y-presidente-del-banco-agrario-se-reuniran-con-estudiantes-de-la-universidad-de-caldas\/#article","isPartOf":{"@id":"https:\/\/www.ucaldas.edu.co\/portal\/ministro-de-agricultura-y-presidente-del-banco-agrario-se-reuniran-con-estudiantes-de-la-universidad-de-caldas\/"},"author":{"name":"ofiprensa","@id":"https:\/\/www.ucaldas.edu.co\/portal\/#\/schema\/person\/a1b482e23449158b4bc319926c074fdf"},"headline":"Ministro de Agricultura y Presidente del Banco Agrario se reunir\u00e1n con estudiantes de la Universidad de Caldas","datePublished":"2021-05-28T23:49:18+00:00","mainEntityOfPage":{"@id":"https:\/\/www.ucaldas.edu.co\/portal\/ministro-de-agricultura-y-presidente-del-banco-agrario-se-reuniran-con-estudiantes-de-la-universidad-de-caldas\/"},"wordCount":460,"publisher":{"@id":"https:\/\/www.ucaldas.edu.co\/portal\/#organization"},"image":{"@id":"https:\/\/www.ucaldas.edu.co\/portal\/ministro-de-agricultura-y-presidente-del-banco-agrario-se-reuniran-con-estudiantes-de-la-universidad-de-caldas\/#primaryimage"},"thumbnailUrl":"https:\/\/www.ucaldas.edu.co\/portal\/wp-content\/uploads\/2021\/05\/WhatsApp-Image-2021-05-28-at-5.36.21-PM.jpeg","keywords":["Emprendimiento","cr\u00e9ditos","banco agrario","ministerio de agricultura"],"articleSection":["Actualidad","Universidad al D\u00eda","Eventos"],"inLanguage":"es"},{"@type":"WebPage","@id":"https:\/\/www.ucaldas.edu.co\/portal\/ministro-de-agricultura-y-presidente-del-banco-agrario-se-reuniran-con-estudiantes-de-la-universidad-de-caldas\/","url":"https:\/\/www.ucaldas.edu.co\/portal\/ministro-de-agricultura-y-presidente-del-banco-agrario-se-reuniran-con-estudiantes-de-la-universidad-de-caldas\/","name":"Ministro de Agricultura y Presidente del Banco Agrario se reunir\u00e1n con estudiantes de la Universidad de Caldas .","isPartOf":{"@id":"https:\/\/www.ucaldas.edu.co\/portal\/#website"},"primaryImageOfPage":{"@id":"https:\/\/www.ucaldas.edu.co\/portal\/ministro-de-agricultura-y-presidente-del-banco-agrario-se-reuniran-con-estudiantes-de-la-universidad-de-caldas\/#primaryimage"},"image":{"@id":"https:\/\/www.ucaldas.edu.co\/portal\/ministro-de-agricultura-y-presidente-del-banco-agrario-se-reuniran-con-estudiantes-de-la-universidad-de-caldas\/#primaryimage"},"thumbnailUrl":"https:\/\/www.ucaldas.edu.co\/portal\/wp-content\/uploads\/2021\/05\/WhatsApp-Image-2021-05-28-at-5.36.21-PM.jpeg","datePublished":"2021-05-28T23:49:18+00:00","breadcrumb":{"@id":"https:\/\/www.ucaldas.edu.co\/portal\/ministro-de-agricultura-y-presidente-del-banco-agrario-se-reuniran-con-estudiantes-de-la-universidad-de-caldas\/#breadcrumb"},"inLanguage":"es","potentialAction":[{"@type":"ReadAction","target":["https:\/\/www.ucaldas.edu.co\/portal\/ministro-de-agricultura-y-presidente-del-banco-agrario-se-reuniran-con-estudiantes-de-la-universidad-de-caldas\/"]}]},{"@type":"ImageObject","inLanguage":"es","@id":"https:\/\/www.ucaldas.edu.co\/portal\/ministro-de-agricultura-y-presidente-del-banco-agrario-se-reuniran-con-estudiantes-de-la-universidad-de-caldas\/#primaryimage","url":"https:\/\/www.ucaldas.edu.co\/portal\/wp-content\/uploads\/2021\/05\/WhatsApp-Image-2021-05-28-at-5.36.21-PM.jpeg","contentUrl":"https:\/\/www.ucaldas.edu.co\/portal\/wp-content\/uploads\/2021\/05\/WhatsApp-Image-2021-05-28-at-5.36.21-PM.jpeg","width":700,"height":400},{"@type":"BreadcrumbList","@id":"https:\/\/www.ucaldas.edu.co\/portal\/ministro-de-agricultura-y-presidente-del-banco-agrario-se-reuniran-con-estudiantes-de-la-universidad-de-caldas\/#breadcrumb","itemListElement":[{"@type":"ListItem","position":1,"name":"Portada","item":"https:\/\/www.ucaldas.edu.co\/portal\/"},{"@type":"ListItem","position":2,"name":"Ministro de Agricultura y Presidente del Banco Agrario se reunir\u00e1n con estudiantes de la Universidad de Caldas"}]},{"@type":"WebSite","@id":"https:\/\/www.ucaldas.edu.co\/portal\/#website","url":"https:\/\/www.ucaldas.edu.co\/portal\/","name":"Universidad de Caldas","description":"","publisher":{"@id":"https:\/\/www.ucaldas.edu.co\/portal\/#organization"},"alternateName":"U. de Caldas","potentialAction":[{"@type":"SearchAction","target":{"@type":"EntryPoint","urlTemplate":"https:\/\/www.ucaldas.edu.co\/portal\/?s={search_term_string}"},"query-input":{"@type":"PropertyValueSpecification","valueRequired":true,"valueName":"search_term_string"}}],"inLanguage":"es"},{"@type":"Organization","@id":"https:\/\/www.ucaldas.edu.co\/portal\/#organization","name":"Universidad de Caldas","alternateName":"U. de Caldas","url":"https:\/\/www.ucaldas.edu.co\/portal\/","logo":{"@type":"ImageObject","inLanguage":"es","@id":"https:\/\/www.ucaldas.edu.co\/portal\/#\/schema\/logo\/image\/","url":"https:\/\/www.ucaldas.edu.co\/portal\/wp-content\/uploads\/2023\/11\/Logo_horizontal_oscuroU-2023.png","contentUrl":"https:\/\/www.ucaldas.edu.co\/portal\/wp-content\/uploads\/2023\/11\/Logo_horizontal_oscuroU-2023.png","width":263,"height":101,"caption":"Universidad de Caldas"},"image":{"@id":"https:\/\/www.ucaldas.edu.co\/portal\/#\/schema\/logo\/image\/"},"sameAs":["https:\/\/www.facebook.com\/udecaldas","https:\/\/x.com\/udecaldas","https:\/\/www.youtube.com\/universidadcaldas","https:\/\/www.instagram.com\/udecaldas\/"]},{"@type":"Person","@id":"https:\/\/www.ucaldas.edu.co\/portal\/#\/schema\/person\/a1b482e23449158b4bc319926c074fdf","name":"ofiprensa","image":{"@type":"ImageObject","inLanguage":"es","@id":"https:\/\/www.ucaldas.edu.co\/portal\/wp-content\/litespeed\/avatar\/09ea5085e600095a7a811142c6944527.jpg?ver=1777497608","url":"https:\/\/www.ucaldas.edu.co\/portal\/wp-content\/litespeed\/avatar\/09ea5085e600095a7a811142c6944527.jpg?ver=1777497608","contentUrl":"https:\/\/www.ucaldas.edu.co\/portal\/wp-content\/litespeed\/avatar\/09ea5085e600095a7a811142c6944527.jpg?ver=1777497608","caption":"ofiprensa"},"url":"https:\/\/www.ucaldas.edu.co\/portal\/author\/ofiprensa\/"}]}},"_links":{"self":[{"href":"https:\/\/www.ucaldas.edu.co\/portal\/wp-json\/wp\/v2\/posts\/63004","targetHints":{"allow":["GET"]}}],"collection":[{"href":"https:\/\/www.ucaldas.edu.co\/portal\/wp-json\/wp\/v2\/posts"}],"about":[{"href":"https:\/\/www.ucaldas.edu.co\/portal\/wp-json\/wp\/v2\/types\/post"}],"author":[{"embeddable":true,"href":"https:\/\/www.ucaldas.edu.co\/portal\/wp-json\/wp\/v2\/users\/2"}],"replies":[{"embeddable":true,"href":"https:\/\/www.ucaldas.edu.co\/portal\/wp-json\/wp\/v2\/comments?post=63004"}],"version-history":[{"count":0,"href":"https:\/\/www.ucaldas.edu.co\/portal\/wp-json\/wp\/v2\/posts\/63004\/revisions"}],"wp:featuredmedia":[{"embeddable":true,"href":"https:\/\/www.ucaldas.edu.co\/portal\/wp-json\/wp\/v2\/media\/63005"}],"wp:attachment":[{"href":"https:\/\/www.ucaldas.edu.co\/portal\/wp-json\/wp\/v2\/media?parent=63004"}],"wp:term":[{"taxonomy":"category","embeddable":true,"href":"https:\/\/www.ucaldas.edu.co\/portal\/wp-json\/wp\/v2\/categories?post=63004"},{"taxonomy":"post_tag","embeddable":true,"href":"https:\/\/www.ucaldas.edu.co\/portal\/wp-json\/wp\/v2\/tags?post=63004"}],"curies":[{"name":"wp","href":"https:\/\/api.w.org\/{rel}","templated":true}]}}