{"id":62998,"date":"2021-05-28T23:37:50","date_gmt":"2021-05-28T23:37:50","guid":{"rendered":"https:\/\/www.ucaldas.edu.co\/portal\/?p=62998"},"modified":"2021-05-28T23:37:50","modified_gmt":"2021-05-28T23:37:50","slug":"grupo-de-investigacion-gebiome-de-la-u-de-caldas-gano-la-convocatoria-852-de-minciencias","status":"publish","type":"post","link":"https:\/\/www.ucaldas.edu.co\/portal\/grupo-de-investigacion-gebiome-de-la-u-de-caldas-gano-la-convocatoria-852-de-minciencias\/","title":{"rendered":"Grupo de investigaci\u00f3n GEBIOME de la U. de Caldas gan\u00f3 la Convocatoria 852 de Minciencias"},"content":{"rendered":"<p style=\"text-align: center;\">PARTICIPAN ADEM\u00c1S LA U. NACIONAL SEDE BOGOT\u00c1, U. DE ANTIOQUIA Y LA U. JAVERIANA<br \/>\n<strong>Grupo de investigaci\u00f3n GEBIOME de la U. de Caldas<br \/>\ngan\u00f3 la Convocatoria 852 de Minciencias<\/strong><\/p>\n<p style=\"text-align: right;\">28\/05\/2021<\/p>\n<p><img loading=\"lazy\" decoding=\"async\" class=\"size-full wp-image-62999 aligncenter\" src=\"https:\/\/www.ucaldas.edu.co\/portal\/wp-content\/uploads\/2021\/05\/gebiome.jpg\" alt=\"\" width=\"700\" height=\"400\" srcset=\"https:\/\/www.ucaldas.edu.co\/portal\/wp-content\/uploads\/2021\/05\/gebiome.jpg 700w, https:\/\/www.ucaldas.edu.co\/portal\/wp-content\/uploads\/2021\/05\/gebiome-300x171.jpg 300w\" sizes=\"auto, (max-width: 700px) 100vw, 700px\" \/><\/p>\n<p>El Grupo de Investigaci\u00f3n Gen\u00e9tica, Biodiversidad y Manejo de Ecosistemas GEBIOME de la Universidad de Caldas, fue uno de los ganadores de la Convocatoria 852: Conectando conocimiento 2019, realizada por Minciencias.<\/p>\n<p><!--more--><\/p>\n<p>La convocatoria conform\u00f3 un banco de programas y proyectos elegibles de CTeI, que generen conocimiento en los focos tem\u00e1ticos y l\u00edneas de investigaci\u00f3n priorizadas, vinculando j\u00f3venes investigadores que permitan la obtenci\u00f3n o mejora de productos, servicios o procesos o su aplicaci\u00f3n.<\/p>\n<p>El Grupo GEBIOME, liderado por el docente Fredy Arvey Rivera P\u00e1ez, dentro de las actividades investigativas que realiza, est\u00e1 la interacci\u00f3n de aves y peque\u00f1os mam\u00edferos silvestres en la circulaci\u00f3n de garrapatas en el territorio colombiano. En dicha tem\u00e1tica, seg\u00fan lo expresa Rivera, se ha trabajado con otros grupos de investigaci\u00f3n de la U. de Caldas como el grupo BIOS alud, as\u00ed como con grupos a nivel internacional de la Universidad de Sao Paulo en Brasil.<\/p>\n<p>El programa ganador de la convocatoria, se realiz\u00f3 gracias a una alianza estrat\u00e9gica con investigadores de la Universidad Nacional sede Bogot\u00e1, la Universidad de Antioquia, y la Pontificia Universidad Javeriana, presentando el programa denominado \u201cRelaci\u00f3n, distribuci\u00f3n, taxonom\u00eda de especies de garrapatas asociadas a mam\u00edferos silvestres en zonas end\u00e9micas de rickettsiosis en Colombia. Un acercamiento a la comprensi\u00f3n de la relaci\u00f3n vectores- pat\u00f3genos-reservorios\u201d.<\/p>\n<p>El programa involucra 3 proyectos que se realizar\u00e1n en los departamentos de Antioquia, Cundinamarca y Caldas, en los cuales la Universidad de Caldas actuara como ejecutora, seg\u00fan lo afirma el docente Rivera.<\/p>\n<p>El programa adem\u00e1s de generar conocimiento especializado, contribuir\u00e1 a la formaci\u00f3n de talento humano a nivel de pregrado y posgrado, as\u00ed como la adquisici\u00f3n de equipos que fortalecer\u00e1n la investigaci\u00f3n.<\/p>\n<p>La importancia de este programa, como lo afirma Rivera, es conocer la riqueza de las especies de ectopar\u00e1sitos y los mam\u00edferos asociados, as\u00ed como su distribuci\u00f3n y las posibles redes de interacci\u00f3n entre estos organismos, lo que aportar\u00e1 informaci\u00f3n valiosa en el establecimiento de la epidemiolog\u00eda y prevenci\u00f3n de riesgo de enfermedades transmitidas por garrapatas.<\/p>\n<p>Este logro para el programa, que ser\u00e1 financiado por Minciencias con mil 300 millones de pesos e iniciar\u00e1 en el mes de junio, se debe al trabajo articulado de la Vicerrector\u00eda de Investigaciones y Posgrados, en conjunto con la Decanatura de Ciencias Exactas y Naturales de la Universidad de Caldas.<\/p>\n<p>&nbsp;<\/p>\n<p><strong>Anexo:<\/strong><\/p>\n<p><strong><a href=\"https:\/\/www.ivoox.com\/fredy-arvey-rivera-paez-docente-lider-grupo-audios-mp3_rf_70666337_1.html\">Audio docente \u00a0Fredy Arvey Rivera P\u00e1ez.<\/a><br \/>\n<iframe loading=\"lazy\" src=\"https:\/\/co.ivoox.com\/es\/player_ek_70666337_2_1.html?data=mJWjmJuXd5ihhpywj5WVaZS1kZqah5yncZKhhpywj5WRaZi3jpWah5yncafmxsnmjabWusbtjLfW2MrWpYzEhqigh6aVqdufjpCx0cjJstXZjNHWxsrWb6jm1tXcjayphqrDrqqah5yncaTVzcnO1ZClqM6ftpKSmaiReA..&amp;\" width=\"238\" height=\"48\" frameborder=\"0\" scrolling=\"no\" allowfullscreen=\"allowfullscreen\"><\/iframe><\/strong><\/p>\n<p>&nbsp;<\/p>\n<p><strong>Informes: <\/strong>Oficina de Comunicaciones y Prensa Universidad de Caldas.<\/p>\n<p><strong>Redacci\u00f3n:<\/strong> Mateo Buritic\u00e1 Giraldo<\/p>\n<p>&nbsp;<\/p>\n","protected":false},"excerpt":{"rendered":"<p>PARTICIPAN ADEM\u00c1S LA U. NACIONAL SEDE BOGOT\u00c1, U. DE ANTIOQUIA Y LA U. JAVERIANA Grupo de investigaci\u00f3n GEBIOME de la U. de Caldas gan\u00f3 la Convocatoria 852 de Minciencias 28\/05\/2021 El Grupo de Investigaci\u00f3n Gen\u00e9tica, Biodiversidad y Manejo de Ecosistemas GEBIOME de la Universidad de Caldas, fue uno de los ganadores de la Convocatoria 852: [&hellip;]<\/p>\n","protected":false},"author":2,"featured_media":62999,"comment_status":"closed","ping_status":"open","sticky":false,"template":"","format":"standard","meta":{"footnotes":""},"categories":[48,53,243],"tags":[6502,6503,6504],"class_list":["post-62998","post","type-post","status-publish","format-standard","has-post-thumbnail","hentry","category-actualidad","category-universidad-al-dia","category-ucaldas-acreditada","tag-grupo-gebiome","tag-investigacion-de-garrapatas","tag-investigaciones-universidad-de-caldas"],"yoast_head":"<!-- This site is optimized with the Yoast SEO plugin v27.5 - https:\/\/yoast.com\/product\/yoast-seo-wordpress\/ -->\n<title>Grupo de investigaci\u00f3n GEBIOME de la U. de Caldas gan\u00f3 la Convocatoria 852 de Minciencias .<\/title>\n<meta name=\"robots\" content=\"index, follow, max-snippet:-1, max-image-preview:large, max-video-preview:-1\" \/>\n<link rel=\"canonical\" href=\"https:\/\/www.ucaldas.edu.co\/portal\/grupo-de-investigacion-gebiome-de-la-u-de-caldas-gano-la-convocatoria-852-de-minciencias\/\" \/>\n<script type=\"application\/ld+json\" class=\"yoast-schema-graph\">{\"@context\":\"https:\\\/\\\/schema.org\",\"@graph\":[{\"@type\":\"Article\",\"@id\":\"https:\\\/\\\/www.ucaldas.edu.co\\\/portal\\\/grupo-de-investigacion-gebiome-de-la-u-de-caldas-gano-la-convocatoria-852-de-minciencias\\\/#article\",\"isPartOf\":{\"@id\":\"https:\\\/\\\/www.ucaldas.edu.co\\\/portal\\\/grupo-de-investigacion-gebiome-de-la-u-de-caldas-gano-la-convocatoria-852-de-minciencias\\\/\"},\"author\":{\"name\":\"ofiprensa\",\"@id\":\"https:\\\/\\\/www.ucaldas.edu.co\\\/portal\\\/#\\\/schema\\\/person\\\/a1b482e23449158b4bc319926c074fdf\"},\"headline\":\"Grupo de investigaci\u00f3n GEBIOME de la U. de Caldas gan\u00f3 la Convocatoria 852 de Minciencias\",\"datePublished\":\"2021-05-28T23:37:50+00:00\",\"mainEntityOfPage\":{\"@id\":\"https:\\\/\\\/www.ucaldas.edu.co\\\/portal\\\/grupo-de-investigacion-gebiome-de-la-u-de-caldas-gano-la-convocatoria-852-de-minciencias\\\/\"},\"wordCount\":483,\"publisher\":{\"@id\":\"https:\\\/\\\/www.ucaldas.edu.co\\\/portal\\\/#organization\"},\"image\":{\"@id\":\"https:\\\/\\\/www.ucaldas.edu.co\\\/portal\\\/grupo-de-investigacion-gebiome-de-la-u-de-caldas-gano-la-convocatoria-852-de-minciencias\\\/#primaryimage\"},\"thumbnailUrl\":\"https:\\\/\\\/www.ucaldas.edu.co\\\/portal\\\/wp-content\\\/uploads\\\/2021\\\/05\\\/gebiome.jpg\",\"keywords\":[\"grupo gebiome\",\"investigaci\u00f3n de garrapatas\",\"investigaciones Universidad de Caldas\"],\"articleSection\":[\"Actualidad\",\"Universidad al D\u00eda\",\"Ucaldas Acreditada\"],\"inLanguage\":\"es\"},{\"@type\":\"WebPage\",\"@id\":\"https:\\\/\\\/www.ucaldas.edu.co\\\/portal\\\/grupo-de-investigacion-gebiome-de-la-u-de-caldas-gano-la-convocatoria-852-de-minciencias\\\/\",\"url\":\"https:\\\/\\\/www.ucaldas.edu.co\\\/portal\\\/grupo-de-investigacion-gebiome-de-la-u-de-caldas-gano-la-convocatoria-852-de-minciencias\\\/\",\"name\":\"Grupo de investigaci\u00f3n GEBIOME de la U. de Caldas gan\u00f3 la Convocatoria 852 de Minciencias .\",\"isPartOf\":{\"@id\":\"https:\\\/\\\/www.ucaldas.edu.co\\\/portal\\\/#website\"},\"primaryImageOfPage\":{\"@id\":\"https:\\\/\\\/www.ucaldas.edu.co\\\/portal\\\/grupo-de-investigacion-gebiome-de-la-u-de-caldas-gano-la-convocatoria-852-de-minciencias\\\/#primaryimage\"},\"image\":{\"@id\":\"https:\\\/\\\/www.ucaldas.edu.co\\\/portal\\\/grupo-de-investigacion-gebiome-de-la-u-de-caldas-gano-la-convocatoria-852-de-minciencias\\\/#primaryimage\"},\"thumbnailUrl\":\"https:\\\/\\\/www.ucaldas.edu.co\\\/portal\\\/wp-content\\\/uploads\\\/2021\\\/05\\\/gebiome.jpg\",\"datePublished\":\"2021-05-28T23:37:50+00:00\",\"breadcrumb\":{\"@id\":\"https:\\\/\\\/www.ucaldas.edu.co\\\/portal\\\/grupo-de-investigacion-gebiome-de-la-u-de-caldas-gano-la-convocatoria-852-de-minciencias\\\/#breadcrumb\"},\"inLanguage\":\"es\",\"potentialAction\":[{\"@type\":\"ReadAction\",\"target\":[\"https:\\\/\\\/www.ucaldas.edu.co\\\/portal\\\/grupo-de-investigacion-gebiome-de-la-u-de-caldas-gano-la-convocatoria-852-de-minciencias\\\/\"]}]},{\"@type\":\"ImageObject\",\"inLanguage\":\"es\",\"@id\":\"https:\\\/\\\/www.ucaldas.edu.co\\\/portal\\\/grupo-de-investigacion-gebiome-de-la-u-de-caldas-gano-la-convocatoria-852-de-minciencias\\\/#primaryimage\",\"url\":\"https:\\\/\\\/www.ucaldas.edu.co\\\/portal\\\/wp-content\\\/uploads\\\/2021\\\/05\\\/gebiome.jpg\",\"contentUrl\":\"https:\\\/\\\/www.ucaldas.edu.co\\\/portal\\\/wp-content\\\/uploads\\\/2021\\\/05\\\/gebiome.jpg\",\"width\":700,\"height\":400},{\"@type\":\"BreadcrumbList\",\"@id\":\"https:\\\/\\\/www.ucaldas.edu.co\\\/portal\\\/grupo-de-investigacion-gebiome-de-la-u-de-caldas-gano-la-convocatoria-852-de-minciencias\\\/#breadcrumb\",\"itemListElement\":[{\"@type\":\"ListItem\",\"position\":1,\"name\":\"Portada\",\"item\":\"https:\\\/\\\/www.ucaldas.edu.co\\\/portal\\\/\"},{\"@type\":\"ListItem\",\"position\":2,\"name\":\"Grupo de investigaci\u00f3n GEBIOME de la U. de Caldas gan\u00f3 la Convocatoria 852 de Minciencias\"}]},{\"@type\":\"WebSite\",\"@id\":\"https:\\\/\\\/www.ucaldas.edu.co\\\/portal\\\/#website\",\"url\":\"https:\\\/\\\/www.ucaldas.edu.co\\\/portal\\\/\",\"name\":\"Universidad de Caldas\",\"description\":\"\",\"publisher\":{\"@id\":\"https:\\\/\\\/www.ucaldas.edu.co\\\/portal\\\/#organization\"},\"alternateName\":\"U. de Caldas\",\"potentialAction\":[{\"@type\":\"SearchAction\",\"target\":{\"@type\":\"EntryPoint\",\"urlTemplate\":\"https:\\\/\\\/www.ucaldas.edu.co\\\/portal\\\/?s={search_term_string}\"},\"query-input\":{\"@type\":\"PropertyValueSpecification\",\"valueRequired\":true,\"valueName\":\"search_term_string\"}}],\"inLanguage\":\"es\"},{\"@type\":\"Organization\",\"@id\":\"https:\\\/\\\/www.ucaldas.edu.co\\\/portal\\\/#organization\",\"name\":\"Universidad de Caldas\",\"alternateName\":\"U. de Caldas\",\"url\":\"https:\\\/\\\/www.ucaldas.edu.co\\\/portal\\\/\",\"logo\":{\"@type\":\"ImageObject\",\"inLanguage\":\"es\",\"@id\":\"https:\\\/\\\/www.ucaldas.edu.co\\\/portal\\\/#\\\/schema\\\/logo\\\/image\\\/\",\"url\":\"https:\\\/\\\/www.ucaldas.edu.co\\\/portal\\\/wp-content\\\/uploads\\\/2023\\\/11\\\/Logo_horizontal_oscuroU-2023.png\",\"contentUrl\":\"https:\\\/\\\/www.ucaldas.edu.co\\\/portal\\\/wp-content\\\/uploads\\\/2023\\\/11\\\/Logo_horizontal_oscuroU-2023.png\",\"width\":263,\"height\":101,\"caption\":\"Universidad de Caldas\"},\"image\":{\"@id\":\"https:\\\/\\\/www.ucaldas.edu.co\\\/portal\\\/#\\\/schema\\\/logo\\\/image\\\/\"},\"sameAs\":[\"https:\\\/\\\/www.facebook.com\\\/udecaldas\",\"https:\\\/\\\/x.com\\\/udecaldas\",\"https:\\\/\\\/www.youtube.com\\\/universidadcaldas\",\"https:\\\/\\\/www.instagram.com\\\/udecaldas\\\/\"]},{\"@type\":\"Person\",\"@id\":\"https:\\\/\\\/www.ucaldas.edu.co\\\/portal\\\/#\\\/schema\\\/person\\\/a1b482e23449158b4bc319926c074fdf\",\"name\":\"ofiprensa\",\"image\":{\"@type\":\"ImageObject\",\"inLanguage\":\"es\",\"@id\":\"https:\\\/\\\/www.ucaldas.edu.co\\\/portal\\\/wp-content\\\/litespeed\\\/avatar\\\/09ea5085e600095a7a811142c6944527.jpg?ver=1777497608\",\"url\":\"https:\\\/\\\/www.ucaldas.edu.co\\\/portal\\\/wp-content\\\/litespeed\\\/avatar\\\/09ea5085e600095a7a811142c6944527.jpg?ver=1777497608\",\"contentUrl\":\"https:\\\/\\\/www.ucaldas.edu.co\\\/portal\\\/wp-content\\\/litespeed\\\/avatar\\\/09ea5085e600095a7a811142c6944527.jpg?ver=1777497608\",\"caption\":\"ofiprensa\"},\"url\":\"https:\\\/\\\/www.ucaldas.edu.co\\\/portal\\\/author\\\/ofiprensa\\\/\"}]}<\/script>\n<!-- \/ Yoast SEO plugin. -->","yoast_head_json":{"title":"Grupo de investigaci\u00f3n GEBIOME de la U. de Caldas gan\u00f3 la Convocatoria 852 de Minciencias .","robots":{"index":"index","follow":"follow","max-snippet":"max-snippet:-1","max-image-preview":"max-image-preview:large","max-video-preview":"max-video-preview:-1"},"canonical":"https:\/\/www.ucaldas.edu.co\/portal\/grupo-de-investigacion-gebiome-de-la-u-de-caldas-gano-la-convocatoria-852-de-minciencias\/","schema":{"@context":"https:\/\/schema.org","@graph":[{"@type":"Article","@id":"https:\/\/www.ucaldas.edu.co\/portal\/grupo-de-investigacion-gebiome-de-la-u-de-caldas-gano-la-convocatoria-852-de-minciencias\/#article","isPartOf":{"@id":"https:\/\/www.ucaldas.edu.co\/portal\/grupo-de-investigacion-gebiome-de-la-u-de-caldas-gano-la-convocatoria-852-de-minciencias\/"},"author":{"name":"ofiprensa","@id":"https:\/\/www.ucaldas.edu.co\/portal\/#\/schema\/person\/a1b482e23449158b4bc319926c074fdf"},"headline":"Grupo de investigaci\u00f3n GEBIOME de la U. de Caldas gan\u00f3 la Convocatoria 852 de Minciencias","datePublished":"2021-05-28T23:37:50+00:00","mainEntityOfPage":{"@id":"https:\/\/www.ucaldas.edu.co\/portal\/grupo-de-investigacion-gebiome-de-la-u-de-caldas-gano-la-convocatoria-852-de-minciencias\/"},"wordCount":483,"publisher":{"@id":"https:\/\/www.ucaldas.edu.co\/portal\/#organization"},"image":{"@id":"https:\/\/www.ucaldas.edu.co\/portal\/grupo-de-investigacion-gebiome-de-la-u-de-caldas-gano-la-convocatoria-852-de-minciencias\/#primaryimage"},"thumbnailUrl":"https:\/\/www.ucaldas.edu.co\/portal\/wp-content\/uploads\/2021\/05\/gebiome.jpg","keywords":["grupo gebiome","investigaci\u00f3n de garrapatas","investigaciones Universidad de Caldas"],"articleSection":["Actualidad","Universidad al D\u00eda","Ucaldas Acreditada"],"inLanguage":"es"},{"@type":"WebPage","@id":"https:\/\/www.ucaldas.edu.co\/portal\/grupo-de-investigacion-gebiome-de-la-u-de-caldas-gano-la-convocatoria-852-de-minciencias\/","url":"https:\/\/www.ucaldas.edu.co\/portal\/grupo-de-investigacion-gebiome-de-la-u-de-caldas-gano-la-convocatoria-852-de-minciencias\/","name":"Grupo de investigaci\u00f3n GEBIOME de la U. de Caldas gan\u00f3 la Convocatoria 852 de Minciencias .","isPartOf":{"@id":"https:\/\/www.ucaldas.edu.co\/portal\/#website"},"primaryImageOfPage":{"@id":"https:\/\/www.ucaldas.edu.co\/portal\/grupo-de-investigacion-gebiome-de-la-u-de-caldas-gano-la-convocatoria-852-de-minciencias\/#primaryimage"},"image":{"@id":"https:\/\/www.ucaldas.edu.co\/portal\/grupo-de-investigacion-gebiome-de-la-u-de-caldas-gano-la-convocatoria-852-de-minciencias\/#primaryimage"},"thumbnailUrl":"https:\/\/www.ucaldas.edu.co\/portal\/wp-content\/uploads\/2021\/05\/gebiome.jpg","datePublished":"2021-05-28T23:37:50+00:00","breadcrumb":{"@id":"https:\/\/www.ucaldas.edu.co\/portal\/grupo-de-investigacion-gebiome-de-la-u-de-caldas-gano-la-convocatoria-852-de-minciencias\/#breadcrumb"},"inLanguage":"es","potentialAction":[{"@type":"ReadAction","target":["https:\/\/www.ucaldas.edu.co\/portal\/grupo-de-investigacion-gebiome-de-la-u-de-caldas-gano-la-convocatoria-852-de-minciencias\/"]}]},{"@type":"ImageObject","inLanguage":"es","@id":"https:\/\/www.ucaldas.edu.co\/portal\/grupo-de-investigacion-gebiome-de-la-u-de-caldas-gano-la-convocatoria-852-de-minciencias\/#primaryimage","url":"https:\/\/www.ucaldas.edu.co\/portal\/wp-content\/uploads\/2021\/05\/gebiome.jpg","contentUrl":"https:\/\/www.ucaldas.edu.co\/portal\/wp-content\/uploads\/2021\/05\/gebiome.jpg","width":700,"height":400},{"@type":"BreadcrumbList","@id":"https:\/\/www.ucaldas.edu.co\/portal\/grupo-de-investigacion-gebiome-de-la-u-de-caldas-gano-la-convocatoria-852-de-minciencias\/#breadcrumb","itemListElement":[{"@type":"ListItem","position":1,"name":"Portada","item":"https:\/\/www.ucaldas.edu.co\/portal\/"},{"@type":"ListItem","position":2,"name":"Grupo de investigaci\u00f3n GEBIOME de la U. de Caldas gan\u00f3 la Convocatoria 852 de Minciencias"}]},{"@type":"WebSite","@id":"https:\/\/www.ucaldas.edu.co\/portal\/#website","url":"https:\/\/www.ucaldas.edu.co\/portal\/","name":"Universidad de Caldas","description":"","publisher":{"@id":"https:\/\/www.ucaldas.edu.co\/portal\/#organization"},"alternateName":"U. de Caldas","potentialAction":[{"@type":"SearchAction","target":{"@type":"EntryPoint","urlTemplate":"https:\/\/www.ucaldas.edu.co\/portal\/?s={search_term_string}"},"query-input":{"@type":"PropertyValueSpecification","valueRequired":true,"valueName":"search_term_string"}}],"inLanguage":"es"},{"@type":"Organization","@id":"https:\/\/www.ucaldas.edu.co\/portal\/#organization","name":"Universidad de Caldas","alternateName":"U. de Caldas","url":"https:\/\/www.ucaldas.edu.co\/portal\/","logo":{"@type":"ImageObject","inLanguage":"es","@id":"https:\/\/www.ucaldas.edu.co\/portal\/#\/schema\/logo\/image\/","url":"https:\/\/www.ucaldas.edu.co\/portal\/wp-content\/uploads\/2023\/11\/Logo_horizontal_oscuroU-2023.png","contentUrl":"https:\/\/www.ucaldas.edu.co\/portal\/wp-content\/uploads\/2023\/11\/Logo_horizontal_oscuroU-2023.png","width":263,"height":101,"caption":"Universidad de Caldas"},"image":{"@id":"https:\/\/www.ucaldas.edu.co\/portal\/#\/schema\/logo\/image\/"},"sameAs":["https:\/\/www.facebook.com\/udecaldas","https:\/\/x.com\/udecaldas","https:\/\/www.youtube.com\/universidadcaldas","https:\/\/www.instagram.com\/udecaldas\/"]},{"@type":"Person","@id":"https:\/\/www.ucaldas.edu.co\/portal\/#\/schema\/person\/a1b482e23449158b4bc319926c074fdf","name":"ofiprensa","image":{"@type":"ImageObject","inLanguage":"es","@id":"https:\/\/www.ucaldas.edu.co\/portal\/wp-content\/litespeed\/avatar\/09ea5085e600095a7a811142c6944527.jpg?ver=1777497608","url":"https:\/\/www.ucaldas.edu.co\/portal\/wp-content\/litespeed\/avatar\/09ea5085e600095a7a811142c6944527.jpg?ver=1777497608","contentUrl":"https:\/\/www.ucaldas.edu.co\/portal\/wp-content\/litespeed\/avatar\/09ea5085e600095a7a811142c6944527.jpg?ver=1777497608","caption":"ofiprensa"},"url":"https:\/\/www.ucaldas.edu.co\/portal\/author\/ofiprensa\/"}]}},"_links":{"self":[{"href":"https:\/\/www.ucaldas.edu.co\/portal\/wp-json\/wp\/v2\/posts\/62998","targetHints":{"allow":["GET"]}}],"collection":[{"href":"https:\/\/www.ucaldas.edu.co\/portal\/wp-json\/wp\/v2\/posts"}],"about":[{"href":"https:\/\/www.ucaldas.edu.co\/portal\/wp-json\/wp\/v2\/types\/post"}],"author":[{"embeddable":true,"href":"https:\/\/www.ucaldas.edu.co\/portal\/wp-json\/wp\/v2\/users\/2"}],"replies":[{"embeddable":true,"href":"https:\/\/www.ucaldas.edu.co\/portal\/wp-json\/wp\/v2\/comments?post=62998"}],"version-history":[{"count":0,"href":"https:\/\/www.ucaldas.edu.co\/portal\/wp-json\/wp\/v2\/posts\/62998\/revisions"}],"wp:featuredmedia":[{"embeddable":true,"href":"https:\/\/www.ucaldas.edu.co\/portal\/wp-json\/wp\/v2\/media\/62999"}],"wp:attachment":[{"href":"https:\/\/www.ucaldas.edu.co\/portal\/wp-json\/wp\/v2\/media?parent=62998"}],"wp:term":[{"taxonomy":"category","embeddable":true,"href":"https:\/\/www.ucaldas.edu.co\/portal\/wp-json\/wp\/v2\/categories?post=62998"},{"taxonomy":"post_tag","embeddable":true,"href":"https:\/\/www.ucaldas.edu.co\/portal\/wp-json\/wp\/v2\/tags?post=62998"}],"curies":[{"name":"wp","href":"https:\/\/api.w.org\/{rel}","templated":true}]}}