{"id":62921,"date":"2021-05-26T23:52:14","date_gmt":"2021-05-26T23:52:14","guid":{"rendered":"https:\/\/www.ucaldas.edu.co\/portal\/?p=62921"},"modified":"2021-05-26T23:52:14","modified_gmt":"2021-05-26T23:52:14","slug":"pelicula-macbeth-en-el-ciclo-literatura-en-el-cine-adaptaciones-literarias-2","status":"publish","type":"post","link":"https:\/\/www.ucaldas.edu.co\/portal\/pelicula-macbeth-en-el-ciclo-literatura-en-el-cine-adaptaciones-literarias-2\/","title":{"rendered":"Pel\u00edcula Macbeth en el Ciclo Literatura en el Cine: Adaptaciones literarias 2"},"content":{"rendered":"<p style=\"text-align: center;\">\u00a0JUEVES 27 DE MAYO A TRAV\u00c9S DE LA PLATAFORMA TEAMS<br \/>\n<strong>Pel\u00edcula Macbeth en el Ciclo Literatura en el Cine: Adaptaciones literarias 2<\/strong><\/p>\n<p style=\"text-align: right;\">26\/05\/2021<\/p>\n<p><img loading=\"lazy\" decoding=\"async\" class=\"size-full wp-image-62922 aligncenter\" src=\"https:\/\/www.ucaldas.edu.co\/portal\/wp-content\/uploads\/2021\/05\/literatura-cine-1.jpg\" alt=\"\" width=\"700\" height=\"400\" srcset=\"https:\/\/www.ucaldas.edu.co\/portal\/wp-content\/uploads\/2021\/05\/literatura-cine-1.jpg 700w, https:\/\/www.ucaldas.edu.co\/portal\/wp-content\/uploads\/2021\/05\/literatura-cine-1-300x171.jpg 300w\" sizes=\"auto, (max-width: 700px) 100vw, 700px\" \/><\/p>\n<p>El Ciclo Literatura en el Cine: Adaptaciones literarias 2, trae una nueva transmisi\u00f3n el pr\u00f3ximo jueves 27 de mayo a partir de las 2:00 p.m. a trav\u00e9s de la plataforma TEAMS, donde se hablar\u00e1 de la pel\u00edcula Macbeth de 2015.<\/p>\n<p><!--more--><\/p>\n<p>Macbeth es una pel\u00edcula dram\u00e1tica francobrit\u00e1nica, dirigida por Justin Kurzel y con un gui\u00f3n escrito por Jacob Koskoff y Todd Louiso, basado en la obra hom\u00f3nima de William Shakespeare. La trama se centra en Macbeth, un reconocido l\u00edder militar escoc\u00e9s del siglo XI quien, tras tener una visi\u00f3n de tres brujas que profetizan que llegar\u00e1 a convertirse en rey, conspira junto a su esposa para matar al rey actual y tomar del trono.<\/p>\n<p>Gracias al ciclo, los participantes tienen la oportunidad de generar un espacio de conversaci\u00f3n en torno al cine y la literatura, compartiendo sus perspectivas respecto a las obras que se presentan en cada sesi\u00f3n.<\/p>\n<table style=\"height: 118px;\" width=\"693\">\n<tbody>\n<tr>\n<td style=\"width: 683px;\"><strong>PARA DESTACAR:<\/strong><\/p>\n<p>Los interesados en participar, deben escribir al correo electr\u00f3nico <strong><a href=\"mailto:linguistica.literatura@ucaldas.edu.co\">linguistica.literatura@ucaldas.edu.co<\/a><\/strong> para recibir el link de acceso.<\/td>\n<\/tr>\n<\/tbody>\n<\/table>\n<p>&nbsp;<\/p>\n<p><strong>Informes: <\/strong>Oficina de Comunicaciones y Prensa Universidad de Caldas.<\/p>\n<p><strong>Redacci\u00f3n:<\/strong> Mateo Buritic\u00e1 Giraldo<\/p>\n<p>&nbsp;<\/p>\n","protected":false},"excerpt":{"rendered":"<p>\u00a0JUEVES 27 DE MAYO A TRAV\u00c9S DE LA PLATAFORMA TEAMS Pel\u00edcula Macbeth en el Ciclo Literatura en el Cine: Adaptaciones literarias 2 26\/05\/2021 El Ciclo Literatura en el Cine: Adaptaciones literarias 2, trae una nueva transmisi\u00f3n el pr\u00f3ximo jueves 27 de mayo a partir de las 2:00 p.m. a trav\u00e9s de la plataforma TEAMS, donde [&hellip;]<\/p>\n","protected":false},"author":2,"featured_media":62922,"comment_status":"closed","ping_status":"open","sticky":false,"template":"","format":"standard","meta":{"footnotes":""},"categories":[48,53,62],"tags":[6105,6479,6480],"class_list":["post-62921","post","type-post","status-publish","format-standard","has-post-thumbnail","hentry","category-actualidad","category-universidad-al-dia","category-eventos","tag-literatura-en-el-cine","tag-pelicula-macbeth","tag-charlas-sobre-cine"],"yoast_head":"<!-- This site is optimized with the Yoast SEO plugin v27.5 - https:\/\/yoast.com\/product\/yoast-seo-wordpress\/ -->\n<title>Pel\u00edcula Macbeth en el Ciclo Literatura en el Cine: Adaptaciones literarias 2 .<\/title>\n<meta name=\"robots\" content=\"index, follow, max-snippet:-1, max-image-preview:large, max-video-preview:-1\" \/>\n<link rel=\"canonical\" href=\"https:\/\/www.ucaldas.edu.co\/portal\/pelicula-macbeth-en-el-ciclo-literatura-en-el-cine-adaptaciones-literarias-2\/\" \/>\n<script type=\"application\/ld+json\" class=\"yoast-schema-graph\">{\"@context\":\"https:\\\/\\\/schema.org\",\"@graph\":[{\"@type\":\"Article\",\"@id\":\"https:\\\/\\\/www.ucaldas.edu.co\\\/portal\\\/pelicula-macbeth-en-el-ciclo-literatura-en-el-cine-adaptaciones-literarias-2\\\/#article\",\"isPartOf\":{\"@id\":\"https:\\\/\\\/www.ucaldas.edu.co\\\/portal\\\/pelicula-macbeth-en-el-ciclo-literatura-en-el-cine-adaptaciones-literarias-2\\\/\"},\"author\":{\"name\":\"ofiprensa\",\"@id\":\"https:\\\/\\\/www.ucaldas.edu.co\\\/portal\\\/#\\\/schema\\\/person\\\/a1b482e23449158b4bc319926c074fdf\"},\"headline\":\"Pel\u00edcula Macbeth en el Ciclo Literatura en el Cine: Adaptaciones literarias 2\",\"datePublished\":\"2021-05-26T23:52:14+00:00\",\"mainEntityOfPage\":{\"@id\":\"https:\\\/\\\/www.ucaldas.edu.co\\\/portal\\\/pelicula-macbeth-en-el-ciclo-literatura-en-el-cine-adaptaciones-literarias-2\\\/\"},\"wordCount\":231,\"publisher\":{\"@id\":\"https:\\\/\\\/www.ucaldas.edu.co\\\/portal\\\/#organization\"},\"image\":{\"@id\":\"https:\\\/\\\/www.ucaldas.edu.co\\\/portal\\\/pelicula-macbeth-en-el-ciclo-literatura-en-el-cine-adaptaciones-literarias-2\\\/#primaryimage\"},\"thumbnailUrl\":\"https:\\\/\\\/www.ucaldas.edu.co\\\/portal\\\/wp-content\\\/uploads\\\/2021\\\/05\\\/literatura-cine-1.jpg\",\"keywords\":[\"literatura en el cine\",\"pel\u00edcula Macbeth\",\"charlas sobre cine\"],\"articleSection\":[\"Actualidad\",\"Universidad al D\u00eda\",\"Eventos\"],\"inLanguage\":\"es\"},{\"@type\":\"WebPage\",\"@id\":\"https:\\\/\\\/www.ucaldas.edu.co\\\/portal\\\/pelicula-macbeth-en-el-ciclo-literatura-en-el-cine-adaptaciones-literarias-2\\\/\",\"url\":\"https:\\\/\\\/www.ucaldas.edu.co\\\/portal\\\/pelicula-macbeth-en-el-ciclo-literatura-en-el-cine-adaptaciones-literarias-2\\\/\",\"name\":\"Pel\u00edcula Macbeth en el Ciclo Literatura en el Cine: Adaptaciones literarias 2 .\",\"isPartOf\":{\"@id\":\"https:\\\/\\\/www.ucaldas.edu.co\\\/portal\\\/#website\"},\"primaryImageOfPage\":{\"@id\":\"https:\\\/\\\/www.ucaldas.edu.co\\\/portal\\\/pelicula-macbeth-en-el-ciclo-literatura-en-el-cine-adaptaciones-literarias-2\\\/#primaryimage\"},\"image\":{\"@id\":\"https:\\\/\\\/www.ucaldas.edu.co\\\/portal\\\/pelicula-macbeth-en-el-ciclo-literatura-en-el-cine-adaptaciones-literarias-2\\\/#primaryimage\"},\"thumbnailUrl\":\"https:\\\/\\\/www.ucaldas.edu.co\\\/portal\\\/wp-content\\\/uploads\\\/2021\\\/05\\\/literatura-cine-1.jpg\",\"datePublished\":\"2021-05-26T23:52:14+00:00\",\"breadcrumb\":{\"@id\":\"https:\\\/\\\/www.ucaldas.edu.co\\\/portal\\\/pelicula-macbeth-en-el-ciclo-literatura-en-el-cine-adaptaciones-literarias-2\\\/#breadcrumb\"},\"inLanguage\":\"es\",\"potentialAction\":[{\"@type\":\"ReadAction\",\"target\":[\"https:\\\/\\\/www.ucaldas.edu.co\\\/portal\\\/pelicula-macbeth-en-el-ciclo-literatura-en-el-cine-adaptaciones-literarias-2\\\/\"]}]},{\"@type\":\"ImageObject\",\"inLanguage\":\"es\",\"@id\":\"https:\\\/\\\/www.ucaldas.edu.co\\\/portal\\\/pelicula-macbeth-en-el-ciclo-literatura-en-el-cine-adaptaciones-literarias-2\\\/#primaryimage\",\"url\":\"https:\\\/\\\/www.ucaldas.edu.co\\\/portal\\\/wp-content\\\/uploads\\\/2021\\\/05\\\/literatura-cine-1.jpg\",\"contentUrl\":\"https:\\\/\\\/www.ucaldas.edu.co\\\/portal\\\/wp-content\\\/uploads\\\/2021\\\/05\\\/literatura-cine-1.jpg\",\"width\":700,\"height\":400},{\"@type\":\"BreadcrumbList\",\"@id\":\"https:\\\/\\\/www.ucaldas.edu.co\\\/portal\\\/pelicula-macbeth-en-el-ciclo-literatura-en-el-cine-adaptaciones-literarias-2\\\/#breadcrumb\",\"itemListElement\":[{\"@type\":\"ListItem\",\"position\":1,\"name\":\"Portada\",\"item\":\"https:\\\/\\\/www.ucaldas.edu.co\\\/portal\\\/\"},{\"@type\":\"ListItem\",\"position\":2,\"name\":\"Pel\u00edcula Macbeth en el Ciclo Literatura en el Cine: Adaptaciones literarias 2\"}]},{\"@type\":\"WebSite\",\"@id\":\"https:\\\/\\\/www.ucaldas.edu.co\\\/portal\\\/#website\",\"url\":\"https:\\\/\\\/www.ucaldas.edu.co\\\/portal\\\/\",\"name\":\"Universidad de Caldas\",\"description\":\"\",\"publisher\":{\"@id\":\"https:\\\/\\\/www.ucaldas.edu.co\\\/portal\\\/#organization\"},\"alternateName\":\"U. de Caldas\",\"potentialAction\":[{\"@type\":\"SearchAction\",\"target\":{\"@type\":\"EntryPoint\",\"urlTemplate\":\"https:\\\/\\\/www.ucaldas.edu.co\\\/portal\\\/?s={search_term_string}\"},\"query-input\":{\"@type\":\"PropertyValueSpecification\",\"valueRequired\":true,\"valueName\":\"search_term_string\"}}],\"inLanguage\":\"es\"},{\"@type\":\"Organization\",\"@id\":\"https:\\\/\\\/www.ucaldas.edu.co\\\/portal\\\/#organization\",\"name\":\"Universidad de Caldas\",\"alternateName\":\"U. de Caldas\",\"url\":\"https:\\\/\\\/www.ucaldas.edu.co\\\/portal\\\/\",\"logo\":{\"@type\":\"ImageObject\",\"inLanguage\":\"es\",\"@id\":\"https:\\\/\\\/www.ucaldas.edu.co\\\/portal\\\/#\\\/schema\\\/logo\\\/image\\\/\",\"url\":\"https:\\\/\\\/www.ucaldas.edu.co\\\/portal\\\/wp-content\\\/uploads\\\/2023\\\/11\\\/Logo_horizontal_oscuroU-2023.png\",\"contentUrl\":\"https:\\\/\\\/www.ucaldas.edu.co\\\/portal\\\/wp-content\\\/uploads\\\/2023\\\/11\\\/Logo_horizontal_oscuroU-2023.png\",\"width\":263,\"height\":101,\"caption\":\"Universidad de Caldas\"},\"image\":{\"@id\":\"https:\\\/\\\/www.ucaldas.edu.co\\\/portal\\\/#\\\/schema\\\/logo\\\/image\\\/\"},\"sameAs\":[\"https:\\\/\\\/www.facebook.com\\\/udecaldas\",\"https:\\\/\\\/x.com\\\/udecaldas\",\"https:\\\/\\\/www.youtube.com\\\/universidadcaldas\",\"https:\\\/\\\/www.instagram.com\\\/udecaldas\\\/\"]},{\"@type\":\"Person\",\"@id\":\"https:\\\/\\\/www.ucaldas.edu.co\\\/portal\\\/#\\\/schema\\\/person\\\/a1b482e23449158b4bc319926c074fdf\",\"name\":\"ofiprensa\",\"image\":{\"@type\":\"ImageObject\",\"inLanguage\":\"es\",\"@id\":\"https:\\\/\\\/www.ucaldas.edu.co\\\/portal\\\/wp-content\\\/litespeed\\\/avatar\\\/09ea5085e600095a7a811142c6944527.jpg?ver=1777497608\",\"url\":\"https:\\\/\\\/www.ucaldas.edu.co\\\/portal\\\/wp-content\\\/litespeed\\\/avatar\\\/09ea5085e600095a7a811142c6944527.jpg?ver=1777497608\",\"contentUrl\":\"https:\\\/\\\/www.ucaldas.edu.co\\\/portal\\\/wp-content\\\/litespeed\\\/avatar\\\/09ea5085e600095a7a811142c6944527.jpg?ver=1777497608\",\"caption\":\"ofiprensa\"},\"url\":\"https:\\\/\\\/www.ucaldas.edu.co\\\/portal\\\/author\\\/ofiprensa\\\/\"}]}<\/script>\n<!-- \/ Yoast SEO plugin. -->","yoast_head_json":{"title":"Pel\u00edcula Macbeth en el Ciclo Literatura en el Cine: Adaptaciones literarias 2 .","robots":{"index":"index","follow":"follow","max-snippet":"max-snippet:-1","max-image-preview":"max-image-preview:large","max-video-preview":"max-video-preview:-1"},"canonical":"https:\/\/www.ucaldas.edu.co\/portal\/pelicula-macbeth-en-el-ciclo-literatura-en-el-cine-adaptaciones-literarias-2\/","schema":{"@context":"https:\/\/schema.org","@graph":[{"@type":"Article","@id":"https:\/\/www.ucaldas.edu.co\/portal\/pelicula-macbeth-en-el-ciclo-literatura-en-el-cine-adaptaciones-literarias-2\/#article","isPartOf":{"@id":"https:\/\/www.ucaldas.edu.co\/portal\/pelicula-macbeth-en-el-ciclo-literatura-en-el-cine-adaptaciones-literarias-2\/"},"author":{"name":"ofiprensa","@id":"https:\/\/www.ucaldas.edu.co\/portal\/#\/schema\/person\/a1b482e23449158b4bc319926c074fdf"},"headline":"Pel\u00edcula Macbeth en el Ciclo Literatura en el Cine: Adaptaciones literarias 2","datePublished":"2021-05-26T23:52:14+00:00","mainEntityOfPage":{"@id":"https:\/\/www.ucaldas.edu.co\/portal\/pelicula-macbeth-en-el-ciclo-literatura-en-el-cine-adaptaciones-literarias-2\/"},"wordCount":231,"publisher":{"@id":"https:\/\/www.ucaldas.edu.co\/portal\/#organization"},"image":{"@id":"https:\/\/www.ucaldas.edu.co\/portal\/pelicula-macbeth-en-el-ciclo-literatura-en-el-cine-adaptaciones-literarias-2\/#primaryimage"},"thumbnailUrl":"https:\/\/www.ucaldas.edu.co\/portal\/wp-content\/uploads\/2021\/05\/literatura-cine-1.jpg","keywords":["literatura en el cine","pel\u00edcula Macbeth","charlas sobre cine"],"articleSection":["Actualidad","Universidad al D\u00eda","Eventos"],"inLanguage":"es"},{"@type":"WebPage","@id":"https:\/\/www.ucaldas.edu.co\/portal\/pelicula-macbeth-en-el-ciclo-literatura-en-el-cine-adaptaciones-literarias-2\/","url":"https:\/\/www.ucaldas.edu.co\/portal\/pelicula-macbeth-en-el-ciclo-literatura-en-el-cine-adaptaciones-literarias-2\/","name":"Pel\u00edcula Macbeth en el Ciclo Literatura en el Cine: Adaptaciones literarias 2 .","isPartOf":{"@id":"https:\/\/www.ucaldas.edu.co\/portal\/#website"},"primaryImageOfPage":{"@id":"https:\/\/www.ucaldas.edu.co\/portal\/pelicula-macbeth-en-el-ciclo-literatura-en-el-cine-adaptaciones-literarias-2\/#primaryimage"},"image":{"@id":"https:\/\/www.ucaldas.edu.co\/portal\/pelicula-macbeth-en-el-ciclo-literatura-en-el-cine-adaptaciones-literarias-2\/#primaryimage"},"thumbnailUrl":"https:\/\/www.ucaldas.edu.co\/portal\/wp-content\/uploads\/2021\/05\/literatura-cine-1.jpg","datePublished":"2021-05-26T23:52:14+00:00","breadcrumb":{"@id":"https:\/\/www.ucaldas.edu.co\/portal\/pelicula-macbeth-en-el-ciclo-literatura-en-el-cine-adaptaciones-literarias-2\/#breadcrumb"},"inLanguage":"es","potentialAction":[{"@type":"ReadAction","target":["https:\/\/www.ucaldas.edu.co\/portal\/pelicula-macbeth-en-el-ciclo-literatura-en-el-cine-adaptaciones-literarias-2\/"]}]},{"@type":"ImageObject","inLanguage":"es","@id":"https:\/\/www.ucaldas.edu.co\/portal\/pelicula-macbeth-en-el-ciclo-literatura-en-el-cine-adaptaciones-literarias-2\/#primaryimage","url":"https:\/\/www.ucaldas.edu.co\/portal\/wp-content\/uploads\/2021\/05\/literatura-cine-1.jpg","contentUrl":"https:\/\/www.ucaldas.edu.co\/portal\/wp-content\/uploads\/2021\/05\/literatura-cine-1.jpg","width":700,"height":400},{"@type":"BreadcrumbList","@id":"https:\/\/www.ucaldas.edu.co\/portal\/pelicula-macbeth-en-el-ciclo-literatura-en-el-cine-adaptaciones-literarias-2\/#breadcrumb","itemListElement":[{"@type":"ListItem","position":1,"name":"Portada","item":"https:\/\/www.ucaldas.edu.co\/portal\/"},{"@type":"ListItem","position":2,"name":"Pel\u00edcula Macbeth en el Ciclo Literatura en el Cine: Adaptaciones literarias 2"}]},{"@type":"WebSite","@id":"https:\/\/www.ucaldas.edu.co\/portal\/#website","url":"https:\/\/www.ucaldas.edu.co\/portal\/","name":"Universidad de Caldas","description":"","publisher":{"@id":"https:\/\/www.ucaldas.edu.co\/portal\/#organization"},"alternateName":"U. de Caldas","potentialAction":[{"@type":"SearchAction","target":{"@type":"EntryPoint","urlTemplate":"https:\/\/www.ucaldas.edu.co\/portal\/?s={search_term_string}"},"query-input":{"@type":"PropertyValueSpecification","valueRequired":true,"valueName":"search_term_string"}}],"inLanguage":"es"},{"@type":"Organization","@id":"https:\/\/www.ucaldas.edu.co\/portal\/#organization","name":"Universidad de Caldas","alternateName":"U. de Caldas","url":"https:\/\/www.ucaldas.edu.co\/portal\/","logo":{"@type":"ImageObject","inLanguage":"es","@id":"https:\/\/www.ucaldas.edu.co\/portal\/#\/schema\/logo\/image\/","url":"https:\/\/www.ucaldas.edu.co\/portal\/wp-content\/uploads\/2023\/11\/Logo_horizontal_oscuroU-2023.png","contentUrl":"https:\/\/www.ucaldas.edu.co\/portal\/wp-content\/uploads\/2023\/11\/Logo_horizontal_oscuroU-2023.png","width":263,"height":101,"caption":"Universidad de Caldas"},"image":{"@id":"https:\/\/www.ucaldas.edu.co\/portal\/#\/schema\/logo\/image\/"},"sameAs":["https:\/\/www.facebook.com\/udecaldas","https:\/\/x.com\/udecaldas","https:\/\/www.youtube.com\/universidadcaldas","https:\/\/www.instagram.com\/udecaldas\/"]},{"@type":"Person","@id":"https:\/\/www.ucaldas.edu.co\/portal\/#\/schema\/person\/a1b482e23449158b4bc319926c074fdf","name":"ofiprensa","image":{"@type":"ImageObject","inLanguage":"es","@id":"https:\/\/www.ucaldas.edu.co\/portal\/wp-content\/litespeed\/avatar\/09ea5085e600095a7a811142c6944527.jpg?ver=1777497608","url":"https:\/\/www.ucaldas.edu.co\/portal\/wp-content\/litespeed\/avatar\/09ea5085e600095a7a811142c6944527.jpg?ver=1777497608","contentUrl":"https:\/\/www.ucaldas.edu.co\/portal\/wp-content\/litespeed\/avatar\/09ea5085e600095a7a811142c6944527.jpg?ver=1777497608","caption":"ofiprensa"},"url":"https:\/\/www.ucaldas.edu.co\/portal\/author\/ofiprensa\/"}]}},"_links":{"self":[{"href":"https:\/\/www.ucaldas.edu.co\/portal\/wp-json\/wp\/v2\/posts\/62921","targetHints":{"allow":["GET"]}}],"collection":[{"href":"https:\/\/www.ucaldas.edu.co\/portal\/wp-json\/wp\/v2\/posts"}],"about":[{"href":"https:\/\/www.ucaldas.edu.co\/portal\/wp-json\/wp\/v2\/types\/post"}],"author":[{"embeddable":true,"href":"https:\/\/www.ucaldas.edu.co\/portal\/wp-json\/wp\/v2\/users\/2"}],"replies":[{"embeddable":true,"href":"https:\/\/www.ucaldas.edu.co\/portal\/wp-json\/wp\/v2\/comments?post=62921"}],"version-history":[{"count":0,"href":"https:\/\/www.ucaldas.edu.co\/portal\/wp-json\/wp\/v2\/posts\/62921\/revisions"}],"wp:featuredmedia":[{"embeddable":true,"href":"https:\/\/www.ucaldas.edu.co\/portal\/wp-json\/wp\/v2\/media\/62922"}],"wp:attachment":[{"href":"https:\/\/www.ucaldas.edu.co\/portal\/wp-json\/wp\/v2\/media?parent=62921"}],"wp:term":[{"taxonomy":"category","embeddable":true,"href":"https:\/\/www.ucaldas.edu.co\/portal\/wp-json\/wp\/v2\/categories?post=62921"},{"taxonomy":"post_tag","embeddable":true,"href":"https:\/\/www.ucaldas.edu.co\/portal\/wp-json\/wp\/v2\/tags?post=62921"}],"curies":[{"name":"wp","href":"https:\/\/api.w.org\/{rel}","templated":true}]}}