{"id":62807,"date":"2021-05-21T00:22:14","date_gmt":"2021-05-21T00:22:14","guid":{"rendered":"https:\/\/www.ucaldas.edu.co\/portal\/?p=62807"},"modified":"2021-05-21T00:22:14","modified_gmt":"2021-05-21T00:22:14","slug":"la-proxima-semana-inicia-el-festival-internacional-de-la-imagen","status":"publish","type":"post","link":"https:\/\/www.ucaldas.edu.co\/portal\/la-proxima-semana-inicia-el-festival-internacional-de-la-imagen\/","title":{"rendered":"La pr\u00f3xima semana inicia el Festival Internacional de la Imagen"},"content":{"rendered":"<p style=\"text-align: center;\">SE REALIZAR\u00c1 A TRAV\u00c9S DE PLATAFORMAS DIGITALES<br \/>\n<strong>La pr\u00f3xima semana inicia el Festival Internacional de la Imagen<\/strong><\/p>\n<p style=\"text-align: right;\">20\/05\/2021<\/p>\n<p><img loading=\"lazy\" decoding=\"async\" class=\"size-full wp-image-62808 aligncenter\" src=\"https:\/\/www.ucaldas.edu.co\/portal\/wp-content\/uploads\/2021\/05\/festival-imagen.jpg\" alt=\"\" width=\"700\" height=\"400\" srcset=\"https:\/\/www.ucaldas.edu.co\/portal\/wp-content\/uploads\/2021\/05\/festival-imagen.jpg 700w, https:\/\/www.ucaldas.edu.co\/portal\/wp-content\/uploads\/2021\/05\/festival-imagen-300x171.jpg 300w\" sizes=\"auto, (max-width: 700px) 100vw, 700px\" \/><\/p>\n<p>Se llev\u00f3 a cabo la rueda de prensa del Festival Internacional de la Imagen con la participaci\u00f3n de Felipe Cesar Londo\u00f1o L\u00f3pez, actual director de Festival que iniciar\u00e1 el pr\u00f3ximo 24 de mayo a trav\u00e9s de diversas plataformas digitales.<\/p>\n<p><!--more--><\/p>\n<p>El director del Festival, expres\u00f3 que el evento aportar\u00e1 gran cantidad de t\u00f3picos respecto a la perspectiva reflexiva sobre lo que sucede actualmente en el pa\u00eds y el mundo. Agrega que el Festival no es ajeno a lo que hoy sucede, por lo que la tem\u00e1tica central del mismo, propicia el dialogo, el conocimiento, el contexto a trav\u00e9s de espacios reflexivos en perspectivas cr\u00edticas, sobre la actualidad del mundo entorno al papel como seres humanos en los territorios y las relaciones de convivencia.<\/p>\n<p>El Festival contar\u00e1 con la participaci\u00f3n de \u00a0invitados nacionales e internacionales, que en su mayor\u00eda cuestionan el rol en el mundo como especie humana, lo que ha llevado a la aparici\u00f3n de acciones que destruyen el sistema natural, desigualdades, migraciones, entre otras.<\/p>\n<p>En esta edici\u00f3n y debido a la situaci\u00f3n actual que vive el pa\u00eds, el Festival Internacional de la Imagen abri\u00f3 convocatoria para la postulaci\u00f3n de fotograf\u00edas del Paro Nacional con el fin de construir una obra colectiva con los participantes. Las condiciones y t\u00e9rminos de participaci\u00f3n son:<\/p>\n<ul>\n<li>Fotograf\u00eda en formato JPG. Sin comprimir. (4500 px. por el lado m\u00e1s grande).<\/li>\n<li>Los cr\u00e9ditos en la publicaci\u00f3n ser\u00e1n colectivos.<\/li>\n<li>Las fotograf\u00edas podr\u00edan ser editadas para adaptarse al formato.<\/li>\n<li>Toda participaci\u00f3n es voluntaria.<\/li>\n<li>Las fotograf\u00edas solo ser\u00e1n usadas para la publicaci\u00f3n y las comunicaciones de la misma.<\/li>\n<li>Los participantes podr\u00e1n recoger la publicaci\u00f3n en un punto determinado de la ciudad.<\/li>\n<li>Se recibir\u00e1n m\u00e1ximo 20 fotograf\u00edas por participante.<\/li>\n<\/ul>\n<p>&nbsp;<\/p>\n<p>El cierre de la convocatoria ser\u00e1 el 22 de mayo. Las propuestas se recibir\u00e1n a trav\u00e9s del correo electr\u00f3nico: \u00a0<strong><a href=\"mailto:lapenultimaverdad@ucaldas.edu.co\">lapenultimaverdad@ucaldas.edu.co<\/a><\/strong><\/p>\n<p>&nbsp;<\/p>\n<p><strong>Anexo:<\/strong><\/p>\n<p><strong><a href=\"https:\/\/www.ivoox.com\/felipe-cesar-londono-director-festival-internacional-de-audios-mp3_rf_70332441_1.html\">Audio director del festival de la imagen, Felipe C\u00e9sar Londo\u00f1o L\u00f3pez<\/a><\/p>\n<p><iframe loading=\"lazy\" src=\"https:\/\/co.ivoox.com\/es\/player_ek_70332441_2_1.html?data=mJWglZeYeJKhhpywj5WVaZS1k5uah5yncZKhhpywj5WRaZi3jpWah5yncafZzc7dx5CnqdTV05C50dPIs4a3lIqvk9SPcYy4ytfSxdnTtoy6xtjhy9vFsIy9z9nS1NPFp8rjz8bZj4qbh463wtHRw9iPhcXhjLqah5yncZU.&amp;\" width=\"238\" height=\"48\" frameborder=\"0\" scrolling=\"no\" allowfullscreen=\"allowfullscreen\"><\/iframe><\/strong><\/p>\n<p>&nbsp;<\/p>\n<p><strong>Informes: <\/strong>Oficina de Comunicaciones y Prensa Universidad de Caldas.<\/p>\n<p><strong>Redacci\u00f3n:<\/strong> Mateo Buritic\u00e1 Giraldo<\/p>\n<p>&nbsp;<\/p>\n<p>&nbsp;<\/p>\n","protected":false},"excerpt":{"rendered":"<p>SE REALIZAR\u00c1 A TRAV\u00c9S DE PLATAFORMAS DIGITALES La pr\u00f3xima semana inicia el Festival Internacional de la Imagen 20\/05\/2021 Se llev\u00f3 a cabo la rueda de prensa del Festival Internacional de la Imagen con la participaci\u00f3n de Felipe Cesar Londo\u00f1o L\u00f3pez, actual director de Festival que iniciar\u00e1 el pr\u00f3ximo 24 de mayo a trav\u00e9s de diversas [&hellip;]<\/p>\n","protected":false},"author":2,"featured_media":62808,"comment_status":"closed","ping_status":"open","sticky":false,"template":"","format":"standard","meta":{"footnotes":""},"categories":[48,53,62],"tags":[837,6383,6444],"class_list":["post-62807","post","type-post","status-publish","format-standard","has-post-thumbnail","hentry","category-actualidad","category-universidad-al-dia","category-eventos","tag-festival-internacional-de-la-imagen","tag-concurso-de-fotografia","tag-paro-nacional-colombia"],"yoast_head":"<!-- This site is optimized with the Yoast SEO plugin v27.5 - https:\/\/yoast.com\/product\/yoast-seo-wordpress\/ -->\n<title>La pr\u00f3xima semana inicia el Festival Internacional de la Imagen .<\/title>\n<meta name=\"robots\" content=\"index, follow, max-snippet:-1, max-image-preview:large, max-video-preview:-1\" \/>\n<link rel=\"canonical\" href=\"https:\/\/www.ucaldas.edu.co\/portal\/la-proxima-semana-inicia-el-festival-internacional-de-la-imagen\/\" \/>\n<script type=\"application\/ld+json\" class=\"yoast-schema-graph\">{\"@context\":\"https:\\\/\\\/schema.org\",\"@graph\":[{\"@type\":\"Article\",\"@id\":\"https:\\\/\\\/www.ucaldas.edu.co\\\/portal\\\/la-proxima-semana-inicia-el-festival-internacional-de-la-imagen\\\/#article\",\"isPartOf\":{\"@id\":\"https:\\\/\\\/www.ucaldas.edu.co\\\/portal\\\/la-proxima-semana-inicia-el-festival-internacional-de-la-imagen\\\/\"},\"author\":{\"name\":\"ofiprensa\",\"@id\":\"https:\\\/\\\/www.ucaldas.edu.co\\\/portal\\\/#\\\/schema\\\/person\\\/a1b482e23449158b4bc319926c074fdf\"},\"headline\":\"La pr\u00f3xima semana inicia el Festival Internacional de la Imagen\",\"datePublished\":\"2021-05-21T00:22:14+00:00\",\"mainEntityOfPage\":{\"@id\":\"https:\\\/\\\/www.ucaldas.edu.co\\\/portal\\\/la-proxima-semana-inicia-el-festival-internacional-de-la-imagen\\\/\"},\"wordCount\":400,\"publisher\":{\"@id\":\"https:\\\/\\\/www.ucaldas.edu.co\\\/portal\\\/#organization\"},\"image\":{\"@id\":\"https:\\\/\\\/www.ucaldas.edu.co\\\/portal\\\/la-proxima-semana-inicia-el-festival-internacional-de-la-imagen\\\/#primaryimage\"},\"thumbnailUrl\":\"https:\\\/\\\/www.ucaldas.edu.co\\\/portal\\\/wp-content\\\/uploads\\\/2021\\\/05\\\/festival-imagen.jpg\",\"keywords\":[\"Festival Internacional de la Imagen\",\"concurso de fotograf\u00eda\",\"paro nacional colombia\"],\"articleSection\":[\"Actualidad\",\"Universidad al D\u00eda\",\"Eventos\"],\"inLanguage\":\"es\"},{\"@type\":\"WebPage\",\"@id\":\"https:\\\/\\\/www.ucaldas.edu.co\\\/portal\\\/la-proxima-semana-inicia-el-festival-internacional-de-la-imagen\\\/\",\"url\":\"https:\\\/\\\/www.ucaldas.edu.co\\\/portal\\\/la-proxima-semana-inicia-el-festival-internacional-de-la-imagen\\\/\",\"name\":\"La pr\u00f3xima semana inicia el Festival Internacional de la Imagen .\",\"isPartOf\":{\"@id\":\"https:\\\/\\\/www.ucaldas.edu.co\\\/portal\\\/#website\"},\"primaryImageOfPage\":{\"@id\":\"https:\\\/\\\/www.ucaldas.edu.co\\\/portal\\\/la-proxima-semana-inicia-el-festival-internacional-de-la-imagen\\\/#primaryimage\"},\"image\":{\"@id\":\"https:\\\/\\\/www.ucaldas.edu.co\\\/portal\\\/la-proxima-semana-inicia-el-festival-internacional-de-la-imagen\\\/#primaryimage\"},\"thumbnailUrl\":\"https:\\\/\\\/www.ucaldas.edu.co\\\/portal\\\/wp-content\\\/uploads\\\/2021\\\/05\\\/festival-imagen.jpg\",\"datePublished\":\"2021-05-21T00:22:14+00:00\",\"breadcrumb\":{\"@id\":\"https:\\\/\\\/www.ucaldas.edu.co\\\/portal\\\/la-proxima-semana-inicia-el-festival-internacional-de-la-imagen\\\/#breadcrumb\"},\"inLanguage\":\"es\",\"potentialAction\":[{\"@type\":\"ReadAction\",\"target\":[\"https:\\\/\\\/www.ucaldas.edu.co\\\/portal\\\/la-proxima-semana-inicia-el-festival-internacional-de-la-imagen\\\/\"]}]},{\"@type\":\"ImageObject\",\"inLanguage\":\"es\",\"@id\":\"https:\\\/\\\/www.ucaldas.edu.co\\\/portal\\\/la-proxima-semana-inicia-el-festival-internacional-de-la-imagen\\\/#primaryimage\",\"url\":\"https:\\\/\\\/www.ucaldas.edu.co\\\/portal\\\/wp-content\\\/uploads\\\/2021\\\/05\\\/festival-imagen.jpg\",\"contentUrl\":\"https:\\\/\\\/www.ucaldas.edu.co\\\/portal\\\/wp-content\\\/uploads\\\/2021\\\/05\\\/festival-imagen.jpg\",\"width\":700,\"height\":400},{\"@type\":\"BreadcrumbList\",\"@id\":\"https:\\\/\\\/www.ucaldas.edu.co\\\/portal\\\/la-proxima-semana-inicia-el-festival-internacional-de-la-imagen\\\/#breadcrumb\",\"itemListElement\":[{\"@type\":\"ListItem\",\"position\":1,\"name\":\"Portada\",\"item\":\"https:\\\/\\\/www.ucaldas.edu.co\\\/portal\\\/\"},{\"@type\":\"ListItem\",\"position\":2,\"name\":\"La pr\u00f3xima semana inicia el Festival Internacional de la Imagen\"}]},{\"@type\":\"WebSite\",\"@id\":\"https:\\\/\\\/www.ucaldas.edu.co\\\/portal\\\/#website\",\"url\":\"https:\\\/\\\/www.ucaldas.edu.co\\\/portal\\\/\",\"name\":\"Universidad de Caldas\",\"description\":\"\",\"publisher\":{\"@id\":\"https:\\\/\\\/www.ucaldas.edu.co\\\/portal\\\/#organization\"},\"alternateName\":\"U. de Caldas\",\"potentialAction\":[{\"@type\":\"SearchAction\",\"target\":{\"@type\":\"EntryPoint\",\"urlTemplate\":\"https:\\\/\\\/www.ucaldas.edu.co\\\/portal\\\/?s={search_term_string}\"},\"query-input\":{\"@type\":\"PropertyValueSpecification\",\"valueRequired\":true,\"valueName\":\"search_term_string\"}}],\"inLanguage\":\"es\"},{\"@type\":\"Organization\",\"@id\":\"https:\\\/\\\/www.ucaldas.edu.co\\\/portal\\\/#organization\",\"name\":\"Universidad de Caldas\",\"alternateName\":\"U. de Caldas\",\"url\":\"https:\\\/\\\/www.ucaldas.edu.co\\\/portal\\\/\",\"logo\":{\"@type\":\"ImageObject\",\"inLanguage\":\"es\",\"@id\":\"https:\\\/\\\/www.ucaldas.edu.co\\\/portal\\\/#\\\/schema\\\/logo\\\/image\\\/\",\"url\":\"https:\\\/\\\/www.ucaldas.edu.co\\\/portal\\\/wp-content\\\/uploads\\\/2023\\\/11\\\/Logo_horizontal_oscuroU-2023.png\",\"contentUrl\":\"https:\\\/\\\/www.ucaldas.edu.co\\\/portal\\\/wp-content\\\/uploads\\\/2023\\\/11\\\/Logo_horizontal_oscuroU-2023.png\",\"width\":263,\"height\":101,\"caption\":\"Universidad de Caldas\"},\"image\":{\"@id\":\"https:\\\/\\\/www.ucaldas.edu.co\\\/portal\\\/#\\\/schema\\\/logo\\\/image\\\/\"},\"sameAs\":[\"https:\\\/\\\/www.facebook.com\\\/udecaldas\",\"https:\\\/\\\/x.com\\\/udecaldas\",\"https:\\\/\\\/www.youtube.com\\\/universidadcaldas\",\"https:\\\/\\\/www.instagram.com\\\/udecaldas\\\/\"]},{\"@type\":\"Person\",\"@id\":\"https:\\\/\\\/www.ucaldas.edu.co\\\/portal\\\/#\\\/schema\\\/person\\\/a1b482e23449158b4bc319926c074fdf\",\"name\":\"ofiprensa\",\"image\":{\"@type\":\"ImageObject\",\"inLanguage\":\"es\",\"@id\":\"https:\\\/\\\/www.ucaldas.edu.co\\\/portal\\\/wp-content\\\/litespeed\\\/avatar\\\/09ea5085e600095a7a811142c6944527.jpg?ver=1777497608\",\"url\":\"https:\\\/\\\/www.ucaldas.edu.co\\\/portal\\\/wp-content\\\/litespeed\\\/avatar\\\/09ea5085e600095a7a811142c6944527.jpg?ver=1777497608\",\"contentUrl\":\"https:\\\/\\\/www.ucaldas.edu.co\\\/portal\\\/wp-content\\\/litespeed\\\/avatar\\\/09ea5085e600095a7a811142c6944527.jpg?ver=1777497608\",\"caption\":\"ofiprensa\"},\"url\":\"https:\\\/\\\/www.ucaldas.edu.co\\\/portal\\\/author\\\/ofiprensa\\\/\"}]}<\/script>\n<!-- \/ Yoast SEO plugin. -->","yoast_head_json":{"title":"La pr\u00f3xima semana inicia el Festival Internacional de la Imagen .","robots":{"index":"index","follow":"follow","max-snippet":"max-snippet:-1","max-image-preview":"max-image-preview:large","max-video-preview":"max-video-preview:-1"},"canonical":"https:\/\/www.ucaldas.edu.co\/portal\/la-proxima-semana-inicia-el-festival-internacional-de-la-imagen\/","schema":{"@context":"https:\/\/schema.org","@graph":[{"@type":"Article","@id":"https:\/\/www.ucaldas.edu.co\/portal\/la-proxima-semana-inicia-el-festival-internacional-de-la-imagen\/#article","isPartOf":{"@id":"https:\/\/www.ucaldas.edu.co\/portal\/la-proxima-semana-inicia-el-festival-internacional-de-la-imagen\/"},"author":{"name":"ofiprensa","@id":"https:\/\/www.ucaldas.edu.co\/portal\/#\/schema\/person\/a1b482e23449158b4bc319926c074fdf"},"headline":"La pr\u00f3xima semana inicia el Festival Internacional de la Imagen","datePublished":"2021-05-21T00:22:14+00:00","mainEntityOfPage":{"@id":"https:\/\/www.ucaldas.edu.co\/portal\/la-proxima-semana-inicia-el-festival-internacional-de-la-imagen\/"},"wordCount":400,"publisher":{"@id":"https:\/\/www.ucaldas.edu.co\/portal\/#organization"},"image":{"@id":"https:\/\/www.ucaldas.edu.co\/portal\/la-proxima-semana-inicia-el-festival-internacional-de-la-imagen\/#primaryimage"},"thumbnailUrl":"https:\/\/www.ucaldas.edu.co\/portal\/wp-content\/uploads\/2021\/05\/festival-imagen.jpg","keywords":["Festival Internacional de la Imagen","concurso de fotograf\u00eda","paro nacional colombia"],"articleSection":["Actualidad","Universidad al D\u00eda","Eventos"],"inLanguage":"es"},{"@type":"WebPage","@id":"https:\/\/www.ucaldas.edu.co\/portal\/la-proxima-semana-inicia-el-festival-internacional-de-la-imagen\/","url":"https:\/\/www.ucaldas.edu.co\/portal\/la-proxima-semana-inicia-el-festival-internacional-de-la-imagen\/","name":"La pr\u00f3xima semana inicia el Festival Internacional de la Imagen .","isPartOf":{"@id":"https:\/\/www.ucaldas.edu.co\/portal\/#website"},"primaryImageOfPage":{"@id":"https:\/\/www.ucaldas.edu.co\/portal\/la-proxima-semana-inicia-el-festival-internacional-de-la-imagen\/#primaryimage"},"image":{"@id":"https:\/\/www.ucaldas.edu.co\/portal\/la-proxima-semana-inicia-el-festival-internacional-de-la-imagen\/#primaryimage"},"thumbnailUrl":"https:\/\/www.ucaldas.edu.co\/portal\/wp-content\/uploads\/2021\/05\/festival-imagen.jpg","datePublished":"2021-05-21T00:22:14+00:00","breadcrumb":{"@id":"https:\/\/www.ucaldas.edu.co\/portal\/la-proxima-semana-inicia-el-festival-internacional-de-la-imagen\/#breadcrumb"},"inLanguage":"es","potentialAction":[{"@type":"ReadAction","target":["https:\/\/www.ucaldas.edu.co\/portal\/la-proxima-semana-inicia-el-festival-internacional-de-la-imagen\/"]}]},{"@type":"ImageObject","inLanguage":"es","@id":"https:\/\/www.ucaldas.edu.co\/portal\/la-proxima-semana-inicia-el-festival-internacional-de-la-imagen\/#primaryimage","url":"https:\/\/www.ucaldas.edu.co\/portal\/wp-content\/uploads\/2021\/05\/festival-imagen.jpg","contentUrl":"https:\/\/www.ucaldas.edu.co\/portal\/wp-content\/uploads\/2021\/05\/festival-imagen.jpg","width":700,"height":400},{"@type":"BreadcrumbList","@id":"https:\/\/www.ucaldas.edu.co\/portal\/la-proxima-semana-inicia-el-festival-internacional-de-la-imagen\/#breadcrumb","itemListElement":[{"@type":"ListItem","position":1,"name":"Portada","item":"https:\/\/www.ucaldas.edu.co\/portal\/"},{"@type":"ListItem","position":2,"name":"La pr\u00f3xima semana inicia el Festival Internacional de la Imagen"}]},{"@type":"WebSite","@id":"https:\/\/www.ucaldas.edu.co\/portal\/#website","url":"https:\/\/www.ucaldas.edu.co\/portal\/","name":"Universidad de Caldas","description":"","publisher":{"@id":"https:\/\/www.ucaldas.edu.co\/portal\/#organization"},"alternateName":"U. de Caldas","potentialAction":[{"@type":"SearchAction","target":{"@type":"EntryPoint","urlTemplate":"https:\/\/www.ucaldas.edu.co\/portal\/?s={search_term_string}"},"query-input":{"@type":"PropertyValueSpecification","valueRequired":true,"valueName":"search_term_string"}}],"inLanguage":"es"},{"@type":"Organization","@id":"https:\/\/www.ucaldas.edu.co\/portal\/#organization","name":"Universidad de Caldas","alternateName":"U. de Caldas","url":"https:\/\/www.ucaldas.edu.co\/portal\/","logo":{"@type":"ImageObject","inLanguage":"es","@id":"https:\/\/www.ucaldas.edu.co\/portal\/#\/schema\/logo\/image\/","url":"https:\/\/www.ucaldas.edu.co\/portal\/wp-content\/uploads\/2023\/11\/Logo_horizontal_oscuroU-2023.png","contentUrl":"https:\/\/www.ucaldas.edu.co\/portal\/wp-content\/uploads\/2023\/11\/Logo_horizontal_oscuroU-2023.png","width":263,"height":101,"caption":"Universidad de Caldas"},"image":{"@id":"https:\/\/www.ucaldas.edu.co\/portal\/#\/schema\/logo\/image\/"},"sameAs":["https:\/\/www.facebook.com\/udecaldas","https:\/\/x.com\/udecaldas","https:\/\/www.youtube.com\/universidadcaldas","https:\/\/www.instagram.com\/udecaldas\/"]},{"@type":"Person","@id":"https:\/\/www.ucaldas.edu.co\/portal\/#\/schema\/person\/a1b482e23449158b4bc319926c074fdf","name":"ofiprensa","image":{"@type":"ImageObject","inLanguage":"es","@id":"https:\/\/www.ucaldas.edu.co\/portal\/wp-content\/litespeed\/avatar\/09ea5085e600095a7a811142c6944527.jpg?ver=1777497608","url":"https:\/\/www.ucaldas.edu.co\/portal\/wp-content\/litespeed\/avatar\/09ea5085e600095a7a811142c6944527.jpg?ver=1777497608","contentUrl":"https:\/\/www.ucaldas.edu.co\/portal\/wp-content\/litespeed\/avatar\/09ea5085e600095a7a811142c6944527.jpg?ver=1777497608","caption":"ofiprensa"},"url":"https:\/\/www.ucaldas.edu.co\/portal\/author\/ofiprensa\/"}]}},"_links":{"self":[{"href":"https:\/\/www.ucaldas.edu.co\/portal\/wp-json\/wp\/v2\/posts\/62807","targetHints":{"allow":["GET"]}}],"collection":[{"href":"https:\/\/www.ucaldas.edu.co\/portal\/wp-json\/wp\/v2\/posts"}],"about":[{"href":"https:\/\/www.ucaldas.edu.co\/portal\/wp-json\/wp\/v2\/types\/post"}],"author":[{"embeddable":true,"href":"https:\/\/www.ucaldas.edu.co\/portal\/wp-json\/wp\/v2\/users\/2"}],"replies":[{"embeddable":true,"href":"https:\/\/www.ucaldas.edu.co\/portal\/wp-json\/wp\/v2\/comments?post=62807"}],"version-history":[{"count":0,"href":"https:\/\/www.ucaldas.edu.co\/portal\/wp-json\/wp\/v2\/posts\/62807\/revisions"}],"wp:featuredmedia":[{"embeddable":true,"href":"https:\/\/www.ucaldas.edu.co\/portal\/wp-json\/wp\/v2\/media\/62808"}],"wp:attachment":[{"href":"https:\/\/www.ucaldas.edu.co\/portal\/wp-json\/wp\/v2\/media?parent=62807"}],"wp:term":[{"taxonomy":"category","embeddable":true,"href":"https:\/\/www.ucaldas.edu.co\/portal\/wp-json\/wp\/v2\/categories?post=62807"},{"taxonomy":"post_tag","embeddable":true,"href":"https:\/\/www.ucaldas.edu.co\/portal\/wp-json\/wp\/v2\/tags?post=62807"}],"curies":[{"name":"wp","href":"https:\/\/api.w.org\/{rel}","templated":true}]}}