{"id":62725,"date":"2021-05-16T23:43:04","date_gmt":"2021-05-16T23:43:04","guid":{"rendered":"https:\/\/www.ucaldas.edu.co\/portal\/?p=62725"},"modified":"2021-05-16T23:43:04","modified_gmt":"2021-05-16T23:43:04","slug":"comunicado-equipo-directivo-por-la-muerte-del-vicerrector-academico-marco-tulio-jaramillo-salazar","status":"publish","type":"post","link":"https:\/\/www.ucaldas.edu.co\/portal\/comunicado-equipo-directivo-por-la-muerte-del-vicerrector-academico-marco-tulio-jaramillo-salazar\/","title":{"rendered":"Comunicado Equipo Directivo por la muerte del vicerrector acad\u00e9mico Marco Tulio Jaramillo Salazar"},"content":{"rendered":"<p style=\"text-align: center;\">MENSAJE DE CONDOLENCIAS<br \/>\n<strong>Comunicado Equipo Directivo por la muerte<br \/>\ndel vicerrector acad\u00e9mico Marco Tulio Jaramillo Salazar<\/strong><\/p>\n<p style=\"text-align: right;\">16\/05\/2021<\/p>\n<p style=\"text-align: center;\"><strong><img loading=\"lazy\" decoding=\"async\" class=\"alignnone size-full wp-image-56594\" src=\"https:\/\/www.ucaldas.edu.co\/portal\/wp-content\/uploads\/2020\/06\/comunicado.png\" alt=\"\" width=\"700\" height=\"400\" srcset=\"https:\/\/www.ucaldas.edu.co\/portal\/wp-content\/uploads\/2020\/06\/comunicado.png 700w, https:\/\/www.ucaldas.edu.co\/portal\/wp-content\/uploads\/2020\/06\/comunicado-300x171.png 300w\" sizes=\"auto, (max-width: 700px) 100vw, 700px\" \/><\/strong><\/p>\n<p style=\"text-align: center;\"><strong>A LA COMUNIDAD UNIVERSITARIA Y CIUDADAN\u00cdA EN GENERAL<\/strong><\/p>\n<p>La comunidad educativa de la Universidad de Caldas, directivos, docentes, estudiantes y padres de familia y la comunidad manizale\u00f1a en general lamentamos profundamente el fallecimiento de nuestro profesor y amigo Marco Tulio Jaramillo Salazar.\u00a0 Siempre lo recordaremos como la persona m\u00e1s altruista, nuestro polo a tierra, nuestro mediador, quien so\u00f1\u00f3 y luch\u00f3 por la universidad a qui\u00e9n le entreg\u00f3 su vida, desde hace m\u00e1s de 25 a\u00f1os. El legado de sus virtudes humanas, debe quedar como una impronta en cada uno de nosotros y en especial en aquellos a quienes siempre protegi\u00f3, sus estudiantes.<\/p>\n<p><!--more--><\/p>\n<p>Sin distinci\u00f3n ideol\u00f3gica o pol\u00edtica, luch\u00f3 incasablemente por la uni\u00f3n de todos los estamentos y por los acuerdos que hicieran que nuestra alma mater lograra fortalecerse para acoger a todos sin igual. Su lucha por lograr la uni\u00f3n ser\u00e1 a partir de ahora la bandera que gu\u00ede nuestro camino, la Universidad de Caldas es y ser\u00e1 por siempre tu nido y tu abrigo querido amigo, no te has ido y no te ir\u00e1s, porque en nosotros tu memoria permanecer\u00e1 para que la ruta que a partir de ahora emprenda la universidad sea aqu\u00e9lla que tu creaste con tus virtudes y tu capacidad creadora.<\/p>\n<p>Invitamos a toda la comunidad universitaria a que adoptemos sus virtudes y su amor por nuestra universidad, para que todos unidos logremos plasmar en la realidad el sue\u00f1o de universidad del vicerrector, plural, diversa, reflexiva, abierta al cambio y donde el dialogo sea el camino. Es el mejor homenaje que podemos hacerle, trabajar unidos para formar j\u00f3venes id\u00f3neos y responsables que sean los nuevos l\u00edderes de un pa\u00eds en proceso de transformaci\u00f3n, s\u00f3lo as\u00ed honraremos su memoria, cumpliendo nuestro deber sagrado como educadores de una nueva generaci\u00f3n destinada a construir el futuro de todos.<\/p>\n<p>&nbsp;<\/p>\n<p>Con atenci\u00f3n,<\/p>\n<p>&nbsp;<\/p>\n<p style=\"text-align: center;\"><strong>EQUIPO DIRECTIVO UNIVERSIDAD DE CALDAS<\/strong><\/p>\n<p>&nbsp;<\/p>\n<p><strong><a href=\"https:\/\/www.ucaldas.edu.co\/portal\/wp-admin\/post.php?post=62724&amp;action=edit\" target=\"_blank\" rel=\"noopener\">Comunicado para descargar<\/a><\/strong><\/p>\n","protected":false},"excerpt":{"rendered":"<p>MENSAJE DE CONDOLENCIAS Comunicado Equipo Directivo por la muerte del vicerrector acad\u00e9mico Marco Tulio Jaramillo Salazar 16\/05\/2021 A LA COMUNIDAD UNIVERSITARIA Y CIUDADAN\u00cdA EN GENERAL La comunidad educativa de la Universidad de Caldas, directivos, docentes, estudiantes y padres de familia y la comunidad manizale\u00f1a en general lamentamos profundamente el fallecimiento de nuestro profesor y amigo [&hellip;]<\/p>\n","protected":false},"author":2,"featured_media":56594,"comment_status":"closed","ping_status":"open","sticky":false,"template":"","format":"standard","meta":{"footnotes":""},"categories":[48,53],"tags":[1212,1999,2636,6413],"class_list":["post-62725","post","type-post","status-publish","format-standard","has-post-thumbnail","hentry","category-actualidad","category-universidad-al-dia","tag-comunicado","tag-equipo-directivo","tag-condolencias","tag-mensaje"],"yoast_head":"<!-- This site is optimized with the Yoast SEO plugin v27.4 - https:\/\/yoast.com\/product\/yoast-seo-wordpress\/ -->\n<title>Comunicado Equipo Directivo por la muerte del vicerrector acad\u00e9mico Marco Tulio Jaramillo Salazar .<\/title>\n<meta name=\"robots\" content=\"index, follow, max-snippet:-1, max-image-preview:large, max-video-preview:-1\" \/>\n<link rel=\"canonical\" href=\"https:\/\/www.ucaldas.edu.co\/portal\/comunicado-equipo-directivo-por-la-muerte-del-vicerrector-academico-marco-tulio-jaramillo-salazar\/\" \/>\n<script type=\"application\/ld+json\" class=\"yoast-schema-graph\">{\"@context\":\"https:\\\/\\\/schema.org\",\"@graph\":[{\"@type\":\"Article\",\"@id\":\"https:\\\/\\\/www.ucaldas.edu.co\\\/portal\\\/comunicado-equipo-directivo-por-la-muerte-del-vicerrector-academico-marco-tulio-jaramillo-salazar\\\/#article\",\"isPartOf\":{\"@id\":\"https:\\\/\\\/www.ucaldas.edu.co\\\/portal\\\/comunicado-equipo-directivo-por-la-muerte-del-vicerrector-academico-marco-tulio-jaramillo-salazar\\\/\"},\"author\":{\"name\":\"ofiprensa\",\"@id\":\"https:\\\/\\\/www.ucaldas.edu.co\\\/portal\\\/#\\\/schema\\\/person\\\/a1b482e23449158b4bc319926c074fdf\"},\"headline\":\"Comunicado Equipo Directivo por la muerte del vicerrector acad\u00e9mico Marco Tulio Jaramillo Salazar\",\"datePublished\":\"2021-05-16T23:43:04+00:00\",\"mainEntityOfPage\":{\"@id\":\"https:\\\/\\\/www.ucaldas.edu.co\\\/portal\\\/comunicado-equipo-directivo-por-la-muerte-del-vicerrector-academico-marco-tulio-jaramillo-salazar\\\/\"},\"wordCount\":365,\"publisher\":{\"@id\":\"https:\\\/\\\/www.ucaldas.edu.co\\\/portal\\\/#organization\"},\"image\":{\"@id\":\"https:\\\/\\\/www.ucaldas.edu.co\\\/portal\\\/comunicado-equipo-directivo-por-la-muerte-del-vicerrector-academico-marco-tulio-jaramillo-salazar\\\/#primaryimage\"},\"thumbnailUrl\":\"https:\\\/\\\/www.ucaldas.edu.co\\\/portal\\\/wp-content\\\/uploads\\\/2020\\\/06\\\/comunicado.png\",\"keywords\":[\"Comunicado\",\"equipo directivo\",\"condolencias\",\"mensaje\"],\"articleSection\":[\"Actualidad\",\"Universidad al D\u00eda\"],\"inLanguage\":\"es\"},{\"@type\":\"WebPage\",\"@id\":\"https:\\\/\\\/www.ucaldas.edu.co\\\/portal\\\/comunicado-equipo-directivo-por-la-muerte-del-vicerrector-academico-marco-tulio-jaramillo-salazar\\\/\",\"url\":\"https:\\\/\\\/www.ucaldas.edu.co\\\/portal\\\/comunicado-equipo-directivo-por-la-muerte-del-vicerrector-academico-marco-tulio-jaramillo-salazar\\\/\",\"name\":\"Comunicado Equipo Directivo por la muerte del vicerrector acad\u00e9mico Marco Tulio Jaramillo Salazar .\",\"isPartOf\":{\"@id\":\"https:\\\/\\\/www.ucaldas.edu.co\\\/portal\\\/#website\"},\"primaryImageOfPage\":{\"@id\":\"https:\\\/\\\/www.ucaldas.edu.co\\\/portal\\\/comunicado-equipo-directivo-por-la-muerte-del-vicerrector-academico-marco-tulio-jaramillo-salazar\\\/#primaryimage\"},\"image\":{\"@id\":\"https:\\\/\\\/www.ucaldas.edu.co\\\/portal\\\/comunicado-equipo-directivo-por-la-muerte-del-vicerrector-academico-marco-tulio-jaramillo-salazar\\\/#primaryimage\"},\"thumbnailUrl\":\"https:\\\/\\\/www.ucaldas.edu.co\\\/portal\\\/wp-content\\\/uploads\\\/2020\\\/06\\\/comunicado.png\",\"datePublished\":\"2021-05-16T23:43:04+00:00\",\"breadcrumb\":{\"@id\":\"https:\\\/\\\/www.ucaldas.edu.co\\\/portal\\\/comunicado-equipo-directivo-por-la-muerte-del-vicerrector-academico-marco-tulio-jaramillo-salazar\\\/#breadcrumb\"},\"inLanguage\":\"es\",\"potentialAction\":[{\"@type\":\"ReadAction\",\"target\":[\"https:\\\/\\\/www.ucaldas.edu.co\\\/portal\\\/comunicado-equipo-directivo-por-la-muerte-del-vicerrector-academico-marco-tulio-jaramillo-salazar\\\/\"]}]},{\"@type\":\"ImageObject\",\"inLanguage\":\"es\",\"@id\":\"https:\\\/\\\/www.ucaldas.edu.co\\\/portal\\\/comunicado-equipo-directivo-por-la-muerte-del-vicerrector-academico-marco-tulio-jaramillo-salazar\\\/#primaryimage\",\"url\":\"https:\\\/\\\/www.ucaldas.edu.co\\\/portal\\\/wp-content\\\/uploads\\\/2020\\\/06\\\/comunicado.png\",\"contentUrl\":\"https:\\\/\\\/www.ucaldas.edu.co\\\/portal\\\/wp-content\\\/uploads\\\/2020\\\/06\\\/comunicado.png\",\"width\":700,\"height\":400},{\"@type\":\"BreadcrumbList\",\"@id\":\"https:\\\/\\\/www.ucaldas.edu.co\\\/portal\\\/comunicado-equipo-directivo-por-la-muerte-del-vicerrector-academico-marco-tulio-jaramillo-salazar\\\/#breadcrumb\",\"itemListElement\":[{\"@type\":\"ListItem\",\"position\":1,\"name\":\"Portada\",\"item\":\"https:\\\/\\\/www.ucaldas.edu.co\\\/portal\\\/\"},{\"@type\":\"ListItem\",\"position\":2,\"name\":\"Comunicado Equipo Directivo por la muerte del vicerrector acad\u00e9mico Marco Tulio Jaramillo Salazar\"}]},{\"@type\":\"WebSite\",\"@id\":\"https:\\\/\\\/www.ucaldas.edu.co\\\/portal\\\/#website\",\"url\":\"https:\\\/\\\/www.ucaldas.edu.co\\\/portal\\\/\",\"name\":\"Universidad de Caldas\",\"description\":\"\",\"publisher\":{\"@id\":\"https:\\\/\\\/www.ucaldas.edu.co\\\/portal\\\/#organization\"},\"alternateName\":\"U. de Caldas\",\"potentialAction\":[{\"@type\":\"SearchAction\",\"target\":{\"@type\":\"EntryPoint\",\"urlTemplate\":\"https:\\\/\\\/www.ucaldas.edu.co\\\/portal\\\/?s={search_term_string}\"},\"query-input\":{\"@type\":\"PropertyValueSpecification\",\"valueRequired\":true,\"valueName\":\"search_term_string\"}}],\"inLanguage\":\"es\"},{\"@type\":\"Organization\",\"@id\":\"https:\\\/\\\/www.ucaldas.edu.co\\\/portal\\\/#organization\",\"name\":\"Universidad de Caldas\",\"alternateName\":\"U. de Caldas\",\"url\":\"https:\\\/\\\/www.ucaldas.edu.co\\\/portal\\\/\",\"logo\":{\"@type\":\"ImageObject\",\"inLanguage\":\"es\",\"@id\":\"https:\\\/\\\/www.ucaldas.edu.co\\\/portal\\\/#\\\/schema\\\/logo\\\/image\\\/\",\"url\":\"https:\\\/\\\/www.ucaldas.edu.co\\\/portal\\\/wp-content\\\/uploads\\\/2023\\\/11\\\/Logo_horizontal_oscuroU-2023.png\",\"contentUrl\":\"https:\\\/\\\/www.ucaldas.edu.co\\\/portal\\\/wp-content\\\/uploads\\\/2023\\\/11\\\/Logo_horizontal_oscuroU-2023.png\",\"width\":263,\"height\":101,\"caption\":\"Universidad de Caldas\"},\"image\":{\"@id\":\"https:\\\/\\\/www.ucaldas.edu.co\\\/portal\\\/#\\\/schema\\\/logo\\\/image\\\/\"},\"sameAs\":[\"https:\\\/\\\/www.facebook.com\\\/udecaldas\",\"https:\\\/\\\/x.com\\\/udecaldas\",\"https:\\\/\\\/www.youtube.com\\\/universidadcaldas\",\"https:\\\/\\\/www.instagram.com\\\/udecaldas\\\/\"]},{\"@type\":\"Person\",\"@id\":\"https:\\\/\\\/www.ucaldas.edu.co\\\/portal\\\/#\\\/schema\\\/person\\\/a1b482e23449158b4bc319926c074fdf\",\"name\":\"ofiprensa\",\"image\":{\"@type\":\"ImageObject\",\"inLanguage\":\"es\",\"@id\":\"https:\\\/\\\/www.ucaldas.edu.co\\\/portal\\\/wp-content\\\/litespeed\\\/avatar\\\/09ea5085e600095a7a811142c6944527.jpg?ver=1776892805\",\"url\":\"https:\\\/\\\/www.ucaldas.edu.co\\\/portal\\\/wp-content\\\/litespeed\\\/avatar\\\/09ea5085e600095a7a811142c6944527.jpg?ver=1776892805\",\"contentUrl\":\"https:\\\/\\\/www.ucaldas.edu.co\\\/portal\\\/wp-content\\\/litespeed\\\/avatar\\\/09ea5085e600095a7a811142c6944527.jpg?ver=1776892805\",\"caption\":\"ofiprensa\"},\"url\":\"https:\\\/\\\/www.ucaldas.edu.co\\\/portal\\\/author\\\/ofiprensa\\\/\"}]}<\/script>\n<!-- \/ Yoast SEO plugin. -->","yoast_head_json":{"title":"Comunicado Equipo Directivo por la muerte del vicerrector acad\u00e9mico Marco Tulio Jaramillo Salazar .","robots":{"index":"index","follow":"follow","max-snippet":"max-snippet:-1","max-image-preview":"max-image-preview:large","max-video-preview":"max-video-preview:-1"},"canonical":"https:\/\/www.ucaldas.edu.co\/portal\/comunicado-equipo-directivo-por-la-muerte-del-vicerrector-academico-marco-tulio-jaramillo-salazar\/","schema":{"@context":"https:\/\/schema.org","@graph":[{"@type":"Article","@id":"https:\/\/www.ucaldas.edu.co\/portal\/comunicado-equipo-directivo-por-la-muerte-del-vicerrector-academico-marco-tulio-jaramillo-salazar\/#article","isPartOf":{"@id":"https:\/\/www.ucaldas.edu.co\/portal\/comunicado-equipo-directivo-por-la-muerte-del-vicerrector-academico-marco-tulio-jaramillo-salazar\/"},"author":{"name":"ofiprensa","@id":"https:\/\/www.ucaldas.edu.co\/portal\/#\/schema\/person\/a1b482e23449158b4bc319926c074fdf"},"headline":"Comunicado Equipo Directivo por la muerte del vicerrector acad\u00e9mico Marco Tulio Jaramillo Salazar","datePublished":"2021-05-16T23:43:04+00:00","mainEntityOfPage":{"@id":"https:\/\/www.ucaldas.edu.co\/portal\/comunicado-equipo-directivo-por-la-muerte-del-vicerrector-academico-marco-tulio-jaramillo-salazar\/"},"wordCount":365,"publisher":{"@id":"https:\/\/www.ucaldas.edu.co\/portal\/#organization"},"image":{"@id":"https:\/\/www.ucaldas.edu.co\/portal\/comunicado-equipo-directivo-por-la-muerte-del-vicerrector-academico-marco-tulio-jaramillo-salazar\/#primaryimage"},"thumbnailUrl":"https:\/\/www.ucaldas.edu.co\/portal\/wp-content\/uploads\/2020\/06\/comunicado.png","keywords":["Comunicado","equipo directivo","condolencias","mensaje"],"articleSection":["Actualidad","Universidad al D\u00eda"],"inLanguage":"es"},{"@type":"WebPage","@id":"https:\/\/www.ucaldas.edu.co\/portal\/comunicado-equipo-directivo-por-la-muerte-del-vicerrector-academico-marco-tulio-jaramillo-salazar\/","url":"https:\/\/www.ucaldas.edu.co\/portal\/comunicado-equipo-directivo-por-la-muerte-del-vicerrector-academico-marco-tulio-jaramillo-salazar\/","name":"Comunicado Equipo Directivo por la muerte del vicerrector acad\u00e9mico Marco Tulio Jaramillo Salazar .","isPartOf":{"@id":"https:\/\/www.ucaldas.edu.co\/portal\/#website"},"primaryImageOfPage":{"@id":"https:\/\/www.ucaldas.edu.co\/portal\/comunicado-equipo-directivo-por-la-muerte-del-vicerrector-academico-marco-tulio-jaramillo-salazar\/#primaryimage"},"image":{"@id":"https:\/\/www.ucaldas.edu.co\/portal\/comunicado-equipo-directivo-por-la-muerte-del-vicerrector-academico-marco-tulio-jaramillo-salazar\/#primaryimage"},"thumbnailUrl":"https:\/\/www.ucaldas.edu.co\/portal\/wp-content\/uploads\/2020\/06\/comunicado.png","datePublished":"2021-05-16T23:43:04+00:00","breadcrumb":{"@id":"https:\/\/www.ucaldas.edu.co\/portal\/comunicado-equipo-directivo-por-la-muerte-del-vicerrector-academico-marco-tulio-jaramillo-salazar\/#breadcrumb"},"inLanguage":"es","potentialAction":[{"@type":"ReadAction","target":["https:\/\/www.ucaldas.edu.co\/portal\/comunicado-equipo-directivo-por-la-muerte-del-vicerrector-academico-marco-tulio-jaramillo-salazar\/"]}]},{"@type":"ImageObject","inLanguage":"es","@id":"https:\/\/www.ucaldas.edu.co\/portal\/comunicado-equipo-directivo-por-la-muerte-del-vicerrector-academico-marco-tulio-jaramillo-salazar\/#primaryimage","url":"https:\/\/www.ucaldas.edu.co\/portal\/wp-content\/uploads\/2020\/06\/comunicado.png","contentUrl":"https:\/\/www.ucaldas.edu.co\/portal\/wp-content\/uploads\/2020\/06\/comunicado.png","width":700,"height":400},{"@type":"BreadcrumbList","@id":"https:\/\/www.ucaldas.edu.co\/portal\/comunicado-equipo-directivo-por-la-muerte-del-vicerrector-academico-marco-tulio-jaramillo-salazar\/#breadcrumb","itemListElement":[{"@type":"ListItem","position":1,"name":"Portada","item":"https:\/\/www.ucaldas.edu.co\/portal\/"},{"@type":"ListItem","position":2,"name":"Comunicado Equipo Directivo por la muerte del vicerrector acad\u00e9mico Marco Tulio Jaramillo Salazar"}]},{"@type":"WebSite","@id":"https:\/\/www.ucaldas.edu.co\/portal\/#website","url":"https:\/\/www.ucaldas.edu.co\/portal\/","name":"Universidad de Caldas","description":"","publisher":{"@id":"https:\/\/www.ucaldas.edu.co\/portal\/#organization"},"alternateName":"U. de Caldas","potentialAction":[{"@type":"SearchAction","target":{"@type":"EntryPoint","urlTemplate":"https:\/\/www.ucaldas.edu.co\/portal\/?s={search_term_string}"},"query-input":{"@type":"PropertyValueSpecification","valueRequired":true,"valueName":"search_term_string"}}],"inLanguage":"es"},{"@type":"Organization","@id":"https:\/\/www.ucaldas.edu.co\/portal\/#organization","name":"Universidad de Caldas","alternateName":"U. de Caldas","url":"https:\/\/www.ucaldas.edu.co\/portal\/","logo":{"@type":"ImageObject","inLanguage":"es","@id":"https:\/\/www.ucaldas.edu.co\/portal\/#\/schema\/logo\/image\/","url":"https:\/\/www.ucaldas.edu.co\/portal\/wp-content\/uploads\/2023\/11\/Logo_horizontal_oscuroU-2023.png","contentUrl":"https:\/\/www.ucaldas.edu.co\/portal\/wp-content\/uploads\/2023\/11\/Logo_horizontal_oscuroU-2023.png","width":263,"height":101,"caption":"Universidad de Caldas"},"image":{"@id":"https:\/\/www.ucaldas.edu.co\/portal\/#\/schema\/logo\/image\/"},"sameAs":["https:\/\/www.facebook.com\/udecaldas","https:\/\/x.com\/udecaldas","https:\/\/www.youtube.com\/universidadcaldas","https:\/\/www.instagram.com\/udecaldas\/"]},{"@type":"Person","@id":"https:\/\/www.ucaldas.edu.co\/portal\/#\/schema\/person\/a1b482e23449158b4bc319926c074fdf","name":"ofiprensa","image":{"@type":"ImageObject","inLanguage":"es","@id":"https:\/\/www.ucaldas.edu.co\/portal\/wp-content\/litespeed\/avatar\/09ea5085e600095a7a811142c6944527.jpg?ver=1776892805","url":"https:\/\/www.ucaldas.edu.co\/portal\/wp-content\/litespeed\/avatar\/09ea5085e600095a7a811142c6944527.jpg?ver=1776892805","contentUrl":"https:\/\/www.ucaldas.edu.co\/portal\/wp-content\/litespeed\/avatar\/09ea5085e600095a7a811142c6944527.jpg?ver=1776892805","caption":"ofiprensa"},"url":"https:\/\/www.ucaldas.edu.co\/portal\/author\/ofiprensa\/"}]}},"_links":{"self":[{"href":"https:\/\/www.ucaldas.edu.co\/portal\/wp-json\/wp\/v2\/posts\/62725","targetHints":{"allow":["GET"]}}],"collection":[{"href":"https:\/\/www.ucaldas.edu.co\/portal\/wp-json\/wp\/v2\/posts"}],"about":[{"href":"https:\/\/www.ucaldas.edu.co\/portal\/wp-json\/wp\/v2\/types\/post"}],"author":[{"embeddable":true,"href":"https:\/\/www.ucaldas.edu.co\/portal\/wp-json\/wp\/v2\/users\/2"}],"replies":[{"embeddable":true,"href":"https:\/\/www.ucaldas.edu.co\/portal\/wp-json\/wp\/v2\/comments?post=62725"}],"version-history":[{"count":0,"href":"https:\/\/www.ucaldas.edu.co\/portal\/wp-json\/wp\/v2\/posts\/62725\/revisions"}],"wp:featuredmedia":[{"embeddable":true,"href":"https:\/\/www.ucaldas.edu.co\/portal\/wp-json\/wp\/v2\/media\/56594"}],"wp:attachment":[{"href":"https:\/\/www.ucaldas.edu.co\/portal\/wp-json\/wp\/v2\/media?parent=62725"}],"wp:term":[{"taxonomy":"category","embeddable":true,"href":"https:\/\/www.ucaldas.edu.co\/portal\/wp-json\/wp\/v2\/categories?post=62725"},{"taxonomy":"post_tag","embeddable":true,"href":"https:\/\/www.ucaldas.edu.co\/portal\/wp-json\/wp\/v2\/tags?post=62725"}],"curies":[{"name":"wp","href":"https:\/\/api.w.org\/{rel}","templated":true}]}}