{"id":62697,"date":"2021-05-15T00:29:44","date_gmt":"2021-05-15T00:29:44","guid":{"rendered":"https:\/\/www.ucaldas.edu.co\/portal\/?p=62697"},"modified":"2021-05-15T00:29:44","modified_gmt":"2021-05-15T00:29:44","slug":"convocatoria-abierta-para-el-programa-de-formacion-de-doctores-prolac-gcub-udual","status":"publish","type":"post","link":"https:\/\/www.ucaldas.edu.co\/portal\/convocatoria-abierta-para-el-programa-de-formacion-de-doctores-prolac-gcub-udual\/","title":{"rendered":"Convocatoria abierta para el Programa de Formaci\u00f3n de Doctores ProLAC GCUB-UDUAL"},"content":{"rendered":"<p style=\"text-align: center;\">BECAS PARA DOCENTES EN ESTUDIOS DOCTORALES<br \/>\n<strong>Convocatoria abierta para el Programa de Formaci\u00f3n<br \/>\n<\/strong><strong>de Doctores ProLAC GCUB-UDUAL<\/strong><\/p>\n<p style=\"text-align: right;\">14\/05\/2021<\/p>\n<p><img loading=\"lazy\" decoding=\"async\" class=\"size-full wp-image-62698 aligncenter\" src=\"https:\/\/www.ucaldas.edu.co\/portal\/wp-content\/uploads\/2021\/05\/convocatoria-doctorado.jpg\" alt=\"\" width=\"700\" height=\"400\" srcset=\"https:\/\/www.ucaldas.edu.co\/portal\/wp-content\/uploads\/2021\/05\/convocatoria-doctorado.jpg 700w, https:\/\/www.ucaldas.edu.co\/portal\/wp-content\/uploads\/2021\/05\/convocatoria-doctorado-300x171.jpg 300w\" sizes=\"auto, (max-width: 700px) 100vw, 700px\" \/><\/p>\n<p>El Grupo de Cooperaci\u00f3n Internacional de Universidades Brasile\u00f1as GCUB promueve, en alianza con la Uni\u00f3n de Universidades de Am\u00e9rica Latina y el Caribe UDUAL, el Programa de Formaci\u00f3n de Profesores de Educaci\u00f3n Superior para Am\u00e9rica Latina y el Caribe ProLAC, con la Convocatoria GCUB-UDUAL N\u00ba 001\/2021.<\/p>\n<p><!--more--><\/p>\n<p>La presente convocatoria tiene como prop\u00f3sito regular la selecci\u00f3n de los candidatos para la asignaci\u00f3n de las becas, completas o parciales, ofrecidas por las Instituciones de Educaci\u00f3n Superior asociadas con el GCUB y por las Instituciones de Educaci\u00f3n Superior coligadas con la UDUAL en el \u00e1mbito del Programa de Formaci\u00f3n de Profesores de Educaci\u00f3n Superior para Am\u00e9rica Latina y el Caribe 2021.<\/p>\n<p>El candidato deber\u00e1 cursar el doctorado para el cual fue seleccionado, y despu\u00e9s de concluir con \u00e9xito todas las pruebas y dem\u00e1s exigencias y formalidades acad\u00e9micas del programa al que est\u00e9 vinculado, recibir\u00e1 de la instituci\u00f3n receptora el t\u00edtulo de Doctor.<\/p>\n<p>El idioma de los cursos ser\u00e1 determinado por cada instituci\u00f3n receptora. Una vez matriculado en la instituci\u00f3n, el becario del ProLAC 2021 deber\u00e1 seguir todos los requisitos relacionados al dominio de idiomas exigidos por el programa de posgrado.<\/p>\n<p>El proceso de evaluaci\u00f3n de las postulaciones para la asignaci\u00f3n de las plazas y becas de estudio de ProLAC 2021 se desarrollar\u00e1 en tres fases, todas ellas eliminatorias. El candidato podr\u00e1 ser eliminado en cualquiera de las fases, en caso de no cumplir a cabalidad con los requisitos estipulados en cada una de ellas.<\/p>\n<p>&nbsp;<\/p>\n<p><strong><a href=\"https:\/\/www.gcub.org.br\/wp-content\/uploads\/2021\/04\/Convocatoria-GCUB-UDUAL-no-001-2021.pdf\">Convocatoria completa aqu\u00ed.<\/a><\/strong><\/p>\n<p>&nbsp;<\/p>\n<p><strong>Informes: <\/strong>Oficina de Comunicaciones y Prensa Universidad de Caldas.<\/p>\n<p><strong>Redacci\u00f3n:<\/strong> Mateo Buritic\u00e1 Giraldo<\/p>\n<p>&nbsp;<\/p>\n","protected":false},"excerpt":{"rendered":"<p>BECAS PARA DOCENTES EN ESTUDIOS DOCTORALES Convocatoria abierta para el Programa de Formaci\u00f3n de Doctores ProLAC GCUB-UDUAL 14\/05\/2021 El Grupo de Cooperaci\u00f3n Internacional de Universidades Brasile\u00f1as GCUB promueve, en alianza con la Uni\u00f3n de Universidades de Am\u00e9rica Latina y el Caribe UDUAL, el Programa de Formaci\u00f3n de Profesores de Educaci\u00f3n Superior para Am\u00e9rica Latina y [&hellip;]<\/p>\n","protected":false},"author":2,"featured_media":62698,"comment_status":"closed","ping_status":"open","sticky":false,"template":"","format":"standard","meta":{"footnotes":""},"categories":[48,53,243],"tags":[6402,6403,6404],"class_list":["post-62697","post","type-post","status-publish","format-standard","has-post-thumbnail","hentry","category-actualidad","category-universidad-al-dia","category-ucaldas-acreditada","tag-becas-doctorales","tag-becas-para-profesores","tag-convocatoria-gcub-udual-no-001-2021"],"yoast_head":"<!-- This site is optimized with the Yoast SEO plugin v27.5 - https:\/\/yoast.com\/product\/yoast-seo-wordpress\/ -->\n<title>Convocatoria abierta para el Programa de Formaci\u00f3n de Doctores ProLAC GCUB-UDUAL .<\/title>\n<meta name=\"robots\" content=\"index, follow, max-snippet:-1, max-image-preview:large, max-video-preview:-1\" \/>\n<link rel=\"canonical\" href=\"https:\/\/www.ucaldas.edu.co\/portal\/convocatoria-abierta-para-el-programa-de-formacion-de-doctores-prolac-gcub-udual\/\" \/>\n<script type=\"application\/ld+json\" class=\"yoast-schema-graph\">{\"@context\":\"https:\\\/\\\/schema.org\",\"@graph\":[{\"@type\":\"Article\",\"@id\":\"https:\\\/\\\/www.ucaldas.edu.co\\\/portal\\\/convocatoria-abierta-para-el-programa-de-formacion-de-doctores-prolac-gcub-udual\\\/#article\",\"isPartOf\":{\"@id\":\"https:\\\/\\\/www.ucaldas.edu.co\\\/portal\\\/convocatoria-abierta-para-el-programa-de-formacion-de-doctores-prolac-gcub-udual\\\/\"},\"author\":{\"name\":\"ofiprensa\",\"@id\":\"https:\\\/\\\/www.ucaldas.edu.co\\\/portal\\\/#\\\/schema\\\/person\\\/a1b482e23449158b4bc319926c074fdf\"},\"headline\":\"Convocatoria abierta para el Programa de Formaci\u00f3n de Doctores ProLAC GCUB-UDUAL\",\"datePublished\":\"2021-05-15T00:29:44+00:00\",\"mainEntityOfPage\":{\"@id\":\"https:\\\/\\\/www.ucaldas.edu.co\\\/portal\\\/convocatoria-abierta-para-el-programa-de-formacion-de-doctores-prolac-gcub-udual\\\/\"},\"wordCount\":311,\"publisher\":{\"@id\":\"https:\\\/\\\/www.ucaldas.edu.co\\\/portal\\\/#organization\"},\"image\":{\"@id\":\"https:\\\/\\\/www.ucaldas.edu.co\\\/portal\\\/convocatoria-abierta-para-el-programa-de-formacion-de-doctores-prolac-gcub-udual\\\/#primaryimage\"},\"thumbnailUrl\":\"https:\\\/\\\/www.ucaldas.edu.co\\\/portal\\\/wp-content\\\/uploads\\\/2021\\\/05\\\/convocatoria-doctorado.jpg\",\"keywords\":[\"becas doctorales\",\"becas para profesores\",\"Convocatoria GCUB-UDUAL N\u00ba 001\\\/2021\"],\"articleSection\":[\"Actualidad\",\"Universidad al D\u00eda\",\"Ucaldas Acreditada\"],\"inLanguage\":\"es\"},{\"@type\":\"WebPage\",\"@id\":\"https:\\\/\\\/www.ucaldas.edu.co\\\/portal\\\/convocatoria-abierta-para-el-programa-de-formacion-de-doctores-prolac-gcub-udual\\\/\",\"url\":\"https:\\\/\\\/www.ucaldas.edu.co\\\/portal\\\/convocatoria-abierta-para-el-programa-de-formacion-de-doctores-prolac-gcub-udual\\\/\",\"name\":\"Convocatoria abierta para el Programa de Formaci\u00f3n de Doctores ProLAC GCUB-UDUAL .\",\"isPartOf\":{\"@id\":\"https:\\\/\\\/www.ucaldas.edu.co\\\/portal\\\/#website\"},\"primaryImageOfPage\":{\"@id\":\"https:\\\/\\\/www.ucaldas.edu.co\\\/portal\\\/convocatoria-abierta-para-el-programa-de-formacion-de-doctores-prolac-gcub-udual\\\/#primaryimage\"},\"image\":{\"@id\":\"https:\\\/\\\/www.ucaldas.edu.co\\\/portal\\\/convocatoria-abierta-para-el-programa-de-formacion-de-doctores-prolac-gcub-udual\\\/#primaryimage\"},\"thumbnailUrl\":\"https:\\\/\\\/www.ucaldas.edu.co\\\/portal\\\/wp-content\\\/uploads\\\/2021\\\/05\\\/convocatoria-doctorado.jpg\",\"datePublished\":\"2021-05-15T00:29:44+00:00\",\"breadcrumb\":{\"@id\":\"https:\\\/\\\/www.ucaldas.edu.co\\\/portal\\\/convocatoria-abierta-para-el-programa-de-formacion-de-doctores-prolac-gcub-udual\\\/#breadcrumb\"},\"inLanguage\":\"es\",\"potentialAction\":[{\"@type\":\"ReadAction\",\"target\":[\"https:\\\/\\\/www.ucaldas.edu.co\\\/portal\\\/convocatoria-abierta-para-el-programa-de-formacion-de-doctores-prolac-gcub-udual\\\/\"]}]},{\"@type\":\"ImageObject\",\"inLanguage\":\"es\",\"@id\":\"https:\\\/\\\/www.ucaldas.edu.co\\\/portal\\\/convocatoria-abierta-para-el-programa-de-formacion-de-doctores-prolac-gcub-udual\\\/#primaryimage\",\"url\":\"https:\\\/\\\/www.ucaldas.edu.co\\\/portal\\\/wp-content\\\/uploads\\\/2021\\\/05\\\/convocatoria-doctorado.jpg\",\"contentUrl\":\"https:\\\/\\\/www.ucaldas.edu.co\\\/portal\\\/wp-content\\\/uploads\\\/2021\\\/05\\\/convocatoria-doctorado.jpg\",\"width\":700,\"height\":400},{\"@type\":\"BreadcrumbList\",\"@id\":\"https:\\\/\\\/www.ucaldas.edu.co\\\/portal\\\/convocatoria-abierta-para-el-programa-de-formacion-de-doctores-prolac-gcub-udual\\\/#breadcrumb\",\"itemListElement\":[{\"@type\":\"ListItem\",\"position\":1,\"name\":\"Portada\",\"item\":\"https:\\\/\\\/www.ucaldas.edu.co\\\/portal\\\/\"},{\"@type\":\"ListItem\",\"position\":2,\"name\":\"Convocatoria abierta para el Programa de Formaci\u00f3n de Doctores ProLAC GCUB-UDUAL\"}]},{\"@type\":\"WebSite\",\"@id\":\"https:\\\/\\\/www.ucaldas.edu.co\\\/portal\\\/#website\",\"url\":\"https:\\\/\\\/www.ucaldas.edu.co\\\/portal\\\/\",\"name\":\"Universidad de Caldas\",\"description\":\"\",\"publisher\":{\"@id\":\"https:\\\/\\\/www.ucaldas.edu.co\\\/portal\\\/#organization\"},\"alternateName\":\"U. de Caldas\",\"potentialAction\":[{\"@type\":\"SearchAction\",\"target\":{\"@type\":\"EntryPoint\",\"urlTemplate\":\"https:\\\/\\\/www.ucaldas.edu.co\\\/portal\\\/?s={search_term_string}\"},\"query-input\":{\"@type\":\"PropertyValueSpecification\",\"valueRequired\":true,\"valueName\":\"search_term_string\"}}],\"inLanguage\":\"es\"},{\"@type\":\"Organization\",\"@id\":\"https:\\\/\\\/www.ucaldas.edu.co\\\/portal\\\/#organization\",\"name\":\"Universidad de Caldas\",\"alternateName\":\"U. de Caldas\",\"url\":\"https:\\\/\\\/www.ucaldas.edu.co\\\/portal\\\/\",\"logo\":{\"@type\":\"ImageObject\",\"inLanguage\":\"es\",\"@id\":\"https:\\\/\\\/www.ucaldas.edu.co\\\/portal\\\/#\\\/schema\\\/logo\\\/image\\\/\",\"url\":\"https:\\\/\\\/www.ucaldas.edu.co\\\/portal\\\/wp-content\\\/uploads\\\/2023\\\/11\\\/Logo_horizontal_oscuroU-2023.png\",\"contentUrl\":\"https:\\\/\\\/www.ucaldas.edu.co\\\/portal\\\/wp-content\\\/uploads\\\/2023\\\/11\\\/Logo_horizontal_oscuroU-2023.png\",\"width\":263,\"height\":101,\"caption\":\"Universidad de Caldas\"},\"image\":{\"@id\":\"https:\\\/\\\/www.ucaldas.edu.co\\\/portal\\\/#\\\/schema\\\/logo\\\/image\\\/\"},\"sameAs\":[\"https:\\\/\\\/www.facebook.com\\\/udecaldas\",\"https:\\\/\\\/x.com\\\/udecaldas\",\"https:\\\/\\\/www.youtube.com\\\/universidadcaldas\",\"https:\\\/\\\/www.instagram.com\\\/udecaldas\\\/\"]},{\"@type\":\"Person\",\"@id\":\"https:\\\/\\\/www.ucaldas.edu.co\\\/portal\\\/#\\\/schema\\\/person\\\/a1b482e23449158b4bc319926c074fdf\",\"name\":\"ofiprensa\",\"image\":{\"@type\":\"ImageObject\",\"inLanguage\":\"es\",\"@id\":\"https:\\\/\\\/www.ucaldas.edu.co\\\/portal\\\/wp-content\\\/litespeed\\\/avatar\\\/09ea5085e600095a7a811142c6944527.jpg?ver=1777497608\",\"url\":\"https:\\\/\\\/www.ucaldas.edu.co\\\/portal\\\/wp-content\\\/litespeed\\\/avatar\\\/09ea5085e600095a7a811142c6944527.jpg?ver=1777497608\",\"contentUrl\":\"https:\\\/\\\/www.ucaldas.edu.co\\\/portal\\\/wp-content\\\/litespeed\\\/avatar\\\/09ea5085e600095a7a811142c6944527.jpg?ver=1777497608\",\"caption\":\"ofiprensa\"},\"url\":\"https:\\\/\\\/www.ucaldas.edu.co\\\/portal\\\/author\\\/ofiprensa\\\/\"}]}<\/script>\n<!-- \/ Yoast SEO plugin. -->","yoast_head_json":{"title":"Convocatoria abierta para el Programa de Formaci\u00f3n de Doctores ProLAC GCUB-UDUAL .","robots":{"index":"index","follow":"follow","max-snippet":"max-snippet:-1","max-image-preview":"max-image-preview:large","max-video-preview":"max-video-preview:-1"},"canonical":"https:\/\/www.ucaldas.edu.co\/portal\/convocatoria-abierta-para-el-programa-de-formacion-de-doctores-prolac-gcub-udual\/","schema":{"@context":"https:\/\/schema.org","@graph":[{"@type":"Article","@id":"https:\/\/www.ucaldas.edu.co\/portal\/convocatoria-abierta-para-el-programa-de-formacion-de-doctores-prolac-gcub-udual\/#article","isPartOf":{"@id":"https:\/\/www.ucaldas.edu.co\/portal\/convocatoria-abierta-para-el-programa-de-formacion-de-doctores-prolac-gcub-udual\/"},"author":{"name":"ofiprensa","@id":"https:\/\/www.ucaldas.edu.co\/portal\/#\/schema\/person\/a1b482e23449158b4bc319926c074fdf"},"headline":"Convocatoria abierta para el Programa de Formaci\u00f3n de Doctores ProLAC GCUB-UDUAL","datePublished":"2021-05-15T00:29:44+00:00","mainEntityOfPage":{"@id":"https:\/\/www.ucaldas.edu.co\/portal\/convocatoria-abierta-para-el-programa-de-formacion-de-doctores-prolac-gcub-udual\/"},"wordCount":311,"publisher":{"@id":"https:\/\/www.ucaldas.edu.co\/portal\/#organization"},"image":{"@id":"https:\/\/www.ucaldas.edu.co\/portal\/convocatoria-abierta-para-el-programa-de-formacion-de-doctores-prolac-gcub-udual\/#primaryimage"},"thumbnailUrl":"https:\/\/www.ucaldas.edu.co\/portal\/wp-content\/uploads\/2021\/05\/convocatoria-doctorado.jpg","keywords":["becas doctorales","becas para profesores","Convocatoria GCUB-UDUAL N\u00ba 001\/2021"],"articleSection":["Actualidad","Universidad al D\u00eda","Ucaldas Acreditada"],"inLanguage":"es"},{"@type":"WebPage","@id":"https:\/\/www.ucaldas.edu.co\/portal\/convocatoria-abierta-para-el-programa-de-formacion-de-doctores-prolac-gcub-udual\/","url":"https:\/\/www.ucaldas.edu.co\/portal\/convocatoria-abierta-para-el-programa-de-formacion-de-doctores-prolac-gcub-udual\/","name":"Convocatoria abierta para el Programa de Formaci\u00f3n de Doctores ProLAC GCUB-UDUAL .","isPartOf":{"@id":"https:\/\/www.ucaldas.edu.co\/portal\/#website"},"primaryImageOfPage":{"@id":"https:\/\/www.ucaldas.edu.co\/portal\/convocatoria-abierta-para-el-programa-de-formacion-de-doctores-prolac-gcub-udual\/#primaryimage"},"image":{"@id":"https:\/\/www.ucaldas.edu.co\/portal\/convocatoria-abierta-para-el-programa-de-formacion-de-doctores-prolac-gcub-udual\/#primaryimage"},"thumbnailUrl":"https:\/\/www.ucaldas.edu.co\/portal\/wp-content\/uploads\/2021\/05\/convocatoria-doctorado.jpg","datePublished":"2021-05-15T00:29:44+00:00","breadcrumb":{"@id":"https:\/\/www.ucaldas.edu.co\/portal\/convocatoria-abierta-para-el-programa-de-formacion-de-doctores-prolac-gcub-udual\/#breadcrumb"},"inLanguage":"es","potentialAction":[{"@type":"ReadAction","target":["https:\/\/www.ucaldas.edu.co\/portal\/convocatoria-abierta-para-el-programa-de-formacion-de-doctores-prolac-gcub-udual\/"]}]},{"@type":"ImageObject","inLanguage":"es","@id":"https:\/\/www.ucaldas.edu.co\/portal\/convocatoria-abierta-para-el-programa-de-formacion-de-doctores-prolac-gcub-udual\/#primaryimage","url":"https:\/\/www.ucaldas.edu.co\/portal\/wp-content\/uploads\/2021\/05\/convocatoria-doctorado.jpg","contentUrl":"https:\/\/www.ucaldas.edu.co\/portal\/wp-content\/uploads\/2021\/05\/convocatoria-doctorado.jpg","width":700,"height":400},{"@type":"BreadcrumbList","@id":"https:\/\/www.ucaldas.edu.co\/portal\/convocatoria-abierta-para-el-programa-de-formacion-de-doctores-prolac-gcub-udual\/#breadcrumb","itemListElement":[{"@type":"ListItem","position":1,"name":"Portada","item":"https:\/\/www.ucaldas.edu.co\/portal\/"},{"@type":"ListItem","position":2,"name":"Convocatoria abierta para el Programa de Formaci\u00f3n de Doctores ProLAC GCUB-UDUAL"}]},{"@type":"WebSite","@id":"https:\/\/www.ucaldas.edu.co\/portal\/#website","url":"https:\/\/www.ucaldas.edu.co\/portal\/","name":"Universidad de Caldas","description":"","publisher":{"@id":"https:\/\/www.ucaldas.edu.co\/portal\/#organization"},"alternateName":"U. de Caldas","potentialAction":[{"@type":"SearchAction","target":{"@type":"EntryPoint","urlTemplate":"https:\/\/www.ucaldas.edu.co\/portal\/?s={search_term_string}"},"query-input":{"@type":"PropertyValueSpecification","valueRequired":true,"valueName":"search_term_string"}}],"inLanguage":"es"},{"@type":"Organization","@id":"https:\/\/www.ucaldas.edu.co\/portal\/#organization","name":"Universidad de Caldas","alternateName":"U. de Caldas","url":"https:\/\/www.ucaldas.edu.co\/portal\/","logo":{"@type":"ImageObject","inLanguage":"es","@id":"https:\/\/www.ucaldas.edu.co\/portal\/#\/schema\/logo\/image\/","url":"https:\/\/www.ucaldas.edu.co\/portal\/wp-content\/uploads\/2023\/11\/Logo_horizontal_oscuroU-2023.png","contentUrl":"https:\/\/www.ucaldas.edu.co\/portal\/wp-content\/uploads\/2023\/11\/Logo_horizontal_oscuroU-2023.png","width":263,"height":101,"caption":"Universidad de Caldas"},"image":{"@id":"https:\/\/www.ucaldas.edu.co\/portal\/#\/schema\/logo\/image\/"},"sameAs":["https:\/\/www.facebook.com\/udecaldas","https:\/\/x.com\/udecaldas","https:\/\/www.youtube.com\/universidadcaldas","https:\/\/www.instagram.com\/udecaldas\/"]},{"@type":"Person","@id":"https:\/\/www.ucaldas.edu.co\/portal\/#\/schema\/person\/a1b482e23449158b4bc319926c074fdf","name":"ofiprensa","image":{"@type":"ImageObject","inLanguage":"es","@id":"https:\/\/www.ucaldas.edu.co\/portal\/wp-content\/litespeed\/avatar\/09ea5085e600095a7a811142c6944527.jpg?ver=1777497608","url":"https:\/\/www.ucaldas.edu.co\/portal\/wp-content\/litespeed\/avatar\/09ea5085e600095a7a811142c6944527.jpg?ver=1777497608","contentUrl":"https:\/\/www.ucaldas.edu.co\/portal\/wp-content\/litespeed\/avatar\/09ea5085e600095a7a811142c6944527.jpg?ver=1777497608","caption":"ofiprensa"},"url":"https:\/\/www.ucaldas.edu.co\/portal\/author\/ofiprensa\/"}]}},"_links":{"self":[{"href":"https:\/\/www.ucaldas.edu.co\/portal\/wp-json\/wp\/v2\/posts\/62697","targetHints":{"allow":["GET"]}}],"collection":[{"href":"https:\/\/www.ucaldas.edu.co\/portal\/wp-json\/wp\/v2\/posts"}],"about":[{"href":"https:\/\/www.ucaldas.edu.co\/portal\/wp-json\/wp\/v2\/types\/post"}],"author":[{"embeddable":true,"href":"https:\/\/www.ucaldas.edu.co\/portal\/wp-json\/wp\/v2\/users\/2"}],"replies":[{"embeddable":true,"href":"https:\/\/www.ucaldas.edu.co\/portal\/wp-json\/wp\/v2\/comments?post=62697"}],"version-history":[{"count":0,"href":"https:\/\/www.ucaldas.edu.co\/portal\/wp-json\/wp\/v2\/posts\/62697\/revisions"}],"wp:featuredmedia":[{"embeddable":true,"href":"https:\/\/www.ucaldas.edu.co\/portal\/wp-json\/wp\/v2\/media\/62698"}],"wp:attachment":[{"href":"https:\/\/www.ucaldas.edu.co\/portal\/wp-json\/wp\/v2\/media?parent=62697"}],"wp:term":[{"taxonomy":"category","embeddable":true,"href":"https:\/\/www.ucaldas.edu.co\/portal\/wp-json\/wp\/v2\/categories?post=62697"},{"taxonomy":"post_tag","embeddable":true,"href":"https:\/\/www.ucaldas.edu.co\/portal\/wp-json\/wp\/v2\/tags?post=62697"}],"curies":[{"name":"wp","href":"https:\/\/api.w.org\/{rel}","templated":true}]}}