{"id":6263,"date":"2010-05-31T11:13:01","date_gmt":"2010-05-31T16:13:01","guid":{"rendered":"https:\/\/www.ucaldas.edu.co\/portal\/?p=6263"},"modified":"2010-05-31T11:13:01","modified_gmt":"2010-05-31T16:13:01","slug":"seminario-de-investigacion-doctorado-en-ciencias-biomedicas","status":"publish","type":"post","link":"https:\/\/www.ucaldas.edu.co\/portal\/seminario-de-investigacion-doctorado-en-ciencias-biomedicas\/","title":{"rendered":"Seminario de Investigaci\u00f3n Doctorado en Ciencias Biom\u00e9dicas"},"content":{"rendered":"<p>4 de junio<\/p>\n<hr \/>\n<table border=\"0\">\n<tbody>\n<tr>\n<td>\u00a0<img loading=\"lazy\" decoding=\"async\" style=\"border: 0px\" alt=\"Doctorado\" src=\"http:\/\/www.ucaldas.edu.co\/images\/doctorado_ciencias.jpg\" width=\"240\" height=\"150\" border=\"0\" \/><\/td>\n<td><b>Descripci\u00f3n:<\/b>\u00a0Primer Seminario de Investigaci\u00f3n Regional, encuentro organizado por las universidades p\u00fablicas del Eje Cafetero. Se expondr\u00e1n investigaciones de doctorado.<br \/>\n<b>Lugar:<\/b> Sala Carlos N\u00e1der N\u00e1der de la Sede Central.<\/p>\n<p>&nbsp;<\/p>\n<p><b>Horario:<\/b> este viernes 4 de junio, a partir de las 8:00 a.m.<\/td>\n<\/tr>\n<\/tbody>\n<\/table>\n<p><b>Programaci\u00f3n:<\/b><\/p>\n<p>&nbsp;<\/p>\n<p><b>8:00 a.m.<\/b> Instalaci\u00f3n.<\/p>\n<p><b>8:30 a.m.<\/b> An\u00e1lisis de bioimpedancia el\u00e9ctrica para la valoraci\u00f3n de la composici\u00f3n corporal en mujeres adultas j\u00f3venes de Manizales.<\/p>\n<p><b>9:00 a.m<\/b>. C\u00e1ncer de cuello uterino: una enfermedad prevenible.<\/p>\n<p><b>9:30 a.m<\/b>. Metaloproteinasas como indicadores de detoxicaci\u00f3n de la matriz extracelular en enfermedad hipertensiva.<\/p>\n<p><b>10:00 a.m<\/b>. Receso.<\/p>\n<p><b>10:30 a.m.<\/b> Bioqu\u00edmica de moco de colon humano obtenido de materia fecal y por recto-sigmoidoscopia e hidroterapia.<\/p>\n<p><b>11:00 a.m.<\/b> Factores demogr\u00e1ficos, cl\u00ednicos y gen\u00e9ticos asociados con respuesta a metadona en adictos a hero\u00edna.<\/p>\n<p><b>11:30 a.m.<\/b> Protozoos de transmisi\u00f3n h\u00eddrica.<\/p>\n<p>&nbsp;<\/p>\n<p><b>1:30 p.m.<\/b> Dise\u00f1o producci\u00f3n y evaluaci\u00f3n de la actividad antimicrobiana e inmunomoduladora de una prote\u00edna quim\u00e9rica recombinante a partir de los p\u00e9ptidos cati\u00f3nicos antimicrobianos.<\/p>\n<p><b>2:00 p.m.<\/b> Evaluaci\u00f3n de varios enfoques de terapia regenerativa en un modelo ovino de tendinitis inducida por colagenasa.<\/p>\n<p><b>2:30 p.m.<\/b> Medicina regenerativa de tejido \u00f3seo basado en ingenier\u00eda de tejidos.<\/p>\n<p><b>3:00 p.m.<\/b> Respuesta inmune en toxoplasmosis ocular.<\/p>\n<p><b>3:30 p.m.<\/b> Evaluaci\u00f3n celular, molecular y antimicrobiana de concentrados aut\u00f3logos de plaquetas bovinas como tratamiento en mastitis. Estudios in vitro.<\/p>\n<p><b>4:00 p.m.<\/b> Evaluaci\u00f3n del efecto de la curcumina en la infecci\u00f3n por virus dengue en un modelo celular in vitro.<\/p>\n<p>&nbsp;<\/p>\n<p><b>Informes:<\/b> en el correo electr\u00f3nico <a href=\"mailto:doctorado.biomedicas@ucaldas.edu.co\" target=\"_blank\">doctorado.biomedicas@ucaldas.edu.co<\/a><\/p>\n<p>&nbsp;<\/p>\n","protected":false},"excerpt":{"rendered":"<p>4 de junio \u00a0 Descripci\u00f3n:\u00a0Primer Seminario de Investigaci\u00f3n Regional, encuentro organizado por las universidades p\u00fablicas del Eje Cafetero. Se expondr\u00e1n investigaciones de doctorado. Lugar: Sala Carlos N\u00e1der N\u00e1der de la Sede Central. &nbsp; Horario: este viernes 4 de junio, a partir de las 8:00 a.m. Programaci\u00f3n: &nbsp; 8:00 a.m. Instalaci\u00f3n. 8:30 a.m. An\u00e1lisis de bioimpedancia [&hellip;]<\/p>\n","protected":false},"author":2,"featured_media":0,"comment_status":"closed","ping_status":"closed","sticky":false,"template":"","format":"standard","meta":{"footnotes":""},"categories":[1],"tags":[],"class_list":["post-6263","post","type-post","status-publish","format-standard","hentry","category-sin-categoria"],"yoast_head":"<!-- This site is optimized with the Yoast SEO plugin v27.5 - https:\/\/yoast.com\/product\/yoast-seo-wordpress\/ -->\n<title>Seminario de Investigaci\u00f3n Doctorado en Ciencias Biom\u00e9dicas .<\/title>\n<meta name=\"robots\" content=\"index, follow, max-snippet:-1, max-image-preview:large, max-video-preview:-1\" \/>\n<link rel=\"canonical\" href=\"https:\/\/www.ucaldas.edu.co\/portal\/seminario-de-investigacion-doctorado-en-ciencias-biomedicas\/\" \/>\n<script type=\"application\/ld+json\" class=\"yoast-schema-graph\">{\"@context\":\"https:\\\/\\\/schema.org\",\"@graph\":[{\"@type\":\"Article\",\"@id\":\"https:\\\/\\\/www.ucaldas.edu.co\\\/portal\\\/seminario-de-investigacion-doctorado-en-ciencias-biomedicas\\\/#article\",\"isPartOf\":{\"@id\":\"https:\\\/\\\/www.ucaldas.edu.co\\\/portal\\\/seminario-de-investigacion-doctorado-en-ciencias-biomedicas\\\/\"},\"author\":{\"name\":\"ofiprensa\",\"@id\":\"https:\\\/\\\/www.ucaldas.edu.co\\\/portal\\\/#\\\/schema\\\/person\\\/a1b482e23449158b4bc319926c074fdf\"},\"headline\":\"Seminario de Investigaci\u00f3n Doctorado en Ciencias Biom\u00e9dicas\",\"datePublished\":\"2010-05-31T16:13:01+00:00\",\"mainEntityOfPage\":{\"@id\":\"https:\\\/\\\/www.ucaldas.edu.co\\\/portal\\\/seminario-de-investigacion-doctorado-en-ciencias-biomedicas\\\/\"},\"wordCount\":291,\"publisher\":{\"@id\":\"https:\\\/\\\/www.ucaldas.edu.co\\\/portal\\\/#organization\"},\"image\":{\"@id\":\"https:\\\/\\\/www.ucaldas.edu.co\\\/portal\\\/seminario-de-investigacion-doctorado-en-ciencias-biomedicas\\\/#primaryimage\"},\"thumbnailUrl\":\"http:\\\/\\\/www.ucaldas.edu.co\\\/images\\\/doctorado_ciencias.jpg\",\"inLanguage\":\"es\"},{\"@type\":\"WebPage\",\"@id\":\"https:\\\/\\\/www.ucaldas.edu.co\\\/portal\\\/seminario-de-investigacion-doctorado-en-ciencias-biomedicas\\\/\",\"url\":\"https:\\\/\\\/www.ucaldas.edu.co\\\/portal\\\/seminario-de-investigacion-doctorado-en-ciencias-biomedicas\\\/\",\"name\":\"Seminario de Investigaci\u00f3n Doctorado en Ciencias Biom\u00e9dicas .\",\"isPartOf\":{\"@id\":\"https:\\\/\\\/www.ucaldas.edu.co\\\/portal\\\/#website\"},\"primaryImageOfPage\":{\"@id\":\"https:\\\/\\\/www.ucaldas.edu.co\\\/portal\\\/seminario-de-investigacion-doctorado-en-ciencias-biomedicas\\\/#primaryimage\"},\"image\":{\"@id\":\"https:\\\/\\\/www.ucaldas.edu.co\\\/portal\\\/seminario-de-investigacion-doctorado-en-ciencias-biomedicas\\\/#primaryimage\"},\"thumbnailUrl\":\"http:\\\/\\\/www.ucaldas.edu.co\\\/images\\\/doctorado_ciencias.jpg\",\"datePublished\":\"2010-05-31T16:13:01+00:00\",\"breadcrumb\":{\"@id\":\"https:\\\/\\\/www.ucaldas.edu.co\\\/portal\\\/seminario-de-investigacion-doctorado-en-ciencias-biomedicas\\\/#breadcrumb\"},\"inLanguage\":\"es\",\"potentialAction\":[{\"@type\":\"ReadAction\",\"target\":[\"https:\\\/\\\/www.ucaldas.edu.co\\\/portal\\\/seminario-de-investigacion-doctorado-en-ciencias-biomedicas\\\/\"]}]},{\"@type\":\"ImageObject\",\"inLanguage\":\"es\",\"@id\":\"https:\\\/\\\/www.ucaldas.edu.co\\\/portal\\\/seminario-de-investigacion-doctorado-en-ciencias-biomedicas\\\/#primaryimage\",\"url\":\"http:\\\/\\\/www.ucaldas.edu.co\\\/images\\\/doctorado_ciencias.jpg\",\"contentUrl\":\"http:\\\/\\\/www.ucaldas.edu.co\\\/images\\\/doctorado_ciencias.jpg\"},{\"@type\":\"BreadcrumbList\",\"@id\":\"https:\\\/\\\/www.ucaldas.edu.co\\\/portal\\\/seminario-de-investigacion-doctorado-en-ciencias-biomedicas\\\/#breadcrumb\",\"itemListElement\":[{\"@type\":\"ListItem\",\"position\":1,\"name\":\"Portada\",\"item\":\"https:\\\/\\\/www.ucaldas.edu.co\\\/portal\\\/\"},{\"@type\":\"ListItem\",\"position\":2,\"name\":\"Seminario de Investigaci\u00f3n Doctorado en Ciencias Biom\u00e9dicas\"}]},{\"@type\":\"WebSite\",\"@id\":\"https:\\\/\\\/www.ucaldas.edu.co\\\/portal\\\/#website\",\"url\":\"https:\\\/\\\/www.ucaldas.edu.co\\\/portal\\\/\",\"name\":\"Universidad de Caldas\",\"description\":\"\",\"publisher\":{\"@id\":\"https:\\\/\\\/www.ucaldas.edu.co\\\/portal\\\/#organization\"},\"alternateName\":\"U. de Caldas\",\"potentialAction\":[{\"@type\":\"SearchAction\",\"target\":{\"@type\":\"EntryPoint\",\"urlTemplate\":\"https:\\\/\\\/www.ucaldas.edu.co\\\/portal\\\/?s={search_term_string}\"},\"query-input\":{\"@type\":\"PropertyValueSpecification\",\"valueRequired\":true,\"valueName\":\"search_term_string\"}}],\"inLanguage\":\"es\"},{\"@type\":\"Organization\",\"@id\":\"https:\\\/\\\/www.ucaldas.edu.co\\\/portal\\\/#organization\",\"name\":\"Universidad de Caldas\",\"alternateName\":\"U. de Caldas\",\"url\":\"https:\\\/\\\/www.ucaldas.edu.co\\\/portal\\\/\",\"logo\":{\"@type\":\"ImageObject\",\"inLanguage\":\"es\",\"@id\":\"https:\\\/\\\/www.ucaldas.edu.co\\\/portal\\\/#\\\/schema\\\/logo\\\/image\\\/\",\"url\":\"https:\\\/\\\/www.ucaldas.edu.co\\\/portal\\\/wp-content\\\/uploads\\\/2023\\\/11\\\/Logo_horizontal_oscuroU-2023.png\",\"contentUrl\":\"https:\\\/\\\/www.ucaldas.edu.co\\\/portal\\\/wp-content\\\/uploads\\\/2023\\\/11\\\/Logo_horizontal_oscuroU-2023.png\",\"width\":263,\"height\":101,\"caption\":\"Universidad de Caldas\"},\"image\":{\"@id\":\"https:\\\/\\\/www.ucaldas.edu.co\\\/portal\\\/#\\\/schema\\\/logo\\\/image\\\/\"},\"sameAs\":[\"https:\\\/\\\/www.facebook.com\\\/udecaldas\",\"https:\\\/\\\/x.com\\\/udecaldas\",\"https:\\\/\\\/www.youtube.com\\\/universidadcaldas\",\"https:\\\/\\\/www.instagram.com\\\/udecaldas\\\/\"]},{\"@type\":\"Person\",\"@id\":\"https:\\\/\\\/www.ucaldas.edu.co\\\/portal\\\/#\\\/schema\\\/person\\\/a1b482e23449158b4bc319926c074fdf\",\"name\":\"ofiprensa\",\"image\":{\"@type\":\"ImageObject\",\"inLanguage\":\"es\",\"@id\":\"https:\\\/\\\/www.ucaldas.edu.co\\\/portal\\\/wp-content\\\/litespeed\\\/avatar\\\/09ea5085e600095a7a811142c6944527.jpg?ver=1777497608\",\"url\":\"https:\\\/\\\/www.ucaldas.edu.co\\\/portal\\\/wp-content\\\/litespeed\\\/avatar\\\/09ea5085e600095a7a811142c6944527.jpg?ver=1777497608\",\"contentUrl\":\"https:\\\/\\\/www.ucaldas.edu.co\\\/portal\\\/wp-content\\\/litespeed\\\/avatar\\\/09ea5085e600095a7a811142c6944527.jpg?ver=1777497608\",\"caption\":\"ofiprensa\"},\"url\":\"https:\\\/\\\/www.ucaldas.edu.co\\\/portal\\\/author\\\/ofiprensa\\\/\"}]}<\/script>\n<!-- \/ Yoast SEO plugin. -->","yoast_head_json":{"title":"Seminario de Investigaci\u00f3n Doctorado en Ciencias Biom\u00e9dicas .","robots":{"index":"index","follow":"follow","max-snippet":"max-snippet:-1","max-image-preview":"max-image-preview:large","max-video-preview":"max-video-preview:-1"},"canonical":"https:\/\/www.ucaldas.edu.co\/portal\/seminario-de-investigacion-doctorado-en-ciencias-biomedicas\/","schema":{"@context":"https:\/\/schema.org","@graph":[{"@type":"Article","@id":"https:\/\/www.ucaldas.edu.co\/portal\/seminario-de-investigacion-doctorado-en-ciencias-biomedicas\/#article","isPartOf":{"@id":"https:\/\/www.ucaldas.edu.co\/portal\/seminario-de-investigacion-doctorado-en-ciencias-biomedicas\/"},"author":{"name":"ofiprensa","@id":"https:\/\/www.ucaldas.edu.co\/portal\/#\/schema\/person\/a1b482e23449158b4bc319926c074fdf"},"headline":"Seminario de Investigaci\u00f3n Doctorado en Ciencias Biom\u00e9dicas","datePublished":"2010-05-31T16:13:01+00:00","mainEntityOfPage":{"@id":"https:\/\/www.ucaldas.edu.co\/portal\/seminario-de-investigacion-doctorado-en-ciencias-biomedicas\/"},"wordCount":291,"publisher":{"@id":"https:\/\/www.ucaldas.edu.co\/portal\/#organization"},"image":{"@id":"https:\/\/www.ucaldas.edu.co\/portal\/seminario-de-investigacion-doctorado-en-ciencias-biomedicas\/#primaryimage"},"thumbnailUrl":"http:\/\/www.ucaldas.edu.co\/images\/doctorado_ciencias.jpg","inLanguage":"es"},{"@type":"WebPage","@id":"https:\/\/www.ucaldas.edu.co\/portal\/seminario-de-investigacion-doctorado-en-ciencias-biomedicas\/","url":"https:\/\/www.ucaldas.edu.co\/portal\/seminario-de-investigacion-doctorado-en-ciencias-biomedicas\/","name":"Seminario de Investigaci\u00f3n Doctorado en Ciencias Biom\u00e9dicas .","isPartOf":{"@id":"https:\/\/www.ucaldas.edu.co\/portal\/#website"},"primaryImageOfPage":{"@id":"https:\/\/www.ucaldas.edu.co\/portal\/seminario-de-investigacion-doctorado-en-ciencias-biomedicas\/#primaryimage"},"image":{"@id":"https:\/\/www.ucaldas.edu.co\/portal\/seminario-de-investigacion-doctorado-en-ciencias-biomedicas\/#primaryimage"},"thumbnailUrl":"http:\/\/www.ucaldas.edu.co\/images\/doctorado_ciencias.jpg","datePublished":"2010-05-31T16:13:01+00:00","breadcrumb":{"@id":"https:\/\/www.ucaldas.edu.co\/portal\/seminario-de-investigacion-doctorado-en-ciencias-biomedicas\/#breadcrumb"},"inLanguage":"es","potentialAction":[{"@type":"ReadAction","target":["https:\/\/www.ucaldas.edu.co\/portal\/seminario-de-investigacion-doctorado-en-ciencias-biomedicas\/"]}]},{"@type":"ImageObject","inLanguage":"es","@id":"https:\/\/www.ucaldas.edu.co\/portal\/seminario-de-investigacion-doctorado-en-ciencias-biomedicas\/#primaryimage","url":"http:\/\/www.ucaldas.edu.co\/images\/doctorado_ciencias.jpg","contentUrl":"http:\/\/www.ucaldas.edu.co\/images\/doctorado_ciencias.jpg"},{"@type":"BreadcrumbList","@id":"https:\/\/www.ucaldas.edu.co\/portal\/seminario-de-investigacion-doctorado-en-ciencias-biomedicas\/#breadcrumb","itemListElement":[{"@type":"ListItem","position":1,"name":"Portada","item":"https:\/\/www.ucaldas.edu.co\/portal\/"},{"@type":"ListItem","position":2,"name":"Seminario de Investigaci\u00f3n Doctorado en Ciencias Biom\u00e9dicas"}]},{"@type":"WebSite","@id":"https:\/\/www.ucaldas.edu.co\/portal\/#website","url":"https:\/\/www.ucaldas.edu.co\/portal\/","name":"Universidad de Caldas","description":"","publisher":{"@id":"https:\/\/www.ucaldas.edu.co\/portal\/#organization"},"alternateName":"U. de Caldas","potentialAction":[{"@type":"SearchAction","target":{"@type":"EntryPoint","urlTemplate":"https:\/\/www.ucaldas.edu.co\/portal\/?s={search_term_string}"},"query-input":{"@type":"PropertyValueSpecification","valueRequired":true,"valueName":"search_term_string"}}],"inLanguage":"es"},{"@type":"Organization","@id":"https:\/\/www.ucaldas.edu.co\/portal\/#organization","name":"Universidad de Caldas","alternateName":"U. de Caldas","url":"https:\/\/www.ucaldas.edu.co\/portal\/","logo":{"@type":"ImageObject","inLanguage":"es","@id":"https:\/\/www.ucaldas.edu.co\/portal\/#\/schema\/logo\/image\/","url":"https:\/\/www.ucaldas.edu.co\/portal\/wp-content\/uploads\/2023\/11\/Logo_horizontal_oscuroU-2023.png","contentUrl":"https:\/\/www.ucaldas.edu.co\/portal\/wp-content\/uploads\/2023\/11\/Logo_horizontal_oscuroU-2023.png","width":263,"height":101,"caption":"Universidad de Caldas"},"image":{"@id":"https:\/\/www.ucaldas.edu.co\/portal\/#\/schema\/logo\/image\/"},"sameAs":["https:\/\/www.facebook.com\/udecaldas","https:\/\/x.com\/udecaldas","https:\/\/www.youtube.com\/universidadcaldas","https:\/\/www.instagram.com\/udecaldas\/"]},{"@type":"Person","@id":"https:\/\/www.ucaldas.edu.co\/portal\/#\/schema\/person\/a1b482e23449158b4bc319926c074fdf","name":"ofiprensa","image":{"@type":"ImageObject","inLanguage":"es","@id":"https:\/\/www.ucaldas.edu.co\/portal\/wp-content\/litespeed\/avatar\/09ea5085e600095a7a811142c6944527.jpg?ver=1777497608","url":"https:\/\/www.ucaldas.edu.co\/portal\/wp-content\/litespeed\/avatar\/09ea5085e600095a7a811142c6944527.jpg?ver=1777497608","contentUrl":"https:\/\/www.ucaldas.edu.co\/portal\/wp-content\/litespeed\/avatar\/09ea5085e600095a7a811142c6944527.jpg?ver=1777497608","caption":"ofiprensa"},"url":"https:\/\/www.ucaldas.edu.co\/portal\/author\/ofiprensa\/"}]}},"_links":{"self":[{"href":"https:\/\/www.ucaldas.edu.co\/portal\/wp-json\/wp\/v2\/posts\/6263","targetHints":{"allow":["GET"]}}],"collection":[{"href":"https:\/\/www.ucaldas.edu.co\/portal\/wp-json\/wp\/v2\/posts"}],"about":[{"href":"https:\/\/www.ucaldas.edu.co\/portal\/wp-json\/wp\/v2\/types\/post"}],"author":[{"embeddable":true,"href":"https:\/\/www.ucaldas.edu.co\/portal\/wp-json\/wp\/v2\/users\/2"}],"replies":[{"embeddable":true,"href":"https:\/\/www.ucaldas.edu.co\/portal\/wp-json\/wp\/v2\/comments?post=6263"}],"version-history":[{"count":0,"href":"https:\/\/www.ucaldas.edu.co\/portal\/wp-json\/wp\/v2\/posts\/6263\/revisions"}],"wp:attachment":[{"href":"https:\/\/www.ucaldas.edu.co\/portal\/wp-json\/wp\/v2\/media?parent=6263"}],"wp:term":[{"taxonomy":"category","embeddable":true,"href":"https:\/\/www.ucaldas.edu.co\/portal\/wp-json\/wp\/v2\/categories?post=6263"},{"taxonomy":"post_tag","embeddable":true,"href":"https:\/\/www.ucaldas.edu.co\/portal\/wp-json\/wp\/v2\/tags?post=6263"}],"curies":[{"name":"wp","href":"https:\/\/api.w.org\/{rel}","templated":true}]}}