{"id":6261,"date":"2010-05-31T11:11:31","date_gmt":"2010-05-31T16:11:31","guid":{"rendered":"https:\/\/www.ucaldas.edu.co\/portal\/?p=6261"},"modified":"2010-05-31T11:11:31","modified_gmt":"2010-05-31T16:11:31","slug":"el-jazz-le-pondra-la-piel-de-gallina-a-manizales","status":"publish","type":"post","link":"https:\/\/www.ucaldas.edu.co\/portal\/el-jazz-le-pondra-la-piel-de-gallina-a-manizales\/","title":{"rendered":"El jazz le pondr\u00e1 la piel de gallina a Manizales"},"content":{"rendered":"<p>Primera temporada internacional universitaria<\/p>\n<hr id=\"system-readmore\" \/>\n<p>&nbsp;<\/p>\n<table border=\"0\">\n<tbody>\n<tr>\n<td><img loading=\"lazy\" decoding=\"async\" style=\"border: 0px\" alt=\"Jazz\" src=\"http:\/\/www.ucaldas.edu.co\/images\/jazz_universitario.jpg\" width=\"240\" height=\"150\" border=\"0\" \/><\/td>\n<td>Las notas de jazz les tocar\u00e1n de nuevo las fibras a los manizale\u00f1os. El Centro Colombo Americano y de la Universidad de Caldas le dar\u00e1n a Manizales la Primera Temporada Internacional de Jazz Universitario, que contar\u00e1 con la participaci\u00f3n de grupos extranjeros y locales.<\/p>\n<p>&nbsp;<\/p>\n<p>A cerca de un mes de llevarse a cabo este certamen ya confirmaron su presencia tres grupos internacionales de jazz, pertenecientes a afamadas instituciones de Estados Unidos. Se trata de The Juilliard Jazz Quartet, de la escuela Juilliard de Nueva Cork; \u00a0The Morgan State Jazz Ensamble, de Baltimore (Maryland), y Black Satin Quintet de Cincinatti (Ohio).<\/td>\n<\/tr>\n<\/tbody>\n<\/table>\n<p>&nbsp;<\/p>\n<p>Conciertos y talleres de jazz ofrecer\u00e1n los integrantes de estas agrupaciones, durante la temporada que se inicia el 28 de junio con el Jazz Camp 2010. Se trata de un campamento para unos 40 estudiantes de m\u00fasica, que se realiza desde el 2008, entre alumnos de la Licenciatura en M\u00fasica de la Universidad de Caldas y j\u00f3venes de la Banda Municipal.<\/p>\n<p>&nbsp;<\/p>\n<p>La Primera Temporada de Jazz Universitario culmina este 3 de julio cuenta tambi\u00e9n con el apoyo de la Embajada de Estados Unidos, Instituto de Cultura y Turismo de Manizales, Universidad Nacional sede Manizales y Banco de la Rep\u00fablica, entre los principales aportantes.<\/p>\n<p>&nbsp;<\/p>\n<p>Otras personas y entidades han sido invitadas a vincularse a este proyecto que busca divulgar y promover el g\u00e9nero del Jazz en la ciudad y mantener vivo el inter\u00e9s de un p\u00fablico que viene creciendo significativamente durante la \u00faltima d\u00e9cada en la ciudad.<\/p>\n<p>&nbsp;<\/p>\n<p>&#8211; Abrebocas<\/p>\n<p>Junio comienza en Manizales con las primeras notas que servir\u00e1n de abrebocas para esta Primera Temporada de Jazz Universitario, en su concierto de lanzamiento:<\/p>\n<p>Agrupaci\u00f3n: In Fusion, quinteto de jazz conformado por docentes del Departamento de M\u00fasica de la Universidad de Caldas.<\/p>\n<p>Horario: este martes 1 de junio, a las 7:00 p.m.<\/p>\n<p>Lugar: Auditorio Campus Palogrande de la Universidad Nacional.<\/p>\n<p>Entrada: libre.<\/p>\n<p>&nbsp;<\/p>\n<p>Recuerde: La Primera Temporada Internacional de Jazz Universitario se inicia el 28 de junio y va hasta el 3 de julio del 2010.<\/p>\n<p>&nbsp;<\/p>\n<p>Informes: Oficina de Prensa de la Universidad de Caldas, tel\u00e9fono 878 15 00 extensi\u00f3n 11 167, o con el Jefe de esta dependencia, Carlos Eduardo Garc\u00eda, en el celular 315 585 1322. Tambi\u00e9n, en el Centro Colombo Americano, tel\u00e9fono 881 15 25.<\/p>\n","protected":false},"excerpt":{"rendered":"<p>Primera temporada internacional universitaria &nbsp; Las notas de jazz les tocar\u00e1n de nuevo las fibras a los manizale\u00f1os. El Centro Colombo Americano y de la Universidad de Caldas le dar\u00e1n a Manizales la Primera Temporada Internacional de Jazz Universitario, que contar\u00e1 con la participaci\u00f3n de grupos extranjeros y locales. &nbsp; A cerca de un mes [&hellip;]<\/p>\n","protected":false},"author":2,"featured_media":0,"comment_status":"closed","ping_status":"closed","sticky":false,"template":"","format":"standard","meta":{"footnotes":""},"categories":[48,53],"tags":[],"class_list":["post-6261","post","type-post","status-publish","format-standard","hentry","category-actualidad","category-universidad-al-dia"],"yoast_head":"<!-- This site is optimized with the Yoast SEO plugin v27.5 - https:\/\/yoast.com\/product\/yoast-seo-wordpress\/ -->\n<title>El jazz le pondr\u00e1 la piel de gallina a Manizales .<\/title>\n<meta name=\"robots\" content=\"index, follow, max-snippet:-1, max-image-preview:large, max-video-preview:-1\" \/>\n<link rel=\"canonical\" href=\"https:\/\/www.ucaldas.edu.co\/portal\/el-jazz-le-pondra-la-piel-de-gallina-a-manizales\/\" \/>\n<script type=\"application\/ld+json\" class=\"yoast-schema-graph\">{\"@context\":\"https:\\\/\\\/schema.org\",\"@graph\":[{\"@type\":\"Article\",\"@id\":\"https:\\\/\\\/www.ucaldas.edu.co\\\/portal\\\/el-jazz-le-pondra-la-piel-de-gallina-a-manizales\\\/#article\",\"isPartOf\":{\"@id\":\"https:\\\/\\\/www.ucaldas.edu.co\\\/portal\\\/el-jazz-le-pondra-la-piel-de-gallina-a-manizales\\\/\"},\"author\":{\"name\":\"ofiprensa\",\"@id\":\"https:\\\/\\\/www.ucaldas.edu.co\\\/portal\\\/#\\\/schema\\\/person\\\/a1b482e23449158b4bc319926c074fdf\"},\"headline\":\"El jazz le pondr\u00e1 la piel de gallina a Manizales\",\"datePublished\":\"2010-05-31T16:11:31+00:00\",\"mainEntityOfPage\":{\"@id\":\"https:\\\/\\\/www.ucaldas.edu.co\\\/portal\\\/el-jazz-le-pondra-la-piel-de-gallina-a-manizales\\\/\"},\"wordCount\":399,\"publisher\":{\"@id\":\"https:\\\/\\\/www.ucaldas.edu.co\\\/portal\\\/#organization\"},\"image\":{\"@id\":\"https:\\\/\\\/www.ucaldas.edu.co\\\/portal\\\/el-jazz-le-pondra-la-piel-de-gallina-a-manizales\\\/#primaryimage\"},\"thumbnailUrl\":\"http:\\\/\\\/www.ucaldas.edu.co\\\/images\\\/jazz_universitario.jpg\",\"articleSection\":[\"Actualidad\",\"Universidad al D\u00eda\"],\"inLanguage\":\"es\"},{\"@type\":\"WebPage\",\"@id\":\"https:\\\/\\\/www.ucaldas.edu.co\\\/portal\\\/el-jazz-le-pondra-la-piel-de-gallina-a-manizales\\\/\",\"url\":\"https:\\\/\\\/www.ucaldas.edu.co\\\/portal\\\/el-jazz-le-pondra-la-piel-de-gallina-a-manizales\\\/\",\"name\":\"El jazz le pondr\u00e1 la piel de gallina a Manizales .\",\"isPartOf\":{\"@id\":\"https:\\\/\\\/www.ucaldas.edu.co\\\/portal\\\/#website\"},\"primaryImageOfPage\":{\"@id\":\"https:\\\/\\\/www.ucaldas.edu.co\\\/portal\\\/el-jazz-le-pondra-la-piel-de-gallina-a-manizales\\\/#primaryimage\"},\"image\":{\"@id\":\"https:\\\/\\\/www.ucaldas.edu.co\\\/portal\\\/el-jazz-le-pondra-la-piel-de-gallina-a-manizales\\\/#primaryimage\"},\"thumbnailUrl\":\"http:\\\/\\\/www.ucaldas.edu.co\\\/images\\\/jazz_universitario.jpg\",\"datePublished\":\"2010-05-31T16:11:31+00:00\",\"breadcrumb\":{\"@id\":\"https:\\\/\\\/www.ucaldas.edu.co\\\/portal\\\/el-jazz-le-pondra-la-piel-de-gallina-a-manizales\\\/#breadcrumb\"},\"inLanguage\":\"es\",\"potentialAction\":[{\"@type\":\"ReadAction\",\"target\":[\"https:\\\/\\\/www.ucaldas.edu.co\\\/portal\\\/el-jazz-le-pondra-la-piel-de-gallina-a-manizales\\\/\"]}]},{\"@type\":\"ImageObject\",\"inLanguage\":\"es\",\"@id\":\"https:\\\/\\\/www.ucaldas.edu.co\\\/portal\\\/el-jazz-le-pondra-la-piel-de-gallina-a-manizales\\\/#primaryimage\",\"url\":\"http:\\\/\\\/www.ucaldas.edu.co\\\/images\\\/jazz_universitario.jpg\",\"contentUrl\":\"http:\\\/\\\/www.ucaldas.edu.co\\\/images\\\/jazz_universitario.jpg\"},{\"@type\":\"BreadcrumbList\",\"@id\":\"https:\\\/\\\/www.ucaldas.edu.co\\\/portal\\\/el-jazz-le-pondra-la-piel-de-gallina-a-manizales\\\/#breadcrumb\",\"itemListElement\":[{\"@type\":\"ListItem\",\"position\":1,\"name\":\"Portada\",\"item\":\"https:\\\/\\\/www.ucaldas.edu.co\\\/portal\\\/\"},{\"@type\":\"ListItem\",\"position\":2,\"name\":\"El jazz le pondr\u00e1 la piel de gallina a Manizales\"}]},{\"@type\":\"WebSite\",\"@id\":\"https:\\\/\\\/www.ucaldas.edu.co\\\/portal\\\/#website\",\"url\":\"https:\\\/\\\/www.ucaldas.edu.co\\\/portal\\\/\",\"name\":\"Universidad de Caldas\",\"description\":\"\",\"publisher\":{\"@id\":\"https:\\\/\\\/www.ucaldas.edu.co\\\/portal\\\/#organization\"},\"alternateName\":\"U. de Caldas\",\"potentialAction\":[{\"@type\":\"SearchAction\",\"target\":{\"@type\":\"EntryPoint\",\"urlTemplate\":\"https:\\\/\\\/www.ucaldas.edu.co\\\/portal\\\/?s={search_term_string}\"},\"query-input\":{\"@type\":\"PropertyValueSpecification\",\"valueRequired\":true,\"valueName\":\"search_term_string\"}}],\"inLanguage\":\"es\"},{\"@type\":\"Organization\",\"@id\":\"https:\\\/\\\/www.ucaldas.edu.co\\\/portal\\\/#organization\",\"name\":\"Universidad de Caldas\",\"alternateName\":\"U. de Caldas\",\"url\":\"https:\\\/\\\/www.ucaldas.edu.co\\\/portal\\\/\",\"logo\":{\"@type\":\"ImageObject\",\"inLanguage\":\"es\",\"@id\":\"https:\\\/\\\/www.ucaldas.edu.co\\\/portal\\\/#\\\/schema\\\/logo\\\/image\\\/\",\"url\":\"https:\\\/\\\/www.ucaldas.edu.co\\\/portal\\\/wp-content\\\/uploads\\\/2023\\\/11\\\/Logo_horizontal_oscuroU-2023.png\",\"contentUrl\":\"https:\\\/\\\/www.ucaldas.edu.co\\\/portal\\\/wp-content\\\/uploads\\\/2023\\\/11\\\/Logo_horizontal_oscuroU-2023.png\",\"width\":263,\"height\":101,\"caption\":\"Universidad de Caldas\"},\"image\":{\"@id\":\"https:\\\/\\\/www.ucaldas.edu.co\\\/portal\\\/#\\\/schema\\\/logo\\\/image\\\/\"},\"sameAs\":[\"https:\\\/\\\/www.facebook.com\\\/udecaldas\",\"https:\\\/\\\/x.com\\\/udecaldas\",\"https:\\\/\\\/www.youtube.com\\\/universidadcaldas\",\"https:\\\/\\\/www.instagram.com\\\/udecaldas\\\/\"]},{\"@type\":\"Person\",\"@id\":\"https:\\\/\\\/www.ucaldas.edu.co\\\/portal\\\/#\\\/schema\\\/person\\\/a1b482e23449158b4bc319926c074fdf\",\"name\":\"ofiprensa\",\"image\":{\"@type\":\"ImageObject\",\"inLanguage\":\"es\",\"@id\":\"https:\\\/\\\/www.ucaldas.edu.co\\\/portal\\\/wp-content\\\/litespeed\\\/avatar\\\/09ea5085e600095a7a811142c6944527.jpg?ver=1777497608\",\"url\":\"https:\\\/\\\/www.ucaldas.edu.co\\\/portal\\\/wp-content\\\/litespeed\\\/avatar\\\/09ea5085e600095a7a811142c6944527.jpg?ver=1777497608\",\"contentUrl\":\"https:\\\/\\\/www.ucaldas.edu.co\\\/portal\\\/wp-content\\\/litespeed\\\/avatar\\\/09ea5085e600095a7a811142c6944527.jpg?ver=1777497608\",\"caption\":\"ofiprensa\"},\"url\":\"https:\\\/\\\/www.ucaldas.edu.co\\\/portal\\\/author\\\/ofiprensa\\\/\"}]}<\/script>\n<!-- \/ Yoast SEO plugin. -->","yoast_head_json":{"title":"El jazz le pondr\u00e1 la piel de gallina a Manizales .","robots":{"index":"index","follow":"follow","max-snippet":"max-snippet:-1","max-image-preview":"max-image-preview:large","max-video-preview":"max-video-preview:-1"},"canonical":"https:\/\/www.ucaldas.edu.co\/portal\/el-jazz-le-pondra-la-piel-de-gallina-a-manizales\/","schema":{"@context":"https:\/\/schema.org","@graph":[{"@type":"Article","@id":"https:\/\/www.ucaldas.edu.co\/portal\/el-jazz-le-pondra-la-piel-de-gallina-a-manizales\/#article","isPartOf":{"@id":"https:\/\/www.ucaldas.edu.co\/portal\/el-jazz-le-pondra-la-piel-de-gallina-a-manizales\/"},"author":{"name":"ofiprensa","@id":"https:\/\/www.ucaldas.edu.co\/portal\/#\/schema\/person\/a1b482e23449158b4bc319926c074fdf"},"headline":"El jazz le pondr\u00e1 la piel de gallina a Manizales","datePublished":"2010-05-31T16:11:31+00:00","mainEntityOfPage":{"@id":"https:\/\/www.ucaldas.edu.co\/portal\/el-jazz-le-pondra-la-piel-de-gallina-a-manizales\/"},"wordCount":399,"publisher":{"@id":"https:\/\/www.ucaldas.edu.co\/portal\/#organization"},"image":{"@id":"https:\/\/www.ucaldas.edu.co\/portal\/el-jazz-le-pondra-la-piel-de-gallina-a-manizales\/#primaryimage"},"thumbnailUrl":"http:\/\/www.ucaldas.edu.co\/images\/jazz_universitario.jpg","articleSection":["Actualidad","Universidad al D\u00eda"],"inLanguage":"es"},{"@type":"WebPage","@id":"https:\/\/www.ucaldas.edu.co\/portal\/el-jazz-le-pondra-la-piel-de-gallina-a-manizales\/","url":"https:\/\/www.ucaldas.edu.co\/portal\/el-jazz-le-pondra-la-piel-de-gallina-a-manizales\/","name":"El jazz le pondr\u00e1 la piel de gallina a Manizales .","isPartOf":{"@id":"https:\/\/www.ucaldas.edu.co\/portal\/#website"},"primaryImageOfPage":{"@id":"https:\/\/www.ucaldas.edu.co\/portal\/el-jazz-le-pondra-la-piel-de-gallina-a-manizales\/#primaryimage"},"image":{"@id":"https:\/\/www.ucaldas.edu.co\/portal\/el-jazz-le-pondra-la-piel-de-gallina-a-manizales\/#primaryimage"},"thumbnailUrl":"http:\/\/www.ucaldas.edu.co\/images\/jazz_universitario.jpg","datePublished":"2010-05-31T16:11:31+00:00","breadcrumb":{"@id":"https:\/\/www.ucaldas.edu.co\/portal\/el-jazz-le-pondra-la-piel-de-gallina-a-manizales\/#breadcrumb"},"inLanguage":"es","potentialAction":[{"@type":"ReadAction","target":["https:\/\/www.ucaldas.edu.co\/portal\/el-jazz-le-pondra-la-piel-de-gallina-a-manizales\/"]}]},{"@type":"ImageObject","inLanguage":"es","@id":"https:\/\/www.ucaldas.edu.co\/portal\/el-jazz-le-pondra-la-piel-de-gallina-a-manizales\/#primaryimage","url":"http:\/\/www.ucaldas.edu.co\/images\/jazz_universitario.jpg","contentUrl":"http:\/\/www.ucaldas.edu.co\/images\/jazz_universitario.jpg"},{"@type":"BreadcrumbList","@id":"https:\/\/www.ucaldas.edu.co\/portal\/el-jazz-le-pondra-la-piel-de-gallina-a-manizales\/#breadcrumb","itemListElement":[{"@type":"ListItem","position":1,"name":"Portada","item":"https:\/\/www.ucaldas.edu.co\/portal\/"},{"@type":"ListItem","position":2,"name":"El jazz le pondr\u00e1 la piel de gallina a Manizales"}]},{"@type":"WebSite","@id":"https:\/\/www.ucaldas.edu.co\/portal\/#website","url":"https:\/\/www.ucaldas.edu.co\/portal\/","name":"Universidad de Caldas","description":"","publisher":{"@id":"https:\/\/www.ucaldas.edu.co\/portal\/#organization"},"alternateName":"U. de Caldas","potentialAction":[{"@type":"SearchAction","target":{"@type":"EntryPoint","urlTemplate":"https:\/\/www.ucaldas.edu.co\/portal\/?s={search_term_string}"},"query-input":{"@type":"PropertyValueSpecification","valueRequired":true,"valueName":"search_term_string"}}],"inLanguage":"es"},{"@type":"Organization","@id":"https:\/\/www.ucaldas.edu.co\/portal\/#organization","name":"Universidad de Caldas","alternateName":"U. de Caldas","url":"https:\/\/www.ucaldas.edu.co\/portal\/","logo":{"@type":"ImageObject","inLanguage":"es","@id":"https:\/\/www.ucaldas.edu.co\/portal\/#\/schema\/logo\/image\/","url":"https:\/\/www.ucaldas.edu.co\/portal\/wp-content\/uploads\/2023\/11\/Logo_horizontal_oscuroU-2023.png","contentUrl":"https:\/\/www.ucaldas.edu.co\/portal\/wp-content\/uploads\/2023\/11\/Logo_horizontal_oscuroU-2023.png","width":263,"height":101,"caption":"Universidad de Caldas"},"image":{"@id":"https:\/\/www.ucaldas.edu.co\/portal\/#\/schema\/logo\/image\/"},"sameAs":["https:\/\/www.facebook.com\/udecaldas","https:\/\/x.com\/udecaldas","https:\/\/www.youtube.com\/universidadcaldas","https:\/\/www.instagram.com\/udecaldas\/"]},{"@type":"Person","@id":"https:\/\/www.ucaldas.edu.co\/portal\/#\/schema\/person\/a1b482e23449158b4bc319926c074fdf","name":"ofiprensa","image":{"@type":"ImageObject","inLanguage":"es","@id":"https:\/\/www.ucaldas.edu.co\/portal\/wp-content\/litespeed\/avatar\/09ea5085e600095a7a811142c6944527.jpg?ver=1777497608","url":"https:\/\/www.ucaldas.edu.co\/portal\/wp-content\/litespeed\/avatar\/09ea5085e600095a7a811142c6944527.jpg?ver=1777497608","contentUrl":"https:\/\/www.ucaldas.edu.co\/portal\/wp-content\/litespeed\/avatar\/09ea5085e600095a7a811142c6944527.jpg?ver=1777497608","caption":"ofiprensa"},"url":"https:\/\/www.ucaldas.edu.co\/portal\/author\/ofiprensa\/"}]}},"_links":{"self":[{"href":"https:\/\/www.ucaldas.edu.co\/portal\/wp-json\/wp\/v2\/posts\/6261","targetHints":{"allow":["GET"]}}],"collection":[{"href":"https:\/\/www.ucaldas.edu.co\/portal\/wp-json\/wp\/v2\/posts"}],"about":[{"href":"https:\/\/www.ucaldas.edu.co\/portal\/wp-json\/wp\/v2\/types\/post"}],"author":[{"embeddable":true,"href":"https:\/\/www.ucaldas.edu.co\/portal\/wp-json\/wp\/v2\/users\/2"}],"replies":[{"embeddable":true,"href":"https:\/\/www.ucaldas.edu.co\/portal\/wp-json\/wp\/v2\/comments?post=6261"}],"version-history":[{"count":0,"href":"https:\/\/www.ucaldas.edu.co\/portal\/wp-json\/wp\/v2\/posts\/6261\/revisions"}],"wp:attachment":[{"href":"https:\/\/www.ucaldas.edu.co\/portal\/wp-json\/wp\/v2\/media?parent=6261"}],"wp:term":[{"taxonomy":"category","embeddable":true,"href":"https:\/\/www.ucaldas.edu.co\/portal\/wp-json\/wp\/v2\/categories?post=6261"},{"taxonomy":"post_tag","embeddable":true,"href":"https:\/\/www.ucaldas.edu.co\/portal\/wp-json\/wp\/v2\/tags?post=6261"}],"curies":[{"name":"wp","href":"https:\/\/api.w.org\/{rel}","templated":true}]}}