{"id":6257,"date":"2010-05-27T11:09:08","date_gmt":"2010-05-27T16:09:08","guid":{"rendered":"https:\/\/www.ucaldas.edu.co\/portal\/?p=6257"},"modified":"2010-05-27T11:09:08","modified_gmt":"2010-05-27T16:09:08","slug":"el-profesor-agustin-cardona-molina-disertara-sobre-geocronologia-y-evolucion-tectonica","status":"publish","type":"post","link":"https:\/\/www.ucaldas.edu.co\/portal\/el-profesor-agustin-cardona-molina-disertara-sobre-geocronologia-y-evolucion-tectonica\/","title":{"rendered":"El profesor Agust\u00edn Cardona Molina disertar\u00e1 sobre geocronolog\u00eda y evoluci\u00f3n tect\u00f3nica"},"content":{"rendered":"<p>Doctor en geoqu\u00edmica y geotect\u00f3nica de la universidad de sao paulo<\/p>\n<hr id=\"system-readmore\" \/>\n<p>&nbsp;<\/p>\n<p>&nbsp;<\/p>\n<p>El Auditorio Humberto Gallego Gamboa de la Sede Central ser\u00e1 el escenario en el que este viernes 28 de mayo, el profesor Agust\u00edn Cardona Molina, Postdoctoral Fellow Smitsonian Tropical Research Institute y Doctor en Geoqu\u00edmica y Geotect\u00f3nica de la Universidad de Sao Paulo, Brazil, disertar\u00e1 sobre geocronolog\u00eda y evoluci\u00f3n tect\u00f3nica, con las conferencias Geocronolog\u00eda aplicada a rocas \u00edgneas y metam\u00f3rficas \u00a0y\u00a0 Evoluci\u00f3n tect\u00f3nica de la Sierra Nevada de Santa Marta.<\/p>\n<p>&nbsp;<\/p>\n<p>Este encuentro se llevar\u00e1 a cabo a partir de las 8:00 a.m. y es organizado por la Maestr\u00eda en Ciencias de la Tierra- CIES.<\/p>\n<p>&nbsp;<\/p>\n<p>La entrada no tiene ning\u00fan costo. Mayores informes: con la Maestr\u00eda en Ciencias de la Tierra- CIES. Tel\u00e9fono 878 15 00, extensi\u00f3n, 13433.<\/p>\n","protected":false},"excerpt":{"rendered":"<p>Doctor en geoqu\u00edmica y geotect\u00f3nica de la universidad de sao paulo &nbsp; &nbsp; El Auditorio Humberto Gallego Gamboa de la Sede Central ser\u00e1 el escenario en el que este viernes 28 de mayo, el profesor Agust\u00edn Cardona Molina, Postdoctoral Fellow Smitsonian Tropical Research Institute y Doctor en Geoqu\u00edmica y Geotect\u00f3nica de la Universidad de Sao [&hellip;]<\/p>\n","protected":false},"author":2,"featured_media":0,"comment_status":"closed","ping_status":"closed","sticky":false,"template":"","format":"standard","meta":{"footnotes":""},"categories":[48,53],"tags":[],"class_list":["post-6257","post","type-post","status-publish","format-standard","hentry","category-actualidad","category-universidad-al-dia"],"yoast_head":"<!-- This site is optimized with the Yoast SEO plugin v27.5 - https:\/\/yoast.com\/product\/yoast-seo-wordpress\/ -->\n<title>El profesor Agust\u00edn Cardona Molina disertar\u00e1 sobre geocronolog\u00eda y evoluci\u00f3n tect\u00f3nica .<\/title>\n<meta name=\"robots\" content=\"index, follow, max-snippet:-1, max-image-preview:large, max-video-preview:-1\" \/>\n<link rel=\"canonical\" href=\"https:\/\/www.ucaldas.edu.co\/portal\/el-profesor-agustin-cardona-molina-disertara-sobre-geocronologia-y-evolucion-tectonica\/\" \/>\n<script type=\"application\/ld+json\" class=\"yoast-schema-graph\">{\"@context\":\"https:\\\/\\\/schema.org\",\"@graph\":[{\"@type\":\"Article\",\"@id\":\"https:\\\/\\\/www.ucaldas.edu.co\\\/portal\\\/el-profesor-agustin-cardona-molina-disertara-sobre-geocronologia-y-evolucion-tectonica\\\/#article\",\"isPartOf\":{\"@id\":\"https:\\\/\\\/www.ucaldas.edu.co\\\/portal\\\/el-profesor-agustin-cardona-molina-disertara-sobre-geocronologia-y-evolucion-tectonica\\\/\"},\"author\":{\"name\":\"ofiprensa\",\"@id\":\"https:\\\/\\\/www.ucaldas.edu.co\\\/portal\\\/#\\\/schema\\\/person\\\/a1b482e23449158b4bc319926c074fdf\"},\"headline\":\"El profesor Agust\u00edn Cardona Molina disertar\u00e1 sobre geocronolog\u00eda y evoluci\u00f3n tect\u00f3nica\",\"datePublished\":\"2010-05-27T16:09:08+00:00\",\"mainEntityOfPage\":{\"@id\":\"https:\\\/\\\/www.ucaldas.edu.co\\\/portal\\\/el-profesor-agustin-cardona-molina-disertara-sobre-geocronologia-y-evolucion-tectonica\\\/\"},\"wordCount\":159,\"publisher\":{\"@id\":\"https:\\\/\\\/www.ucaldas.edu.co\\\/portal\\\/#organization\"},\"articleSection\":[\"Actualidad\",\"Universidad al D\u00eda\"],\"inLanguage\":\"es\"},{\"@type\":\"WebPage\",\"@id\":\"https:\\\/\\\/www.ucaldas.edu.co\\\/portal\\\/el-profesor-agustin-cardona-molina-disertara-sobre-geocronologia-y-evolucion-tectonica\\\/\",\"url\":\"https:\\\/\\\/www.ucaldas.edu.co\\\/portal\\\/el-profesor-agustin-cardona-molina-disertara-sobre-geocronologia-y-evolucion-tectonica\\\/\",\"name\":\"El profesor Agust\u00edn Cardona Molina disertar\u00e1 sobre geocronolog\u00eda y evoluci\u00f3n tect\u00f3nica .\",\"isPartOf\":{\"@id\":\"https:\\\/\\\/www.ucaldas.edu.co\\\/portal\\\/#website\"},\"datePublished\":\"2010-05-27T16:09:08+00:00\",\"breadcrumb\":{\"@id\":\"https:\\\/\\\/www.ucaldas.edu.co\\\/portal\\\/el-profesor-agustin-cardona-molina-disertara-sobre-geocronologia-y-evolucion-tectonica\\\/#breadcrumb\"},\"inLanguage\":\"es\",\"potentialAction\":[{\"@type\":\"ReadAction\",\"target\":[\"https:\\\/\\\/www.ucaldas.edu.co\\\/portal\\\/el-profesor-agustin-cardona-molina-disertara-sobre-geocronologia-y-evolucion-tectonica\\\/\"]}]},{\"@type\":\"BreadcrumbList\",\"@id\":\"https:\\\/\\\/www.ucaldas.edu.co\\\/portal\\\/el-profesor-agustin-cardona-molina-disertara-sobre-geocronologia-y-evolucion-tectonica\\\/#breadcrumb\",\"itemListElement\":[{\"@type\":\"ListItem\",\"position\":1,\"name\":\"Portada\",\"item\":\"https:\\\/\\\/www.ucaldas.edu.co\\\/portal\\\/\"},{\"@type\":\"ListItem\",\"position\":2,\"name\":\"El profesor Agust\u00edn Cardona Molina disertar\u00e1 sobre geocronolog\u00eda y evoluci\u00f3n tect\u00f3nica\"}]},{\"@type\":\"WebSite\",\"@id\":\"https:\\\/\\\/www.ucaldas.edu.co\\\/portal\\\/#website\",\"url\":\"https:\\\/\\\/www.ucaldas.edu.co\\\/portal\\\/\",\"name\":\"Universidad de Caldas\",\"description\":\"\",\"publisher\":{\"@id\":\"https:\\\/\\\/www.ucaldas.edu.co\\\/portal\\\/#organization\"},\"alternateName\":\"U. de Caldas\",\"potentialAction\":[{\"@type\":\"SearchAction\",\"target\":{\"@type\":\"EntryPoint\",\"urlTemplate\":\"https:\\\/\\\/www.ucaldas.edu.co\\\/portal\\\/?s={search_term_string}\"},\"query-input\":{\"@type\":\"PropertyValueSpecification\",\"valueRequired\":true,\"valueName\":\"search_term_string\"}}],\"inLanguage\":\"es\"},{\"@type\":\"Organization\",\"@id\":\"https:\\\/\\\/www.ucaldas.edu.co\\\/portal\\\/#organization\",\"name\":\"Universidad de Caldas\",\"alternateName\":\"U. de Caldas\",\"url\":\"https:\\\/\\\/www.ucaldas.edu.co\\\/portal\\\/\",\"logo\":{\"@type\":\"ImageObject\",\"inLanguage\":\"es\",\"@id\":\"https:\\\/\\\/www.ucaldas.edu.co\\\/portal\\\/#\\\/schema\\\/logo\\\/image\\\/\",\"url\":\"https:\\\/\\\/www.ucaldas.edu.co\\\/portal\\\/wp-content\\\/uploads\\\/2023\\\/11\\\/Logo_horizontal_oscuroU-2023.png\",\"contentUrl\":\"https:\\\/\\\/www.ucaldas.edu.co\\\/portal\\\/wp-content\\\/uploads\\\/2023\\\/11\\\/Logo_horizontal_oscuroU-2023.png\",\"width\":263,\"height\":101,\"caption\":\"Universidad de Caldas\"},\"image\":{\"@id\":\"https:\\\/\\\/www.ucaldas.edu.co\\\/portal\\\/#\\\/schema\\\/logo\\\/image\\\/\"},\"sameAs\":[\"https:\\\/\\\/www.facebook.com\\\/udecaldas\",\"https:\\\/\\\/x.com\\\/udecaldas\",\"https:\\\/\\\/www.youtube.com\\\/universidadcaldas\",\"https:\\\/\\\/www.instagram.com\\\/udecaldas\\\/\"]},{\"@type\":\"Person\",\"@id\":\"https:\\\/\\\/www.ucaldas.edu.co\\\/portal\\\/#\\\/schema\\\/person\\\/a1b482e23449158b4bc319926c074fdf\",\"name\":\"ofiprensa\",\"image\":{\"@type\":\"ImageObject\",\"inLanguage\":\"es\",\"@id\":\"https:\\\/\\\/www.ucaldas.edu.co\\\/portal\\\/wp-content\\\/litespeed\\\/avatar\\\/09ea5085e600095a7a811142c6944527.jpg?ver=1777497608\",\"url\":\"https:\\\/\\\/www.ucaldas.edu.co\\\/portal\\\/wp-content\\\/litespeed\\\/avatar\\\/09ea5085e600095a7a811142c6944527.jpg?ver=1777497608\",\"contentUrl\":\"https:\\\/\\\/www.ucaldas.edu.co\\\/portal\\\/wp-content\\\/litespeed\\\/avatar\\\/09ea5085e600095a7a811142c6944527.jpg?ver=1777497608\",\"caption\":\"ofiprensa\"},\"url\":\"https:\\\/\\\/www.ucaldas.edu.co\\\/portal\\\/author\\\/ofiprensa\\\/\"}]}<\/script>\n<!-- \/ Yoast SEO plugin. -->","yoast_head_json":{"title":"El profesor Agust\u00edn Cardona Molina disertar\u00e1 sobre geocronolog\u00eda y evoluci\u00f3n tect\u00f3nica .","robots":{"index":"index","follow":"follow","max-snippet":"max-snippet:-1","max-image-preview":"max-image-preview:large","max-video-preview":"max-video-preview:-1"},"canonical":"https:\/\/www.ucaldas.edu.co\/portal\/el-profesor-agustin-cardona-molina-disertara-sobre-geocronologia-y-evolucion-tectonica\/","schema":{"@context":"https:\/\/schema.org","@graph":[{"@type":"Article","@id":"https:\/\/www.ucaldas.edu.co\/portal\/el-profesor-agustin-cardona-molina-disertara-sobre-geocronologia-y-evolucion-tectonica\/#article","isPartOf":{"@id":"https:\/\/www.ucaldas.edu.co\/portal\/el-profesor-agustin-cardona-molina-disertara-sobre-geocronologia-y-evolucion-tectonica\/"},"author":{"name":"ofiprensa","@id":"https:\/\/www.ucaldas.edu.co\/portal\/#\/schema\/person\/a1b482e23449158b4bc319926c074fdf"},"headline":"El profesor Agust\u00edn Cardona Molina disertar\u00e1 sobre geocronolog\u00eda y evoluci\u00f3n tect\u00f3nica","datePublished":"2010-05-27T16:09:08+00:00","mainEntityOfPage":{"@id":"https:\/\/www.ucaldas.edu.co\/portal\/el-profesor-agustin-cardona-molina-disertara-sobre-geocronologia-y-evolucion-tectonica\/"},"wordCount":159,"publisher":{"@id":"https:\/\/www.ucaldas.edu.co\/portal\/#organization"},"articleSection":["Actualidad","Universidad al D\u00eda"],"inLanguage":"es"},{"@type":"WebPage","@id":"https:\/\/www.ucaldas.edu.co\/portal\/el-profesor-agustin-cardona-molina-disertara-sobre-geocronologia-y-evolucion-tectonica\/","url":"https:\/\/www.ucaldas.edu.co\/portal\/el-profesor-agustin-cardona-molina-disertara-sobre-geocronologia-y-evolucion-tectonica\/","name":"El profesor Agust\u00edn Cardona Molina disertar\u00e1 sobre geocronolog\u00eda y evoluci\u00f3n tect\u00f3nica .","isPartOf":{"@id":"https:\/\/www.ucaldas.edu.co\/portal\/#website"},"datePublished":"2010-05-27T16:09:08+00:00","breadcrumb":{"@id":"https:\/\/www.ucaldas.edu.co\/portal\/el-profesor-agustin-cardona-molina-disertara-sobre-geocronologia-y-evolucion-tectonica\/#breadcrumb"},"inLanguage":"es","potentialAction":[{"@type":"ReadAction","target":["https:\/\/www.ucaldas.edu.co\/portal\/el-profesor-agustin-cardona-molina-disertara-sobre-geocronologia-y-evolucion-tectonica\/"]}]},{"@type":"BreadcrumbList","@id":"https:\/\/www.ucaldas.edu.co\/portal\/el-profesor-agustin-cardona-molina-disertara-sobre-geocronologia-y-evolucion-tectonica\/#breadcrumb","itemListElement":[{"@type":"ListItem","position":1,"name":"Portada","item":"https:\/\/www.ucaldas.edu.co\/portal\/"},{"@type":"ListItem","position":2,"name":"El profesor Agust\u00edn Cardona Molina disertar\u00e1 sobre geocronolog\u00eda y evoluci\u00f3n tect\u00f3nica"}]},{"@type":"WebSite","@id":"https:\/\/www.ucaldas.edu.co\/portal\/#website","url":"https:\/\/www.ucaldas.edu.co\/portal\/","name":"Universidad de Caldas","description":"","publisher":{"@id":"https:\/\/www.ucaldas.edu.co\/portal\/#organization"},"alternateName":"U. de Caldas","potentialAction":[{"@type":"SearchAction","target":{"@type":"EntryPoint","urlTemplate":"https:\/\/www.ucaldas.edu.co\/portal\/?s={search_term_string}"},"query-input":{"@type":"PropertyValueSpecification","valueRequired":true,"valueName":"search_term_string"}}],"inLanguage":"es"},{"@type":"Organization","@id":"https:\/\/www.ucaldas.edu.co\/portal\/#organization","name":"Universidad de Caldas","alternateName":"U. de Caldas","url":"https:\/\/www.ucaldas.edu.co\/portal\/","logo":{"@type":"ImageObject","inLanguage":"es","@id":"https:\/\/www.ucaldas.edu.co\/portal\/#\/schema\/logo\/image\/","url":"https:\/\/www.ucaldas.edu.co\/portal\/wp-content\/uploads\/2023\/11\/Logo_horizontal_oscuroU-2023.png","contentUrl":"https:\/\/www.ucaldas.edu.co\/portal\/wp-content\/uploads\/2023\/11\/Logo_horizontal_oscuroU-2023.png","width":263,"height":101,"caption":"Universidad de Caldas"},"image":{"@id":"https:\/\/www.ucaldas.edu.co\/portal\/#\/schema\/logo\/image\/"},"sameAs":["https:\/\/www.facebook.com\/udecaldas","https:\/\/x.com\/udecaldas","https:\/\/www.youtube.com\/universidadcaldas","https:\/\/www.instagram.com\/udecaldas\/"]},{"@type":"Person","@id":"https:\/\/www.ucaldas.edu.co\/portal\/#\/schema\/person\/a1b482e23449158b4bc319926c074fdf","name":"ofiprensa","image":{"@type":"ImageObject","inLanguage":"es","@id":"https:\/\/www.ucaldas.edu.co\/portal\/wp-content\/litespeed\/avatar\/09ea5085e600095a7a811142c6944527.jpg?ver=1777497608","url":"https:\/\/www.ucaldas.edu.co\/portal\/wp-content\/litespeed\/avatar\/09ea5085e600095a7a811142c6944527.jpg?ver=1777497608","contentUrl":"https:\/\/www.ucaldas.edu.co\/portal\/wp-content\/litespeed\/avatar\/09ea5085e600095a7a811142c6944527.jpg?ver=1777497608","caption":"ofiprensa"},"url":"https:\/\/www.ucaldas.edu.co\/portal\/author\/ofiprensa\/"}]}},"_links":{"self":[{"href":"https:\/\/www.ucaldas.edu.co\/portal\/wp-json\/wp\/v2\/posts\/6257","targetHints":{"allow":["GET"]}}],"collection":[{"href":"https:\/\/www.ucaldas.edu.co\/portal\/wp-json\/wp\/v2\/posts"}],"about":[{"href":"https:\/\/www.ucaldas.edu.co\/portal\/wp-json\/wp\/v2\/types\/post"}],"author":[{"embeddable":true,"href":"https:\/\/www.ucaldas.edu.co\/portal\/wp-json\/wp\/v2\/users\/2"}],"replies":[{"embeddable":true,"href":"https:\/\/www.ucaldas.edu.co\/portal\/wp-json\/wp\/v2\/comments?post=6257"}],"version-history":[{"count":0,"href":"https:\/\/www.ucaldas.edu.co\/portal\/wp-json\/wp\/v2\/posts\/6257\/revisions"}],"wp:attachment":[{"href":"https:\/\/www.ucaldas.edu.co\/portal\/wp-json\/wp\/v2\/media?parent=6257"}],"wp:term":[{"taxonomy":"category","embeddable":true,"href":"https:\/\/www.ucaldas.edu.co\/portal\/wp-json\/wp\/v2\/categories?post=6257"},{"taxonomy":"post_tag","embeddable":true,"href":"https:\/\/www.ucaldas.edu.co\/portal\/wp-json\/wp\/v2\/tags?post=6257"}],"curies":[{"name":"wp","href":"https:\/\/api.w.org\/{rel}","templated":true}]}}