{"id":62475,"date":"2021-05-05T00:05:52","date_gmt":"2021-05-05T00:05:52","guid":{"rendered":"https:\/\/www.ucaldas.edu.co\/portal\/?p=62475"},"modified":"2021-05-05T00:05:52","modified_gmt":"2021-05-05T00:05:52","slug":"adquiera-su-pasaporte-para-asistir-al-festival-internacional-de-la-imagen","status":"publish","type":"post","link":"https:\/\/www.ucaldas.edu.co\/portal\/adquiera-su-pasaporte-para-asistir-al-festival-internacional-de-la-imagen\/","title":{"rendered":"Adquiera su pasaporte para asistir al Festival Internacional de la Imagen"},"content":{"rendered":"<p style=\"text-align: center;\">DESCUENTOS HASTA EL 10 DE MAYO<br \/>\n<strong>Adquiera su pasaporte para asistir al Festival Internacional de la Imagen<\/strong><\/p>\n<p style=\"text-align: right;\">04\/05\/2021<\/p>\n<p><img loading=\"lazy\" decoding=\"async\" class=\"size-full wp-image-62476 aligncenter\" src=\"https:\/\/www.ucaldas.edu.co\/portal\/wp-content\/uploads\/2021\/05\/pasaportes-fest-imagen.jpg\" alt=\"\" width=\"700\" height=\"400\" srcset=\"https:\/\/www.ucaldas.edu.co\/portal\/wp-content\/uploads\/2021\/05\/pasaportes-fest-imagen.jpg 700w, https:\/\/www.ucaldas.edu.co\/portal\/wp-content\/uploads\/2021\/05\/pasaportes-fest-imagen-300x171.jpg 300w\" sizes=\"auto, (max-width: 700px) 100vw, 700px\" \/><\/p>\n<p>La vig\u00e9sima edici\u00f3n del Festival Internacional de la Imagen tiene disponible la venta de pasaportes para participar y asistir a los diferentes eventos virtuales que se realizar\u00e1n del 24 al 28 de mayo con invitados nacionales e internacionales.<\/p>\n<p><!--more--><\/p>\n<p>El tema central de esta versi\u00f3n ser\u00e1 Inter\/especies, con el cual se invita a la comunidad de las artes, el dise\u00f1o, la ciencia y la tecnolog\u00eda, a pensar, en perspectiva cr\u00edtica, el papel del ser humano en el mundo, m\u00e1s all\u00e1 de las visiones tradicionales del antropocentrismo. Se presentar\u00e1n propuestas vinculadas con el Biodise\u00f1o, el Poshumanismo, los Paisajes deconstruidos, las Interacciones planetarias y las Memorias habitadas.<\/p>\n<p>Estas ser\u00e1n las tarifas para quienes se inscriban antes del 10 de mayo:<\/p>\n<p>&nbsp;<\/p>\n<ul>\n<li>Pasaporte de estudiantes $70.000.<\/li>\n<li>Pasaporte profesional $ 300.000.<\/li>\n<li>50% de descuento para grupos de 10 estudiantes.<\/li>\n<\/ul>\n<p>Todos los pasaportes dan acceso ilimitado a las actividades del Festival y la posibilidad de certificar 2 cr\u00e9ditos acad\u00e9micos en cualquier universidad del pa\u00eds. Para m\u00e1s informaci\u00f3n e inscripciones pueden escribir al correo electr\u00f3nico <strong><a href=\"mailto:inscripciones@festivaldelaimagen.com\">inscripciones@festivaldelaimagen.com<\/a>.<\/strong><\/p>\n<p><strong>\u00a0<\/strong><\/p>\n<p><strong>Informes: <\/strong>Oficina de Comunicaciones y Prensa Universidad de Caldas.<\/p>\n<p><strong>Redacci\u00f3n:<\/strong> Mateo Buritic\u00e1 Giraldo<\/p>\n<p>&nbsp;<\/p>\n","protected":false},"excerpt":{"rendered":"<p>DESCUENTOS HASTA EL 10 DE MAYO Adquiera su pasaporte para asistir al Festival Internacional de la Imagen 04\/05\/2021 La vig\u00e9sima edici\u00f3n del Festival Internacional de la Imagen tiene disponible la venta de pasaportes para participar y asistir a los diferentes eventos virtuales que se realizar\u00e1n del 24 al 28 de mayo con invitados nacionales e [&hellip;]<\/p>\n","protected":false},"author":2,"featured_media":62476,"comment_status":"closed","ping_status":"open","sticky":false,"template":"","format":"standard","meta":{"footnotes":""},"categories":[62,48,53],"tags":[6327,6328,837,6326],"class_list":["post-62475","post","type-post","status-publish","format-standard","has-post-thumbnail","hentry","category-eventos","category-actualidad","category-universidad-al-dia","tag-pasaportes-de-participacion","tag-poshumanismo","tag-festival-internacional-de-la-imagen","tag-biodiseno"],"yoast_head":"<!-- This site is optimized with the Yoast SEO plugin v27.5 - https:\/\/yoast.com\/product\/yoast-seo-wordpress\/ -->\n<title>Adquiera su pasaporte para asistir al Festival Internacional de la Imagen .<\/title>\n<meta name=\"robots\" content=\"index, follow, max-snippet:-1, max-image-preview:large, max-video-preview:-1\" \/>\n<link rel=\"canonical\" href=\"https:\/\/www.ucaldas.edu.co\/portal\/adquiera-su-pasaporte-para-asistir-al-festival-internacional-de-la-imagen\/\" \/>\n<script type=\"application\/ld+json\" class=\"yoast-schema-graph\">{\"@context\":\"https:\\\/\\\/schema.org\",\"@graph\":[{\"@type\":\"Article\",\"@id\":\"https:\\\/\\\/www.ucaldas.edu.co\\\/portal\\\/adquiera-su-pasaporte-para-asistir-al-festival-internacional-de-la-imagen\\\/#article\",\"isPartOf\":{\"@id\":\"https:\\\/\\\/www.ucaldas.edu.co\\\/portal\\\/adquiera-su-pasaporte-para-asistir-al-festival-internacional-de-la-imagen\\\/\"},\"author\":{\"name\":\"ofiprensa\",\"@id\":\"https:\\\/\\\/www.ucaldas.edu.co\\\/portal\\\/#\\\/schema\\\/person\\\/a1b482e23449158b4bc319926c074fdf\"},\"headline\":\"Adquiera su pasaporte para asistir al Festival Internacional de la Imagen\",\"datePublished\":\"2021-05-05T00:05:52+00:00\",\"mainEntityOfPage\":{\"@id\":\"https:\\\/\\\/www.ucaldas.edu.co\\\/portal\\\/adquiera-su-pasaporte-para-asistir-al-festival-internacional-de-la-imagen\\\/\"},\"wordCount\":222,\"publisher\":{\"@id\":\"https:\\\/\\\/www.ucaldas.edu.co\\\/portal\\\/#organization\"},\"image\":{\"@id\":\"https:\\\/\\\/www.ucaldas.edu.co\\\/portal\\\/adquiera-su-pasaporte-para-asistir-al-festival-internacional-de-la-imagen\\\/#primaryimage\"},\"thumbnailUrl\":\"https:\\\/\\\/www.ucaldas.edu.co\\\/portal\\\/wp-content\\\/uploads\\\/2021\\\/05\\\/pasaportes-fest-imagen.jpg\",\"keywords\":[\"pasaportes de participaci\u00f3n\",\"poshumanismo\",\"Festival Internacional de la Imagen\",\"biodise\u00f1o\"],\"articleSection\":[\"Eventos\",\"Actualidad\",\"Universidad al D\u00eda\"],\"inLanguage\":\"es\"},{\"@type\":\"WebPage\",\"@id\":\"https:\\\/\\\/www.ucaldas.edu.co\\\/portal\\\/adquiera-su-pasaporte-para-asistir-al-festival-internacional-de-la-imagen\\\/\",\"url\":\"https:\\\/\\\/www.ucaldas.edu.co\\\/portal\\\/adquiera-su-pasaporte-para-asistir-al-festival-internacional-de-la-imagen\\\/\",\"name\":\"Adquiera su pasaporte para asistir al Festival Internacional de la Imagen .\",\"isPartOf\":{\"@id\":\"https:\\\/\\\/www.ucaldas.edu.co\\\/portal\\\/#website\"},\"primaryImageOfPage\":{\"@id\":\"https:\\\/\\\/www.ucaldas.edu.co\\\/portal\\\/adquiera-su-pasaporte-para-asistir-al-festival-internacional-de-la-imagen\\\/#primaryimage\"},\"image\":{\"@id\":\"https:\\\/\\\/www.ucaldas.edu.co\\\/portal\\\/adquiera-su-pasaporte-para-asistir-al-festival-internacional-de-la-imagen\\\/#primaryimage\"},\"thumbnailUrl\":\"https:\\\/\\\/www.ucaldas.edu.co\\\/portal\\\/wp-content\\\/uploads\\\/2021\\\/05\\\/pasaportes-fest-imagen.jpg\",\"datePublished\":\"2021-05-05T00:05:52+00:00\",\"breadcrumb\":{\"@id\":\"https:\\\/\\\/www.ucaldas.edu.co\\\/portal\\\/adquiera-su-pasaporte-para-asistir-al-festival-internacional-de-la-imagen\\\/#breadcrumb\"},\"inLanguage\":\"es\",\"potentialAction\":[{\"@type\":\"ReadAction\",\"target\":[\"https:\\\/\\\/www.ucaldas.edu.co\\\/portal\\\/adquiera-su-pasaporte-para-asistir-al-festival-internacional-de-la-imagen\\\/\"]}]},{\"@type\":\"ImageObject\",\"inLanguage\":\"es\",\"@id\":\"https:\\\/\\\/www.ucaldas.edu.co\\\/portal\\\/adquiera-su-pasaporte-para-asistir-al-festival-internacional-de-la-imagen\\\/#primaryimage\",\"url\":\"https:\\\/\\\/www.ucaldas.edu.co\\\/portal\\\/wp-content\\\/uploads\\\/2021\\\/05\\\/pasaportes-fest-imagen.jpg\",\"contentUrl\":\"https:\\\/\\\/www.ucaldas.edu.co\\\/portal\\\/wp-content\\\/uploads\\\/2021\\\/05\\\/pasaportes-fest-imagen.jpg\",\"width\":700,\"height\":400},{\"@type\":\"BreadcrumbList\",\"@id\":\"https:\\\/\\\/www.ucaldas.edu.co\\\/portal\\\/adquiera-su-pasaporte-para-asistir-al-festival-internacional-de-la-imagen\\\/#breadcrumb\",\"itemListElement\":[{\"@type\":\"ListItem\",\"position\":1,\"name\":\"Portada\",\"item\":\"https:\\\/\\\/www.ucaldas.edu.co\\\/portal\\\/\"},{\"@type\":\"ListItem\",\"position\":2,\"name\":\"Adquiera su pasaporte para asistir al Festival Internacional de la Imagen\"}]},{\"@type\":\"WebSite\",\"@id\":\"https:\\\/\\\/www.ucaldas.edu.co\\\/portal\\\/#website\",\"url\":\"https:\\\/\\\/www.ucaldas.edu.co\\\/portal\\\/\",\"name\":\"Universidad de Caldas\",\"description\":\"\",\"publisher\":{\"@id\":\"https:\\\/\\\/www.ucaldas.edu.co\\\/portal\\\/#organization\"},\"alternateName\":\"U. de Caldas\",\"potentialAction\":[{\"@type\":\"SearchAction\",\"target\":{\"@type\":\"EntryPoint\",\"urlTemplate\":\"https:\\\/\\\/www.ucaldas.edu.co\\\/portal\\\/?s={search_term_string}\"},\"query-input\":{\"@type\":\"PropertyValueSpecification\",\"valueRequired\":true,\"valueName\":\"search_term_string\"}}],\"inLanguage\":\"es\"},{\"@type\":\"Organization\",\"@id\":\"https:\\\/\\\/www.ucaldas.edu.co\\\/portal\\\/#organization\",\"name\":\"Universidad de Caldas\",\"alternateName\":\"U. de Caldas\",\"url\":\"https:\\\/\\\/www.ucaldas.edu.co\\\/portal\\\/\",\"logo\":{\"@type\":\"ImageObject\",\"inLanguage\":\"es\",\"@id\":\"https:\\\/\\\/www.ucaldas.edu.co\\\/portal\\\/#\\\/schema\\\/logo\\\/image\\\/\",\"url\":\"https:\\\/\\\/www.ucaldas.edu.co\\\/portal\\\/wp-content\\\/uploads\\\/2023\\\/11\\\/Logo_horizontal_oscuroU-2023.png\",\"contentUrl\":\"https:\\\/\\\/www.ucaldas.edu.co\\\/portal\\\/wp-content\\\/uploads\\\/2023\\\/11\\\/Logo_horizontal_oscuroU-2023.png\",\"width\":263,\"height\":101,\"caption\":\"Universidad de Caldas\"},\"image\":{\"@id\":\"https:\\\/\\\/www.ucaldas.edu.co\\\/portal\\\/#\\\/schema\\\/logo\\\/image\\\/\"},\"sameAs\":[\"https:\\\/\\\/www.facebook.com\\\/udecaldas\",\"https:\\\/\\\/x.com\\\/udecaldas\",\"https:\\\/\\\/www.youtube.com\\\/universidadcaldas\",\"https:\\\/\\\/www.instagram.com\\\/udecaldas\\\/\"]},{\"@type\":\"Person\",\"@id\":\"https:\\\/\\\/www.ucaldas.edu.co\\\/portal\\\/#\\\/schema\\\/person\\\/a1b482e23449158b4bc319926c074fdf\",\"name\":\"ofiprensa\",\"image\":{\"@type\":\"ImageObject\",\"inLanguage\":\"es\",\"@id\":\"https:\\\/\\\/www.ucaldas.edu.co\\\/portal\\\/wp-content\\\/litespeed\\\/avatar\\\/09ea5085e600095a7a811142c6944527.jpg?ver=1777497608\",\"url\":\"https:\\\/\\\/www.ucaldas.edu.co\\\/portal\\\/wp-content\\\/litespeed\\\/avatar\\\/09ea5085e600095a7a811142c6944527.jpg?ver=1777497608\",\"contentUrl\":\"https:\\\/\\\/www.ucaldas.edu.co\\\/portal\\\/wp-content\\\/litespeed\\\/avatar\\\/09ea5085e600095a7a811142c6944527.jpg?ver=1777497608\",\"caption\":\"ofiprensa\"},\"url\":\"https:\\\/\\\/www.ucaldas.edu.co\\\/portal\\\/author\\\/ofiprensa\\\/\"}]}<\/script>\n<!-- \/ Yoast SEO plugin. -->","yoast_head_json":{"title":"Adquiera su pasaporte para asistir al Festival Internacional de la Imagen .","robots":{"index":"index","follow":"follow","max-snippet":"max-snippet:-1","max-image-preview":"max-image-preview:large","max-video-preview":"max-video-preview:-1"},"canonical":"https:\/\/www.ucaldas.edu.co\/portal\/adquiera-su-pasaporte-para-asistir-al-festival-internacional-de-la-imagen\/","schema":{"@context":"https:\/\/schema.org","@graph":[{"@type":"Article","@id":"https:\/\/www.ucaldas.edu.co\/portal\/adquiera-su-pasaporte-para-asistir-al-festival-internacional-de-la-imagen\/#article","isPartOf":{"@id":"https:\/\/www.ucaldas.edu.co\/portal\/adquiera-su-pasaporte-para-asistir-al-festival-internacional-de-la-imagen\/"},"author":{"name":"ofiprensa","@id":"https:\/\/www.ucaldas.edu.co\/portal\/#\/schema\/person\/a1b482e23449158b4bc319926c074fdf"},"headline":"Adquiera su pasaporte para asistir al Festival Internacional de la Imagen","datePublished":"2021-05-05T00:05:52+00:00","mainEntityOfPage":{"@id":"https:\/\/www.ucaldas.edu.co\/portal\/adquiera-su-pasaporte-para-asistir-al-festival-internacional-de-la-imagen\/"},"wordCount":222,"publisher":{"@id":"https:\/\/www.ucaldas.edu.co\/portal\/#organization"},"image":{"@id":"https:\/\/www.ucaldas.edu.co\/portal\/adquiera-su-pasaporte-para-asistir-al-festival-internacional-de-la-imagen\/#primaryimage"},"thumbnailUrl":"https:\/\/www.ucaldas.edu.co\/portal\/wp-content\/uploads\/2021\/05\/pasaportes-fest-imagen.jpg","keywords":["pasaportes de participaci\u00f3n","poshumanismo","Festival Internacional de la Imagen","biodise\u00f1o"],"articleSection":["Eventos","Actualidad","Universidad al D\u00eda"],"inLanguage":"es"},{"@type":"WebPage","@id":"https:\/\/www.ucaldas.edu.co\/portal\/adquiera-su-pasaporte-para-asistir-al-festival-internacional-de-la-imagen\/","url":"https:\/\/www.ucaldas.edu.co\/portal\/adquiera-su-pasaporte-para-asistir-al-festival-internacional-de-la-imagen\/","name":"Adquiera su pasaporte para asistir al Festival Internacional de la Imagen .","isPartOf":{"@id":"https:\/\/www.ucaldas.edu.co\/portal\/#website"},"primaryImageOfPage":{"@id":"https:\/\/www.ucaldas.edu.co\/portal\/adquiera-su-pasaporte-para-asistir-al-festival-internacional-de-la-imagen\/#primaryimage"},"image":{"@id":"https:\/\/www.ucaldas.edu.co\/portal\/adquiera-su-pasaporte-para-asistir-al-festival-internacional-de-la-imagen\/#primaryimage"},"thumbnailUrl":"https:\/\/www.ucaldas.edu.co\/portal\/wp-content\/uploads\/2021\/05\/pasaportes-fest-imagen.jpg","datePublished":"2021-05-05T00:05:52+00:00","breadcrumb":{"@id":"https:\/\/www.ucaldas.edu.co\/portal\/adquiera-su-pasaporte-para-asistir-al-festival-internacional-de-la-imagen\/#breadcrumb"},"inLanguage":"es","potentialAction":[{"@type":"ReadAction","target":["https:\/\/www.ucaldas.edu.co\/portal\/adquiera-su-pasaporte-para-asistir-al-festival-internacional-de-la-imagen\/"]}]},{"@type":"ImageObject","inLanguage":"es","@id":"https:\/\/www.ucaldas.edu.co\/portal\/adquiera-su-pasaporte-para-asistir-al-festival-internacional-de-la-imagen\/#primaryimage","url":"https:\/\/www.ucaldas.edu.co\/portal\/wp-content\/uploads\/2021\/05\/pasaportes-fest-imagen.jpg","contentUrl":"https:\/\/www.ucaldas.edu.co\/portal\/wp-content\/uploads\/2021\/05\/pasaportes-fest-imagen.jpg","width":700,"height":400},{"@type":"BreadcrumbList","@id":"https:\/\/www.ucaldas.edu.co\/portal\/adquiera-su-pasaporte-para-asistir-al-festival-internacional-de-la-imagen\/#breadcrumb","itemListElement":[{"@type":"ListItem","position":1,"name":"Portada","item":"https:\/\/www.ucaldas.edu.co\/portal\/"},{"@type":"ListItem","position":2,"name":"Adquiera su pasaporte para asistir al Festival Internacional de la Imagen"}]},{"@type":"WebSite","@id":"https:\/\/www.ucaldas.edu.co\/portal\/#website","url":"https:\/\/www.ucaldas.edu.co\/portal\/","name":"Universidad de Caldas","description":"","publisher":{"@id":"https:\/\/www.ucaldas.edu.co\/portal\/#organization"},"alternateName":"U. de Caldas","potentialAction":[{"@type":"SearchAction","target":{"@type":"EntryPoint","urlTemplate":"https:\/\/www.ucaldas.edu.co\/portal\/?s={search_term_string}"},"query-input":{"@type":"PropertyValueSpecification","valueRequired":true,"valueName":"search_term_string"}}],"inLanguage":"es"},{"@type":"Organization","@id":"https:\/\/www.ucaldas.edu.co\/portal\/#organization","name":"Universidad de Caldas","alternateName":"U. de Caldas","url":"https:\/\/www.ucaldas.edu.co\/portal\/","logo":{"@type":"ImageObject","inLanguage":"es","@id":"https:\/\/www.ucaldas.edu.co\/portal\/#\/schema\/logo\/image\/","url":"https:\/\/www.ucaldas.edu.co\/portal\/wp-content\/uploads\/2023\/11\/Logo_horizontal_oscuroU-2023.png","contentUrl":"https:\/\/www.ucaldas.edu.co\/portal\/wp-content\/uploads\/2023\/11\/Logo_horizontal_oscuroU-2023.png","width":263,"height":101,"caption":"Universidad de Caldas"},"image":{"@id":"https:\/\/www.ucaldas.edu.co\/portal\/#\/schema\/logo\/image\/"},"sameAs":["https:\/\/www.facebook.com\/udecaldas","https:\/\/x.com\/udecaldas","https:\/\/www.youtube.com\/universidadcaldas","https:\/\/www.instagram.com\/udecaldas\/"]},{"@type":"Person","@id":"https:\/\/www.ucaldas.edu.co\/portal\/#\/schema\/person\/a1b482e23449158b4bc319926c074fdf","name":"ofiprensa","image":{"@type":"ImageObject","inLanguage":"es","@id":"https:\/\/www.ucaldas.edu.co\/portal\/wp-content\/litespeed\/avatar\/09ea5085e600095a7a811142c6944527.jpg?ver=1777497608","url":"https:\/\/www.ucaldas.edu.co\/portal\/wp-content\/litespeed\/avatar\/09ea5085e600095a7a811142c6944527.jpg?ver=1777497608","contentUrl":"https:\/\/www.ucaldas.edu.co\/portal\/wp-content\/litespeed\/avatar\/09ea5085e600095a7a811142c6944527.jpg?ver=1777497608","caption":"ofiprensa"},"url":"https:\/\/www.ucaldas.edu.co\/portal\/author\/ofiprensa\/"}]}},"_links":{"self":[{"href":"https:\/\/www.ucaldas.edu.co\/portal\/wp-json\/wp\/v2\/posts\/62475","targetHints":{"allow":["GET"]}}],"collection":[{"href":"https:\/\/www.ucaldas.edu.co\/portal\/wp-json\/wp\/v2\/posts"}],"about":[{"href":"https:\/\/www.ucaldas.edu.co\/portal\/wp-json\/wp\/v2\/types\/post"}],"author":[{"embeddable":true,"href":"https:\/\/www.ucaldas.edu.co\/portal\/wp-json\/wp\/v2\/users\/2"}],"replies":[{"embeddable":true,"href":"https:\/\/www.ucaldas.edu.co\/portal\/wp-json\/wp\/v2\/comments?post=62475"}],"version-history":[{"count":0,"href":"https:\/\/www.ucaldas.edu.co\/portal\/wp-json\/wp\/v2\/posts\/62475\/revisions"}],"wp:featuredmedia":[{"embeddable":true,"href":"https:\/\/www.ucaldas.edu.co\/portal\/wp-json\/wp\/v2\/media\/62476"}],"wp:attachment":[{"href":"https:\/\/www.ucaldas.edu.co\/portal\/wp-json\/wp\/v2\/media?parent=62475"}],"wp:term":[{"taxonomy":"category","embeddable":true,"href":"https:\/\/www.ucaldas.edu.co\/portal\/wp-json\/wp\/v2\/categories?post=62475"},{"taxonomy":"post_tag","embeddable":true,"href":"https:\/\/www.ucaldas.edu.co\/portal\/wp-json\/wp\/v2\/tags?post=62475"}],"curies":[{"name":"wp","href":"https:\/\/api.w.org\/{rel}","templated":true}]}}