{"id":62469,"date":"2021-05-04T23:53:02","date_gmt":"2021-05-04T23:53:02","guid":{"rendered":"https:\/\/www.ucaldas.edu.co\/portal\/?p=62469"},"modified":"2021-05-04T23:53:02","modified_gmt":"2021-05-04T23:53:02","slug":"conferencia-uso-de-las-tic-en-las-ciencias-sociales-y-humanas","status":"publish","type":"post","link":"https:\/\/www.ucaldas.edu.co\/portal\/conferencia-uso-de-las-tic-en-las-ciencias-sociales-y-humanas\/","title":{"rendered":"Conferencia:\u00a0 \u201cUso de las TIC en las Ciencias Sociales y Humanas\u201d"},"content":{"rendered":"<p style=\"text-align: center;\">ORGANIZA EL SEMILLERO LABORATORIO DIGITAL, COTIDIANIDAD, MENTALIDADES Y REPRESENTACIONES CULTURALES<br \/>\n<strong>Conferencia:\u00a0 \u201cUso de las TIC en las Ciencias Sociales y Humanas\u201d<\/strong><\/p>\n<p style=\"text-align: right;\">04\/05\/2021<\/p>\n<p><img loading=\"lazy\" decoding=\"async\" class=\"size-full wp-image-62470 aligncenter\" src=\"https:\/\/www.ucaldas.edu.co\/portal\/wp-content\/uploads\/2021\/05\/conferencia-tic.jpg\" alt=\"\" width=\"700\" height=\"400\" srcset=\"https:\/\/www.ucaldas.edu.co\/portal\/wp-content\/uploads\/2021\/05\/conferencia-tic.jpg 700w, https:\/\/www.ucaldas.edu.co\/portal\/wp-content\/uploads\/2021\/05\/conferencia-tic-300x171.jpg 300w\" sizes=\"auto, (max-width: 700px) 100vw, 700px\" \/><\/p>\n<p>Participe en la Conferencia \u201cUso de las TIC en las Ciencias Sociales y Humanas\u201d el pr\u00f3ximo jueves 6 de mayo a las 6:00 p.m. a trav\u00e9s de la plataforma Meet, a cargo de docente y director del Centro de Bibliotecas U. de Caldas, Nicol\u00e1s Duque Buitrago.<\/p>\n<p><!--more--><\/p>\n<p>Duque Buitrago comenta que en la conferencia mostrar\u00e1 la forma c\u00f3mo las herramientas digitales pueden ser utilizadas para la investigaci\u00f3n en las Ciencias Sociales y Humanas; donde adem\u00e1s se hablar\u00e1 acerca de c\u00f3mo ha sido la historia de la escritura acad\u00e9mica y de los sistemas de informaci\u00f3n en esta \u00e1rea.<\/p>\n<p>El docente agrega adem\u00e1s que durante el evento se mirar\u00e1 en detalle algunos sistemas de informaci\u00f3n y el modo c\u00f3mo estos pueden ayudar en los procesos de investigaci\u00f3n en momentos cruciales, tanto de la definici\u00f3n de categor\u00edas conceptuales como en los marcos te\u00f3ricos. Adem\u00e1s abordar\u00e1 las posibilidades que hay para el an\u00e1lisis de informaci\u00f3n y datos a partir de ciertas herramientas digitales donde habr\u00e1 un momento de aplicaci\u00f3n de las mismas y se presentar\u00e1n aquellas con las que cuenta la Universidad de Caldas.<\/p>\n<p>La conferencia es parte de una invitaci\u00f3n que hace el semillero de investigaci\u00f3n Laboratorio Digital, Cotidianidad, Mentalidades y Representaciones Culturales.<\/p>\n<p>&nbsp;<\/p>\n<p><strong><a href=\"meet.google.com\/arg-uxvt-xpe\">Link del evento.<\/a><\/strong><\/p>\n<p>&nbsp;<\/p>\n<p><strong>Anexo:<\/strong><\/p>\n<p><strong><a href=\"https:\/\/www.ivoox.com\/nicolas-duque-conferencia-audios-mp3_rf_69551249_1.html\">Audio docente Nicol\u00e1s Duque Buitrago<\/a><\/strong><\/p>\n<p><iframe loading=\"lazy\" src=\"https:\/\/co.ivoox.com\/es\/player_ek_69551249_2_1.html?data=l56il5aWeJqhhpywj5WVaZS1k5qah5yncZKhhpywj5WRaZi3jpWah5ynca_dxNTZh6iXaaKl1JCx19bZqYyhjKjc0MvJtsbixM7Oj4qbh463wtHRw9iPhcXhjLqah5yncZU.&amp;\" width=\"238\" height=\"48\" frameborder=\"0\" scrolling=\"no\" allowfullscreen=\"allowfullscreen\"><\/iframe><\/p>\n<p>&nbsp;<\/p>\n<p><strong>Informes: <\/strong>Oficina de Comunicaciones y Prensa Universidad de Caldas.<\/p>\n<p><strong>Redacci\u00f3n:<\/strong> Mateo Buritic\u00e1 Giraldo<\/p>\n<p>&nbsp;<\/p>\n","protected":false},"excerpt":{"rendered":"<p>ORGANIZA EL SEMILLERO LABORATORIO DIGITAL, COTIDIANIDAD, MENTALIDADES Y REPRESENTACIONES CULTURALES Conferencia:\u00a0 \u201cUso de las TIC en las Ciencias Sociales y Humanas\u201d 04\/05\/2021 Participe en la Conferencia \u201cUso de las TIC en las Ciencias Sociales y Humanas\u201d el pr\u00f3ximo jueves 6 de mayo a las 6:00 p.m. a trav\u00e9s de la plataforma Meet, a cargo de [&hellip;]<\/p>\n","protected":false},"author":2,"featured_media":62470,"comment_status":"closed","ping_status":"open","sticky":false,"template":"","format":"standard","meta":{"footnotes":""},"categories":[48,53,62],"tags":[2169,5385,6322,6323],"class_list":["post-62469","post","type-post","status-publish","format-standard","has-post-thumbnail","hentry","category-actualidad","category-universidad-al-dia","category-eventos","tag-vicerrectoria-de-investigaciones-y-postgrados","tag-ciencias-sociales-y-humanas","tag-usos-de-las-tic","tag-herramientas-de-las-tic"],"yoast_head":"<!-- This site is optimized with the Yoast SEO plugin v27.5 - https:\/\/yoast.com\/product\/yoast-seo-wordpress\/ -->\n<title>Conferencia:\u00a0 \u201cUso de las TIC en las Ciencias Sociales y Humanas\u201d .<\/title>\n<meta name=\"robots\" content=\"index, follow, max-snippet:-1, max-image-preview:large, max-video-preview:-1\" \/>\n<link rel=\"canonical\" href=\"https:\/\/www.ucaldas.edu.co\/portal\/conferencia-uso-de-las-tic-en-las-ciencias-sociales-y-humanas\/\" \/>\n<script type=\"application\/ld+json\" class=\"yoast-schema-graph\">{\"@context\":\"https:\\\/\\\/schema.org\",\"@graph\":[{\"@type\":\"Article\",\"@id\":\"https:\\\/\\\/www.ucaldas.edu.co\\\/portal\\\/conferencia-uso-de-las-tic-en-las-ciencias-sociales-y-humanas\\\/#article\",\"isPartOf\":{\"@id\":\"https:\\\/\\\/www.ucaldas.edu.co\\\/portal\\\/conferencia-uso-de-las-tic-en-las-ciencias-sociales-y-humanas\\\/\"},\"author\":{\"name\":\"ofiprensa\",\"@id\":\"https:\\\/\\\/www.ucaldas.edu.co\\\/portal\\\/#\\\/schema\\\/person\\\/a1b482e23449158b4bc319926c074fdf\"},\"headline\":\"Conferencia:\u00a0 \u201cUso de las TIC en las Ciencias Sociales y Humanas\u201d\",\"datePublished\":\"2021-05-04T23:53:02+00:00\",\"mainEntityOfPage\":{\"@id\":\"https:\\\/\\\/www.ucaldas.edu.co\\\/portal\\\/conferencia-uso-de-las-tic-en-las-ciencias-sociales-y-humanas\\\/\"},\"wordCount\":281,\"publisher\":{\"@id\":\"https:\\\/\\\/www.ucaldas.edu.co\\\/portal\\\/#organization\"},\"image\":{\"@id\":\"https:\\\/\\\/www.ucaldas.edu.co\\\/portal\\\/conferencia-uso-de-las-tic-en-las-ciencias-sociales-y-humanas\\\/#primaryimage\"},\"thumbnailUrl\":\"https:\\\/\\\/www.ucaldas.edu.co\\\/portal\\\/wp-content\\\/uploads\\\/2021\\\/05\\\/conferencia-tic.jpg\",\"keywords\":[\"Vicerrector\u00eda de Investigaciones y Postgrados\",\"ciencias sociales y humanas\",\"usos de las tic\",\"herramientas de las tic\"],\"articleSection\":[\"Actualidad\",\"Universidad al D\u00eda\",\"Eventos\"],\"inLanguage\":\"es\"},{\"@type\":\"WebPage\",\"@id\":\"https:\\\/\\\/www.ucaldas.edu.co\\\/portal\\\/conferencia-uso-de-las-tic-en-las-ciencias-sociales-y-humanas\\\/\",\"url\":\"https:\\\/\\\/www.ucaldas.edu.co\\\/portal\\\/conferencia-uso-de-las-tic-en-las-ciencias-sociales-y-humanas\\\/\",\"name\":\"Conferencia:\u00a0 \u201cUso de las TIC en las Ciencias Sociales y Humanas\u201d .\",\"isPartOf\":{\"@id\":\"https:\\\/\\\/www.ucaldas.edu.co\\\/portal\\\/#website\"},\"primaryImageOfPage\":{\"@id\":\"https:\\\/\\\/www.ucaldas.edu.co\\\/portal\\\/conferencia-uso-de-las-tic-en-las-ciencias-sociales-y-humanas\\\/#primaryimage\"},\"image\":{\"@id\":\"https:\\\/\\\/www.ucaldas.edu.co\\\/portal\\\/conferencia-uso-de-las-tic-en-las-ciencias-sociales-y-humanas\\\/#primaryimage\"},\"thumbnailUrl\":\"https:\\\/\\\/www.ucaldas.edu.co\\\/portal\\\/wp-content\\\/uploads\\\/2021\\\/05\\\/conferencia-tic.jpg\",\"datePublished\":\"2021-05-04T23:53:02+00:00\",\"breadcrumb\":{\"@id\":\"https:\\\/\\\/www.ucaldas.edu.co\\\/portal\\\/conferencia-uso-de-las-tic-en-las-ciencias-sociales-y-humanas\\\/#breadcrumb\"},\"inLanguage\":\"es\",\"potentialAction\":[{\"@type\":\"ReadAction\",\"target\":[\"https:\\\/\\\/www.ucaldas.edu.co\\\/portal\\\/conferencia-uso-de-las-tic-en-las-ciencias-sociales-y-humanas\\\/\"]}]},{\"@type\":\"ImageObject\",\"inLanguage\":\"es\",\"@id\":\"https:\\\/\\\/www.ucaldas.edu.co\\\/portal\\\/conferencia-uso-de-las-tic-en-las-ciencias-sociales-y-humanas\\\/#primaryimage\",\"url\":\"https:\\\/\\\/www.ucaldas.edu.co\\\/portal\\\/wp-content\\\/uploads\\\/2021\\\/05\\\/conferencia-tic.jpg\",\"contentUrl\":\"https:\\\/\\\/www.ucaldas.edu.co\\\/portal\\\/wp-content\\\/uploads\\\/2021\\\/05\\\/conferencia-tic.jpg\",\"width\":700,\"height\":400},{\"@type\":\"BreadcrumbList\",\"@id\":\"https:\\\/\\\/www.ucaldas.edu.co\\\/portal\\\/conferencia-uso-de-las-tic-en-las-ciencias-sociales-y-humanas\\\/#breadcrumb\",\"itemListElement\":[{\"@type\":\"ListItem\",\"position\":1,\"name\":\"Portada\",\"item\":\"https:\\\/\\\/www.ucaldas.edu.co\\\/portal\\\/\"},{\"@type\":\"ListItem\",\"position\":2,\"name\":\"Conferencia:\u00a0 \u201cUso de las TIC en las Ciencias Sociales y Humanas\u201d\"}]},{\"@type\":\"WebSite\",\"@id\":\"https:\\\/\\\/www.ucaldas.edu.co\\\/portal\\\/#website\",\"url\":\"https:\\\/\\\/www.ucaldas.edu.co\\\/portal\\\/\",\"name\":\"Universidad de Caldas\",\"description\":\"\",\"publisher\":{\"@id\":\"https:\\\/\\\/www.ucaldas.edu.co\\\/portal\\\/#organization\"},\"alternateName\":\"U. de Caldas\",\"potentialAction\":[{\"@type\":\"SearchAction\",\"target\":{\"@type\":\"EntryPoint\",\"urlTemplate\":\"https:\\\/\\\/www.ucaldas.edu.co\\\/portal\\\/?s={search_term_string}\"},\"query-input\":{\"@type\":\"PropertyValueSpecification\",\"valueRequired\":true,\"valueName\":\"search_term_string\"}}],\"inLanguage\":\"es\"},{\"@type\":\"Organization\",\"@id\":\"https:\\\/\\\/www.ucaldas.edu.co\\\/portal\\\/#organization\",\"name\":\"Universidad de Caldas\",\"alternateName\":\"U. de Caldas\",\"url\":\"https:\\\/\\\/www.ucaldas.edu.co\\\/portal\\\/\",\"logo\":{\"@type\":\"ImageObject\",\"inLanguage\":\"es\",\"@id\":\"https:\\\/\\\/www.ucaldas.edu.co\\\/portal\\\/#\\\/schema\\\/logo\\\/image\\\/\",\"url\":\"https:\\\/\\\/www.ucaldas.edu.co\\\/portal\\\/wp-content\\\/uploads\\\/2023\\\/11\\\/Logo_horizontal_oscuroU-2023.png\",\"contentUrl\":\"https:\\\/\\\/www.ucaldas.edu.co\\\/portal\\\/wp-content\\\/uploads\\\/2023\\\/11\\\/Logo_horizontal_oscuroU-2023.png\",\"width\":263,\"height\":101,\"caption\":\"Universidad de Caldas\"},\"image\":{\"@id\":\"https:\\\/\\\/www.ucaldas.edu.co\\\/portal\\\/#\\\/schema\\\/logo\\\/image\\\/\"},\"sameAs\":[\"https:\\\/\\\/www.facebook.com\\\/udecaldas\",\"https:\\\/\\\/x.com\\\/udecaldas\",\"https:\\\/\\\/www.youtube.com\\\/universidadcaldas\",\"https:\\\/\\\/www.instagram.com\\\/udecaldas\\\/\"]},{\"@type\":\"Person\",\"@id\":\"https:\\\/\\\/www.ucaldas.edu.co\\\/portal\\\/#\\\/schema\\\/person\\\/a1b482e23449158b4bc319926c074fdf\",\"name\":\"ofiprensa\",\"image\":{\"@type\":\"ImageObject\",\"inLanguage\":\"es\",\"@id\":\"https:\\\/\\\/www.ucaldas.edu.co\\\/portal\\\/wp-content\\\/litespeed\\\/avatar\\\/09ea5085e600095a7a811142c6944527.jpg?ver=1777497608\",\"url\":\"https:\\\/\\\/www.ucaldas.edu.co\\\/portal\\\/wp-content\\\/litespeed\\\/avatar\\\/09ea5085e600095a7a811142c6944527.jpg?ver=1777497608\",\"contentUrl\":\"https:\\\/\\\/www.ucaldas.edu.co\\\/portal\\\/wp-content\\\/litespeed\\\/avatar\\\/09ea5085e600095a7a811142c6944527.jpg?ver=1777497608\",\"caption\":\"ofiprensa\"},\"url\":\"https:\\\/\\\/www.ucaldas.edu.co\\\/portal\\\/author\\\/ofiprensa\\\/\"}]}<\/script>\n<!-- \/ Yoast SEO plugin. -->","yoast_head_json":{"title":"Conferencia:\u00a0 \u201cUso de las TIC en las Ciencias Sociales y Humanas\u201d .","robots":{"index":"index","follow":"follow","max-snippet":"max-snippet:-1","max-image-preview":"max-image-preview:large","max-video-preview":"max-video-preview:-1"},"canonical":"https:\/\/www.ucaldas.edu.co\/portal\/conferencia-uso-de-las-tic-en-las-ciencias-sociales-y-humanas\/","schema":{"@context":"https:\/\/schema.org","@graph":[{"@type":"Article","@id":"https:\/\/www.ucaldas.edu.co\/portal\/conferencia-uso-de-las-tic-en-las-ciencias-sociales-y-humanas\/#article","isPartOf":{"@id":"https:\/\/www.ucaldas.edu.co\/portal\/conferencia-uso-de-las-tic-en-las-ciencias-sociales-y-humanas\/"},"author":{"name":"ofiprensa","@id":"https:\/\/www.ucaldas.edu.co\/portal\/#\/schema\/person\/a1b482e23449158b4bc319926c074fdf"},"headline":"Conferencia:\u00a0 \u201cUso de las TIC en las Ciencias Sociales y Humanas\u201d","datePublished":"2021-05-04T23:53:02+00:00","mainEntityOfPage":{"@id":"https:\/\/www.ucaldas.edu.co\/portal\/conferencia-uso-de-las-tic-en-las-ciencias-sociales-y-humanas\/"},"wordCount":281,"publisher":{"@id":"https:\/\/www.ucaldas.edu.co\/portal\/#organization"},"image":{"@id":"https:\/\/www.ucaldas.edu.co\/portal\/conferencia-uso-de-las-tic-en-las-ciencias-sociales-y-humanas\/#primaryimage"},"thumbnailUrl":"https:\/\/www.ucaldas.edu.co\/portal\/wp-content\/uploads\/2021\/05\/conferencia-tic.jpg","keywords":["Vicerrector\u00eda de Investigaciones y Postgrados","ciencias sociales y humanas","usos de las tic","herramientas de las tic"],"articleSection":["Actualidad","Universidad al D\u00eda","Eventos"],"inLanguage":"es"},{"@type":"WebPage","@id":"https:\/\/www.ucaldas.edu.co\/portal\/conferencia-uso-de-las-tic-en-las-ciencias-sociales-y-humanas\/","url":"https:\/\/www.ucaldas.edu.co\/portal\/conferencia-uso-de-las-tic-en-las-ciencias-sociales-y-humanas\/","name":"Conferencia:\u00a0 \u201cUso de las TIC en las Ciencias Sociales y Humanas\u201d .","isPartOf":{"@id":"https:\/\/www.ucaldas.edu.co\/portal\/#website"},"primaryImageOfPage":{"@id":"https:\/\/www.ucaldas.edu.co\/portal\/conferencia-uso-de-las-tic-en-las-ciencias-sociales-y-humanas\/#primaryimage"},"image":{"@id":"https:\/\/www.ucaldas.edu.co\/portal\/conferencia-uso-de-las-tic-en-las-ciencias-sociales-y-humanas\/#primaryimage"},"thumbnailUrl":"https:\/\/www.ucaldas.edu.co\/portal\/wp-content\/uploads\/2021\/05\/conferencia-tic.jpg","datePublished":"2021-05-04T23:53:02+00:00","breadcrumb":{"@id":"https:\/\/www.ucaldas.edu.co\/portal\/conferencia-uso-de-las-tic-en-las-ciencias-sociales-y-humanas\/#breadcrumb"},"inLanguage":"es","potentialAction":[{"@type":"ReadAction","target":["https:\/\/www.ucaldas.edu.co\/portal\/conferencia-uso-de-las-tic-en-las-ciencias-sociales-y-humanas\/"]}]},{"@type":"ImageObject","inLanguage":"es","@id":"https:\/\/www.ucaldas.edu.co\/portal\/conferencia-uso-de-las-tic-en-las-ciencias-sociales-y-humanas\/#primaryimage","url":"https:\/\/www.ucaldas.edu.co\/portal\/wp-content\/uploads\/2021\/05\/conferencia-tic.jpg","contentUrl":"https:\/\/www.ucaldas.edu.co\/portal\/wp-content\/uploads\/2021\/05\/conferencia-tic.jpg","width":700,"height":400},{"@type":"BreadcrumbList","@id":"https:\/\/www.ucaldas.edu.co\/portal\/conferencia-uso-de-las-tic-en-las-ciencias-sociales-y-humanas\/#breadcrumb","itemListElement":[{"@type":"ListItem","position":1,"name":"Portada","item":"https:\/\/www.ucaldas.edu.co\/portal\/"},{"@type":"ListItem","position":2,"name":"Conferencia:\u00a0 \u201cUso de las TIC en las Ciencias Sociales y Humanas\u201d"}]},{"@type":"WebSite","@id":"https:\/\/www.ucaldas.edu.co\/portal\/#website","url":"https:\/\/www.ucaldas.edu.co\/portal\/","name":"Universidad de Caldas","description":"","publisher":{"@id":"https:\/\/www.ucaldas.edu.co\/portal\/#organization"},"alternateName":"U. de Caldas","potentialAction":[{"@type":"SearchAction","target":{"@type":"EntryPoint","urlTemplate":"https:\/\/www.ucaldas.edu.co\/portal\/?s={search_term_string}"},"query-input":{"@type":"PropertyValueSpecification","valueRequired":true,"valueName":"search_term_string"}}],"inLanguage":"es"},{"@type":"Organization","@id":"https:\/\/www.ucaldas.edu.co\/portal\/#organization","name":"Universidad de Caldas","alternateName":"U. de Caldas","url":"https:\/\/www.ucaldas.edu.co\/portal\/","logo":{"@type":"ImageObject","inLanguage":"es","@id":"https:\/\/www.ucaldas.edu.co\/portal\/#\/schema\/logo\/image\/","url":"https:\/\/www.ucaldas.edu.co\/portal\/wp-content\/uploads\/2023\/11\/Logo_horizontal_oscuroU-2023.png","contentUrl":"https:\/\/www.ucaldas.edu.co\/portal\/wp-content\/uploads\/2023\/11\/Logo_horizontal_oscuroU-2023.png","width":263,"height":101,"caption":"Universidad de Caldas"},"image":{"@id":"https:\/\/www.ucaldas.edu.co\/portal\/#\/schema\/logo\/image\/"},"sameAs":["https:\/\/www.facebook.com\/udecaldas","https:\/\/x.com\/udecaldas","https:\/\/www.youtube.com\/universidadcaldas","https:\/\/www.instagram.com\/udecaldas\/"]},{"@type":"Person","@id":"https:\/\/www.ucaldas.edu.co\/portal\/#\/schema\/person\/a1b482e23449158b4bc319926c074fdf","name":"ofiprensa","image":{"@type":"ImageObject","inLanguage":"es","@id":"https:\/\/www.ucaldas.edu.co\/portal\/wp-content\/litespeed\/avatar\/09ea5085e600095a7a811142c6944527.jpg?ver=1777497608","url":"https:\/\/www.ucaldas.edu.co\/portal\/wp-content\/litespeed\/avatar\/09ea5085e600095a7a811142c6944527.jpg?ver=1777497608","contentUrl":"https:\/\/www.ucaldas.edu.co\/portal\/wp-content\/litespeed\/avatar\/09ea5085e600095a7a811142c6944527.jpg?ver=1777497608","caption":"ofiprensa"},"url":"https:\/\/www.ucaldas.edu.co\/portal\/author\/ofiprensa\/"}]}},"_links":{"self":[{"href":"https:\/\/www.ucaldas.edu.co\/portal\/wp-json\/wp\/v2\/posts\/62469","targetHints":{"allow":["GET"]}}],"collection":[{"href":"https:\/\/www.ucaldas.edu.co\/portal\/wp-json\/wp\/v2\/posts"}],"about":[{"href":"https:\/\/www.ucaldas.edu.co\/portal\/wp-json\/wp\/v2\/types\/post"}],"author":[{"embeddable":true,"href":"https:\/\/www.ucaldas.edu.co\/portal\/wp-json\/wp\/v2\/users\/2"}],"replies":[{"embeddable":true,"href":"https:\/\/www.ucaldas.edu.co\/portal\/wp-json\/wp\/v2\/comments?post=62469"}],"version-history":[{"count":0,"href":"https:\/\/www.ucaldas.edu.co\/portal\/wp-json\/wp\/v2\/posts\/62469\/revisions"}],"wp:featuredmedia":[{"embeddable":true,"href":"https:\/\/www.ucaldas.edu.co\/portal\/wp-json\/wp\/v2\/media\/62470"}],"wp:attachment":[{"href":"https:\/\/www.ucaldas.edu.co\/portal\/wp-json\/wp\/v2\/media?parent=62469"}],"wp:term":[{"taxonomy":"category","embeddable":true,"href":"https:\/\/www.ucaldas.edu.co\/portal\/wp-json\/wp\/v2\/categories?post=62469"},{"taxonomy":"post_tag","embeddable":true,"href":"https:\/\/www.ucaldas.edu.co\/portal\/wp-json\/wp\/v2\/tags?post=62469"}],"curies":[{"name":"wp","href":"https:\/\/api.w.org\/{rel}","templated":true}]}}