{"id":62023,"date":"2021-04-15T00:14:34","date_gmt":"2021-04-15T00:14:34","guid":{"rendered":"https:\/\/www.ucaldas.edu.co\/portal\/?p=62023"},"modified":"2021-04-15T00:14:34","modified_gmt":"2021-04-15T00:14:34","slug":"inician-las-campanas-de-los-candidatos-a-las-elecciones-de-la-universidad-de-caldas","status":"publish","type":"post","link":"https:\/\/www.ucaldas.edu.co\/portal\/inician-las-campanas-de-los-candidatos-a-las-elecciones-de-la-universidad-de-caldas\/","title":{"rendered":"Inician las campa\u00f1as de los candidatos a las elecciones de la Universidad de Caldas"},"content":{"rendered":"<p style=\"text-align: center;\">EL 27 DE ABRIL SE REALIZAR\u00c1N LAS ELECCIONES<br \/>\n<strong>Inician las campa\u00f1as de los candidatos a las elecciones de la Universidad de Caldas<\/strong><\/p>\n<p style=\"text-align: right;\">14\/04\/2021<\/p>\n<p><img loading=\"lazy\" decoding=\"async\" class=\"size-full wp-image-62024 aligncenter\" src=\"https:\/\/www.ucaldas.edu.co\/portal\/wp-content\/uploads\/2021\/04\/elecciones.jpeg\" alt=\"\" width=\"700\" height=\"400\" srcset=\"https:\/\/www.ucaldas.edu.co\/portal\/wp-content\/uploads\/2021\/04\/elecciones.jpeg 700w, https:\/\/www.ucaldas.edu.co\/portal\/wp-content\/uploads\/2021\/04\/elecciones-300x171.jpeg 300w\" sizes=\"auto, (max-width: 700px) 100vw, 700px\" \/><\/p>\n<p>Hasta el pr\u00f3ximo 23 de abril \u00a0los candidatos a los diferentes estamentos de la Universidad de Caldas adelantar\u00e1n su campa\u00f1a electoral a trav\u00e9s de canales digitales.<\/p>\n<p><!--more--><\/p>\n<p>El 27 de abril \u00a0entre las 8:00 a.m. y las 8:00 p.m. se elegir\u00e1n de manera virtual representantes de estudiantes, docentes y egresados para los siguientes estamentos:<\/p>\n<ul>\n<li>Consejo Superior<\/li>\n<li>Consejo Acad\u00e9mico.<\/li>\n<li>Consejo de Facultad de Ingenier\u00edas.<\/li>\n<li>Consejo de Facultad de Ciencias para la Salud.<\/li>\n<li>Consejo de Facultad de Ciencias Agropecuarias.<\/li>\n<li>Consejo de Facultad de Ciencias Exactas y Naturales.<\/li>\n<li>Consejo de Facultad de Artes y Humanidades.<\/li>\n<li>Consejo de Facultad de Ciencias Jur\u00eddicas y Sociales.<\/li>\n<\/ul>\n<p>Para ejercer el derecho al voto ser\u00e1 condici\u00f3n necesaria que las personas incluidas dentro del censo tengan un correo electr\u00f3nico v\u00e1lido al cual se les enviar\u00e1 el usuario y la clave de acceso para ingresar al sistema de votaci\u00f3n.<\/p>\n<p>Para los miembros de la comunidad universitaria que tengan asignado un correo institucional, este ser\u00e1 el \u00fanico v\u00e1lido para votar. En caso contrario, el correo electr\u00f3nico valido para votar ser\u00e1 el registrado en las bases de datos de la Universidad o el que haya sido debidamente actualizado en la etapa del censo electoral.<\/p>\n<p>Los candidatos a las diferentes corporaciones recibieron por parte de la Oficina de Prensa de la Universidad una invitaci\u00f3n para que env\u00eden los videos de presentaci\u00f3n y propuestas para ser difundidos en las redes sociales institucionales. El plazo para remitir el material es hasta el 18 de abril al correo: <a href=\"mailto:ofiprensa@ucaldas.edu.co\">ofiprensa@ucaldas.edu.co<\/a><\/p>\n<p>&nbsp;<\/p>\n<p><strong>Informes: <\/strong>Oficina de Comunicaciones y Prensa Universidad de Caldas.<\/p>\n<p><strong>Redacci\u00f3n:<\/strong> Mateo Buritic\u00e1 Giraldo<\/p>\n<p>&nbsp;<\/p>\n","protected":false},"excerpt":{"rendered":"<p>EL 27 DE ABRIL SE REALIZAR\u00c1N LAS ELECCIONES Inician las campa\u00f1as de los candidatos a las elecciones de la Universidad de Caldas 14\/04\/2021 Hasta el pr\u00f3ximo 23 de abril \u00a0los candidatos a los diferentes estamentos de la Universidad de Caldas adelantar\u00e1n su campa\u00f1a electoral a trav\u00e9s de canales digitales.<\/p>\n","protected":false},"author":2,"featured_media":62024,"comment_status":"closed","ping_status":"open","sticky":false,"template":"","format":"standard","meta":{"footnotes":""},"categories":[48,53,620],"tags":[1444,1750,4636,6126,6189],"class_list":["post-62023","post","type-post","status-publish","format-standard","has-post-thumbnail","hentry","category-actualidad","category-universidad-al-dia","category-ucaldas-transparente","tag-votaciones","tag-candidatos","tag-censo-electoral","tag-elecciones-u-caldas","tag-campana-electoral"],"yoast_head":"<!-- This site is optimized with the Yoast SEO plugin v27.5 - https:\/\/yoast.com\/product\/yoast-seo-wordpress\/ -->\n<title>Inician las campa\u00f1as de los candidatos a las elecciones de la Universidad de Caldas .<\/title>\n<meta name=\"robots\" content=\"index, follow, max-snippet:-1, max-image-preview:large, max-video-preview:-1\" \/>\n<link rel=\"canonical\" href=\"https:\/\/www.ucaldas.edu.co\/portal\/inician-las-campanas-de-los-candidatos-a-las-elecciones-de-la-universidad-de-caldas\/\" \/>\n<script type=\"application\/ld+json\" class=\"yoast-schema-graph\">{\"@context\":\"https:\\\/\\\/schema.org\",\"@graph\":[{\"@type\":\"Article\",\"@id\":\"https:\\\/\\\/www.ucaldas.edu.co\\\/portal\\\/inician-las-campanas-de-los-candidatos-a-las-elecciones-de-la-universidad-de-caldas\\\/#article\",\"isPartOf\":{\"@id\":\"https:\\\/\\\/www.ucaldas.edu.co\\\/portal\\\/inician-las-campanas-de-los-candidatos-a-las-elecciones-de-la-universidad-de-caldas\\\/\"},\"author\":{\"name\":\"ofiprensa\",\"@id\":\"https:\\\/\\\/www.ucaldas.edu.co\\\/portal\\\/#\\\/schema\\\/person\\\/a1b482e23449158b4bc319926c074fdf\"},\"headline\":\"Inician las campa\u00f1as de los candidatos a las elecciones de la Universidad de Caldas\",\"datePublished\":\"2021-04-15T00:14:34+00:00\",\"mainEntityOfPage\":{\"@id\":\"https:\\\/\\\/www.ucaldas.edu.co\\\/portal\\\/inician-las-campanas-de-los-candidatos-a-las-elecciones-de-la-universidad-de-caldas\\\/\"},\"wordCount\":313,\"publisher\":{\"@id\":\"https:\\\/\\\/www.ucaldas.edu.co\\\/portal\\\/#organization\"},\"image\":{\"@id\":\"https:\\\/\\\/www.ucaldas.edu.co\\\/portal\\\/inician-las-campanas-de-los-candidatos-a-las-elecciones-de-la-universidad-de-caldas\\\/#primaryimage\"},\"thumbnailUrl\":\"https:\\\/\\\/www.ucaldas.edu.co\\\/portal\\\/wp-content\\\/uploads\\\/2021\\\/04\\\/elecciones.jpeg\",\"keywords\":[\"votaciones\",\"candidatos\",\"censo electoral\",\"elecciones u caldas\",\"campa\u00f1a electoral\"],\"articleSection\":[\"Actualidad\",\"Universidad al D\u00eda\",\"UCaldas Transparente\"],\"inLanguage\":\"es\"},{\"@type\":\"WebPage\",\"@id\":\"https:\\\/\\\/www.ucaldas.edu.co\\\/portal\\\/inician-las-campanas-de-los-candidatos-a-las-elecciones-de-la-universidad-de-caldas\\\/\",\"url\":\"https:\\\/\\\/www.ucaldas.edu.co\\\/portal\\\/inician-las-campanas-de-los-candidatos-a-las-elecciones-de-la-universidad-de-caldas\\\/\",\"name\":\"Inician las campa\u00f1as de los candidatos a las elecciones de la Universidad de Caldas .\",\"isPartOf\":{\"@id\":\"https:\\\/\\\/www.ucaldas.edu.co\\\/portal\\\/#website\"},\"primaryImageOfPage\":{\"@id\":\"https:\\\/\\\/www.ucaldas.edu.co\\\/portal\\\/inician-las-campanas-de-los-candidatos-a-las-elecciones-de-la-universidad-de-caldas\\\/#primaryimage\"},\"image\":{\"@id\":\"https:\\\/\\\/www.ucaldas.edu.co\\\/portal\\\/inician-las-campanas-de-los-candidatos-a-las-elecciones-de-la-universidad-de-caldas\\\/#primaryimage\"},\"thumbnailUrl\":\"https:\\\/\\\/www.ucaldas.edu.co\\\/portal\\\/wp-content\\\/uploads\\\/2021\\\/04\\\/elecciones.jpeg\",\"datePublished\":\"2021-04-15T00:14:34+00:00\",\"breadcrumb\":{\"@id\":\"https:\\\/\\\/www.ucaldas.edu.co\\\/portal\\\/inician-las-campanas-de-los-candidatos-a-las-elecciones-de-la-universidad-de-caldas\\\/#breadcrumb\"},\"inLanguage\":\"es\",\"potentialAction\":[{\"@type\":\"ReadAction\",\"target\":[\"https:\\\/\\\/www.ucaldas.edu.co\\\/portal\\\/inician-las-campanas-de-los-candidatos-a-las-elecciones-de-la-universidad-de-caldas\\\/\"]}]},{\"@type\":\"ImageObject\",\"inLanguage\":\"es\",\"@id\":\"https:\\\/\\\/www.ucaldas.edu.co\\\/portal\\\/inician-las-campanas-de-los-candidatos-a-las-elecciones-de-la-universidad-de-caldas\\\/#primaryimage\",\"url\":\"https:\\\/\\\/www.ucaldas.edu.co\\\/portal\\\/wp-content\\\/uploads\\\/2021\\\/04\\\/elecciones.jpeg\",\"contentUrl\":\"https:\\\/\\\/www.ucaldas.edu.co\\\/portal\\\/wp-content\\\/uploads\\\/2021\\\/04\\\/elecciones.jpeg\",\"width\":700,\"height\":400},{\"@type\":\"BreadcrumbList\",\"@id\":\"https:\\\/\\\/www.ucaldas.edu.co\\\/portal\\\/inician-las-campanas-de-los-candidatos-a-las-elecciones-de-la-universidad-de-caldas\\\/#breadcrumb\",\"itemListElement\":[{\"@type\":\"ListItem\",\"position\":1,\"name\":\"Portada\",\"item\":\"https:\\\/\\\/www.ucaldas.edu.co\\\/portal\\\/\"},{\"@type\":\"ListItem\",\"position\":2,\"name\":\"Inician las campa\u00f1as de los candidatos a las elecciones de la Universidad de Caldas\"}]},{\"@type\":\"WebSite\",\"@id\":\"https:\\\/\\\/www.ucaldas.edu.co\\\/portal\\\/#website\",\"url\":\"https:\\\/\\\/www.ucaldas.edu.co\\\/portal\\\/\",\"name\":\"Universidad de Caldas\",\"description\":\"\",\"publisher\":{\"@id\":\"https:\\\/\\\/www.ucaldas.edu.co\\\/portal\\\/#organization\"},\"alternateName\":\"U. de Caldas\",\"potentialAction\":[{\"@type\":\"SearchAction\",\"target\":{\"@type\":\"EntryPoint\",\"urlTemplate\":\"https:\\\/\\\/www.ucaldas.edu.co\\\/portal\\\/?s={search_term_string}\"},\"query-input\":{\"@type\":\"PropertyValueSpecification\",\"valueRequired\":true,\"valueName\":\"search_term_string\"}}],\"inLanguage\":\"es\"},{\"@type\":\"Organization\",\"@id\":\"https:\\\/\\\/www.ucaldas.edu.co\\\/portal\\\/#organization\",\"name\":\"Universidad de Caldas\",\"alternateName\":\"U. de Caldas\",\"url\":\"https:\\\/\\\/www.ucaldas.edu.co\\\/portal\\\/\",\"logo\":{\"@type\":\"ImageObject\",\"inLanguage\":\"es\",\"@id\":\"https:\\\/\\\/www.ucaldas.edu.co\\\/portal\\\/#\\\/schema\\\/logo\\\/image\\\/\",\"url\":\"https:\\\/\\\/www.ucaldas.edu.co\\\/portal\\\/wp-content\\\/uploads\\\/2023\\\/11\\\/Logo_horizontal_oscuroU-2023.png\",\"contentUrl\":\"https:\\\/\\\/www.ucaldas.edu.co\\\/portal\\\/wp-content\\\/uploads\\\/2023\\\/11\\\/Logo_horizontal_oscuroU-2023.png\",\"width\":263,\"height\":101,\"caption\":\"Universidad de Caldas\"},\"image\":{\"@id\":\"https:\\\/\\\/www.ucaldas.edu.co\\\/portal\\\/#\\\/schema\\\/logo\\\/image\\\/\"},\"sameAs\":[\"https:\\\/\\\/www.facebook.com\\\/udecaldas\",\"https:\\\/\\\/x.com\\\/udecaldas\",\"https:\\\/\\\/www.youtube.com\\\/universidadcaldas\",\"https:\\\/\\\/www.instagram.com\\\/udecaldas\\\/\"]},{\"@type\":\"Person\",\"@id\":\"https:\\\/\\\/www.ucaldas.edu.co\\\/portal\\\/#\\\/schema\\\/person\\\/a1b482e23449158b4bc319926c074fdf\",\"name\":\"ofiprensa\",\"image\":{\"@type\":\"ImageObject\",\"inLanguage\":\"es\",\"@id\":\"https:\\\/\\\/www.ucaldas.edu.co\\\/portal\\\/wp-content\\\/litespeed\\\/avatar\\\/09ea5085e600095a7a811142c6944527.jpg?ver=1777497608\",\"url\":\"https:\\\/\\\/www.ucaldas.edu.co\\\/portal\\\/wp-content\\\/litespeed\\\/avatar\\\/09ea5085e600095a7a811142c6944527.jpg?ver=1777497608\",\"contentUrl\":\"https:\\\/\\\/www.ucaldas.edu.co\\\/portal\\\/wp-content\\\/litespeed\\\/avatar\\\/09ea5085e600095a7a811142c6944527.jpg?ver=1777497608\",\"caption\":\"ofiprensa\"},\"url\":\"https:\\\/\\\/www.ucaldas.edu.co\\\/portal\\\/author\\\/ofiprensa\\\/\"}]}<\/script>\n<!-- \/ Yoast SEO plugin. -->","yoast_head_json":{"title":"Inician las campa\u00f1as de los candidatos a las elecciones de la Universidad de Caldas .","robots":{"index":"index","follow":"follow","max-snippet":"max-snippet:-1","max-image-preview":"max-image-preview:large","max-video-preview":"max-video-preview:-1"},"canonical":"https:\/\/www.ucaldas.edu.co\/portal\/inician-las-campanas-de-los-candidatos-a-las-elecciones-de-la-universidad-de-caldas\/","schema":{"@context":"https:\/\/schema.org","@graph":[{"@type":"Article","@id":"https:\/\/www.ucaldas.edu.co\/portal\/inician-las-campanas-de-los-candidatos-a-las-elecciones-de-la-universidad-de-caldas\/#article","isPartOf":{"@id":"https:\/\/www.ucaldas.edu.co\/portal\/inician-las-campanas-de-los-candidatos-a-las-elecciones-de-la-universidad-de-caldas\/"},"author":{"name":"ofiprensa","@id":"https:\/\/www.ucaldas.edu.co\/portal\/#\/schema\/person\/a1b482e23449158b4bc319926c074fdf"},"headline":"Inician las campa\u00f1as de los candidatos a las elecciones de la Universidad de Caldas","datePublished":"2021-04-15T00:14:34+00:00","mainEntityOfPage":{"@id":"https:\/\/www.ucaldas.edu.co\/portal\/inician-las-campanas-de-los-candidatos-a-las-elecciones-de-la-universidad-de-caldas\/"},"wordCount":313,"publisher":{"@id":"https:\/\/www.ucaldas.edu.co\/portal\/#organization"},"image":{"@id":"https:\/\/www.ucaldas.edu.co\/portal\/inician-las-campanas-de-los-candidatos-a-las-elecciones-de-la-universidad-de-caldas\/#primaryimage"},"thumbnailUrl":"https:\/\/www.ucaldas.edu.co\/portal\/wp-content\/uploads\/2021\/04\/elecciones.jpeg","keywords":["votaciones","candidatos","censo electoral","elecciones u caldas","campa\u00f1a electoral"],"articleSection":["Actualidad","Universidad al D\u00eda","UCaldas Transparente"],"inLanguage":"es"},{"@type":"WebPage","@id":"https:\/\/www.ucaldas.edu.co\/portal\/inician-las-campanas-de-los-candidatos-a-las-elecciones-de-la-universidad-de-caldas\/","url":"https:\/\/www.ucaldas.edu.co\/portal\/inician-las-campanas-de-los-candidatos-a-las-elecciones-de-la-universidad-de-caldas\/","name":"Inician las campa\u00f1as de los candidatos a las elecciones de la Universidad de Caldas .","isPartOf":{"@id":"https:\/\/www.ucaldas.edu.co\/portal\/#website"},"primaryImageOfPage":{"@id":"https:\/\/www.ucaldas.edu.co\/portal\/inician-las-campanas-de-los-candidatos-a-las-elecciones-de-la-universidad-de-caldas\/#primaryimage"},"image":{"@id":"https:\/\/www.ucaldas.edu.co\/portal\/inician-las-campanas-de-los-candidatos-a-las-elecciones-de-la-universidad-de-caldas\/#primaryimage"},"thumbnailUrl":"https:\/\/www.ucaldas.edu.co\/portal\/wp-content\/uploads\/2021\/04\/elecciones.jpeg","datePublished":"2021-04-15T00:14:34+00:00","breadcrumb":{"@id":"https:\/\/www.ucaldas.edu.co\/portal\/inician-las-campanas-de-los-candidatos-a-las-elecciones-de-la-universidad-de-caldas\/#breadcrumb"},"inLanguage":"es","potentialAction":[{"@type":"ReadAction","target":["https:\/\/www.ucaldas.edu.co\/portal\/inician-las-campanas-de-los-candidatos-a-las-elecciones-de-la-universidad-de-caldas\/"]}]},{"@type":"ImageObject","inLanguage":"es","@id":"https:\/\/www.ucaldas.edu.co\/portal\/inician-las-campanas-de-los-candidatos-a-las-elecciones-de-la-universidad-de-caldas\/#primaryimage","url":"https:\/\/www.ucaldas.edu.co\/portal\/wp-content\/uploads\/2021\/04\/elecciones.jpeg","contentUrl":"https:\/\/www.ucaldas.edu.co\/portal\/wp-content\/uploads\/2021\/04\/elecciones.jpeg","width":700,"height":400},{"@type":"BreadcrumbList","@id":"https:\/\/www.ucaldas.edu.co\/portal\/inician-las-campanas-de-los-candidatos-a-las-elecciones-de-la-universidad-de-caldas\/#breadcrumb","itemListElement":[{"@type":"ListItem","position":1,"name":"Portada","item":"https:\/\/www.ucaldas.edu.co\/portal\/"},{"@type":"ListItem","position":2,"name":"Inician las campa\u00f1as de los candidatos a las elecciones de la Universidad de Caldas"}]},{"@type":"WebSite","@id":"https:\/\/www.ucaldas.edu.co\/portal\/#website","url":"https:\/\/www.ucaldas.edu.co\/portal\/","name":"Universidad de Caldas","description":"","publisher":{"@id":"https:\/\/www.ucaldas.edu.co\/portal\/#organization"},"alternateName":"U. de Caldas","potentialAction":[{"@type":"SearchAction","target":{"@type":"EntryPoint","urlTemplate":"https:\/\/www.ucaldas.edu.co\/portal\/?s={search_term_string}"},"query-input":{"@type":"PropertyValueSpecification","valueRequired":true,"valueName":"search_term_string"}}],"inLanguage":"es"},{"@type":"Organization","@id":"https:\/\/www.ucaldas.edu.co\/portal\/#organization","name":"Universidad de Caldas","alternateName":"U. de Caldas","url":"https:\/\/www.ucaldas.edu.co\/portal\/","logo":{"@type":"ImageObject","inLanguage":"es","@id":"https:\/\/www.ucaldas.edu.co\/portal\/#\/schema\/logo\/image\/","url":"https:\/\/www.ucaldas.edu.co\/portal\/wp-content\/uploads\/2023\/11\/Logo_horizontal_oscuroU-2023.png","contentUrl":"https:\/\/www.ucaldas.edu.co\/portal\/wp-content\/uploads\/2023\/11\/Logo_horizontal_oscuroU-2023.png","width":263,"height":101,"caption":"Universidad de Caldas"},"image":{"@id":"https:\/\/www.ucaldas.edu.co\/portal\/#\/schema\/logo\/image\/"},"sameAs":["https:\/\/www.facebook.com\/udecaldas","https:\/\/x.com\/udecaldas","https:\/\/www.youtube.com\/universidadcaldas","https:\/\/www.instagram.com\/udecaldas\/"]},{"@type":"Person","@id":"https:\/\/www.ucaldas.edu.co\/portal\/#\/schema\/person\/a1b482e23449158b4bc319926c074fdf","name":"ofiprensa","image":{"@type":"ImageObject","inLanguage":"es","@id":"https:\/\/www.ucaldas.edu.co\/portal\/wp-content\/litespeed\/avatar\/09ea5085e600095a7a811142c6944527.jpg?ver=1777497608","url":"https:\/\/www.ucaldas.edu.co\/portal\/wp-content\/litespeed\/avatar\/09ea5085e600095a7a811142c6944527.jpg?ver=1777497608","contentUrl":"https:\/\/www.ucaldas.edu.co\/portal\/wp-content\/litespeed\/avatar\/09ea5085e600095a7a811142c6944527.jpg?ver=1777497608","caption":"ofiprensa"},"url":"https:\/\/www.ucaldas.edu.co\/portal\/author\/ofiprensa\/"}]}},"_links":{"self":[{"href":"https:\/\/www.ucaldas.edu.co\/portal\/wp-json\/wp\/v2\/posts\/62023","targetHints":{"allow":["GET"]}}],"collection":[{"href":"https:\/\/www.ucaldas.edu.co\/portal\/wp-json\/wp\/v2\/posts"}],"about":[{"href":"https:\/\/www.ucaldas.edu.co\/portal\/wp-json\/wp\/v2\/types\/post"}],"author":[{"embeddable":true,"href":"https:\/\/www.ucaldas.edu.co\/portal\/wp-json\/wp\/v2\/users\/2"}],"replies":[{"embeddable":true,"href":"https:\/\/www.ucaldas.edu.co\/portal\/wp-json\/wp\/v2\/comments?post=62023"}],"version-history":[{"count":0,"href":"https:\/\/www.ucaldas.edu.co\/portal\/wp-json\/wp\/v2\/posts\/62023\/revisions"}],"wp:featuredmedia":[{"embeddable":true,"href":"https:\/\/www.ucaldas.edu.co\/portal\/wp-json\/wp\/v2\/media\/62024"}],"wp:attachment":[{"href":"https:\/\/www.ucaldas.edu.co\/portal\/wp-json\/wp\/v2\/media?parent=62023"}],"wp:term":[{"taxonomy":"category","embeddable":true,"href":"https:\/\/www.ucaldas.edu.co\/portal\/wp-json\/wp\/v2\/categories?post=62023"},{"taxonomy":"post_tag","embeddable":true,"href":"https:\/\/www.ucaldas.edu.co\/portal\/wp-json\/wp\/v2\/tags?post=62023"}],"curies":[{"name":"wp","href":"https:\/\/api.w.org\/{rel}","templated":true}]}}