{"id":61996,"date":"2021-04-13T23:48:40","date_gmt":"2021-04-13T23:48:40","guid":{"rendered":"https:\/\/www.ucaldas.edu.co\/portal\/?p=61996"},"modified":"2021-04-13T23:48:40","modified_gmt":"2021-04-13T23:48:40","slug":"sesion-de-bienvenida-a-emprendedores-del-programa-starup-mas","status":"publish","type":"post","link":"https:\/\/www.ucaldas.edu.co\/portal\/sesion-de-bienvenida-a-emprendedores-del-programa-starup-mas\/","title":{"rendered":"Sesi\u00f3n de bienvenida a emprendedores del programa StarUp M\u00e1s"},"content":{"rendered":"<p style=\"text-align: center;\">INICIAN SU PROCESO EN LAS ETAPAS EXPLORA Y PERSIGUE<br \/>\n<b>Sesi\u00f3n de bienvenida a emprendedores del programa StarUp M\u00e1s<\/b><\/p>\n<p style=\"text-align: right;\">13\/04\/2021<\/p>\n<p><img loading=\"lazy\" decoding=\"async\" class=\"size-full wp-image-61997 aligncenter\" src=\"https:\/\/www.ucaldas.edu.co\/portal\/wp-content\/uploads\/2021\/04\/startup.jpg\" alt=\"\" width=\"700\" height=\"400\" srcset=\"https:\/\/www.ucaldas.edu.co\/portal\/wp-content\/uploads\/2021\/04\/startup.jpg 700w, https:\/\/www.ucaldas.edu.co\/portal\/wp-content\/uploads\/2021\/04\/startup-300x171.jpg 300w\" sizes=\"auto, (max-width: 700px) 100vw, 700px\" \/><\/p>\n<p>El pr\u00f3ximo 15 de abril a las 4:00 p.m., el programa Startup M\u00e1s a trav\u00e9s de transmisi\u00f3n por Zoom, dar\u00e1 a conocer los emprendedores que llevar\u00e1n su idea de negocio a otro nivel gracias a esta iniciativa, liderada por Manizales M\u00e1s en articulaci\u00f3n con las instituciones que hacen parte de esta alianza en la ciudad.<\/p>\n<p><!--more--><\/p>\n<p>Los beneficiados fortalecer\u00e1n sus iniciativas empresariales por medio de tres etapas en las que participan dependiendo del estado de tu idea. Las etapas en las que participar\u00e1n los emprendedores ser\u00e1:<\/p>\n<ul>\n<li>Explora: Identificar una idea es primordial en esta etapa. Se realizar\u00e1 un estudio de viabilidad para conocer si la idea es comerciable y que se pueda vender, a trav\u00e9s de una investigaci\u00f3n de mercados.<\/li>\n<li>Persigue: En esta etapa se determinar\u00e1 la oportunidad de negocio identificada, tambi\u00e9n se realizar\u00e1 un estudio de viabilidad profundizado que ayudar\u00e1 a que la idea de negocio se aproxime a la materializaci\u00f3n de la empresa. Finalmente se har\u00e1 una modelaci\u00f3n del negocio y prototipos.<\/li>\n<\/ul>\n<p>El evento est\u00e1 dirigido a toda la comunidad con el fin de que conozcan los nuevos emprendedores y as\u00ed los apoyen. <a href=\"https:\/\/renata.zoom.us\/meeting\/register\/tZAud-GhqzIpHtNeeyqCUnsAw955WYWyVWVh\">Inscripci\u00f3n al evento aqu\u00ed.<\/a><\/p>\n<p>&nbsp;<\/p>\n<p><strong>Informes: <\/strong>Oficina de Comunicaciones y Prensa Universidad de Caldas.<\/p>\n<p><strong>Redacci\u00f3n:<\/strong> Mateo Buritic\u00e1 Giraldo<\/p>\n<p>&nbsp;<\/p>\n","protected":false},"excerpt":{"rendered":"<p>INICIAN SU PROCESO EN LAS ETAPAS EXPLORA Y PERSIGUE Sesi\u00f3n de bienvenida a emprendedores del programa StarUp M\u00e1s 13\/04\/2021 El pr\u00f3ximo 15 de abril a las 4:00 p.m., el programa Startup M\u00e1s a trav\u00e9s de transmisi\u00f3n por Zoom, dar\u00e1 a conocer los emprendedores que llevar\u00e1n su idea de negocio a otro nivel gracias a esta [&hellip;]<\/p>\n","protected":false},"author":2,"featured_media":61997,"comment_status":"closed","ping_status":"open","sticky":false,"template":"","format":"standard","meta":{"footnotes":""},"categories":[624,48,53],"tags":[6183,412,2610],"class_list":["post-61996","post","type-post","status-publish","format-standard","has-post-thumbnail","hentry","category-ucaldas-activa","category-actualidad","category-universidad-al-dia","tag-emprendedores-caldas","tag-manizales-mas","tag-startup-mas"],"yoast_head":"<!-- This site is optimized with the Yoast SEO plugin v27.5 - https:\/\/yoast.com\/product\/yoast-seo-wordpress\/ -->\n<title>Sesi\u00f3n de bienvenida a emprendedores del programa StarUp M\u00e1s .<\/title>\n<meta name=\"robots\" content=\"index, follow, max-snippet:-1, max-image-preview:large, max-video-preview:-1\" \/>\n<link rel=\"canonical\" href=\"https:\/\/www.ucaldas.edu.co\/portal\/sesion-de-bienvenida-a-emprendedores-del-programa-starup-mas\/\" \/>\n<script type=\"application\/ld+json\" class=\"yoast-schema-graph\">{\"@context\":\"https:\\\/\\\/schema.org\",\"@graph\":[{\"@type\":\"Article\",\"@id\":\"https:\\\/\\\/www.ucaldas.edu.co\\\/portal\\\/sesion-de-bienvenida-a-emprendedores-del-programa-starup-mas\\\/#article\",\"isPartOf\":{\"@id\":\"https:\\\/\\\/www.ucaldas.edu.co\\\/portal\\\/sesion-de-bienvenida-a-emprendedores-del-programa-starup-mas\\\/\"},\"author\":{\"name\":\"ofiprensa\",\"@id\":\"https:\\\/\\\/www.ucaldas.edu.co\\\/portal\\\/#\\\/schema\\\/person\\\/a1b482e23449158b4bc319926c074fdf\"},\"headline\":\"Sesi\u00f3n de bienvenida a emprendedores del programa StarUp M\u00e1s\",\"datePublished\":\"2021-04-13T23:48:40+00:00\",\"mainEntityOfPage\":{\"@id\":\"https:\\\/\\\/www.ucaldas.edu.co\\\/portal\\\/sesion-de-bienvenida-a-emprendedores-del-programa-starup-mas\\\/\"},\"wordCount\":249,\"publisher\":{\"@id\":\"https:\\\/\\\/www.ucaldas.edu.co\\\/portal\\\/#organization\"},\"image\":{\"@id\":\"https:\\\/\\\/www.ucaldas.edu.co\\\/portal\\\/sesion-de-bienvenida-a-emprendedores-del-programa-starup-mas\\\/#primaryimage\"},\"thumbnailUrl\":\"https:\\\/\\\/www.ucaldas.edu.co\\\/portal\\\/wp-content\\\/uploads\\\/2021\\\/04\\\/startup.jpg\",\"keywords\":[\"emprendedores caldas\",\"Manizales M\u00e1s\",\"Startup M\u00e1s\"],\"articleSection\":[\"UCaldas Activa\",\"Actualidad\",\"Universidad al D\u00eda\"],\"inLanguage\":\"es\"},{\"@type\":\"WebPage\",\"@id\":\"https:\\\/\\\/www.ucaldas.edu.co\\\/portal\\\/sesion-de-bienvenida-a-emprendedores-del-programa-starup-mas\\\/\",\"url\":\"https:\\\/\\\/www.ucaldas.edu.co\\\/portal\\\/sesion-de-bienvenida-a-emprendedores-del-programa-starup-mas\\\/\",\"name\":\"Sesi\u00f3n de bienvenida a emprendedores del programa StarUp M\u00e1s .\",\"isPartOf\":{\"@id\":\"https:\\\/\\\/www.ucaldas.edu.co\\\/portal\\\/#website\"},\"primaryImageOfPage\":{\"@id\":\"https:\\\/\\\/www.ucaldas.edu.co\\\/portal\\\/sesion-de-bienvenida-a-emprendedores-del-programa-starup-mas\\\/#primaryimage\"},\"image\":{\"@id\":\"https:\\\/\\\/www.ucaldas.edu.co\\\/portal\\\/sesion-de-bienvenida-a-emprendedores-del-programa-starup-mas\\\/#primaryimage\"},\"thumbnailUrl\":\"https:\\\/\\\/www.ucaldas.edu.co\\\/portal\\\/wp-content\\\/uploads\\\/2021\\\/04\\\/startup.jpg\",\"datePublished\":\"2021-04-13T23:48:40+00:00\",\"breadcrumb\":{\"@id\":\"https:\\\/\\\/www.ucaldas.edu.co\\\/portal\\\/sesion-de-bienvenida-a-emprendedores-del-programa-starup-mas\\\/#breadcrumb\"},\"inLanguage\":\"es\",\"potentialAction\":[{\"@type\":\"ReadAction\",\"target\":[\"https:\\\/\\\/www.ucaldas.edu.co\\\/portal\\\/sesion-de-bienvenida-a-emprendedores-del-programa-starup-mas\\\/\"]}]},{\"@type\":\"ImageObject\",\"inLanguage\":\"es\",\"@id\":\"https:\\\/\\\/www.ucaldas.edu.co\\\/portal\\\/sesion-de-bienvenida-a-emprendedores-del-programa-starup-mas\\\/#primaryimage\",\"url\":\"https:\\\/\\\/www.ucaldas.edu.co\\\/portal\\\/wp-content\\\/uploads\\\/2021\\\/04\\\/startup.jpg\",\"contentUrl\":\"https:\\\/\\\/www.ucaldas.edu.co\\\/portal\\\/wp-content\\\/uploads\\\/2021\\\/04\\\/startup.jpg\",\"width\":700,\"height\":400},{\"@type\":\"BreadcrumbList\",\"@id\":\"https:\\\/\\\/www.ucaldas.edu.co\\\/portal\\\/sesion-de-bienvenida-a-emprendedores-del-programa-starup-mas\\\/#breadcrumb\",\"itemListElement\":[{\"@type\":\"ListItem\",\"position\":1,\"name\":\"Portada\",\"item\":\"https:\\\/\\\/www.ucaldas.edu.co\\\/portal\\\/\"},{\"@type\":\"ListItem\",\"position\":2,\"name\":\"Sesi\u00f3n de bienvenida a emprendedores del programa StarUp M\u00e1s\"}]},{\"@type\":\"WebSite\",\"@id\":\"https:\\\/\\\/www.ucaldas.edu.co\\\/portal\\\/#website\",\"url\":\"https:\\\/\\\/www.ucaldas.edu.co\\\/portal\\\/\",\"name\":\"Universidad de Caldas\",\"description\":\"\",\"publisher\":{\"@id\":\"https:\\\/\\\/www.ucaldas.edu.co\\\/portal\\\/#organization\"},\"alternateName\":\"U. de Caldas\",\"potentialAction\":[{\"@type\":\"SearchAction\",\"target\":{\"@type\":\"EntryPoint\",\"urlTemplate\":\"https:\\\/\\\/www.ucaldas.edu.co\\\/portal\\\/?s={search_term_string}\"},\"query-input\":{\"@type\":\"PropertyValueSpecification\",\"valueRequired\":true,\"valueName\":\"search_term_string\"}}],\"inLanguage\":\"es\"},{\"@type\":\"Organization\",\"@id\":\"https:\\\/\\\/www.ucaldas.edu.co\\\/portal\\\/#organization\",\"name\":\"Universidad de Caldas\",\"alternateName\":\"U. de Caldas\",\"url\":\"https:\\\/\\\/www.ucaldas.edu.co\\\/portal\\\/\",\"logo\":{\"@type\":\"ImageObject\",\"inLanguage\":\"es\",\"@id\":\"https:\\\/\\\/www.ucaldas.edu.co\\\/portal\\\/#\\\/schema\\\/logo\\\/image\\\/\",\"url\":\"https:\\\/\\\/www.ucaldas.edu.co\\\/portal\\\/wp-content\\\/uploads\\\/2023\\\/11\\\/Logo_horizontal_oscuroU-2023.png\",\"contentUrl\":\"https:\\\/\\\/www.ucaldas.edu.co\\\/portal\\\/wp-content\\\/uploads\\\/2023\\\/11\\\/Logo_horizontal_oscuroU-2023.png\",\"width\":263,\"height\":101,\"caption\":\"Universidad de Caldas\"},\"image\":{\"@id\":\"https:\\\/\\\/www.ucaldas.edu.co\\\/portal\\\/#\\\/schema\\\/logo\\\/image\\\/\"},\"sameAs\":[\"https:\\\/\\\/www.facebook.com\\\/udecaldas\",\"https:\\\/\\\/x.com\\\/udecaldas\",\"https:\\\/\\\/www.youtube.com\\\/universidadcaldas\",\"https:\\\/\\\/www.instagram.com\\\/udecaldas\\\/\"]},{\"@type\":\"Person\",\"@id\":\"https:\\\/\\\/www.ucaldas.edu.co\\\/portal\\\/#\\\/schema\\\/person\\\/a1b482e23449158b4bc319926c074fdf\",\"name\":\"ofiprensa\",\"image\":{\"@type\":\"ImageObject\",\"inLanguage\":\"es\",\"@id\":\"https:\\\/\\\/www.ucaldas.edu.co\\\/portal\\\/wp-content\\\/litespeed\\\/avatar\\\/09ea5085e600095a7a811142c6944527.jpg?ver=1777497608\",\"url\":\"https:\\\/\\\/www.ucaldas.edu.co\\\/portal\\\/wp-content\\\/litespeed\\\/avatar\\\/09ea5085e600095a7a811142c6944527.jpg?ver=1777497608\",\"contentUrl\":\"https:\\\/\\\/www.ucaldas.edu.co\\\/portal\\\/wp-content\\\/litespeed\\\/avatar\\\/09ea5085e600095a7a811142c6944527.jpg?ver=1777497608\",\"caption\":\"ofiprensa\"},\"url\":\"https:\\\/\\\/www.ucaldas.edu.co\\\/portal\\\/author\\\/ofiprensa\\\/\"}]}<\/script>\n<!-- \/ Yoast SEO plugin. -->","yoast_head_json":{"title":"Sesi\u00f3n de bienvenida a emprendedores del programa StarUp M\u00e1s .","robots":{"index":"index","follow":"follow","max-snippet":"max-snippet:-1","max-image-preview":"max-image-preview:large","max-video-preview":"max-video-preview:-1"},"canonical":"https:\/\/www.ucaldas.edu.co\/portal\/sesion-de-bienvenida-a-emprendedores-del-programa-starup-mas\/","schema":{"@context":"https:\/\/schema.org","@graph":[{"@type":"Article","@id":"https:\/\/www.ucaldas.edu.co\/portal\/sesion-de-bienvenida-a-emprendedores-del-programa-starup-mas\/#article","isPartOf":{"@id":"https:\/\/www.ucaldas.edu.co\/portal\/sesion-de-bienvenida-a-emprendedores-del-programa-starup-mas\/"},"author":{"name":"ofiprensa","@id":"https:\/\/www.ucaldas.edu.co\/portal\/#\/schema\/person\/a1b482e23449158b4bc319926c074fdf"},"headline":"Sesi\u00f3n de bienvenida a emprendedores del programa StarUp M\u00e1s","datePublished":"2021-04-13T23:48:40+00:00","mainEntityOfPage":{"@id":"https:\/\/www.ucaldas.edu.co\/portal\/sesion-de-bienvenida-a-emprendedores-del-programa-starup-mas\/"},"wordCount":249,"publisher":{"@id":"https:\/\/www.ucaldas.edu.co\/portal\/#organization"},"image":{"@id":"https:\/\/www.ucaldas.edu.co\/portal\/sesion-de-bienvenida-a-emprendedores-del-programa-starup-mas\/#primaryimage"},"thumbnailUrl":"https:\/\/www.ucaldas.edu.co\/portal\/wp-content\/uploads\/2021\/04\/startup.jpg","keywords":["emprendedores caldas","Manizales M\u00e1s","Startup M\u00e1s"],"articleSection":["UCaldas Activa","Actualidad","Universidad al D\u00eda"],"inLanguage":"es"},{"@type":"WebPage","@id":"https:\/\/www.ucaldas.edu.co\/portal\/sesion-de-bienvenida-a-emprendedores-del-programa-starup-mas\/","url":"https:\/\/www.ucaldas.edu.co\/portal\/sesion-de-bienvenida-a-emprendedores-del-programa-starup-mas\/","name":"Sesi\u00f3n de bienvenida a emprendedores del programa StarUp M\u00e1s .","isPartOf":{"@id":"https:\/\/www.ucaldas.edu.co\/portal\/#website"},"primaryImageOfPage":{"@id":"https:\/\/www.ucaldas.edu.co\/portal\/sesion-de-bienvenida-a-emprendedores-del-programa-starup-mas\/#primaryimage"},"image":{"@id":"https:\/\/www.ucaldas.edu.co\/portal\/sesion-de-bienvenida-a-emprendedores-del-programa-starup-mas\/#primaryimage"},"thumbnailUrl":"https:\/\/www.ucaldas.edu.co\/portal\/wp-content\/uploads\/2021\/04\/startup.jpg","datePublished":"2021-04-13T23:48:40+00:00","breadcrumb":{"@id":"https:\/\/www.ucaldas.edu.co\/portal\/sesion-de-bienvenida-a-emprendedores-del-programa-starup-mas\/#breadcrumb"},"inLanguage":"es","potentialAction":[{"@type":"ReadAction","target":["https:\/\/www.ucaldas.edu.co\/portal\/sesion-de-bienvenida-a-emprendedores-del-programa-starup-mas\/"]}]},{"@type":"ImageObject","inLanguage":"es","@id":"https:\/\/www.ucaldas.edu.co\/portal\/sesion-de-bienvenida-a-emprendedores-del-programa-starup-mas\/#primaryimage","url":"https:\/\/www.ucaldas.edu.co\/portal\/wp-content\/uploads\/2021\/04\/startup.jpg","contentUrl":"https:\/\/www.ucaldas.edu.co\/portal\/wp-content\/uploads\/2021\/04\/startup.jpg","width":700,"height":400},{"@type":"BreadcrumbList","@id":"https:\/\/www.ucaldas.edu.co\/portal\/sesion-de-bienvenida-a-emprendedores-del-programa-starup-mas\/#breadcrumb","itemListElement":[{"@type":"ListItem","position":1,"name":"Portada","item":"https:\/\/www.ucaldas.edu.co\/portal\/"},{"@type":"ListItem","position":2,"name":"Sesi\u00f3n de bienvenida a emprendedores del programa StarUp M\u00e1s"}]},{"@type":"WebSite","@id":"https:\/\/www.ucaldas.edu.co\/portal\/#website","url":"https:\/\/www.ucaldas.edu.co\/portal\/","name":"Universidad de Caldas","description":"","publisher":{"@id":"https:\/\/www.ucaldas.edu.co\/portal\/#organization"},"alternateName":"U. de Caldas","potentialAction":[{"@type":"SearchAction","target":{"@type":"EntryPoint","urlTemplate":"https:\/\/www.ucaldas.edu.co\/portal\/?s={search_term_string}"},"query-input":{"@type":"PropertyValueSpecification","valueRequired":true,"valueName":"search_term_string"}}],"inLanguage":"es"},{"@type":"Organization","@id":"https:\/\/www.ucaldas.edu.co\/portal\/#organization","name":"Universidad de Caldas","alternateName":"U. de Caldas","url":"https:\/\/www.ucaldas.edu.co\/portal\/","logo":{"@type":"ImageObject","inLanguage":"es","@id":"https:\/\/www.ucaldas.edu.co\/portal\/#\/schema\/logo\/image\/","url":"https:\/\/www.ucaldas.edu.co\/portal\/wp-content\/uploads\/2023\/11\/Logo_horizontal_oscuroU-2023.png","contentUrl":"https:\/\/www.ucaldas.edu.co\/portal\/wp-content\/uploads\/2023\/11\/Logo_horizontal_oscuroU-2023.png","width":263,"height":101,"caption":"Universidad de Caldas"},"image":{"@id":"https:\/\/www.ucaldas.edu.co\/portal\/#\/schema\/logo\/image\/"},"sameAs":["https:\/\/www.facebook.com\/udecaldas","https:\/\/x.com\/udecaldas","https:\/\/www.youtube.com\/universidadcaldas","https:\/\/www.instagram.com\/udecaldas\/"]},{"@type":"Person","@id":"https:\/\/www.ucaldas.edu.co\/portal\/#\/schema\/person\/a1b482e23449158b4bc319926c074fdf","name":"ofiprensa","image":{"@type":"ImageObject","inLanguage":"es","@id":"https:\/\/www.ucaldas.edu.co\/portal\/wp-content\/litespeed\/avatar\/09ea5085e600095a7a811142c6944527.jpg?ver=1777497608","url":"https:\/\/www.ucaldas.edu.co\/portal\/wp-content\/litespeed\/avatar\/09ea5085e600095a7a811142c6944527.jpg?ver=1777497608","contentUrl":"https:\/\/www.ucaldas.edu.co\/portal\/wp-content\/litespeed\/avatar\/09ea5085e600095a7a811142c6944527.jpg?ver=1777497608","caption":"ofiprensa"},"url":"https:\/\/www.ucaldas.edu.co\/portal\/author\/ofiprensa\/"}]}},"_links":{"self":[{"href":"https:\/\/www.ucaldas.edu.co\/portal\/wp-json\/wp\/v2\/posts\/61996","targetHints":{"allow":["GET"]}}],"collection":[{"href":"https:\/\/www.ucaldas.edu.co\/portal\/wp-json\/wp\/v2\/posts"}],"about":[{"href":"https:\/\/www.ucaldas.edu.co\/portal\/wp-json\/wp\/v2\/types\/post"}],"author":[{"embeddable":true,"href":"https:\/\/www.ucaldas.edu.co\/portal\/wp-json\/wp\/v2\/users\/2"}],"replies":[{"embeddable":true,"href":"https:\/\/www.ucaldas.edu.co\/portal\/wp-json\/wp\/v2\/comments?post=61996"}],"version-history":[{"count":0,"href":"https:\/\/www.ucaldas.edu.co\/portal\/wp-json\/wp\/v2\/posts\/61996\/revisions"}],"wp:featuredmedia":[{"embeddable":true,"href":"https:\/\/www.ucaldas.edu.co\/portal\/wp-json\/wp\/v2\/media\/61997"}],"wp:attachment":[{"href":"https:\/\/www.ucaldas.edu.co\/portal\/wp-json\/wp\/v2\/media?parent=61996"}],"wp:term":[{"taxonomy":"category","embeddable":true,"href":"https:\/\/www.ucaldas.edu.co\/portal\/wp-json\/wp\/v2\/categories?post=61996"},{"taxonomy":"post_tag","embeddable":true,"href":"https:\/\/www.ucaldas.edu.co\/portal\/wp-json\/wp\/v2\/tags?post=61996"}],"curies":[{"name":"wp","href":"https:\/\/api.w.org\/{rel}","templated":true}]}}