{"id":61942,"date":"2021-04-09T23:51:43","date_gmt":"2021-04-09T23:51:43","guid":{"rendered":"https:\/\/www.ucaldas.edu.co\/portal\/?p=61942"},"modified":"2021-04-10T00:24:26","modified_gmt":"2021-04-10T00:24:26","slug":"aprobado-alivio-para-el-pago-de-matriculas-para-el-periodo-2021-1","status":"publish","type":"post","link":"https:\/\/www.ucaldas.edu.co\/portal\/aprobado-alivio-para-el-pago-de-matriculas-para-el-periodo-2021-1\/","title":{"rendered":"Aprobado alivio para el pago de matr\u00edculas para el per\u00edodo 2021\/1"},"content":{"rendered":"<p style=\"text-align: center;\">INICIALMENTE SE BENEFICIAR\u00c1N LOS ESTUDIANTES DE ESTRATOS 1 Y 2<br \/>\n<strong>Aprobado alivio para el pago de matr\u00edculas para el per\u00edodo 2021 \u2013 1<\/strong><\/p>\n<p style=\"text-align: right;\">09\/04\/2021<\/p>\n<p><img loading=\"lazy\" decoding=\"async\" class=\"size-full wp-image-61943 aligncenter\" src=\"https:\/\/www.ucaldas.edu.co\/portal\/wp-content\/uploads\/2021\/04\/WhatsApp-Image-2021-04-09-at-5.45.58-PM-1.jpeg\" alt=\"\" width=\"700\" height=\"400\" srcset=\"https:\/\/www.ucaldas.edu.co\/portal\/wp-content\/uploads\/2021\/04\/WhatsApp-Image-2021-04-09-at-5.45.58-PM-1.jpeg 700w, https:\/\/www.ucaldas.edu.co\/portal\/wp-content\/uploads\/2021\/04\/WhatsApp-Image-2021-04-09-at-5.45.58-PM-1-300x171.jpeg 300w\" sizes=\"auto, (max-width: 700px) 100vw, 700px\" \/><\/p>\n<p>El rector de la Universidad de Caldas, Alejandro Ceballos M\u00e1rquez, anunci\u00f3 que el Consejo Superior de la instituci\u00f3n aprob\u00f3 por mayor\u00eda el plan de alivio en el pago de matr\u00edculas de los estudiantes correspondiente al per\u00edodo 2021-1.<\/p>\n<p><!--more--><\/p>\n<p>Ceballos M\u00e1rquez dijo\u00a0 que estos alivios inicialmente beneficiaran a la poblaci\u00f3n estudiantil de estratos socioecon\u00f3micos 1 y 2 y que se espera la pr\u00f3xima semana dar a conocer los alivios que se otorgar\u00e1n para los estratos 3, 4, 5 y 6. \u201cLos estratos 1 y 2 van a recibir un beneficio del 100% en el pago de matr\u00edcula neta para todos los estudiantes de los pregrados de la Universidad\u201d, agreg\u00f3.<\/p>\n<p>Este beneficio se logra gracias al apoyo de un fondo com\u00fan conformado por \u00a0el Ministerio de Educaci\u00f3n Nacional y la Universidad de Caldas, como respuesta a las solicitudes elevadas por los estudiantes de la instituci\u00f3n ante la situaci\u00f3n econ\u00f3mica derivada de la emergencia sanitaria por la que atraviesa el pa\u00eds.<\/p>\n<p>&nbsp;<\/p>\n<p><strong>Anexo:<\/strong><\/p>\n<p><strong>Audio rector Universidad de Caldas,\u00a0 Alejandro Ceballos M\u00e1rquez<\/strong><\/p>\n<p><iframe loading=\"lazy\" src=\"https:\/\/co.ivoox.com\/es\/player_ek_68359093_2_1.html?data=l52gl56UfZShhpywj5WVaZS1lJqah5yncZKhhpywj5WRaZi3jpWah5yncaXZ1Mjfy9XHrYa3lIqvldOPqMafotXf0cfFqNCfwtHW2M7Tb9HV08aYx9GPtMLb0JDRx5DRpdXmhqigh6aop46ZmKiapcbQqMLnjKbRz5C5cYarpJKh&amp;\" width=\"238\" height=\"48\" frameborder=\"0\" scrolling=\"no\" allowfullscreen=\"allowfullscreen\"><\/iframe><\/p>\n<p>&nbsp;<\/p>\n<p><strong>Informes: <\/strong>Oficina de Comunicaciones y Prensa Universidad de Caldas.<\/p>\n<p><strong>Redacci\u00f3n: <\/strong>Adriana Salazar Villegas<\/p>\n<p>&nbsp;<\/p>\n","protected":false},"excerpt":{"rendered":"<p>INICIALMENTE SE BENEFICIAR\u00c1N LOS ESTUDIANTES DE ESTRATOS 1 Y 2 Aprobado alivio para el pago de matr\u00edculas para el per\u00edodo 2021 \u2013 1 09\/04\/2021 El rector de la Universidad de Caldas, Alejandro Ceballos M\u00e1rquez, anunci\u00f3 que el Consejo Superior de la instituci\u00f3n aprob\u00f3 por mayor\u00eda el plan de alivio en el pago de matr\u00edculas de [&hellip;]<\/p>\n","protected":false},"author":2,"featured_media":61943,"comment_status":"closed","ping_status":"open","sticky":false,"template":"","format":"standard","meta":{"footnotes":""},"categories":[48,53],"tags":[4991,6176,409,1090,3237],"class_list":["post-61942","post","type-post","status-publish","format-standard","has-post-thumbnail","hentry","category-actualidad","category-universidad-al-dia","tag-alivio","tag-matriculas-2021-1","tag-pago","tag-consejo-superior","tag-informacion-oficial"],"yoast_head":"<!-- This site is optimized with the Yoast SEO plugin v27.5 - https:\/\/yoast.com\/product\/yoast-seo-wordpress\/ -->\n<title>Aprobado alivio para el pago de matr\u00edculas para el per\u00edodo 2021\/1 .<\/title>\n<meta name=\"robots\" content=\"index, follow, max-snippet:-1, max-image-preview:large, max-video-preview:-1\" \/>\n<link rel=\"canonical\" href=\"https:\/\/www.ucaldas.edu.co\/portal\/aprobado-alivio-para-el-pago-de-matriculas-para-el-periodo-2021-1\/\" \/>\n<script type=\"application\/ld+json\" class=\"yoast-schema-graph\">{\"@context\":\"https:\\\/\\\/schema.org\",\"@graph\":[{\"@type\":\"Article\",\"@id\":\"https:\\\/\\\/www.ucaldas.edu.co\\\/portal\\\/aprobado-alivio-para-el-pago-de-matriculas-para-el-periodo-2021-1\\\/#article\",\"isPartOf\":{\"@id\":\"https:\\\/\\\/www.ucaldas.edu.co\\\/portal\\\/aprobado-alivio-para-el-pago-de-matriculas-para-el-periodo-2021-1\\\/\"},\"author\":{\"name\":\"ofiprensa\",\"@id\":\"https:\\\/\\\/www.ucaldas.edu.co\\\/portal\\\/#\\\/schema\\\/person\\\/a1b482e23449158b4bc319926c074fdf\"},\"headline\":\"Aprobado alivio para el pago de matr\u00edculas para el per\u00edodo 2021\\\/1\",\"datePublished\":\"2021-04-09T23:51:43+00:00\",\"dateModified\":\"2021-04-10T00:24:26+00:00\",\"mainEntityOfPage\":{\"@id\":\"https:\\\/\\\/www.ucaldas.edu.co\\\/portal\\\/aprobado-alivio-para-el-pago-de-matriculas-para-el-periodo-2021-1\\\/\"},\"wordCount\":225,\"publisher\":{\"@id\":\"https:\\\/\\\/www.ucaldas.edu.co\\\/portal\\\/#organization\"},\"image\":{\"@id\":\"https:\\\/\\\/www.ucaldas.edu.co\\\/portal\\\/aprobado-alivio-para-el-pago-de-matriculas-para-el-periodo-2021-1\\\/#primaryimage\"},\"thumbnailUrl\":\"https:\\\/\\\/www.ucaldas.edu.co\\\/portal\\\/wp-content\\\/uploads\\\/2021\\\/04\\\/WhatsApp-Image-2021-04-09-at-5.45.58-PM-1.jpeg\",\"keywords\":[\"alivio\",\"matr\u00edculas 2021-1\",\"pago\",\"Consejo Superior\",\"Informaci\u00f3n Oficial\"],\"articleSection\":[\"Actualidad\",\"Universidad al D\u00eda\"],\"inLanguage\":\"es\"},{\"@type\":\"WebPage\",\"@id\":\"https:\\\/\\\/www.ucaldas.edu.co\\\/portal\\\/aprobado-alivio-para-el-pago-de-matriculas-para-el-periodo-2021-1\\\/\",\"url\":\"https:\\\/\\\/www.ucaldas.edu.co\\\/portal\\\/aprobado-alivio-para-el-pago-de-matriculas-para-el-periodo-2021-1\\\/\",\"name\":\"Aprobado alivio para el pago de matr\u00edculas para el per\u00edodo 2021\\\/1 .\",\"isPartOf\":{\"@id\":\"https:\\\/\\\/www.ucaldas.edu.co\\\/portal\\\/#website\"},\"primaryImageOfPage\":{\"@id\":\"https:\\\/\\\/www.ucaldas.edu.co\\\/portal\\\/aprobado-alivio-para-el-pago-de-matriculas-para-el-periodo-2021-1\\\/#primaryimage\"},\"image\":{\"@id\":\"https:\\\/\\\/www.ucaldas.edu.co\\\/portal\\\/aprobado-alivio-para-el-pago-de-matriculas-para-el-periodo-2021-1\\\/#primaryimage\"},\"thumbnailUrl\":\"https:\\\/\\\/www.ucaldas.edu.co\\\/portal\\\/wp-content\\\/uploads\\\/2021\\\/04\\\/WhatsApp-Image-2021-04-09-at-5.45.58-PM-1.jpeg\",\"datePublished\":\"2021-04-09T23:51:43+00:00\",\"dateModified\":\"2021-04-10T00:24:26+00:00\",\"breadcrumb\":{\"@id\":\"https:\\\/\\\/www.ucaldas.edu.co\\\/portal\\\/aprobado-alivio-para-el-pago-de-matriculas-para-el-periodo-2021-1\\\/#breadcrumb\"},\"inLanguage\":\"es\",\"potentialAction\":[{\"@type\":\"ReadAction\",\"target\":[\"https:\\\/\\\/www.ucaldas.edu.co\\\/portal\\\/aprobado-alivio-para-el-pago-de-matriculas-para-el-periodo-2021-1\\\/\"]}]},{\"@type\":\"ImageObject\",\"inLanguage\":\"es\",\"@id\":\"https:\\\/\\\/www.ucaldas.edu.co\\\/portal\\\/aprobado-alivio-para-el-pago-de-matriculas-para-el-periodo-2021-1\\\/#primaryimage\",\"url\":\"https:\\\/\\\/www.ucaldas.edu.co\\\/portal\\\/wp-content\\\/uploads\\\/2021\\\/04\\\/WhatsApp-Image-2021-04-09-at-5.45.58-PM-1.jpeg\",\"contentUrl\":\"https:\\\/\\\/www.ucaldas.edu.co\\\/portal\\\/wp-content\\\/uploads\\\/2021\\\/04\\\/WhatsApp-Image-2021-04-09-at-5.45.58-PM-1.jpeg\",\"width\":700,\"height\":400},{\"@type\":\"BreadcrumbList\",\"@id\":\"https:\\\/\\\/www.ucaldas.edu.co\\\/portal\\\/aprobado-alivio-para-el-pago-de-matriculas-para-el-periodo-2021-1\\\/#breadcrumb\",\"itemListElement\":[{\"@type\":\"ListItem\",\"position\":1,\"name\":\"Portada\",\"item\":\"https:\\\/\\\/www.ucaldas.edu.co\\\/portal\\\/\"},{\"@type\":\"ListItem\",\"position\":2,\"name\":\"Aprobado alivio para el pago de matr\u00edculas para el per\u00edodo 2021\\\/1\"}]},{\"@type\":\"WebSite\",\"@id\":\"https:\\\/\\\/www.ucaldas.edu.co\\\/portal\\\/#website\",\"url\":\"https:\\\/\\\/www.ucaldas.edu.co\\\/portal\\\/\",\"name\":\"Universidad de Caldas\",\"description\":\"\",\"publisher\":{\"@id\":\"https:\\\/\\\/www.ucaldas.edu.co\\\/portal\\\/#organization\"},\"alternateName\":\"U. de Caldas\",\"potentialAction\":[{\"@type\":\"SearchAction\",\"target\":{\"@type\":\"EntryPoint\",\"urlTemplate\":\"https:\\\/\\\/www.ucaldas.edu.co\\\/portal\\\/?s={search_term_string}\"},\"query-input\":{\"@type\":\"PropertyValueSpecification\",\"valueRequired\":true,\"valueName\":\"search_term_string\"}}],\"inLanguage\":\"es\"},{\"@type\":\"Organization\",\"@id\":\"https:\\\/\\\/www.ucaldas.edu.co\\\/portal\\\/#organization\",\"name\":\"Universidad de Caldas\",\"alternateName\":\"U. de Caldas\",\"url\":\"https:\\\/\\\/www.ucaldas.edu.co\\\/portal\\\/\",\"logo\":{\"@type\":\"ImageObject\",\"inLanguage\":\"es\",\"@id\":\"https:\\\/\\\/www.ucaldas.edu.co\\\/portal\\\/#\\\/schema\\\/logo\\\/image\\\/\",\"url\":\"https:\\\/\\\/www.ucaldas.edu.co\\\/portal\\\/wp-content\\\/uploads\\\/2023\\\/11\\\/Logo_horizontal_oscuroU-2023.png\",\"contentUrl\":\"https:\\\/\\\/www.ucaldas.edu.co\\\/portal\\\/wp-content\\\/uploads\\\/2023\\\/11\\\/Logo_horizontal_oscuroU-2023.png\",\"width\":263,\"height\":101,\"caption\":\"Universidad de Caldas\"},\"image\":{\"@id\":\"https:\\\/\\\/www.ucaldas.edu.co\\\/portal\\\/#\\\/schema\\\/logo\\\/image\\\/\"},\"sameAs\":[\"https:\\\/\\\/www.facebook.com\\\/udecaldas\",\"https:\\\/\\\/x.com\\\/udecaldas\",\"https:\\\/\\\/www.youtube.com\\\/universidadcaldas\",\"https:\\\/\\\/www.instagram.com\\\/udecaldas\\\/\"]},{\"@type\":\"Person\",\"@id\":\"https:\\\/\\\/www.ucaldas.edu.co\\\/portal\\\/#\\\/schema\\\/person\\\/a1b482e23449158b4bc319926c074fdf\",\"name\":\"ofiprensa\",\"image\":{\"@type\":\"ImageObject\",\"inLanguage\":\"es\",\"@id\":\"https:\\\/\\\/www.ucaldas.edu.co\\\/portal\\\/wp-content\\\/litespeed\\\/avatar\\\/09ea5085e600095a7a811142c6944527.jpg?ver=1777497608\",\"url\":\"https:\\\/\\\/www.ucaldas.edu.co\\\/portal\\\/wp-content\\\/litespeed\\\/avatar\\\/09ea5085e600095a7a811142c6944527.jpg?ver=1777497608\",\"contentUrl\":\"https:\\\/\\\/www.ucaldas.edu.co\\\/portal\\\/wp-content\\\/litespeed\\\/avatar\\\/09ea5085e600095a7a811142c6944527.jpg?ver=1777497608\",\"caption\":\"ofiprensa\"},\"url\":\"https:\\\/\\\/www.ucaldas.edu.co\\\/portal\\\/author\\\/ofiprensa\\\/\"}]}<\/script>\n<!-- \/ Yoast SEO plugin. -->","yoast_head_json":{"title":"Aprobado alivio para el pago de matr\u00edculas para el per\u00edodo 2021\/1 .","robots":{"index":"index","follow":"follow","max-snippet":"max-snippet:-1","max-image-preview":"max-image-preview:large","max-video-preview":"max-video-preview:-1"},"canonical":"https:\/\/www.ucaldas.edu.co\/portal\/aprobado-alivio-para-el-pago-de-matriculas-para-el-periodo-2021-1\/","schema":{"@context":"https:\/\/schema.org","@graph":[{"@type":"Article","@id":"https:\/\/www.ucaldas.edu.co\/portal\/aprobado-alivio-para-el-pago-de-matriculas-para-el-periodo-2021-1\/#article","isPartOf":{"@id":"https:\/\/www.ucaldas.edu.co\/portal\/aprobado-alivio-para-el-pago-de-matriculas-para-el-periodo-2021-1\/"},"author":{"name":"ofiprensa","@id":"https:\/\/www.ucaldas.edu.co\/portal\/#\/schema\/person\/a1b482e23449158b4bc319926c074fdf"},"headline":"Aprobado alivio para el pago de matr\u00edculas para el per\u00edodo 2021\/1","datePublished":"2021-04-09T23:51:43+00:00","dateModified":"2021-04-10T00:24:26+00:00","mainEntityOfPage":{"@id":"https:\/\/www.ucaldas.edu.co\/portal\/aprobado-alivio-para-el-pago-de-matriculas-para-el-periodo-2021-1\/"},"wordCount":225,"publisher":{"@id":"https:\/\/www.ucaldas.edu.co\/portal\/#organization"},"image":{"@id":"https:\/\/www.ucaldas.edu.co\/portal\/aprobado-alivio-para-el-pago-de-matriculas-para-el-periodo-2021-1\/#primaryimage"},"thumbnailUrl":"https:\/\/www.ucaldas.edu.co\/portal\/wp-content\/uploads\/2021\/04\/WhatsApp-Image-2021-04-09-at-5.45.58-PM-1.jpeg","keywords":["alivio","matr\u00edculas 2021-1","pago","Consejo Superior","Informaci\u00f3n Oficial"],"articleSection":["Actualidad","Universidad al D\u00eda"],"inLanguage":"es"},{"@type":"WebPage","@id":"https:\/\/www.ucaldas.edu.co\/portal\/aprobado-alivio-para-el-pago-de-matriculas-para-el-periodo-2021-1\/","url":"https:\/\/www.ucaldas.edu.co\/portal\/aprobado-alivio-para-el-pago-de-matriculas-para-el-periodo-2021-1\/","name":"Aprobado alivio para el pago de matr\u00edculas para el per\u00edodo 2021\/1 .","isPartOf":{"@id":"https:\/\/www.ucaldas.edu.co\/portal\/#website"},"primaryImageOfPage":{"@id":"https:\/\/www.ucaldas.edu.co\/portal\/aprobado-alivio-para-el-pago-de-matriculas-para-el-periodo-2021-1\/#primaryimage"},"image":{"@id":"https:\/\/www.ucaldas.edu.co\/portal\/aprobado-alivio-para-el-pago-de-matriculas-para-el-periodo-2021-1\/#primaryimage"},"thumbnailUrl":"https:\/\/www.ucaldas.edu.co\/portal\/wp-content\/uploads\/2021\/04\/WhatsApp-Image-2021-04-09-at-5.45.58-PM-1.jpeg","datePublished":"2021-04-09T23:51:43+00:00","dateModified":"2021-04-10T00:24:26+00:00","breadcrumb":{"@id":"https:\/\/www.ucaldas.edu.co\/portal\/aprobado-alivio-para-el-pago-de-matriculas-para-el-periodo-2021-1\/#breadcrumb"},"inLanguage":"es","potentialAction":[{"@type":"ReadAction","target":["https:\/\/www.ucaldas.edu.co\/portal\/aprobado-alivio-para-el-pago-de-matriculas-para-el-periodo-2021-1\/"]}]},{"@type":"ImageObject","inLanguage":"es","@id":"https:\/\/www.ucaldas.edu.co\/portal\/aprobado-alivio-para-el-pago-de-matriculas-para-el-periodo-2021-1\/#primaryimage","url":"https:\/\/www.ucaldas.edu.co\/portal\/wp-content\/uploads\/2021\/04\/WhatsApp-Image-2021-04-09-at-5.45.58-PM-1.jpeg","contentUrl":"https:\/\/www.ucaldas.edu.co\/portal\/wp-content\/uploads\/2021\/04\/WhatsApp-Image-2021-04-09-at-5.45.58-PM-1.jpeg","width":700,"height":400},{"@type":"BreadcrumbList","@id":"https:\/\/www.ucaldas.edu.co\/portal\/aprobado-alivio-para-el-pago-de-matriculas-para-el-periodo-2021-1\/#breadcrumb","itemListElement":[{"@type":"ListItem","position":1,"name":"Portada","item":"https:\/\/www.ucaldas.edu.co\/portal\/"},{"@type":"ListItem","position":2,"name":"Aprobado alivio para el pago de matr\u00edculas para el per\u00edodo 2021\/1"}]},{"@type":"WebSite","@id":"https:\/\/www.ucaldas.edu.co\/portal\/#website","url":"https:\/\/www.ucaldas.edu.co\/portal\/","name":"Universidad de Caldas","description":"","publisher":{"@id":"https:\/\/www.ucaldas.edu.co\/portal\/#organization"},"alternateName":"U. de Caldas","potentialAction":[{"@type":"SearchAction","target":{"@type":"EntryPoint","urlTemplate":"https:\/\/www.ucaldas.edu.co\/portal\/?s={search_term_string}"},"query-input":{"@type":"PropertyValueSpecification","valueRequired":true,"valueName":"search_term_string"}}],"inLanguage":"es"},{"@type":"Organization","@id":"https:\/\/www.ucaldas.edu.co\/portal\/#organization","name":"Universidad de Caldas","alternateName":"U. de Caldas","url":"https:\/\/www.ucaldas.edu.co\/portal\/","logo":{"@type":"ImageObject","inLanguage":"es","@id":"https:\/\/www.ucaldas.edu.co\/portal\/#\/schema\/logo\/image\/","url":"https:\/\/www.ucaldas.edu.co\/portal\/wp-content\/uploads\/2023\/11\/Logo_horizontal_oscuroU-2023.png","contentUrl":"https:\/\/www.ucaldas.edu.co\/portal\/wp-content\/uploads\/2023\/11\/Logo_horizontal_oscuroU-2023.png","width":263,"height":101,"caption":"Universidad de Caldas"},"image":{"@id":"https:\/\/www.ucaldas.edu.co\/portal\/#\/schema\/logo\/image\/"},"sameAs":["https:\/\/www.facebook.com\/udecaldas","https:\/\/x.com\/udecaldas","https:\/\/www.youtube.com\/universidadcaldas","https:\/\/www.instagram.com\/udecaldas\/"]},{"@type":"Person","@id":"https:\/\/www.ucaldas.edu.co\/portal\/#\/schema\/person\/a1b482e23449158b4bc319926c074fdf","name":"ofiprensa","image":{"@type":"ImageObject","inLanguage":"es","@id":"https:\/\/www.ucaldas.edu.co\/portal\/wp-content\/litespeed\/avatar\/09ea5085e600095a7a811142c6944527.jpg?ver=1777497608","url":"https:\/\/www.ucaldas.edu.co\/portal\/wp-content\/litespeed\/avatar\/09ea5085e600095a7a811142c6944527.jpg?ver=1777497608","contentUrl":"https:\/\/www.ucaldas.edu.co\/portal\/wp-content\/litespeed\/avatar\/09ea5085e600095a7a811142c6944527.jpg?ver=1777497608","caption":"ofiprensa"},"url":"https:\/\/www.ucaldas.edu.co\/portal\/author\/ofiprensa\/"}]}},"_links":{"self":[{"href":"https:\/\/www.ucaldas.edu.co\/portal\/wp-json\/wp\/v2\/posts\/61942","targetHints":{"allow":["GET"]}}],"collection":[{"href":"https:\/\/www.ucaldas.edu.co\/portal\/wp-json\/wp\/v2\/posts"}],"about":[{"href":"https:\/\/www.ucaldas.edu.co\/portal\/wp-json\/wp\/v2\/types\/post"}],"author":[{"embeddable":true,"href":"https:\/\/www.ucaldas.edu.co\/portal\/wp-json\/wp\/v2\/users\/2"}],"replies":[{"embeddable":true,"href":"https:\/\/www.ucaldas.edu.co\/portal\/wp-json\/wp\/v2\/comments?post=61942"}],"version-history":[{"count":0,"href":"https:\/\/www.ucaldas.edu.co\/portal\/wp-json\/wp\/v2\/posts\/61942\/revisions"}],"wp:featuredmedia":[{"embeddable":true,"href":"https:\/\/www.ucaldas.edu.co\/portal\/wp-json\/wp\/v2\/media\/61943"}],"wp:attachment":[{"href":"https:\/\/www.ucaldas.edu.co\/portal\/wp-json\/wp\/v2\/media?parent=61942"}],"wp:term":[{"taxonomy":"category","embeddable":true,"href":"https:\/\/www.ucaldas.edu.co\/portal\/wp-json\/wp\/v2\/categories?post=61942"},{"taxonomy":"post_tag","embeddable":true,"href":"https:\/\/www.ucaldas.edu.co\/portal\/wp-json\/wp\/v2\/tags?post=61942"}],"curies":[{"name":"wp","href":"https:\/\/api.w.org\/{rel}","templated":true}]}}