{"id":6164,"date":"2010-05-24T17:48:29","date_gmt":"2010-05-24T22:48:29","guid":{"rendered":"https:\/\/www.ucaldas.edu.co\/portal\/?p=6164"},"modified":"2010-05-24T17:48:29","modified_gmt":"2010-05-24T22:48:29","slug":"dia-de-la-u-se-celebro-honrando-a-la-comunidad-universitaria","status":"publish","type":"post","link":"https:\/\/www.ucaldas.edu.co\/portal\/dia-de-la-u-se-celebro-honrando-a-la-comunidad-universitaria\/","title":{"rendered":"D\u00eda de la U. se celebr\u00f3  honrando a la comunidad universitaria"},"content":{"rendered":"<p>Homenajes en los 67 a\u00f1os de la Universidad de Caldas<\/p>\n<hr id=\"system-readmore\" \/>\n<table border=\"0\">\n<tbody>\n<tr>\n<td><img loading=\"lazy\" decoding=\"async\" style=\"border: 0px\" alt=\"D\u00eda de la U\" src=\"http:\/\/www.ucaldas.edu.co\/images\/dia_u.jpg\" width=\"240\" height=\"150\" border=\"0\" \/><\/td>\n<td>Z\u00f3simo G\u00f3mez hizo parte de la Asamblea de Caldas en 1943, cuando la corporaci\u00f3n cre\u00f3\u00a0la Universidad Popular, hoy Universidad de Caldas. Este ex diputado fue uno de los homenajeados en el inicio de las celebraciones del D\u00eda de la U, que se realizaron este lunes 24 de mayo.<\/p>\n<p>&nbsp;<\/p>\n<p>En el acto protocolario inicial se conmemoraron los 67 a\u00f1os de la Instituci\u00f3n y se entregaron distinciones a deportistas destacados, mejores empleados, estudiantes con altos puntajes en el Ecaes, investigadores y dem\u00e1s miembros de la comunidad acad\u00e9mica.<\/td>\n<\/tr>\n<\/tbody>\n<\/table>\n<p>Se homenaje\u00f3\u00a0tambi\u00e9n a las dise\u00f1adoras del Edificio Orlando Sierra de la Universidad de Caldas, al equipo de Imagen del conocimiento y a la triatleta Maira Alejandra S\u00e1nchez, a quien tambi\u00e9n se le concedi\u00f3 una beca completa para sus pr\u00f3ximos semestres en la Licenciatura en Educaci\u00f3n F\u00edsica, que cursa en la instituci\u00f3n.<\/p>\n<p>&nbsp;<\/p>\n<p>En la tarde se realiz\u00f3\u00a0una actividad especial en el Parque La Gotera (ver siguiente nota) y para el cierre, la Orquesta Sinf\u00f3nica de Caldas ofreci\u00f3 un recital en honor a la Universidad de Caldas, en el Teatro Los Fundadores.<\/p>\n<p>Mayores informes, en la Oficina de Prensa. Tel\u00e9fono 878 15 00, extensi\u00f3n 11167.<\/p>\n","protected":false},"excerpt":{"rendered":"<p>Homenajes en los 67 a\u00f1os de la Universidad de Caldas Z\u00f3simo G\u00f3mez hizo parte de la Asamblea de Caldas en 1943, cuando la corporaci\u00f3n cre\u00f3\u00a0la Universidad Popular, hoy Universidad de Caldas. Este ex diputado fue uno de los homenajeados en el inicio de las celebraciones del D\u00eda de la U, que se realizaron este lunes [&hellip;]<\/p>\n","protected":false},"author":2,"featured_media":0,"comment_status":"closed","ping_status":"closed","sticky":false,"template":"","format":"standard","meta":{"footnotes":""},"categories":[48,53],"tags":[],"class_list":["post-6164","post","type-post","status-publish","format-standard","hentry","category-actualidad","category-universidad-al-dia"],"yoast_head":"<!-- This site is optimized with the Yoast SEO plugin v27.5 - https:\/\/yoast.com\/product\/yoast-seo-wordpress\/ -->\n<title>D\u00eda de la U. se celebr\u00f3 honrando a la comunidad universitaria .<\/title>\n<meta name=\"robots\" content=\"index, follow, max-snippet:-1, max-image-preview:large, max-video-preview:-1\" \/>\n<link rel=\"canonical\" href=\"https:\/\/www.ucaldas.edu.co\/portal\/dia-de-la-u-se-celebro-honrando-a-la-comunidad-universitaria\/\" \/>\n<script type=\"application\/ld+json\" class=\"yoast-schema-graph\">{\"@context\":\"https:\\\/\\\/schema.org\",\"@graph\":[{\"@type\":\"Article\",\"@id\":\"https:\\\/\\\/www.ucaldas.edu.co\\\/portal\\\/dia-de-la-u-se-celebro-honrando-a-la-comunidad-universitaria\\\/#article\",\"isPartOf\":{\"@id\":\"https:\\\/\\\/www.ucaldas.edu.co\\\/portal\\\/dia-de-la-u-se-celebro-honrando-a-la-comunidad-universitaria\\\/\"},\"author\":{\"name\":\"ofiprensa\",\"@id\":\"https:\\\/\\\/www.ucaldas.edu.co\\\/portal\\\/#\\\/schema\\\/person\\\/a1b482e23449158b4bc319926c074fdf\"},\"headline\":\"D\u00eda de la U. se celebr\u00f3 honrando a la comunidad universitaria\",\"datePublished\":\"2010-05-24T22:48:29+00:00\",\"mainEntityOfPage\":{\"@id\":\"https:\\\/\\\/www.ucaldas.edu.co\\\/portal\\\/dia-de-la-u-se-celebro-honrando-a-la-comunidad-universitaria\\\/\"},\"wordCount\":227,\"publisher\":{\"@id\":\"https:\\\/\\\/www.ucaldas.edu.co\\\/portal\\\/#organization\"},\"image\":{\"@id\":\"https:\\\/\\\/www.ucaldas.edu.co\\\/portal\\\/dia-de-la-u-se-celebro-honrando-a-la-comunidad-universitaria\\\/#primaryimage\"},\"thumbnailUrl\":\"http:\\\/\\\/www.ucaldas.edu.co\\\/images\\\/dia_u.jpg\",\"articleSection\":[\"Actualidad\",\"Universidad al D\u00eda\"],\"inLanguage\":\"es\"},{\"@type\":\"WebPage\",\"@id\":\"https:\\\/\\\/www.ucaldas.edu.co\\\/portal\\\/dia-de-la-u-se-celebro-honrando-a-la-comunidad-universitaria\\\/\",\"url\":\"https:\\\/\\\/www.ucaldas.edu.co\\\/portal\\\/dia-de-la-u-se-celebro-honrando-a-la-comunidad-universitaria\\\/\",\"name\":\"D\u00eda de la U. se celebr\u00f3 honrando a la comunidad universitaria .\",\"isPartOf\":{\"@id\":\"https:\\\/\\\/www.ucaldas.edu.co\\\/portal\\\/#website\"},\"primaryImageOfPage\":{\"@id\":\"https:\\\/\\\/www.ucaldas.edu.co\\\/portal\\\/dia-de-la-u-se-celebro-honrando-a-la-comunidad-universitaria\\\/#primaryimage\"},\"image\":{\"@id\":\"https:\\\/\\\/www.ucaldas.edu.co\\\/portal\\\/dia-de-la-u-se-celebro-honrando-a-la-comunidad-universitaria\\\/#primaryimage\"},\"thumbnailUrl\":\"http:\\\/\\\/www.ucaldas.edu.co\\\/images\\\/dia_u.jpg\",\"datePublished\":\"2010-05-24T22:48:29+00:00\",\"breadcrumb\":{\"@id\":\"https:\\\/\\\/www.ucaldas.edu.co\\\/portal\\\/dia-de-la-u-se-celebro-honrando-a-la-comunidad-universitaria\\\/#breadcrumb\"},\"inLanguage\":\"es\",\"potentialAction\":[{\"@type\":\"ReadAction\",\"target\":[\"https:\\\/\\\/www.ucaldas.edu.co\\\/portal\\\/dia-de-la-u-se-celebro-honrando-a-la-comunidad-universitaria\\\/\"]}]},{\"@type\":\"ImageObject\",\"inLanguage\":\"es\",\"@id\":\"https:\\\/\\\/www.ucaldas.edu.co\\\/portal\\\/dia-de-la-u-se-celebro-honrando-a-la-comunidad-universitaria\\\/#primaryimage\",\"url\":\"http:\\\/\\\/www.ucaldas.edu.co\\\/images\\\/dia_u.jpg\",\"contentUrl\":\"http:\\\/\\\/www.ucaldas.edu.co\\\/images\\\/dia_u.jpg\"},{\"@type\":\"BreadcrumbList\",\"@id\":\"https:\\\/\\\/www.ucaldas.edu.co\\\/portal\\\/dia-de-la-u-se-celebro-honrando-a-la-comunidad-universitaria\\\/#breadcrumb\",\"itemListElement\":[{\"@type\":\"ListItem\",\"position\":1,\"name\":\"Portada\",\"item\":\"https:\\\/\\\/www.ucaldas.edu.co\\\/portal\\\/\"},{\"@type\":\"ListItem\",\"position\":2,\"name\":\"D\u00eda de la U. se celebr\u00f3 honrando a la comunidad universitaria\"}]},{\"@type\":\"WebSite\",\"@id\":\"https:\\\/\\\/www.ucaldas.edu.co\\\/portal\\\/#website\",\"url\":\"https:\\\/\\\/www.ucaldas.edu.co\\\/portal\\\/\",\"name\":\"Universidad de Caldas\",\"description\":\"\",\"publisher\":{\"@id\":\"https:\\\/\\\/www.ucaldas.edu.co\\\/portal\\\/#organization\"},\"alternateName\":\"U. de Caldas\",\"potentialAction\":[{\"@type\":\"SearchAction\",\"target\":{\"@type\":\"EntryPoint\",\"urlTemplate\":\"https:\\\/\\\/www.ucaldas.edu.co\\\/portal\\\/?s={search_term_string}\"},\"query-input\":{\"@type\":\"PropertyValueSpecification\",\"valueRequired\":true,\"valueName\":\"search_term_string\"}}],\"inLanguage\":\"es\"},{\"@type\":\"Organization\",\"@id\":\"https:\\\/\\\/www.ucaldas.edu.co\\\/portal\\\/#organization\",\"name\":\"Universidad de Caldas\",\"alternateName\":\"U. de Caldas\",\"url\":\"https:\\\/\\\/www.ucaldas.edu.co\\\/portal\\\/\",\"logo\":{\"@type\":\"ImageObject\",\"inLanguage\":\"es\",\"@id\":\"https:\\\/\\\/www.ucaldas.edu.co\\\/portal\\\/#\\\/schema\\\/logo\\\/image\\\/\",\"url\":\"https:\\\/\\\/www.ucaldas.edu.co\\\/portal\\\/wp-content\\\/uploads\\\/2023\\\/11\\\/Logo_horizontal_oscuroU-2023.png\",\"contentUrl\":\"https:\\\/\\\/www.ucaldas.edu.co\\\/portal\\\/wp-content\\\/uploads\\\/2023\\\/11\\\/Logo_horizontal_oscuroU-2023.png\",\"width\":263,\"height\":101,\"caption\":\"Universidad de Caldas\"},\"image\":{\"@id\":\"https:\\\/\\\/www.ucaldas.edu.co\\\/portal\\\/#\\\/schema\\\/logo\\\/image\\\/\"},\"sameAs\":[\"https:\\\/\\\/www.facebook.com\\\/udecaldas\",\"https:\\\/\\\/x.com\\\/udecaldas\",\"https:\\\/\\\/www.youtube.com\\\/universidadcaldas\",\"https:\\\/\\\/www.instagram.com\\\/udecaldas\\\/\"]},{\"@type\":\"Person\",\"@id\":\"https:\\\/\\\/www.ucaldas.edu.co\\\/portal\\\/#\\\/schema\\\/person\\\/a1b482e23449158b4bc319926c074fdf\",\"name\":\"ofiprensa\",\"image\":{\"@type\":\"ImageObject\",\"inLanguage\":\"es\",\"@id\":\"https:\\\/\\\/www.ucaldas.edu.co\\\/portal\\\/wp-content\\\/litespeed\\\/avatar\\\/09ea5085e600095a7a811142c6944527.jpg?ver=1777497608\",\"url\":\"https:\\\/\\\/www.ucaldas.edu.co\\\/portal\\\/wp-content\\\/litespeed\\\/avatar\\\/09ea5085e600095a7a811142c6944527.jpg?ver=1777497608\",\"contentUrl\":\"https:\\\/\\\/www.ucaldas.edu.co\\\/portal\\\/wp-content\\\/litespeed\\\/avatar\\\/09ea5085e600095a7a811142c6944527.jpg?ver=1777497608\",\"caption\":\"ofiprensa\"},\"url\":\"https:\\\/\\\/www.ucaldas.edu.co\\\/portal\\\/author\\\/ofiprensa\\\/\"}]}<\/script>\n<!-- \/ Yoast SEO plugin. -->","yoast_head_json":{"title":"D\u00eda de la U. se celebr\u00f3 honrando a la comunidad universitaria .","robots":{"index":"index","follow":"follow","max-snippet":"max-snippet:-1","max-image-preview":"max-image-preview:large","max-video-preview":"max-video-preview:-1"},"canonical":"https:\/\/www.ucaldas.edu.co\/portal\/dia-de-la-u-se-celebro-honrando-a-la-comunidad-universitaria\/","schema":{"@context":"https:\/\/schema.org","@graph":[{"@type":"Article","@id":"https:\/\/www.ucaldas.edu.co\/portal\/dia-de-la-u-se-celebro-honrando-a-la-comunidad-universitaria\/#article","isPartOf":{"@id":"https:\/\/www.ucaldas.edu.co\/portal\/dia-de-la-u-se-celebro-honrando-a-la-comunidad-universitaria\/"},"author":{"name":"ofiprensa","@id":"https:\/\/www.ucaldas.edu.co\/portal\/#\/schema\/person\/a1b482e23449158b4bc319926c074fdf"},"headline":"D\u00eda de la U. se celebr\u00f3 honrando a la comunidad universitaria","datePublished":"2010-05-24T22:48:29+00:00","mainEntityOfPage":{"@id":"https:\/\/www.ucaldas.edu.co\/portal\/dia-de-la-u-se-celebro-honrando-a-la-comunidad-universitaria\/"},"wordCount":227,"publisher":{"@id":"https:\/\/www.ucaldas.edu.co\/portal\/#organization"},"image":{"@id":"https:\/\/www.ucaldas.edu.co\/portal\/dia-de-la-u-se-celebro-honrando-a-la-comunidad-universitaria\/#primaryimage"},"thumbnailUrl":"http:\/\/www.ucaldas.edu.co\/images\/dia_u.jpg","articleSection":["Actualidad","Universidad al D\u00eda"],"inLanguage":"es"},{"@type":"WebPage","@id":"https:\/\/www.ucaldas.edu.co\/portal\/dia-de-la-u-se-celebro-honrando-a-la-comunidad-universitaria\/","url":"https:\/\/www.ucaldas.edu.co\/portal\/dia-de-la-u-se-celebro-honrando-a-la-comunidad-universitaria\/","name":"D\u00eda de la U. se celebr\u00f3 honrando a la comunidad universitaria .","isPartOf":{"@id":"https:\/\/www.ucaldas.edu.co\/portal\/#website"},"primaryImageOfPage":{"@id":"https:\/\/www.ucaldas.edu.co\/portal\/dia-de-la-u-se-celebro-honrando-a-la-comunidad-universitaria\/#primaryimage"},"image":{"@id":"https:\/\/www.ucaldas.edu.co\/portal\/dia-de-la-u-se-celebro-honrando-a-la-comunidad-universitaria\/#primaryimage"},"thumbnailUrl":"http:\/\/www.ucaldas.edu.co\/images\/dia_u.jpg","datePublished":"2010-05-24T22:48:29+00:00","breadcrumb":{"@id":"https:\/\/www.ucaldas.edu.co\/portal\/dia-de-la-u-se-celebro-honrando-a-la-comunidad-universitaria\/#breadcrumb"},"inLanguage":"es","potentialAction":[{"@type":"ReadAction","target":["https:\/\/www.ucaldas.edu.co\/portal\/dia-de-la-u-se-celebro-honrando-a-la-comunidad-universitaria\/"]}]},{"@type":"ImageObject","inLanguage":"es","@id":"https:\/\/www.ucaldas.edu.co\/portal\/dia-de-la-u-se-celebro-honrando-a-la-comunidad-universitaria\/#primaryimage","url":"http:\/\/www.ucaldas.edu.co\/images\/dia_u.jpg","contentUrl":"http:\/\/www.ucaldas.edu.co\/images\/dia_u.jpg"},{"@type":"BreadcrumbList","@id":"https:\/\/www.ucaldas.edu.co\/portal\/dia-de-la-u-se-celebro-honrando-a-la-comunidad-universitaria\/#breadcrumb","itemListElement":[{"@type":"ListItem","position":1,"name":"Portada","item":"https:\/\/www.ucaldas.edu.co\/portal\/"},{"@type":"ListItem","position":2,"name":"D\u00eda de la U. se celebr\u00f3 honrando a la comunidad universitaria"}]},{"@type":"WebSite","@id":"https:\/\/www.ucaldas.edu.co\/portal\/#website","url":"https:\/\/www.ucaldas.edu.co\/portal\/","name":"Universidad de Caldas","description":"","publisher":{"@id":"https:\/\/www.ucaldas.edu.co\/portal\/#organization"},"alternateName":"U. de Caldas","potentialAction":[{"@type":"SearchAction","target":{"@type":"EntryPoint","urlTemplate":"https:\/\/www.ucaldas.edu.co\/portal\/?s={search_term_string}"},"query-input":{"@type":"PropertyValueSpecification","valueRequired":true,"valueName":"search_term_string"}}],"inLanguage":"es"},{"@type":"Organization","@id":"https:\/\/www.ucaldas.edu.co\/portal\/#organization","name":"Universidad de Caldas","alternateName":"U. de Caldas","url":"https:\/\/www.ucaldas.edu.co\/portal\/","logo":{"@type":"ImageObject","inLanguage":"es","@id":"https:\/\/www.ucaldas.edu.co\/portal\/#\/schema\/logo\/image\/","url":"https:\/\/www.ucaldas.edu.co\/portal\/wp-content\/uploads\/2023\/11\/Logo_horizontal_oscuroU-2023.png","contentUrl":"https:\/\/www.ucaldas.edu.co\/portal\/wp-content\/uploads\/2023\/11\/Logo_horizontal_oscuroU-2023.png","width":263,"height":101,"caption":"Universidad de Caldas"},"image":{"@id":"https:\/\/www.ucaldas.edu.co\/portal\/#\/schema\/logo\/image\/"},"sameAs":["https:\/\/www.facebook.com\/udecaldas","https:\/\/x.com\/udecaldas","https:\/\/www.youtube.com\/universidadcaldas","https:\/\/www.instagram.com\/udecaldas\/"]},{"@type":"Person","@id":"https:\/\/www.ucaldas.edu.co\/portal\/#\/schema\/person\/a1b482e23449158b4bc319926c074fdf","name":"ofiprensa","image":{"@type":"ImageObject","inLanguage":"es","@id":"https:\/\/www.ucaldas.edu.co\/portal\/wp-content\/litespeed\/avatar\/09ea5085e600095a7a811142c6944527.jpg?ver=1777497608","url":"https:\/\/www.ucaldas.edu.co\/portal\/wp-content\/litespeed\/avatar\/09ea5085e600095a7a811142c6944527.jpg?ver=1777497608","contentUrl":"https:\/\/www.ucaldas.edu.co\/portal\/wp-content\/litespeed\/avatar\/09ea5085e600095a7a811142c6944527.jpg?ver=1777497608","caption":"ofiprensa"},"url":"https:\/\/www.ucaldas.edu.co\/portal\/author\/ofiprensa\/"}]}},"_links":{"self":[{"href":"https:\/\/www.ucaldas.edu.co\/portal\/wp-json\/wp\/v2\/posts\/6164","targetHints":{"allow":["GET"]}}],"collection":[{"href":"https:\/\/www.ucaldas.edu.co\/portal\/wp-json\/wp\/v2\/posts"}],"about":[{"href":"https:\/\/www.ucaldas.edu.co\/portal\/wp-json\/wp\/v2\/types\/post"}],"author":[{"embeddable":true,"href":"https:\/\/www.ucaldas.edu.co\/portal\/wp-json\/wp\/v2\/users\/2"}],"replies":[{"embeddable":true,"href":"https:\/\/www.ucaldas.edu.co\/portal\/wp-json\/wp\/v2\/comments?post=6164"}],"version-history":[{"count":0,"href":"https:\/\/www.ucaldas.edu.co\/portal\/wp-json\/wp\/v2\/posts\/6164\/revisions"}],"wp:attachment":[{"href":"https:\/\/www.ucaldas.edu.co\/portal\/wp-json\/wp\/v2\/media?parent=6164"}],"wp:term":[{"taxonomy":"category","embeddable":true,"href":"https:\/\/www.ucaldas.edu.co\/portal\/wp-json\/wp\/v2\/categories?post=6164"},{"taxonomy":"post_tag","embeddable":true,"href":"https:\/\/www.ucaldas.edu.co\/portal\/wp-json\/wp\/v2\/tags?post=6164"}],"curies":[{"name":"wp","href":"https:\/\/api.w.org\/{rel}","templated":true}]}}