{"id":61626,"date":"2021-03-23T23:35:49","date_gmt":"2021-03-23T23:35:49","guid":{"rendered":"https:\/\/www.ucaldas.edu.co\/portal\/?p=61626"},"modified":"2021-03-23T23:35:49","modified_gmt":"2021-03-23T23:35:49","slug":"programese-conozca-detalles-de-las-obras-de-adecuacion-en-el-sector-del-velodromo","status":"publish","type":"post","link":"https:\/\/www.ucaldas.edu.co\/portal\/programese-conozca-detalles-de-las-obras-de-adecuacion-en-el-sector-del-velodromo\/","title":{"rendered":"Progr\u00e1mese: Conozca detalles de las obras de adecuaci\u00f3n en el sector del vel\u00f3dromo"},"content":{"rendered":"<p style=\"text-align: center;\">FACEBOOK LIVE A PARTIR DE LAS 4:00 P.M.<\/p>\n<p style=\"text-align: center;\"><strong>Progr\u00e1mese: Conozca detalles de las obras de adecuaci\u00f3n en el sector del vel\u00f3dromo<\/strong><\/p>\n<p style=\"text-align: right;\">23\/03\/2021<\/p>\n<p><img loading=\"lazy\" decoding=\"async\" class=\"size-full wp-image-61564 aligncenter\" src=\"https:\/\/www.ucaldas.edu.co\/portal\/wp-content\/uploads\/2021\/03\/WhatsApp-Image-2021-03-17-at-6.14.46-PM.jpeg\" alt=\"\" width=\"700\" height=\"400\" srcset=\"https:\/\/www.ucaldas.edu.co\/portal\/wp-content\/uploads\/2021\/03\/WhatsApp-Image-2021-03-17-at-6.14.46-PM.jpeg 700w, https:\/\/www.ucaldas.edu.co\/portal\/wp-content\/uploads\/2021\/03\/WhatsApp-Image-2021-03-17-at-6.14.46-PM-300x171.jpeg 300w\" sizes=\"auto, (max-width: 700px) 100vw, 700px\" \/><\/p>\n<p>Este mi\u00e9rcoles 24 de marzo se llevar\u00e1 a cabo una nueva sesi\u00f3n de Facebook Live para conversar con la comunidad universitaria sobre las obras de adecuaci\u00f3n que se adelantar\u00e1n en el sector del vel\u00f3dromo como lo es la construcci\u00f3n de la cancha sint\u00e9tica.<\/p>\n<p><!--more--><\/p>\n<p>La jefa encargada de la Oficina Asesora de Planeaci\u00f3n y Sistemas de la Universidad de Caldas, \u00c1ngela Mar\u00eda Garc\u00eda G\u00f3mez, invita a este encuentro virtual a docentes, estudiantes y administrativos para que conozcan los beneficios de este escenario deportivo que servir\u00e1 para desarrollar diferentes pr\u00e1cticas educativas de los integrantes de la Instituci\u00f3n.<\/p>\n<p>La transmisi\u00f3n ser\u00e1 a partir de las 4:00 p.m. donde los interesados tambi\u00e9n podr\u00e1n formular sus preguntas en vivo. En redes sociales podr\u00e1n participar a trav\u00e9s del Hashtag #NosLaJugamosPorElDeporte<\/p>\n<p>Este ser\u00e1 el tercer encuentro de socializaci\u00f3n del proyecto liderado por la Universidad de Caldas, la semana anterior fue presentado a los estudiantes y docentes de la Facultad de Ciencias para la salud a trav\u00e9s de Facebook Live y el pasado viernes se llev\u00f3 a cabo una reuni\u00f3n presencial con la ciudadan\u00eda para aclarar dudas sobre las obras de adecuaci\u00f3n del vel\u00f3dromo que comenzar\u00e1n el pr\u00f3ximo mes de abril.<\/p>\n<p>&nbsp;<\/p>\n<p><strong>Informes: <\/strong>Oficina de Comunicaciones y Prensa Universidad de Caldas.<\/p>\n<p><strong>Redacci\u00f3n:<\/strong> Daniela S\u00e1nchez R\u00edos<\/p>\n<p>&nbsp;<\/p>\n","protected":false},"excerpt":{"rendered":"<p>FACEBOOK LIVE A PARTIR DE LAS 4:00 P.M. Progr\u00e1mese: Conozca detalles de las obras de adecuaci\u00f3n en el sector del vel\u00f3dromo 23\/03\/2021 Este mi\u00e9rcoles 24 de marzo se llevar\u00e1 a cabo una nueva sesi\u00f3n de Facebook Live para conversar con la comunidad universitaria sobre las obras de adecuaci\u00f3n que se adelantar\u00e1n en el sector del [&hellip;]<\/p>\n","protected":false},"author":2,"featured_media":61564,"comment_status":"closed","ping_status":"open","sticky":false,"template":"","format":"standard","meta":{"footnotes":""},"categories":[620,48,53],"tags":[734,1410,4453,4697,55,650],"class_list":["post-61626","post","type-post","status-publish","format-standard","has-post-thumbnail","hentry","category-ucaldas-transparente","category-actualidad","category-universidad-al-dia","tag-deporte","tag-planeacion","tag-velodromo","tag-facebook-live","tag-academia","tag-comunidad"],"yoast_head":"<!-- This site is optimized with the Yoast SEO plugin v27.4 - https:\/\/yoast.com\/product\/yoast-seo-wordpress\/ -->\n<title>Progr\u00e1mese: Conozca detalles de las obras de adecuaci\u00f3n en el sector del vel\u00f3dromo .<\/title>\n<meta name=\"robots\" content=\"index, follow, max-snippet:-1, max-image-preview:large, max-video-preview:-1\" \/>\n<link rel=\"canonical\" href=\"https:\/\/www.ucaldas.edu.co\/portal\/programese-conozca-detalles-de-las-obras-de-adecuacion-en-el-sector-del-velodromo\/\" \/>\n<script type=\"application\/ld+json\" class=\"yoast-schema-graph\">{\"@context\":\"https:\\\/\\\/schema.org\",\"@graph\":[{\"@type\":\"Article\",\"@id\":\"https:\\\/\\\/www.ucaldas.edu.co\\\/portal\\\/programese-conozca-detalles-de-las-obras-de-adecuacion-en-el-sector-del-velodromo\\\/#article\",\"isPartOf\":{\"@id\":\"https:\\\/\\\/www.ucaldas.edu.co\\\/portal\\\/programese-conozca-detalles-de-las-obras-de-adecuacion-en-el-sector-del-velodromo\\\/\"},\"author\":{\"name\":\"ofiprensa\",\"@id\":\"https:\\\/\\\/www.ucaldas.edu.co\\\/portal\\\/#\\\/schema\\\/person\\\/a1b482e23449158b4bc319926c074fdf\"},\"headline\":\"Progr\u00e1mese: Conozca detalles de las obras de adecuaci\u00f3n en el sector del vel\u00f3dromo\",\"datePublished\":\"2021-03-23T23:35:49+00:00\",\"mainEntityOfPage\":{\"@id\":\"https:\\\/\\\/www.ucaldas.edu.co\\\/portal\\\/programese-conozca-detalles-de-las-obras-de-adecuacion-en-el-sector-del-velodromo\\\/\"},\"wordCount\":276,\"publisher\":{\"@id\":\"https:\\\/\\\/www.ucaldas.edu.co\\\/portal\\\/#organization\"},\"image\":{\"@id\":\"https:\\\/\\\/www.ucaldas.edu.co\\\/portal\\\/programese-conozca-detalles-de-las-obras-de-adecuacion-en-el-sector-del-velodromo\\\/#primaryimage\"},\"thumbnailUrl\":\"https:\\\/\\\/www.ucaldas.edu.co\\\/portal\\\/wp-content\\\/uploads\\\/2021\\\/03\\\/WhatsApp-Image-2021-03-17-at-6.14.46-PM.jpeg\",\"keywords\":[\"deporte\",\"Planeaci\u00f3n\",\"vel\u00f3dromo\",\"Facebook Live\",\"academia\",\"comunidad\"],\"articleSection\":[\"UCaldas Transparente\",\"Actualidad\",\"Universidad al D\u00eda\"],\"inLanguage\":\"es\"},{\"@type\":\"WebPage\",\"@id\":\"https:\\\/\\\/www.ucaldas.edu.co\\\/portal\\\/programese-conozca-detalles-de-las-obras-de-adecuacion-en-el-sector-del-velodromo\\\/\",\"url\":\"https:\\\/\\\/www.ucaldas.edu.co\\\/portal\\\/programese-conozca-detalles-de-las-obras-de-adecuacion-en-el-sector-del-velodromo\\\/\",\"name\":\"Progr\u00e1mese: Conozca detalles de las obras de adecuaci\u00f3n en el sector del vel\u00f3dromo .\",\"isPartOf\":{\"@id\":\"https:\\\/\\\/www.ucaldas.edu.co\\\/portal\\\/#website\"},\"primaryImageOfPage\":{\"@id\":\"https:\\\/\\\/www.ucaldas.edu.co\\\/portal\\\/programese-conozca-detalles-de-las-obras-de-adecuacion-en-el-sector-del-velodromo\\\/#primaryimage\"},\"image\":{\"@id\":\"https:\\\/\\\/www.ucaldas.edu.co\\\/portal\\\/programese-conozca-detalles-de-las-obras-de-adecuacion-en-el-sector-del-velodromo\\\/#primaryimage\"},\"thumbnailUrl\":\"https:\\\/\\\/www.ucaldas.edu.co\\\/portal\\\/wp-content\\\/uploads\\\/2021\\\/03\\\/WhatsApp-Image-2021-03-17-at-6.14.46-PM.jpeg\",\"datePublished\":\"2021-03-23T23:35:49+00:00\",\"breadcrumb\":{\"@id\":\"https:\\\/\\\/www.ucaldas.edu.co\\\/portal\\\/programese-conozca-detalles-de-las-obras-de-adecuacion-en-el-sector-del-velodromo\\\/#breadcrumb\"},\"inLanguage\":\"es\",\"potentialAction\":[{\"@type\":\"ReadAction\",\"target\":[\"https:\\\/\\\/www.ucaldas.edu.co\\\/portal\\\/programese-conozca-detalles-de-las-obras-de-adecuacion-en-el-sector-del-velodromo\\\/\"]}]},{\"@type\":\"ImageObject\",\"inLanguage\":\"es\",\"@id\":\"https:\\\/\\\/www.ucaldas.edu.co\\\/portal\\\/programese-conozca-detalles-de-las-obras-de-adecuacion-en-el-sector-del-velodromo\\\/#primaryimage\",\"url\":\"https:\\\/\\\/www.ucaldas.edu.co\\\/portal\\\/wp-content\\\/uploads\\\/2021\\\/03\\\/WhatsApp-Image-2021-03-17-at-6.14.46-PM.jpeg\",\"contentUrl\":\"https:\\\/\\\/www.ucaldas.edu.co\\\/portal\\\/wp-content\\\/uploads\\\/2021\\\/03\\\/WhatsApp-Image-2021-03-17-at-6.14.46-PM.jpeg\",\"width\":700,\"height\":400},{\"@type\":\"BreadcrumbList\",\"@id\":\"https:\\\/\\\/www.ucaldas.edu.co\\\/portal\\\/programese-conozca-detalles-de-las-obras-de-adecuacion-en-el-sector-del-velodromo\\\/#breadcrumb\",\"itemListElement\":[{\"@type\":\"ListItem\",\"position\":1,\"name\":\"Portada\",\"item\":\"https:\\\/\\\/www.ucaldas.edu.co\\\/portal\\\/\"},{\"@type\":\"ListItem\",\"position\":2,\"name\":\"Progr\u00e1mese: Conozca detalles de las obras de adecuaci\u00f3n en el sector del vel\u00f3dromo\"}]},{\"@type\":\"WebSite\",\"@id\":\"https:\\\/\\\/www.ucaldas.edu.co\\\/portal\\\/#website\",\"url\":\"https:\\\/\\\/www.ucaldas.edu.co\\\/portal\\\/\",\"name\":\"Universidad de Caldas\",\"description\":\"\",\"publisher\":{\"@id\":\"https:\\\/\\\/www.ucaldas.edu.co\\\/portal\\\/#organization\"},\"alternateName\":\"U. de Caldas\",\"potentialAction\":[{\"@type\":\"SearchAction\",\"target\":{\"@type\":\"EntryPoint\",\"urlTemplate\":\"https:\\\/\\\/www.ucaldas.edu.co\\\/portal\\\/?s={search_term_string}\"},\"query-input\":{\"@type\":\"PropertyValueSpecification\",\"valueRequired\":true,\"valueName\":\"search_term_string\"}}],\"inLanguage\":\"es\"},{\"@type\":\"Organization\",\"@id\":\"https:\\\/\\\/www.ucaldas.edu.co\\\/portal\\\/#organization\",\"name\":\"Universidad de Caldas\",\"alternateName\":\"U. de Caldas\",\"url\":\"https:\\\/\\\/www.ucaldas.edu.co\\\/portal\\\/\",\"logo\":{\"@type\":\"ImageObject\",\"inLanguage\":\"es\",\"@id\":\"https:\\\/\\\/www.ucaldas.edu.co\\\/portal\\\/#\\\/schema\\\/logo\\\/image\\\/\",\"url\":\"https:\\\/\\\/www.ucaldas.edu.co\\\/portal\\\/wp-content\\\/uploads\\\/2023\\\/11\\\/Logo_horizontal_oscuroU-2023.png\",\"contentUrl\":\"https:\\\/\\\/www.ucaldas.edu.co\\\/portal\\\/wp-content\\\/uploads\\\/2023\\\/11\\\/Logo_horizontal_oscuroU-2023.png\",\"width\":263,\"height\":101,\"caption\":\"Universidad de Caldas\"},\"image\":{\"@id\":\"https:\\\/\\\/www.ucaldas.edu.co\\\/portal\\\/#\\\/schema\\\/logo\\\/image\\\/\"},\"sameAs\":[\"https:\\\/\\\/www.facebook.com\\\/udecaldas\",\"https:\\\/\\\/x.com\\\/udecaldas\",\"https:\\\/\\\/www.youtube.com\\\/universidadcaldas\",\"https:\\\/\\\/www.instagram.com\\\/udecaldas\\\/\"]},{\"@type\":\"Person\",\"@id\":\"https:\\\/\\\/www.ucaldas.edu.co\\\/portal\\\/#\\\/schema\\\/person\\\/a1b482e23449158b4bc319926c074fdf\",\"name\":\"ofiprensa\",\"image\":{\"@type\":\"ImageObject\",\"inLanguage\":\"es\",\"@id\":\"https:\\\/\\\/www.ucaldas.edu.co\\\/portal\\\/wp-content\\\/litespeed\\\/avatar\\\/09ea5085e600095a7a811142c6944527.jpg?ver=1776892805\",\"url\":\"https:\\\/\\\/www.ucaldas.edu.co\\\/portal\\\/wp-content\\\/litespeed\\\/avatar\\\/09ea5085e600095a7a811142c6944527.jpg?ver=1776892805\",\"contentUrl\":\"https:\\\/\\\/www.ucaldas.edu.co\\\/portal\\\/wp-content\\\/litespeed\\\/avatar\\\/09ea5085e600095a7a811142c6944527.jpg?ver=1776892805\",\"caption\":\"ofiprensa\"},\"url\":\"https:\\\/\\\/www.ucaldas.edu.co\\\/portal\\\/author\\\/ofiprensa\\\/\"}]}<\/script>\n<!-- \/ Yoast SEO plugin. -->","yoast_head_json":{"title":"Progr\u00e1mese: Conozca detalles de las obras de adecuaci\u00f3n en el sector del vel\u00f3dromo .","robots":{"index":"index","follow":"follow","max-snippet":"max-snippet:-1","max-image-preview":"max-image-preview:large","max-video-preview":"max-video-preview:-1"},"canonical":"https:\/\/www.ucaldas.edu.co\/portal\/programese-conozca-detalles-de-las-obras-de-adecuacion-en-el-sector-del-velodromo\/","schema":{"@context":"https:\/\/schema.org","@graph":[{"@type":"Article","@id":"https:\/\/www.ucaldas.edu.co\/portal\/programese-conozca-detalles-de-las-obras-de-adecuacion-en-el-sector-del-velodromo\/#article","isPartOf":{"@id":"https:\/\/www.ucaldas.edu.co\/portal\/programese-conozca-detalles-de-las-obras-de-adecuacion-en-el-sector-del-velodromo\/"},"author":{"name":"ofiprensa","@id":"https:\/\/www.ucaldas.edu.co\/portal\/#\/schema\/person\/a1b482e23449158b4bc319926c074fdf"},"headline":"Progr\u00e1mese: Conozca detalles de las obras de adecuaci\u00f3n en el sector del vel\u00f3dromo","datePublished":"2021-03-23T23:35:49+00:00","mainEntityOfPage":{"@id":"https:\/\/www.ucaldas.edu.co\/portal\/programese-conozca-detalles-de-las-obras-de-adecuacion-en-el-sector-del-velodromo\/"},"wordCount":276,"publisher":{"@id":"https:\/\/www.ucaldas.edu.co\/portal\/#organization"},"image":{"@id":"https:\/\/www.ucaldas.edu.co\/portal\/programese-conozca-detalles-de-las-obras-de-adecuacion-en-el-sector-del-velodromo\/#primaryimage"},"thumbnailUrl":"https:\/\/www.ucaldas.edu.co\/portal\/wp-content\/uploads\/2021\/03\/WhatsApp-Image-2021-03-17-at-6.14.46-PM.jpeg","keywords":["deporte","Planeaci\u00f3n","vel\u00f3dromo","Facebook Live","academia","comunidad"],"articleSection":["UCaldas Transparente","Actualidad","Universidad al D\u00eda"],"inLanguage":"es"},{"@type":"WebPage","@id":"https:\/\/www.ucaldas.edu.co\/portal\/programese-conozca-detalles-de-las-obras-de-adecuacion-en-el-sector-del-velodromo\/","url":"https:\/\/www.ucaldas.edu.co\/portal\/programese-conozca-detalles-de-las-obras-de-adecuacion-en-el-sector-del-velodromo\/","name":"Progr\u00e1mese: Conozca detalles de las obras de adecuaci\u00f3n en el sector del vel\u00f3dromo .","isPartOf":{"@id":"https:\/\/www.ucaldas.edu.co\/portal\/#website"},"primaryImageOfPage":{"@id":"https:\/\/www.ucaldas.edu.co\/portal\/programese-conozca-detalles-de-las-obras-de-adecuacion-en-el-sector-del-velodromo\/#primaryimage"},"image":{"@id":"https:\/\/www.ucaldas.edu.co\/portal\/programese-conozca-detalles-de-las-obras-de-adecuacion-en-el-sector-del-velodromo\/#primaryimage"},"thumbnailUrl":"https:\/\/www.ucaldas.edu.co\/portal\/wp-content\/uploads\/2021\/03\/WhatsApp-Image-2021-03-17-at-6.14.46-PM.jpeg","datePublished":"2021-03-23T23:35:49+00:00","breadcrumb":{"@id":"https:\/\/www.ucaldas.edu.co\/portal\/programese-conozca-detalles-de-las-obras-de-adecuacion-en-el-sector-del-velodromo\/#breadcrumb"},"inLanguage":"es","potentialAction":[{"@type":"ReadAction","target":["https:\/\/www.ucaldas.edu.co\/portal\/programese-conozca-detalles-de-las-obras-de-adecuacion-en-el-sector-del-velodromo\/"]}]},{"@type":"ImageObject","inLanguage":"es","@id":"https:\/\/www.ucaldas.edu.co\/portal\/programese-conozca-detalles-de-las-obras-de-adecuacion-en-el-sector-del-velodromo\/#primaryimage","url":"https:\/\/www.ucaldas.edu.co\/portal\/wp-content\/uploads\/2021\/03\/WhatsApp-Image-2021-03-17-at-6.14.46-PM.jpeg","contentUrl":"https:\/\/www.ucaldas.edu.co\/portal\/wp-content\/uploads\/2021\/03\/WhatsApp-Image-2021-03-17-at-6.14.46-PM.jpeg","width":700,"height":400},{"@type":"BreadcrumbList","@id":"https:\/\/www.ucaldas.edu.co\/portal\/programese-conozca-detalles-de-las-obras-de-adecuacion-en-el-sector-del-velodromo\/#breadcrumb","itemListElement":[{"@type":"ListItem","position":1,"name":"Portada","item":"https:\/\/www.ucaldas.edu.co\/portal\/"},{"@type":"ListItem","position":2,"name":"Progr\u00e1mese: Conozca detalles de las obras de adecuaci\u00f3n en el sector del vel\u00f3dromo"}]},{"@type":"WebSite","@id":"https:\/\/www.ucaldas.edu.co\/portal\/#website","url":"https:\/\/www.ucaldas.edu.co\/portal\/","name":"Universidad de Caldas","description":"","publisher":{"@id":"https:\/\/www.ucaldas.edu.co\/portal\/#organization"},"alternateName":"U. de Caldas","potentialAction":[{"@type":"SearchAction","target":{"@type":"EntryPoint","urlTemplate":"https:\/\/www.ucaldas.edu.co\/portal\/?s={search_term_string}"},"query-input":{"@type":"PropertyValueSpecification","valueRequired":true,"valueName":"search_term_string"}}],"inLanguage":"es"},{"@type":"Organization","@id":"https:\/\/www.ucaldas.edu.co\/portal\/#organization","name":"Universidad de Caldas","alternateName":"U. de Caldas","url":"https:\/\/www.ucaldas.edu.co\/portal\/","logo":{"@type":"ImageObject","inLanguage":"es","@id":"https:\/\/www.ucaldas.edu.co\/portal\/#\/schema\/logo\/image\/","url":"https:\/\/www.ucaldas.edu.co\/portal\/wp-content\/uploads\/2023\/11\/Logo_horizontal_oscuroU-2023.png","contentUrl":"https:\/\/www.ucaldas.edu.co\/portal\/wp-content\/uploads\/2023\/11\/Logo_horizontal_oscuroU-2023.png","width":263,"height":101,"caption":"Universidad de Caldas"},"image":{"@id":"https:\/\/www.ucaldas.edu.co\/portal\/#\/schema\/logo\/image\/"},"sameAs":["https:\/\/www.facebook.com\/udecaldas","https:\/\/x.com\/udecaldas","https:\/\/www.youtube.com\/universidadcaldas","https:\/\/www.instagram.com\/udecaldas\/"]},{"@type":"Person","@id":"https:\/\/www.ucaldas.edu.co\/portal\/#\/schema\/person\/a1b482e23449158b4bc319926c074fdf","name":"ofiprensa","image":{"@type":"ImageObject","inLanguage":"es","@id":"https:\/\/www.ucaldas.edu.co\/portal\/wp-content\/litespeed\/avatar\/09ea5085e600095a7a811142c6944527.jpg?ver=1776892805","url":"https:\/\/www.ucaldas.edu.co\/portal\/wp-content\/litespeed\/avatar\/09ea5085e600095a7a811142c6944527.jpg?ver=1776892805","contentUrl":"https:\/\/www.ucaldas.edu.co\/portal\/wp-content\/litespeed\/avatar\/09ea5085e600095a7a811142c6944527.jpg?ver=1776892805","caption":"ofiprensa"},"url":"https:\/\/www.ucaldas.edu.co\/portal\/author\/ofiprensa\/"}]}},"_links":{"self":[{"href":"https:\/\/www.ucaldas.edu.co\/portal\/wp-json\/wp\/v2\/posts\/61626","targetHints":{"allow":["GET"]}}],"collection":[{"href":"https:\/\/www.ucaldas.edu.co\/portal\/wp-json\/wp\/v2\/posts"}],"about":[{"href":"https:\/\/www.ucaldas.edu.co\/portal\/wp-json\/wp\/v2\/types\/post"}],"author":[{"embeddable":true,"href":"https:\/\/www.ucaldas.edu.co\/portal\/wp-json\/wp\/v2\/users\/2"}],"replies":[{"embeddable":true,"href":"https:\/\/www.ucaldas.edu.co\/portal\/wp-json\/wp\/v2\/comments?post=61626"}],"version-history":[{"count":0,"href":"https:\/\/www.ucaldas.edu.co\/portal\/wp-json\/wp\/v2\/posts\/61626\/revisions"}],"wp:featuredmedia":[{"embeddable":true,"href":"https:\/\/www.ucaldas.edu.co\/portal\/wp-json\/wp\/v2\/media\/61564"}],"wp:attachment":[{"href":"https:\/\/www.ucaldas.edu.co\/portal\/wp-json\/wp\/v2\/media?parent=61626"}],"wp:term":[{"taxonomy":"category","embeddable":true,"href":"https:\/\/www.ucaldas.edu.co\/portal\/wp-json\/wp\/v2\/categories?post=61626"},{"taxonomy":"post_tag","embeddable":true,"href":"https:\/\/www.ucaldas.edu.co\/portal\/wp-json\/wp\/v2\/tags?post=61626"}],"curies":[{"name":"wp","href":"https:\/\/api.w.org\/{rel}","templated":true}]}}