{"id":6159,"date":"2010-05-24T17:47:04","date_gmt":"2010-05-24T22:47:04","guid":{"rendered":"https:\/\/www.ucaldas.edu.co\/portal\/?p=6159"},"modified":"2010-05-24T17:47:04","modified_gmt":"2010-05-24T22:47:04","slug":"equipo-directivo-sigue-en-contacto-con-la-facultad-de-ciencias-agropecuarias","status":"publish","type":"post","link":"https:\/\/www.ucaldas.edu.co\/portal\/equipo-directivo-sigue-en-contacto-con-la-facultad-de-ciencias-agropecuarias\/","title":{"rendered":"Equipo directivo sigue en Contacto con la Facultad de Ciencias Agropecuarias"},"content":{"rendered":"<p>Contin\u00faan los encuentros con las facultades de la U. de Caldas<\/p>\n<hr id=\"system-readmore\" \/>\n<table border=\"0\">\n<tbody>\n<tr>\n<td><img loading=\"lazy\" decoding=\"async\" style=\"border: 0px\" alt=\"Contacto\" src=\"http:\/\/www.ucaldas.edu.co\/images\/concejoampliado.jpg\" width=\"240\" height=\"150\" border=\"0\" \/><\/td>\n<td>Este lunes 24 de mayo se realiz\u00f3\u00a0 la segunda sesi\u00f3n de Contacto Universitario, una iniciativa orientada a fortalecer la comunicaci\u00f3n al interior de la Universidad y a la construcci\u00f3n de una visi\u00f3n compartida sobre la Instituci\u00f3n. Esta vez, la Facultad de Ciencias Agropecuarias fue elegida para el encuentro con el Equipo Directivo de la Universidad de Caldas.<\/td>\n<\/tr>\n<\/tbody>\n<\/table>\n<p>&nbsp;<\/p>\n<p>Una de las propuestas que surgi\u00f3\u00a0 fue la de conformar un Comit\u00e9 Central de Granjas en la Instituci\u00f3n. La sugerencia la hizo el profesor Francisco Orozco, Director del Sistema de Granjas, en el auditorio M\u00e9lida Restrepo de Fraume de dicha Facultad.<\/p>\n<p>&nbsp;<\/p>\n<p>\u201cPor la importancia estrat\u00e9gica para los procesos de formaci\u00f3n, investigaci\u00f3n y extensi\u00f3n estos bienes rurales de la instituci\u00f3n merecen el compromiso de toda la Universidad y no solo de la Facultad\u201d, agreg\u00f3 Orozco.<\/p>\n<p>&nbsp;<\/p>\n<p>Contacto Universitario es un espacio de conversaci\u00f3n que se realiza con cada Facultad de la Instituci\u00f3n. Participan directores de departamentos, representantes de varias comisiones y\u00a0 estudiantes.<\/p>\n<p>Mayores informes, en la Oficina de Prensa. Tel\u00e9fono 878 15 00, extensi\u00f3n 11167.<\/p>\n","protected":false},"excerpt":{"rendered":"<p>Contin\u00faan los encuentros con las facultades de la U. de Caldas Este lunes 24 de mayo se realiz\u00f3\u00a0 la segunda sesi\u00f3n de Contacto Universitario, una iniciativa orientada a fortalecer la comunicaci\u00f3n al interior de la Universidad y a la construcci\u00f3n de una visi\u00f3n compartida sobre la Instituci\u00f3n. Esta vez, la Facultad de Ciencias Agropecuarias fue [&hellip;]<\/p>\n","protected":false},"author":2,"featured_media":0,"comment_status":"closed","ping_status":"closed","sticky":false,"template":"","format":"standard","meta":{"footnotes":""},"categories":[48,53],"tags":[],"class_list":["post-6159","post","type-post","status-publish","format-standard","hentry","category-actualidad","category-universidad-al-dia"],"yoast_head":"<!-- This site is optimized with the Yoast SEO plugin v27.5 - https:\/\/yoast.com\/product\/yoast-seo-wordpress\/ -->\n<title>Equipo directivo sigue en Contacto con la Facultad de Ciencias Agropecuarias .<\/title>\n<meta name=\"robots\" content=\"index, follow, max-snippet:-1, max-image-preview:large, max-video-preview:-1\" \/>\n<link rel=\"canonical\" href=\"https:\/\/www.ucaldas.edu.co\/portal\/equipo-directivo-sigue-en-contacto-con-la-facultad-de-ciencias-agropecuarias\/\" \/>\n<script type=\"application\/ld+json\" class=\"yoast-schema-graph\">{\"@context\":\"https:\\\/\\\/schema.org\",\"@graph\":[{\"@type\":\"Article\",\"@id\":\"https:\\\/\\\/www.ucaldas.edu.co\\\/portal\\\/equipo-directivo-sigue-en-contacto-con-la-facultad-de-ciencias-agropecuarias\\\/#article\",\"isPartOf\":{\"@id\":\"https:\\\/\\\/www.ucaldas.edu.co\\\/portal\\\/equipo-directivo-sigue-en-contacto-con-la-facultad-de-ciencias-agropecuarias\\\/\"},\"author\":{\"name\":\"ofiprensa\",\"@id\":\"https:\\\/\\\/www.ucaldas.edu.co\\\/portal\\\/#\\\/schema\\\/person\\\/a1b482e23449158b4bc319926c074fdf\"},\"headline\":\"Equipo directivo sigue en Contacto con la Facultad de Ciencias Agropecuarias\",\"datePublished\":\"2010-05-24T22:47:04+00:00\",\"mainEntityOfPage\":{\"@id\":\"https:\\\/\\\/www.ucaldas.edu.co\\\/portal\\\/equipo-directivo-sigue-en-contacto-con-la-facultad-de-ciencias-agropecuarias\\\/\"},\"wordCount\":207,\"publisher\":{\"@id\":\"https:\\\/\\\/www.ucaldas.edu.co\\\/portal\\\/#organization\"},\"image\":{\"@id\":\"https:\\\/\\\/www.ucaldas.edu.co\\\/portal\\\/equipo-directivo-sigue-en-contacto-con-la-facultad-de-ciencias-agropecuarias\\\/#primaryimage\"},\"thumbnailUrl\":\"http:\\\/\\\/www.ucaldas.edu.co\\\/images\\\/concejoampliado.jpg\",\"articleSection\":[\"Actualidad\",\"Universidad al D\u00eda\"],\"inLanguage\":\"es\"},{\"@type\":\"WebPage\",\"@id\":\"https:\\\/\\\/www.ucaldas.edu.co\\\/portal\\\/equipo-directivo-sigue-en-contacto-con-la-facultad-de-ciencias-agropecuarias\\\/\",\"url\":\"https:\\\/\\\/www.ucaldas.edu.co\\\/portal\\\/equipo-directivo-sigue-en-contacto-con-la-facultad-de-ciencias-agropecuarias\\\/\",\"name\":\"Equipo directivo sigue en Contacto con la Facultad de Ciencias Agropecuarias .\",\"isPartOf\":{\"@id\":\"https:\\\/\\\/www.ucaldas.edu.co\\\/portal\\\/#website\"},\"primaryImageOfPage\":{\"@id\":\"https:\\\/\\\/www.ucaldas.edu.co\\\/portal\\\/equipo-directivo-sigue-en-contacto-con-la-facultad-de-ciencias-agropecuarias\\\/#primaryimage\"},\"image\":{\"@id\":\"https:\\\/\\\/www.ucaldas.edu.co\\\/portal\\\/equipo-directivo-sigue-en-contacto-con-la-facultad-de-ciencias-agropecuarias\\\/#primaryimage\"},\"thumbnailUrl\":\"http:\\\/\\\/www.ucaldas.edu.co\\\/images\\\/concejoampliado.jpg\",\"datePublished\":\"2010-05-24T22:47:04+00:00\",\"breadcrumb\":{\"@id\":\"https:\\\/\\\/www.ucaldas.edu.co\\\/portal\\\/equipo-directivo-sigue-en-contacto-con-la-facultad-de-ciencias-agropecuarias\\\/#breadcrumb\"},\"inLanguage\":\"es\",\"potentialAction\":[{\"@type\":\"ReadAction\",\"target\":[\"https:\\\/\\\/www.ucaldas.edu.co\\\/portal\\\/equipo-directivo-sigue-en-contacto-con-la-facultad-de-ciencias-agropecuarias\\\/\"]}]},{\"@type\":\"ImageObject\",\"inLanguage\":\"es\",\"@id\":\"https:\\\/\\\/www.ucaldas.edu.co\\\/portal\\\/equipo-directivo-sigue-en-contacto-con-la-facultad-de-ciencias-agropecuarias\\\/#primaryimage\",\"url\":\"http:\\\/\\\/www.ucaldas.edu.co\\\/images\\\/concejoampliado.jpg\",\"contentUrl\":\"http:\\\/\\\/www.ucaldas.edu.co\\\/images\\\/concejoampliado.jpg\"},{\"@type\":\"BreadcrumbList\",\"@id\":\"https:\\\/\\\/www.ucaldas.edu.co\\\/portal\\\/equipo-directivo-sigue-en-contacto-con-la-facultad-de-ciencias-agropecuarias\\\/#breadcrumb\",\"itemListElement\":[{\"@type\":\"ListItem\",\"position\":1,\"name\":\"Portada\",\"item\":\"https:\\\/\\\/www.ucaldas.edu.co\\\/portal\\\/\"},{\"@type\":\"ListItem\",\"position\":2,\"name\":\"Equipo directivo sigue en Contacto con la Facultad de Ciencias Agropecuarias\"}]},{\"@type\":\"WebSite\",\"@id\":\"https:\\\/\\\/www.ucaldas.edu.co\\\/portal\\\/#website\",\"url\":\"https:\\\/\\\/www.ucaldas.edu.co\\\/portal\\\/\",\"name\":\"Universidad de Caldas\",\"description\":\"\",\"publisher\":{\"@id\":\"https:\\\/\\\/www.ucaldas.edu.co\\\/portal\\\/#organization\"},\"alternateName\":\"U. de Caldas\",\"potentialAction\":[{\"@type\":\"SearchAction\",\"target\":{\"@type\":\"EntryPoint\",\"urlTemplate\":\"https:\\\/\\\/www.ucaldas.edu.co\\\/portal\\\/?s={search_term_string}\"},\"query-input\":{\"@type\":\"PropertyValueSpecification\",\"valueRequired\":true,\"valueName\":\"search_term_string\"}}],\"inLanguage\":\"es\"},{\"@type\":\"Organization\",\"@id\":\"https:\\\/\\\/www.ucaldas.edu.co\\\/portal\\\/#organization\",\"name\":\"Universidad de Caldas\",\"alternateName\":\"U. de Caldas\",\"url\":\"https:\\\/\\\/www.ucaldas.edu.co\\\/portal\\\/\",\"logo\":{\"@type\":\"ImageObject\",\"inLanguage\":\"es\",\"@id\":\"https:\\\/\\\/www.ucaldas.edu.co\\\/portal\\\/#\\\/schema\\\/logo\\\/image\\\/\",\"url\":\"https:\\\/\\\/www.ucaldas.edu.co\\\/portal\\\/wp-content\\\/uploads\\\/2023\\\/11\\\/Logo_horizontal_oscuroU-2023.png\",\"contentUrl\":\"https:\\\/\\\/www.ucaldas.edu.co\\\/portal\\\/wp-content\\\/uploads\\\/2023\\\/11\\\/Logo_horizontal_oscuroU-2023.png\",\"width\":263,\"height\":101,\"caption\":\"Universidad de Caldas\"},\"image\":{\"@id\":\"https:\\\/\\\/www.ucaldas.edu.co\\\/portal\\\/#\\\/schema\\\/logo\\\/image\\\/\"},\"sameAs\":[\"https:\\\/\\\/www.facebook.com\\\/udecaldas\",\"https:\\\/\\\/x.com\\\/udecaldas\",\"https:\\\/\\\/www.youtube.com\\\/universidadcaldas\",\"https:\\\/\\\/www.instagram.com\\\/udecaldas\\\/\"]},{\"@type\":\"Person\",\"@id\":\"https:\\\/\\\/www.ucaldas.edu.co\\\/portal\\\/#\\\/schema\\\/person\\\/a1b482e23449158b4bc319926c074fdf\",\"name\":\"ofiprensa\",\"image\":{\"@type\":\"ImageObject\",\"inLanguage\":\"es\",\"@id\":\"https:\\\/\\\/www.ucaldas.edu.co\\\/portal\\\/wp-content\\\/litespeed\\\/avatar\\\/09ea5085e600095a7a811142c6944527.jpg?ver=1777497608\",\"url\":\"https:\\\/\\\/www.ucaldas.edu.co\\\/portal\\\/wp-content\\\/litespeed\\\/avatar\\\/09ea5085e600095a7a811142c6944527.jpg?ver=1777497608\",\"contentUrl\":\"https:\\\/\\\/www.ucaldas.edu.co\\\/portal\\\/wp-content\\\/litespeed\\\/avatar\\\/09ea5085e600095a7a811142c6944527.jpg?ver=1777497608\",\"caption\":\"ofiprensa\"},\"url\":\"https:\\\/\\\/www.ucaldas.edu.co\\\/portal\\\/author\\\/ofiprensa\\\/\"}]}<\/script>\n<!-- \/ Yoast SEO plugin. -->","yoast_head_json":{"title":"Equipo directivo sigue en Contacto con la Facultad de Ciencias Agropecuarias .","robots":{"index":"index","follow":"follow","max-snippet":"max-snippet:-1","max-image-preview":"max-image-preview:large","max-video-preview":"max-video-preview:-1"},"canonical":"https:\/\/www.ucaldas.edu.co\/portal\/equipo-directivo-sigue-en-contacto-con-la-facultad-de-ciencias-agropecuarias\/","schema":{"@context":"https:\/\/schema.org","@graph":[{"@type":"Article","@id":"https:\/\/www.ucaldas.edu.co\/portal\/equipo-directivo-sigue-en-contacto-con-la-facultad-de-ciencias-agropecuarias\/#article","isPartOf":{"@id":"https:\/\/www.ucaldas.edu.co\/portal\/equipo-directivo-sigue-en-contacto-con-la-facultad-de-ciencias-agropecuarias\/"},"author":{"name":"ofiprensa","@id":"https:\/\/www.ucaldas.edu.co\/portal\/#\/schema\/person\/a1b482e23449158b4bc319926c074fdf"},"headline":"Equipo directivo sigue en Contacto con la Facultad de Ciencias Agropecuarias","datePublished":"2010-05-24T22:47:04+00:00","mainEntityOfPage":{"@id":"https:\/\/www.ucaldas.edu.co\/portal\/equipo-directivo-sigue-en-contacto-con-la-facultad-de-ciencias-agropecuarias\/"},"wordCount":207,"publisher":{"@id":"https:\/\/www.ucaldas.edu.co\/portal\/#organization"},"image":{"@id":"https:\/\/www.ucaldas.edu.co\/portal\/equipo-directivo-sigue-en-contacto-con-la-facultad-de-ciencias-agropecuarias\/#primaryimage"},"thumbnailUrl":"http:\/\/www.ucaldas.edu.co\/images\/concejoampliado.jpg","articleSection":["Actualidad","Universidad al D\u00eda"],"inLanguage":"es"},{"@type":"WebPage","@id":"https:\/\/www.ucaldas.edu.co\/portal\/equipo-directivo-sigue-en-contacto-con-la-facultad-de-ciencias-agropecuarias\/","url":"https:\/\/www.ucaldas.edu.co\/portal\/equipo-directivo-sigue-en-contacto-con-la-facultad-de-ciencias-agropecuarias\/","name":"Equipo directivo sigue en Contacto con la Facultad de Ciencias Agropecuarias .","isPartOf":{"@id":"https:\/\/www.ucaldas.edu.co\/portal\/#website"},"primaryImageOfPage":{"@id":"https:\/\/www.ucaldas.edu.co\/portal\/equipo-directivo-sigue-en-contacto-con-la-facultad-de-ciencias-agropecuarias\/#primaryimage"},"image":{"@id":"https:\/\/www.ucaldas.edu.co\/portal\/equipo-directivo-sigue-en-contacto-con-la-facultad-de-ciencias-agropecuarias\/#primaryimage"},"thumbnailUrl":"http:\/\/www.ucaldas.edu.co\/images\/concejoampliado.jpg","datePublished":"2010-05-24T22:47:04+00:00","breadcrumb":{"@id":"https:\/\/www.ucaldas.edu.co\/portal\/equipo-directivo-sigue-en-contacto-con-la-facultad-de-ciencias-agropecuarias\/#breadcrumb"},"inLanguage":"es","potentialAction":[{"@type":"ReadAction","target":["https:\/\/www.ucaldas.edu.co\/portal\/equipo-directivo-sigue-en-contacto-con-la-facultad-de-ciencias-agropecuarias\/"]}]},{"@type":"ImageObject","inLanguage":"es","@id":"https:\/\/www.ucaldas.edu.co\/portal\/equipo-directivo-sigue-en-contacto-con-la-facultad-de-ciencias-agropecuarias\/#primaryimage","url":"http:\/\/www.ucaldas.edu.co\/images\/concejoampliado.jpg","contentUrl":"http:\/\/www.ucaldas.edu.co\/images\/concejoampliado.jpg"},{"@type":"BreadcrumbList","@id":"https:\/\/www.ucaldas.edu.co\/portal\/equipo-directivo-sigue-en-contacto-con-la-facultad-de-ciencias-agropecuarias\/#breadcrumb","itemListElement":[{"@type":"ListItem","position":1,"name":"Portada","item":"https:\/\/www.ucaldas.edu.co\/portal\/"},{"@type":"ListItem","position":2,"name":"Equipo directivo sigue en Contacto con la Facultad de Ciencias Agropecuarias"}]},{"@type":"WebSite","@id":"https:\/\/www.ucaldas.edu.co\/portal\/#website","url":"https:\/\/www.ucaldas.edu.co\/portal\/","name":"Universidad de Caldas","description":"","publisher":{"@id":"https:\/\/www.ucaldas.edu.co\/portal\/#organization"},"alternateName":"U. de Caldas","potentialAction":[{"@type":"SearchAction","target":{"@type":"EntryPoint","urlTemplate":"https:\/\/www.ucaldas.edu.co\/portal\/?s={search_term_string}"},"query-input":{"@type":"PropertyValueSpecification","valueRequired":true,"valueName":"search_term_string"}}],"inLanguage":"es"},{"@type":"Organization","@id":"https:\/\/www.ucaldas.edu.co\/portal\/#organization","name":"Universidad de Caldas","alternateName":"U. de Caldas","url":"https:\/\/www.ucaldas.edu.co\/portal\/","logo":{"@type":"ImageObject","inLanguage":"es","@id":"https:\/\/www.ucaldas.edu.co\/portal\/#\/schema\/logo\/image\/","url":"https:\/\/www.ucaldas.edu.co\/portal\/wp-content\/uploads\/2023\/11\/Logo_horizontal_oscuroU-2023.png","contentUrl":"https:\/\/www.ucaldas.edu.co\/portal\/wp-content\/uploads\/2023\/11\/Logo_horizontal_oscuroU-2023.png","width":263,"height":101,"caption":"Universidad de Caldas"},"image":{"@id":"https:\/\/www.ucaldas.edu.co\/portal\/#\/schema\/logo\/image\/"},"sameAs":["https:\/\/www.facebook.com\/udecaldas","https:\/\/x.com\/udecaldas","https:\/\/www.youtube.com\/universidadcaldas","https:\/\/www.instagram.com\/udecaldas\/"]},{"@type":"Person","@id":"https:\/\/www.ucaldas.edu.co\/portal\/#\/schema\/person\/a1b482e23449158b4bc319926c074fdf","name":"ofiprensa","image":{"@type":"ImageObject","inLanguage":"es","@id":"https:\/\/www.ucaldas.edu.co\/portal\/wp-content\/litespeed\/avatar\/09ea5085e600095a7a811142c6944527.jpg?ver=1777497608","url":"https:\/\/www.ucaldas.edu.co\/portal\/wp-content\/litespeed\/avatar\/09ea5085e600095a7a811142c6944527.jpg?ver=1777497608","contentUrl":"https:\/\/www.ucaldas.edu.co\/portal\/wp-content\/litespeed\/avatar\/09ea5085e600095a7a811142c6944527.jpg?ver=1777497608","caption":"ofiprensa"},"url":"https:\/\/www.ucaldas.edu.co\/portal\/author\/ofiprensa\/"}]}},"_links":{"self":[{"href":"https:\/\/www.ucaldas.edu.co\/portal\/wp-json\/wp\/v2\/posts\/6159","targetHints":{"allow":["GET"]}}],"collection":[{"href":"https:\/\/www.ucaldas.edu.co\/portal\/wp-json\/wp\/v2\/posts"}],"about":[{"href":"https:\/\/www.ucaldas.edu.co\/portal\/wp-json\/wp\/v2\/types\/post"}],"author":[{"embeddable":true,"href":"https:\/\/www.ucaldas.edu.co\/portal\/wp-json\/wp\/v2\/users\/2"}],"replies":[{"embeddable":true,"href":"https:\/\/www.ucaldas.edu.co\/portal\/wp-json\/wp\/v2\/comments?post=6159"}],"version-history":[{"count":0,"href":"https:\/\/www.ucaldas.edu.co\/portal\/wp-json\/wp\/v2\/posts\/6159\/revisions"}],"wp:attachment":[{"href":"https:\/\/www.ucaldas.edu.co\/portal\/wp-json\/wp\/v2\/media?parent=6159"}],"wp:term":[{"taxonomy":"category","embeddable":true,"href":"https:\/\/www.ucaldas.edu.co\/portal\/wp-json\/wp\/v2\/categories?post=6159"},{"taxonomy":"post_tag","embeddable":true,"href":"https:\/\/www.ucaldas.edu.co\/portal\/wp-json\/wp\/v2\/tags?post=6159"}],"curies":[{"name":"wp","href":"https:\/\/api.w.org\/{rel}","templated":true}]}}