{"id":6155,"date":"2010-05-21T17:44:53","date_gmt":"2010-05-21T22:44:53","guid":{"rendered":"https:\/\/www.ucaldas.edu.co\/portal\/?p=6155"},"modified":"2010-05-21T17:44:53","modified_gmt":"2010-05-21T22:44:53","slug":"universidad-de-caldas-se-despide-de-los-vasos-desechables","status":"publish","type":"post","link":"https:\/\/www.ucaldas.edu.co\/portal\/universidad-de-caldas-se-despide-de-los-vasos-desechables\/","title":{"rendered":"Universidad de Caldas se despide de los vasos desechables"},"content":{"rendered":"<p>En la celebraci\u00f3n del d\u00eda de la U<\/p>\n<hr \/>\n<p>&nbsp;<\/p>\n<table border=\"0\">\n<tbody>\n<tr>\n<td><img loading=\"lazy\" decoding=\"async\" style=\"border: 0px\" alt=\"Vaso\" src=\"http:\/\/www.ucaldas.edu.co\/images\/desechable.JPG\" width=\"240\" height=\"150\" border=\"0\" \/><\/td>\n<td>De 1 mill\u00f3n 500 mil vasos pl\u00e1sticos al a\u00f1o descansar\u00e1 el planeta. Esa es la cifra estimada de desechos de este tipo que la Universidad de Caldas dejar\u00e1 de producir gracias a la campa\u00f1a ambiental Nos tomamos el planeta en serio, Cero desechables en la U.<\/td>\n<\/tr>\n<\/tbody>\n<\/table>\n<p>&nbsp;<\/p>\n<p>Esta iniciativa busca reemplazar el uso de este tipo de recipientes, que la tierra logra degradar en un milenio, por vasos acr\u00edlicos reutilizables. Por eso se repartir\u00e1n 12 mil de estos \u00faltimos a toda la comunidad universitaria y adem\u00e1s, solo se podr\u00e1n consumir bebidas convencionales en ellos o en loza, dentro de la Instituci\u00f3n.<\/p>\n<p>&nbsp;<\/p>\n<p>La campa\u00f1a se lanzar\u00e1 este lunes 24 de mayo durante la celebraci\u00f3n del D\u00eda de la U, que contar\u00e1 con diversas actividades culturales. Se iniciar\u00e1 con una ceremonia de entrega de reconocimientos a varios integrantes de la comunidad acad\u00e9mica y a uno de los fundadores de la Universidad de Caldas.<\/p>\n<p>&nbsp;<\/p>\n<p>La programaci\u00f3n es la siguiente.<\/p>\n<p>&nbsp;<\/p>\n<p><b>Sala Carlos N\u00e1der N\u00e1der, Sede Central<\/b><\/p>\n<p>&nbsp;<\/p>\n<p><b>11:00 a.m. \u00a0\u00a0\u00a0<\/b>\u00a0 Entrega de reconocimientos Premio a la Investigaci\u00f3n, Editores Revistas\u00a0 Indexadas 2010, Mejores Ecaes, Mejor Empleado y Mejores Deportistas.\u00a0 Reconocimiento Especial al ex diputado caldense Z\u00f3simo G\u00f3mez como uno de los fundadores de la Universidad.<\/p>\n<p>&nbsp;<\/p>\n<p><b>Parque La Gotera, frente a la Sede Central<\/b><\/p>\n<p><b>3:00 p.m. \u00a0<\/b>\u00a0\u00a0\u00a0\u00a0\u00a0 M\u00fasica andina y cuenter\u00eda.<\/p>\n<p><b>4:00 p.m. \u00a0\u00a0<\/b>\u00a0\u00a0\u00a0\u00a0 Lanzamiento Campa\u00f1a ambiental Nos tomamos el planeta en serio, Cero desechables en la U. (Entrega de nuevos vasos).<\/p>\n<p><b>4:30 p.m. \u00a0<\/b>\u00a0\u00a0\u00a0\u00a0\u00a0 Lanzamiento del Concurso Nombre la Sede Micaela.<\/p>\n<p>&nbsp;<\/p>\n<p><b>Teatro 8 de Junio, Sede Central<\/b><\/p>\n<p><b>5:00 p.m. <\/b>\u00a0\u00a0\u00a0\u00a0\u00a0\u00a0 Concierto Ensamble de Guitarras de Jazz, con el Maestro Carlos Pino.<\/p>\n<p><b>\u00a0<\/b><\/p>\n<p><b>Teatro Los Fundadores<\/b><\/p>\n<p><b>7:30 p.m. \u00a0\u00a0<\/b>\u00a0\u00a0\u00a0\u00a0 Concierto Homenaje a la Universidad de Caldas. Orquesta Sinf\u00f3nica de Caldas (boletas gratuitas en Extensi\u00f3n Cultural).<\/p>\n<p>&nbsp;<\/p>\n<p>Informes, en la Oficina de Prensa y Comunicaciones, tel\u00e9fono 878 15 00 extensi\u00f3n 11 167. Tambi\u00e9n con el Jefe de esta dependencia, Carlos Eduardo Garc\u00eda, en el celular 315 585 1322.<\/p>\n","protected":false},"excerpt":{"rendered":"<p>En la celebraci\u00f3n del d\u00eda de la U &nbsp; De 1 mill\u00f3n 500 mil vasos pl\u00e1sticos al a\u00f1o descansar\u00e1 el planeta. Esa es la cifra estimada de desechos de este tipo que la Universidad de Caldas dejar\u00e1 de producir gracias a la campa\u00f1a ambiental Nos tomamos el planeta en serio, Cero desechables en la U. [&hellip;]<\/p>\n","protected":false},"author":2,"featured_media":0,"comment_status":"closed","ping_status":"closed","sticky":false,"template":"","format":"standard","meta":{"footnotes":""},"categories":[48,53],"tags":[],"class_list":["post-6155","post","type-post","status-publish","format-standard","hentry","category-actualidad","category-universidad-al-dia"],"yoast_head":"<!-- This site is optimized with the Yoast SEO plugin v27.5 - https:\/\/yoast.com\/product\/yoast-seo-wordpress\/ -->\n<title>Universidad de Caldas se despide de los vasos desechables .<\/title>\n<meta name=\"robots\" content=\"index, follow, max-snippet:-1, max-image-preview:large, max-video-preview:-1\" \/>\n<link rel=\"canonical\" href=\"https:\/\/www.ucaldas.edu.co\/portal\/universidad-de-caldas-se-despide-de-los-vasos-desechables\/\" \/>\n<script type=\"application\/ld+json\" class=\"yoast-schema-graph\">{\"@context\":\"https:\\\/\\\/schema.org\",\"@graph\":[{\"@type\":\"Article\",\"@id\":\"https:\\\/\\\/www.ucaldas.edu.co\\\/portal\\\/universidad-de-caldas-se-despide-de-los-vasos-desechables\\\/#article\",\"isPartOf\":{\"@id\":\"https:\\\/\\\/www.ucaldas.edu.co\\\/portal\\\/universidad-de-caldas-se-despide-de-los-vasos-desechables\\\/\"},\"author\":{\"name\":\"ofiprensa\",\"@id\":\"https:\\\/\\\/www.ucaldas.edu.co\\\/portal\\\/#\\\/schema\\\/person\\\/a1b482e23449158b4bc319926c074fdf\"},\"headline\":\"Universidad de Caldas se despide de los vasos desechables\",\"datePublished\":\"2010-05-21T22:44:53+00:00\",\"mainEntityOfPage\":{\"@id\":\"https:\\\/\\\/www.ucaldas.edu.co\\\/portal\\\/universidad-de-caldas-se-despide-de-los-vasos-desechables\\\/\"},\"wordCount\":353,\"publisher\":{\"@id\":\"https:\\\/\\\/www.ucaldas.edu.co\\\/portal\\\/#organization\"},\"image\":{\"@id\":\"https:\\\/\\\/www.ucaldas.edu.co\\\/portal\\\/universidad-de-caldas-se-despide-de-los-vasos-desechables\\\/#primaryimage\"},\"thumbnailUrl\":\"http:\\\/\\\/www.ucaldas.edu.co\\\/images\\\/desechable.JPG\",\"articleSection\":[\"Actualidad\",\"Universidad al D\u00eda\"],\"inLanguage\":\"es\"},{\"@type\":\"WebPage\",\"@id\":\"https:\\\/\\\/www.ucaldas.edu.co\\\/portal\\\/universidad-de-caldas-se-despide-de-los-vasos-desechables\\\/\",\"url\":\"https:\\\/\\\/www.ucaldas.edu.co\\\/portal\\\/universidad-de-caldas-se-despide-de-los-vasos-desechables\\\/\",\"name\":\"Universidad de Caldas se despide de los vasos desechables .\",\"isPartOf\":{\"@id\":\"https:\\\/\\\/www.ucaldas.edu.co\\\/portal\\\/#website\"},\"primaryImageOfPage\":{\"@id\":\"https:\\\/\\\/www.ucaldas.edu.co\\\/portal\\\/universidad-de-caldas-se-despide-de-los-vasos-desechables\\\/#primaryimage\"},\"image\":{\"@id\":\"https:\\\/\\\/www.ucaldas.edu.co\\\/portal\\\/universidad-de-caldas-se-despide-de-los-vasos-desechables\\\/#primaryimage\"},\"thumbnailUrl\":\"http:\\\/\\\/www.ucaldas.edu.co\\\/images\\\/desechable.JPG\",\"datePublished\":\"2010-05-21T22:44:53+00:00\",\"breadcrumb\":{\"@id\":\"https:\\\/\\\/www.ucaldas.edu.co\\\/portal\\\/universidad-de-caldas-se-despide-de-los-vasos-desechables\\\/#breadcrumb\"},\"inLanguage\":\"es\",\"potentialAction\":[{\"@type\":\"ReadAction\",\"target\":[\"https:\\\/\\\/www.ucaldas.edu.co\\\/portal\\\/universidad-de-caldas-se-despide-de-los-vasos-desechables\\\/\"]}]},{\"@type\":\"ImageObject\",\"inLanguage\":\"es\",\"@id\":\"https:\\\/\\\/www.ucaldas.edu.co\\\/portal\\\/universidad-de-caldas-se-despide-de-los-vasos-desechables\\\/#primaryimage\",\"url\":\"http:\\\/\\\/www.ucaldas.edu.co\\\/images\\\/desechable.JPG\",\"contentUrl\":\"http:\\\/\\\/www.ucaldas.edu.co\\\/images\\\/desechable.JPG\"},{\"@type\":\"BreadcrumbList\",\"@id\":\"https:\\\/\\\/www.ucaldas.edu.co\\\/portal\\\/universidad-de-caldas-se-despide-de-los-vasos-desechables\\\/#breadcrumb\",\"itemListElement\":[{\"@type\":\"ListItem\",\"position\":1,\"name\":\"Portada\",\"item\":\"https:\\\/\\\/www.ucaldas.edu.co\\\/portal\\\/\"},{\"@type\":\"ListItem\",\"position\":2,\"name\":\"Universidad de Caldas se despide de los vasos desechables\"}]},{\"@type\":\"WebSite\",\"@id\":\"https:\\\/\\\/www.ucaldas.edu.co\\\/portal\\\/#website\",\"url\":\"https:\\\/\\\/www.ucaldas.edu.co\\\/portal\\\/\",\"name\":\"Universidad de Caldas\",\"description\":\"\",\"publisher\":{\"@id\":\"https:\\\/\\\/www.ucaldas.edu.co\\\/portal\\\/#organization\"},\"alternateName\":\"U. de Caldas\",\"potentialAction\":[{\"@type\":\"SearchAction\",\"target\":{\"@type\":\"EntryPoint\",\"urlTemplate\":\"https:\\\/\\\/www.ucaldas.edu.co\\\/portal\\\/?s={search_term_string}\"},\"query-input\":{\"@type\":\"PropertyValueSpecification\",\"valueRequired\":true,\"valueName\":\"search_term_string\"}}],\"inLanguage\":\"es\"},{\"@type\":\"Organization\",\"@id\":\"https:\\\/\\\/www.ucaldas.edu.co\\\/portal\\\/#organization\",\"name\":\"Universidad de Caldas\",\"alternateName\":\"U. de Caldas\",\"url\":\"https:\\\/\\\/www.ucaldas.edu.co\\\/portal\\\/\",\"logo\":{\"@type\":\"ImageObject\",\"inLanguage\":\"es\",\"@id\":\"https:\\\/\\\/www.ucaldas.edu.co\\\/portal\\\/#\\\/schema\\\/logo\\\/image\\\/\",\"url\":\"https:\\\/\\\/www.ucaldas.edu.co\\\/portal\\\/wp-content\\\/uploads\\\/2023\\\/11\\\/Logo_horizontal_oscuroU-2023.png\",\"contentUrl\":\"https:\\\/\\\/www.ucaldas.edu.co\\\/portal\\\/wp-content\\\/uploads\\\/2023\\\/11\\\/Logo_horizontal_oscuroU-2023.png\",\"width\":263,\"height\":101,\"caption\":\"Universidad de Caldas\"},\"image\":{\"@id\":\"https:\\\/\\\/www.ucaldas.edu.co\\\/portal\\\/#\\\/schema\\\/logo\\\/image\\\/\"},\"sameAs\":[\"https:\\\/\\\/www.facebook.com\\\/udecaldas\",\"https:\\\/\\\/x.com\\\/udecaldas\",\"https:\\\/\\\/www.youtube.com\\\/universidadcaldas\",\"https:\\\/\\\/www.instagram.com\\\/udecaldas\\\/\"]},{\"@type\":\"Person\",\"@id\":\"https:\\\/\\\/www.ucaldas.edu.co\\\/portal\\\/#\\\/schema\\\/person\\\/a1b482e23449158b4bc319926c074fdf\",\"name\":\"ofiprensa\",\"image\":{\"@type\":\"ImageObject\",\"inLanguage\":\"es\",\"@id\":\"https:\\\/\\\/www.ucaldas.edu.co\\\/portal\\\/wp-content\\\/litespeed\\\/avatar\\\/09ea5085e600095a7a811142c6944527.jpg?ver=1777497608\",\"url\":\"https:\\\/\\\/www.ucaldas.edu.co\\\/portal\\\/wp-content\\\/litespeed\\\/avatar\\\/09ea5085e600095a7a811142c6944527.jpg?ver=1777497608\",\"contentUrl\":\"https:\\\/\\\/www.ucaldas.edu.co\\\/portal\\\/wp-content\\\/litespeed\\\/avatar\\\/09ea5085e600095a7a811142c6944527.jpg?ver=1777497608\",\"caption\":\"ofiprensa\"},\"url\":\"https:\\\/\\\/www.ucaldas.edu.co\\\/portal\\\/author\\\/ofiprensa\\\/\"}]}<\/script>\n<!-- \/ Yoast SEO plugin. -->","yoast_head_json":{"title":"Universidad de Caldas se despide de los vasos desechables .","robots":{"index":"index","follow":"follow","max-snippet":"max-snippet:-1","max-image-preview":"max-image-preview:large","max-video-preview":"max-video-preview:-1"},"canonical":"https:\/\/www.ucaldas.edu.co\/portal\/universidad-de-caldas-se-despide-de-los-vasos-desechables\/","schema":{"@context":"https:\/\/schema.org","@graph":[{"@type":"Article","@id":"https:\/\/www.ucaldas.edu.co\/portal\/universidad-de-caldas-se-despide-de-los-vasos-desechables\/#article","isPartOf":{"@id":"https:\/\/www.ucaldas.edu.co\/portal\/universidad-de-caldas-se-despide-de-los-vasos-desechables\/"},"author":{"name":"ofiprensa","@id":"https:\/\/www.ucaldas.edu.co\/portal\/#\/schema\/person\/a1b482e23449158b4bc319926c074fdf"},"headline":"Universidad de Caldas se despide de los vasos desechables","datePublished":"2010-05-21T22:44:53+00:00","mainEntityOfPage":{"@id":"https:\/\/www.ucaldas.edu.co\/portal\/universidad-de-caldas-se-despide-de-los-vasos-desechables\/"},"wordCount":353,"publisher":{"@id":"https:\/\/www.ucaldas.edu.co\/portal\/#organization"},"image":{"@id":"https:\/\/www.ucaldas.edu.co\/portal\/universidad-de-caldas-se-despide-de-los-vasos-desechables\/#primaryimage"},"thumbnailUrl":"http:\/\/www.ucaldas.edu.co\/images\/desechable.JPG","articleSection":["Actualidad","Universidad al D\u00eda"],"inLanguage":"es"},{"@type":"WebPage","@id":"https:\/\/www.ucaldas.edu.co\/portal\/universidad-de-caldas-se-despide-de-los-vasos-desechables\/","url":"https:\/\/www.ucaldas.edu.co\/portal\/universidad-de-caldas-se-despide-de-los-vasos-desechables\/","name":"Universidad de Caldas se despide de los vasos desechables .","isPartOf":{"@id":"https:\/\/www.ucaldas.edu.co\/portal\/#website"},"primaryImageOfPage":{"@id":"https:\/\/www.ucaldas.edu.co\/portal\/universidad-de-caldas-se-despide-de-los-vasos-desechables\/#primaryimage"},"image":{"@id":"https:\/\/www.ucaldas.edu.co\/portal\/universidad-de-caldas-se-despide-de-los-vasos-desechables\/#primaryimage"},"thumbnailUrl":"http:\/\/www.ucaldas.edu.co\/images\/desechable.JPG","datePublished":"2010-05-21T22:44:53+00:00","breadcrumb":{"@id":"https:\/\/www.ucaldas.edu.co\/portal\/universidad-de-caldas-se-despide-de-los-vasos-desechables\/#breadcrumb"},"inLanguage":"es","potentialAction":[{"@type":"ReadAction","target":["https:\/\/www.ucaldas.edu.co\/portal\/universidad-de-caldas-se-despide-de-los-vasos-desechables\/"]}]},{"@type":"ImageObject","inLanguage":"es","@id":"https:\/\/www.ucaldas.edu.co\/portal\/universidad-de-caldas-se-despide-de-los-vasos-desechables\/#primaryimage","url":"http:\/\/www.ucaldas.edu.co\/images\/desechable.JPG","contentUrl":"http:\/\/www.ucaldas.edu.co\/images\/desechable.JPG"},{"@type":"BreadcrumbList","@id":"https:\/\/www.ucaldas.edu.co\/portal\/universidad-de-caldas-se-despide-de-los-vasos-desechables\/#breadcrumb","itemListElement":[{"@type":"ListItem","position":1,"name":"Portada","item":"https:\/\/www.ucaldas.edu.co\/portal\/"},{"@type":"ListItem","position":2,"name":"Universidad de Caldas se despide de los vasos desechables"}]},{"@type":"WebSite","@id":"https:\/\/www.ucaldas.edu.co\/portal\/#website","url":"https:\/\/www.ucaldas.edu.co\/portal\/","name":"Universidad de Caldas","description":"","publisher":{"@id":"https:\/\/www.ucaldas.edu.co\/portal\/#organization"},"alternateName":"U. de Caldas","potentialAction":[{"@type":"SearchAction","target":{"@type":"EntryPoint","urlTemplate":"https:\/\/www.ucaldas.edu.co\/portal\/?s={search_term_string}"},"query-input":{"@type":"PropertyValueSpecification","valueRequired":true,"valueName":"search_term_string"}}],"inLanguage":"es"},{"@type":"Organization","@id":"https:\/\/www.ucaldas.edu.co\/portal\/#organization","name":"Universidad de Caldas","alternateName":"U. de Caldas","url":"https:\/\/www.ucaldas.edu.co\/portal\/","logo":{"@type":"ImageObject","inLanguage":"es","@id":"https:\/\/www.ucaldas.edu.co\/portal\/#\/schema\/logo\/image\/","url":"https:\/\/www.ucaldas.edu.co\/portal\/wp-content\/uploads\/2023\/11\/Logo_horizontal_oscuroU-2023.png","contentUrl":"https:\/\/www.ucaldas.edu.co\/portal\/wp-content\/uploads\/2023\/11\/Logo_horizontal_oscuroU-2023.png","width":263,"height":101,"caption":"Universidad de Caldas"},"image":{"@id":"https:\/\/www.ucaldas.edu.co\/portal\/#\/schema\/logo\/image\/"},"sameAs":["https:\/\/www.facebook.com\/udecaldas","https:\/\/x.com\/udecaldas","https:\/\/www.youtube.com\/universidadcaldas","https:\/\/www.instagram.com\/udecaldas\/"]},{"@type":"Person","@id":"https:\/\/www.ucaldas.edu.co\/portal\/#\/schema\/person\/a1b482e23449158b4bc319926c074fdf","name":"ofiprensa","image":{"@type":"ImageObject","inLanguage":"es","@id":"https:\/\/www.ucaldas.edu.co\/portal\/wp-content\/litespeed\/avatar\/09ea5085e600095a7a811142c6944527.jpg?ver=1777497608","url":"https:\/\/www.ucaldas.edu.co\/portal\/wp-content\/litespeed\/avatar\/09ea5085e600095a7a811142c6944527.jpg?ver=1777497608","contentUrl":"https:\/\/www.ucaldas.edu.co\/portal\/wp-content\/litespeed\/avatar\/09ea5085e600095a7a811142c6944527.jpg?ver=1777497608","caption":"ofiprensa"},"url":"https:\/\/www.ucaldas.edu.co\/portal\/author\/ofiprensa\/"}]}},"_links":{"self":[{"href":"https:\/\/www.ucaldas.edu.co\/portal\/wp-json\/wp\/v2\/posts\/6155","targetHints":{"allow":["GET"]}}],"collection":[{"href":"https:\/\/www.ucaldas.edu.co\/portal\/wp-json\/wp\/v2\/posts"}],"about":[{"href":"https:\/\/www.ucaldas.edu.co\/portal\/wp-json\/wp\/v2\/types\/post"}],"author":[{"embeddable":true,"href":"https:\/\/www.ucaldas.edu.co\/portal\/wp-json\/wp\/v2\/users\/2"}],"replies":[{"embeddable":true,"href":"https:\/\/www.ucaldas.edu.co\/portal\/wp-json\/wp\/v2\/comments?post=6155"}],"version-history":[{"count":0,"href":"https:\/\/www.ucaldas.edu.co\/portal\/wp-json\/wp\/v2\/posts\/6155\/revisions"}],"wp:attachment":[{"href":"https:\/\/www.ucaldas.edu.co\/portal\/wp-json\/wp\/v2\/media?parent=6155"}],"wp:term":[{"taxonomy":"category","embeddable":true,"href":"https:\/\/www.ucaldas.edu.co\/portal\/wp-json\/wp\/v2\/categories?post=6155"},{"taxonomy":"post_tag","embeddable":true,"href":"https:\/\/www.ucaldas.edu.co\/portal\/wp-json\/wp\/v2\/tags?post=6155"}],"curies":[{"name":"wp","href":"https:\/\/api.w.org\/{rel}","templated":true}]}}