{"id":61526,"date":"2021-03-15T23:55:04","date_gmt":"2021-03-15T23:55:04","guid":{"rendered":"https:\/\/www.ucaldas.edu.co\/portal\/?p=61526"},"modified":"2021-03-15T23:55:04","modified_gmt":"2021-03-15T23:55:04","slug":"antonio-navarro-wolff-conferencista-invitado-a-la-segunda-sesion-del-ciclo-de-conferencias-memoria-espacio-y-sociedad","status":"publish","type":"post","link":"https:\/\/www.ucaldas.edu.co\/portal\/antonio-navarro-wolff-conferencista-invitado-a-la-segunda-sesion-del-ciclo-de-conferencias-memoria-espacio-y-sociedad\/","title":{"rendered":"Antonio Navarro Wolff conferencista invitado a la segunda sesi\u00f3n del ciclo de Conferencias Memoria, Espacio y Sociedad"},"content":{"rendered":"<p style=\"text-align: center;\">EVENTO SER\u00c1 TRANSMITIDO\u00a0 A TRAV\u00c9S DE LA PLATAFORMA ZOOM<\/p>\n<p style=\"text-align: center;\"><strong>Antonio Navarro Wolff conferencista invitado a la segunda sesi\u00f3n del ciclo de Conferencias Memoria, Espacio y Sociedad<\/strong><\/p>\n<p style=\"text-align: right;\">15\/03\/2021<\/p>\n<p><img loading=\"lazy\" decoding=\"async\" class=\"size-full wp-image-61527 aligncenter\" src=\"https:\/\/www.ucaldas.edu.co\/portal\/wp-content\/uploads\/2021\/03\/ciclo-conferecnias.jpg\" alt=\"\" width=\"700\" height=\"400\" srcset=\"https:\/\/www.ucaldas.edu.co\/portal\/wp-content\/uploads\/2021\/03\/ciclo-conferecnias.jpg 700w, https:\/\/www.ucaldas.edu.co\/portal\/wp-content\/uploads\/2021\/03\/ciclo-conferecnias-300x171.jpg 300w\" sizes=\"auto, (max-width: 700px) 100vw, 700px\" \/><\/p>\n<p>El Instituto de Investigaciones en Ciencias Sociales y Humanas ICSH, el Doctorado en Estudios Territoriales de la Universidad de Caldas, y el Seminario Permanente del Centro Nacional de Pensamiento Territorial, invitan a la segunda conferencia del Ciclo de Conferencias Memoria, Espacio y Sociedad y la celebraci\u00f3n de los 10 a\u00f1os del DET.<\/p>\n<p><!--more--><\/p>\n<p>Recordamos que para este a\u00f1o el ICSH y el DET definieron como tema central los 30 a\u00f1os de la Constituci\u00f3n Pol\u00edtica de Colombia de 1991, viendo esta celebraci\u00f3n como una oportunidad para avanzar constitucionalmente.<\/p>\n<p>El Conferencista invitado ser\u00e1 Antonio Navarro Wolff, quien fue uno de los presidentes de la Asamblea Nacional Constituyente, que promulg\u00f3 la Constituci\u00f3n Pol\u00edtica de 1991. Tambi\u00e9n se ha desempe\u00f1ado como alcalde de la ciudad de Pasto, Senador de la Rep\u00fablica de Colombia y Representante a la C\u00e1mara por Bogot\u00e1.<\/p>\n<p>La conferencia se llevar\u00e1 a cabo el pr\u00f3ximo jueves 18 de marzo a las 5:00 p.m. <a href=\"https:\/\/renata.zoom.us\/j\/86027081493\">Link del evento aqu\u00ed.<\/a><\/p>\n<p><strong>\u00a0<\/strong><\/p>\n<p><strong>Informes: <\/strong>Oficina de Comunicaciones y Prensa Universidad de Caldas.<\/p>\n<p><strong>Redacci\u00f3n:<\/strong> Mateo Buritic\u00e1 Giraldo<\/p>\n<p>&nbsp;<\/p>\n","protected":false},"excerpt":{"rendered":"<p>EVENTO SER\u00c1 TRANSMITIDO\u00a0 A TRAV\u00c9S DE LA PLATAFORMA ZOOM Antonio Navarro Wolff conferencista invitado a la segunda sesi\u00f3n del ciclo de Conferencias Memoria, Espacio y Sociedad 15\/03\/2021 El Instituto de Investigaciones en Ciencias Sociales y Humanas ICSH, el Doctorado en Estudios Territoriales de la Universidad de Caldas, y el Seminario Permanente del Centro Nacional de [&hellip;]<\/p>\n","protected":false},"author":2,"featured_media":61527,"comment_status":"closed","ping_status":"open","sticky":false,"template":"","format":"standard","meta":{"footnotes":""},"categories":[48,53,62],"tags":[2267,6051,6052],"class_list":["post-61526","post","type-post","status-publish","format-standard","has-post-thumbnail","hentry","category-actualidad","category-universidad-al-dia","category-eventos","tag-estudios-territoriales","tag-navarro-wolff","tag-conferencia-icsh"],"yoast_head":"<!-- This site is optimized with the Yoast SEO plugin v27.5 - https:\/\/yoast.com\/product\/yoast-seo-wordpress\/ -->\n<title>Antonio Navarro Wolff conferencista invitado a la segunda sesi\u00f3n del ciclo de Conferencias Memoria, Espacio y Sociedad .<\/title>\n<meta name=\"robots\" content=\"index, follow, max-snippet:-1, max-image-preview:large, max-video-preview:-1\" \/>\n<link rel=\"canonical\" href=\"https:\/\/www.ucaldas.edu.co\/portal\/antonio-navarro-wolff-conferencista-invitado-a-la-segunda-sesion-del-ciclo-de-conferencias-memoria-espacio-y-sociedad\/\" \/>\n<script type=\"application\/ld+json\" class=\"yoast-schema-graph\">{\"@context\":\"https:\\\/\\\/schema.org\",\"@graph\":[{\"@type\":\"Article\",\"@id\":\"https:\\\/\\\/www.ucaldas.edu.co\\\/portal\\\/antonio-navarro-wolff-conferencista-invitado-a-la-segunda-sesion-del-ciclo-de-conferencias-memoria-espacio-y-sociedad\\\/#article\",\"isPartOf\":{\"@id\":\"https:\\\/\\\/www.ucaldas.edu.co\\\/portal\\\/antonio-navarro-wolff-conferencista-invitado-a-la-segunda-sesion-del-ciclo-de-conferencias-memoria-espacio-y-sociedad\\\/\"},\"author\":{\"name\":\"ofiprensa\",\"@id\":\"https:\\\/\\\/www.ucaldas.edu.co\\\/portal\\\/#\\\/schema\\\/person\\\/a1b482e23449158b4bc319926c074fdf\"},\"headline\":\"Antonio Navarro Wolff conferencista invitado a la segunda sesi\u00f3n del ciclo de Conferencias Memoria, Espacio y Sociedad\",\"datePublished\":\"2021-03-15T23:55:04+00:00\",\"mainEntityOfPage\":{\"@id\":\"https:\\\/\\\/www.ucaldas.edu.co\\\/portal\\\/antonio-navarro-wolff-conferencista-invitado-a-la-segunda-sesion-del-ciclo-de-conferencias-memoria-espacio-y-sociedad\\\/\"},\"wordCount\":225,\"publisher\":{\"@id\":\"https:\\\/\\\/www.ucaldas.edu.co\\\/portal\\\/#organization\"},\"image\":{\"@id\":\"https:\\\/\\\/www.ucaldas.edu.co\\\/portal\\\/antonio-navarro-wolff-conferencista-invitado-a-la-segunda-sesion-del-ciclo-de-conferencias-memoria-espacio-y-sociedad\\\/#primaryimage\"},\"thumbnailUrl\":\"https:\\\/\\\/www.ucaldas.edu.co\\\/portal\\\/wp-content\\\/uploads\\\/2021\\\/03\\\/ciclo-conferecnias.jpg\",\"keywords\":[\"estudios territoriales\",\"navarro Wolff\",\"conferencia icsh\"],\"articleSection\":[\"Actualidad\",\"Universidad al D\u00eda\",\"Eventos\"],\"inLanguage\":\"es\"},{\"@type\":\"WebPage\",\"@id\":\"https:\\\/\\\/www.ucaldas.edu.co\\\/portal\\\/antonio-navarro-wolff-conferencista-invitado-a-la-segunda-sesion-del-ciclo-de-conferencias-memoria-espacio-y-sociedad\\\/\",\"url\":\"https:\\\/\\\/www.ucaldas.edu.co\\\/portal\\\/antonio-navarro-wolff-conferencista-invitado-a-la-segunda-sesion-del-ciclo-de-conferencias-memoria-espacio-y-sociedad\\\/\",\"name\":\"Antonio Navarro Wolff conferencista invitado a la segunda sesi\u00f3n del ciclo de Conferencias Memoria, Espacio y Sociedad .\",\"isPartOf\":{\"@id\":\"https:\\\/\\\/www.ucaldas.edu.co\\\/portal\\\/#website\"},\"primaryImageOfPage\":{\"@id\":\"https:\\\/\\\/www.ucaldas.edu.co\\\/portal\\\/antonio-navarro-wolff-conferencista-invitado-a-la-segunda-sesion-del-ciclo-de-conferencias-memoria-espacio-y-sociedad\\\/#primaryimage\"},\"image\":{\"@id\":\"https:\\\/\\\/www.ucaldas.edu.co\\\/portal\\\/antonio-navarro-wolff-conferencista-invitado-a-la-segunda-sesion-del-ciclo-de-conferencias-memoria-espacio-y-sociedad\\\/#primaryimage\"},\"thumbnailUrl\":\"https:\\\/\\\/www.ucaldas.edu.co\\\/portal\\\/wp-content\\\/uploads\\\/2021\\\/03\\\/ciclo-conferecnias.jpg\",\"datePublished\":\"2021-03-15T23:55:04+00:00\",\"breadcrumb\":{\"@id\":\"https:\\\/\\\/www.ucaldas.edu.co\\\/portal\\\/antonio-navarro-wolff-conferencista-invitado-a-la-segunda-sesion-del-ciclo-de-conferencias-memoria-espacio-y-sociedad\\\/#breadcrumb\"},\"inLanguage\":\"es\",\"potentialAction\":[{\"@type\":\"ReadAction\",\"target\":[\"https:\\\/\\\/www.ucaldas.edu.co\\\/portal\\\/antonio-navarro-wolff-conferencista-invitado-a-la-segunda-sesion-del-ciclo-de-conferencias-memoria-espacio-y-sociedad\\\/\"]}]},{\"@type\":\"ImageObject\",\"inLanguage\":\"es\",\"@id\":\"https:\\\/\\\/www.ucaldas.edu.co\\\/portal\\\/antonio-navarro-wolff-conferencista-invitado-a-la-segunda-sesion-del-ciclo-de-conferencias-memoria-espacio-y-sociedad\\\/#primaryimage\",\"url\":\"https:\\\/\\\/www.ucaldas.edu.co\\\/portal\\\/wp-content\\\/uploads\\\/2021\\\/03\\\/ciclo-conferecnias.jpg\",\"contentUrl\":\"https:\\\/\\\/www.ucaldas.edu.co\\\/portal\\\/wp-content\\\/uploads\\\/2021\\\/03\\\/ciclo-conferecnias.jpg\",\"width\":700,\"height\":400},{\"@type\":\"BreadcrumbList\",\"@id\":\"https:\\\/\\\/www.ucaldas.edu.co\\\/portal\\\/antonio-navarro-wolff-conferencista-invitado-a-la-segunda-sesion-del-ciclo-de-conferencias-memoria-espacio-y-sociedad\\\/#breadcrumb\",\"itemListElement\":[{\"@type\":\"ListItem\",\"position\":1,\"name\":\"Portada\",\"item\":\"https:\\\/\\\/www.ucaldas.edu.co\\\/portal\\\/\"},{\"@type\":\"ListItem\",\"position\":2,\"name\":\"Antonio Navarro Wolff conferencista invitado a la segunda sesi\u00f3n del ciclo de Conferencias Memoria, Espacio y Sociedad\"}]},{\"@type\":\"WebSite\",\"@id\":\"https:\\\/\\\/www.ucaldas.edu.co\\\/portal\\\/#website\",\"url\":\"https:\\\/\\\/www.ucaldas.edu.co\\\/portal\\\/\",\"name\":\"Universidad de Caldas\",\"description\":\"\",\"publisher\":{\"@id\":\"https:\\\/\\\/www.ucaldas.edu.co\\\/portal\\\/#organization\"},\"alternateName\":\"U. de Caldas\",\"potentialAction\":[{\"@type\":\"SearchAction\",\"target\":{\"@type\":\"EntryPoint\",\"urlTemplate\":\"https:\\\/\\\/www.ucaldas.edu.co\\\/portal\\\/?s={search_term_string}\"},\"query-input\":{\"@type\":\"PropertyValueSpecification\",\"valueRequired\":true,\"valueName\":\"search_term_string\"}}],\"inLanguage\":\"es\"},{\"@type\":\"Organization\",\"@id\":\"https:\\\/\\\/www.ucaldas.edu.co\\\/portal\\\/#organization\",\"name\":\"Universidad de Caldas\",\"alternateName\":\"U. de Caldas\",\"url\":\"https:\\\/\\\/www.ucaldas.edu.co\\\/portal\\\/\",\"logo\":{\"@type\":\"ImageObject\",\"inLanguage\":\"es\",\"@id\":\"https:\\\/\\\/www.ucaldas.edu.co\\\/portal\\\/#\\\/schema\\\/logo\\\/image\\\/\",\"url\":\"https:\\\/\\\/www.ucaldas.edu.co\\\/portal\\\/wp-content\\\/uploads\\\/2023\\\/11\\\/Logo_horizontal_oscuroU-2023.png\",\"contentUrl\":\"https:\\\/\\\/www.ucaldas.edu.co\\\/portal\\\/wp-content\\\/uploads\\\/2023\\\/11\\\/Logo_horizontal_oscuroU-2023.png\",\"width\":263,\"height\":101,\"caption\":\"Universidad de Caldas\"},\"image\":{\"@id\":\"https:\\\/\\\/www.ucaldas.edu.co\\\/portal\\\/#\\\/schema\\\/logo\\\/image\\\/\"},\"sameAs\":[\"https:\\\/\\\/www.facebook.com\\\/udecaldas\",\"https:\\\/\\\/x.com\\\/udecaldas\",\"https:\\\/\\\/www.youtube.com\\\/universidadcaldas\",\"https:\\\/\\\/www.instagram.com\\\/udecaldas\\\/\"]},{\"@type\":\"Person\",\"@id\":\"https:\\\/\\\/www.ucaldas.edu.co\\\/portal\\\/#\\\/schema\\\/person\\\/a1b482e23449158b4bc319926c074fdf\",\"name\":\"ofiprensa\",\"image\":{\"@type\":\"ImageObject\",\"inLanguage\":\"es\",\"@id\":\"https:\\\/\\\/www.ucaldas.edu.co\\\/portal\\\/wp-content\\\/litespeed\\\/avatar\\\/09ea5085e600095a7a811142c6944527.jpg?ver=1777497608\",\"url\":\"https:\\\/\\\/www.ucaldas.edu.co\\\/portal\\\/wp-content\\\/litespeed\\\/avatar\\\/09ea5085e600095a7a811142c6944527.jpg?ver=1777497608\",\"contentUrl\":\"https:\\\/\\\/www.ucaldas.edu.co\\\/portal\\\/wp-content\\\/litespeed\\\/avatar\\\/09ea5085e600095a7a811142c6944527.jpg?ver=1777497608\",\"caption\":\"ofiprensa\"},\"url\":\"https:\\\/\\\/www.ucaldas.edu.co\\\/portal\\\/author\\\/ofiprensa\\\/\"}]}<\/script>\n<!-- \/ Yoast SEO plugin. -->","yoast_head_json":{"title":"Antonio Navarro Wolff conferencista invitado a la segunda sesi\u00f3n del ciclo de Conferencias Memoria, Espacio y Sociedad .","robots":{"index":"index","follow":"follow","max-snippet":"max-snippet:-1","max-image-preview":"max-image-preview:large","max-video-preview":"max-video-preview:-1"},"canonical":"https:\/\/www.ucaldas.edu.co\/portal\/antonio-navarro-wolff-conferencista-invitado-a-la-segunda-sesion-del-ciclo-de-conferencias-memoria-espacio-y-sociedad\/","schema":{"@context":"https:\/\/schema.org","@graph":[{"@type":"Article","@id":"https:\/\/www.ucaldas.edu.co\/portal\/antonio-navarro-wolff-conferencista-invitado-a-la-segunda-sesion-del-ciclo-de-conferencias-memoria-espacio-y-sociedad\/#article","isPartOf":{"@id":"https:\/\/www.ucaldas.edu.co\/portal\/antonio-navarro-wolff-conferencista-invitado-a-la-segunda-sesion-del-ciclo-de-conferencias-memoria-espacio-y-sociedad\/"},"author":{"name":"ofiprensa","@id":"https:\/\/www.ucaldas.edu.co\/portal\/#\/schema\/person\/a1b482e23449158b4bc319926c074fdf"},"headline":"Antonio Navarro Wolff conferencista invitado a la segunda sesi\u00f3n del ciclo de Conferencias Memoria, Espacio y Sociedad","datePublished":"2021-03-15T23:55:04+00:00","mainEntityOfPage":{"@id":"https:\/\/www.ucaldas.edu.co\/portal\/antonio-navarro-wolff-conferencista-invitado-a-la-segunda-sesion-del-ciclo-de-conferencias-memoria-espacio-y-sociedad\/"},"wordCount":225,"publisher":{"@id":"https:\/\/www.ucaldas.edu.co\/portal\/#organization"},"image":{"@id":"https:\/\/www.ucaldas.edu.co\/portal\/antonio-navarro-wolff-conferencista-invitado-a-la-segunda-sesion-del-ciclo-de-conferencias-memoria-espacio-y-sociedad\/#primaryimage"},"thumbnailUrl":"https:\/\/www.ucaldas.edu.co\/portal\/wp-content\/uploads\/2021\/03\/ciclo-conferecnias.jpg","keywords":["estudios territoriales","navarro Wolff","conferencia icsh"],"articleSection":["Actualidad","Universidad al D\u00eda","Eventos"],"inLanguage":"es"},{"@type":"WebPage","@id":"https:\/\/www.ucaldas.edu.co\/portal\/antonio-navarro-wolff-conferencista-invitado-a-la-segunda-sesion-del-ciclo-de-conferencias-memoria-espacio-y-sociedad\/","url":"https:\/\/www.ucaldas.edu.co\/portal\/antonio-navarro-wolff-conferencista-invitado-a-la-segunda-sesion-del-ciclo-de-conferencias-memoria-espacio-y-sociedad\/","name":"Antonio Navarro Wolff conferencista invitado a la segunda sesi\u00f3n del ciclo de Conferencias Memoria, Espacio y Sociedad .","isPartOf":{"@id":"https:\/\/www.ucaldas.edu.co\/portal\/#website"},"primaryImageOfPage":{"@id":"https:\/\/www.ucaldas.edu.co\/portal\/antonio-navarro-wolff-conferencista-invitado-a-la-segunda-sesion-del-ciclo-de-conferencias-memoria-espacio-y-sociedad\/#primaryimage"},"image":{"@id":"https:\/\/www.ucaldas.edu.co\/portal\/antonio-navarro-wolff-conferencista-invitado-a-la-segunda-sesion-del-ciclo-de-conferencias-memoria-espacio-y-sociedad\/#primaryimage"},"thumbnailUrl":"https:\/\/www.ucaldas.edu.co\/portal\/wp-content\/uploads\/2021\/03\/ciclo-conferecnias.jpg","datePublished":"2021-03-15T23:55:04+00:00","breadcrumb":{"@id":"https:\/\/www.ucaldas.edu.co\/portal\/antonio-navarro-wolff-conferencista-invitado-a-la-segunda-sesion-del-ciclo-de-conferencias-memoria-espacio-y-sociedad\/#breadcrumb"},"inLanguage":"es","potentialAction":[{"@type":"ReadAction","target":["https:\/\/www.ucaldas.edu.co\/portal\/antonio-navarro-wolff-conferencista-invitado-a-la-segunda-sesion-del-ciclo-de-conferencias-memoria-espacio-y-sociedad\/"]}]},{"@type":"ImageObject","inLanguage":"es","@id":"https:\/\/www.ucaldas.edu.co\/portal\/antonio-navarro-wolff-conferencista-invitado-a-la-segunda-sesion-del-ciclo-de-conferencias-memoria-espacio-y-sociedad\/#primaryimage","url":"https:\/\/www.ucaldas.edu.co\/portal\/wp-content\/uploads\/2021\/03\/ciclo-conferecnias.jpg","contentUrl":"https:\/\/www.ucaldas.edu.co\/portal\/wp-content\/uploads\/2021\/03\/ciclo-conferecnias.jpg","width":700,"height":400},{"@type":"BreadcrumbList","@id":"https:\/\/www.ucaldas.edu.co\/portal\/antonio-navarro-wolff-conferencista-invitado-a-la-segunda-sesion-del-ciclo-de-conferencias-memoria-espacio-y-sociedad\/#breadcrumb","itemListElement":[{"@type":"ListItem","position":1,"name":"Portada","item":"https:\/\/www.ucaldas.edu.co\/portal\/"},{"@type":"ListItem","position":2,"name":"Antonio Navarro Wolff conferencista invitado a la segunda sesi\u00f3n del ciclo de Conferencias Memoria, Espacio y Sociedad"}]},{"@type":"WebSite","@id":"https:\/\/www.ucaldas.edu.co\/portal\/#website","url":"https:\/\/www.ucaldas.edu.co\/portal\/","name":"Universidad de Caldas","description":"","publisher":{"@id":"https:\/\/www.ucaldas.edu.co\/portal\/#organization"},"alternateName":"U. de Caldas","potentialAction":[{"@type":"SearchAction","target":{"@type":"EntryPoint","urlTemplate":"https:\/\/www.ucaldas.edu.co\/portal\/?s={search_term_string}"},"query-input":{"@type":"PropertyValueSpecification","valueRequired":true,"valueName":"search_term_string"}}],"inLanguage":"es"},{"@type":"Organization","@id":"https:\/\/www.ucaldas.edu.co\/portal\/#organization","name":"Universidad de Caldas","alternateName":"U. de Caldas","url":"https:\/\/www.ucaldas.edu.co\/portal\/","logo":{"@type":"ImageObject","inLanguage":"es","@id":"https:\/\/www.ucaldas.edu.co\/portal\/#\/schema\/logo\/image\/","url":"https:\/\/www.ucaldas.edu.co\/portal\/wp-content\/uploads\/2023\/11\/Logo_horizontal_oscuroU-2023.png","contentUrl":"https:\/\/www.ucaldas.edu.co\/portal\/wp-content\/uploads\/2023\/11\/Logo_horizontal_oscuroU-2023.png","width":263,"height":101,"caption":"Universidad de Caldas"},"image":{"@id":"https:\/\/www.ucaldas.edu.co\/portal\/#\/schema\/logo\/image\/"},"sameAs":["https:\/\/www.facebook.com\/udecaldas","https:\/\/x.com\/udecaldas","https:\/\/www.youtube.com\/universidadcaldas","https:\/\/www.instagram.com\/udecaldas\/"]},{"@type":"Person","@id":"https:\/\/www.ucaldas.edu.co\/portal\/#\/schema\/person\/a1b482e23449158b4bc319926c074fdf","name":"ofiprensa","image":{"@type":"ImageObject","inLanguage":"es","@id":"https:\/\/www.ucaldas.edu.co\/portal\/wp-content\/litespeed\/avatar\/09ea5085e600095a7a811142c6944527.jpg?ver=1777497608","url":"https:\/\/www.ucaldas.edu.co\/portal\/wp-content\/litespeed\/avatar\/09ea5085e600095a7a811142c6944527.jpg?ver=1777497608","contentUrl":"https:\/\/www.ucaldas.edu.co\/portal\/wp-content\/litespeed\/avatar\/09ea5085e600095a7a811142c6944527.jpg?ver=1777497608","caption":"ofiprensa"},"url":"https:\/\/www.ucaldas.edu.co\/portal\/author\/ofiprensa\/"}]}},"_links":{"self":[{"href":"https:\/\/www.ucaldas.edu.co\/portal\/wp-json\/wp\/v2\/posts\/61526","targetHints":{"allow":["GET"]}}],"collection":[{"href":"https:\/\/www.ucaldas.edu.co\/portal\/wp-json\/wp\/v2\/posts"}],"about":[{"href":"https:\/\/www.ucaldas.edu.co\/portal\/wp-json\/wp\/v2\/types\/post"}],"author":[{"embeddable":true,"href":"https:\/\/www.ucaldas.edu.co\/portal\/wp-json\/wp\/v2\/users\/2"}],"replies":[{"embeddable":true,"href":"https:\/\/www.ucaldas.edu.co\/portal\/wp-json\/wp\/v2\/comments?post=61526"}],"version-history":[{"count":0,"href":"https:\/\/www.ucaldas.edu.co\/portal\/wp-json\/wp\/v2\/posts\/61526\/revisions"}],"wp:featuredmedia":[{"embeddable":true,"href":"https:\/\/www.ucaldas.edu.co\/portal\/wp-json\/wp\/v2\/media\/61527"}],"wp:attachment":[{"href":"https:\/\/www.ucaldas.edu.co\/portal\/wp-json\/wp\/v2\/media?parent=61526"}],"wp:term":[{"taxonomy":"category","embeddable":true,"href":"https:\/\/www.ucaldas.edu.co\/portal\/wp-json\/wp\/v2\/categories?post=61526"},{"taxonomy":"post_tag","embeddable":true,"href":"https:\/\/www.ucaldas.edu.co\/portal\/wp-json\/wp\/v2\/tags?post=61526"}],"curies":[{"name":"wp","href":"https:\/\/api.w.org\/{rel}","templated":true}]}}