{"id":61523,"date":"2021-03-15T23:52:17","date_gmt":"2021-03-15T23:52:17","guid":{"rendered":"https:\/\/www.ucaldas.edu.co\/portal\/?p=61523"},"modified":"2021-03-15T23:52:17","modified_gmt":"2021-03-15T23:52:17","slug":"conozca-la-coleccion-de-vertebrados-del-laboratorio-de-historia-natural-del-centro-de-museos","status":"publish","type":"post","link":"https:\/\/www.ucaldas.edu.co\/portal\/conozca-la-coleccion-de-vertebrados-del-laboratorio-de-historia-natural-del-centro-de-museos\/","title":{"rendered":"Conozca la Colecci\u00f3n de Vertebrados del Laboratorio de Historia Natural  del Centro de Museos"},"content":{"rendered":"<p style=\"text-align: center;\">PR\u00d3XIMAMENTE EN PLATAFORMAS VIRTUALES DE LA UNIVERSIDAD DE CALDAS<\/p>\n<p style=\"text-align: center;\"><strong>Conozca la Colecci\u00f3n de Vertebrados del Laboratorio de Historia Natural <\/strong><\/p>\n<p style=\"text-align: center;\"><strong>del Centro de Museos<\/strong><\/p>\n<p style=\"text-align: right;\">15\/03\/2021<\/p>\n<p><img loading=\"lazy\" decoding=\"async\" class=\"size-full wp-image-61524 aligncenter\" src=\"https:\/\/www.ucaldas.edu.co\/portal\/wp-content\/uploads\/2021\/03\/museo-1.jpg\" alt=\"\" width=\"700\" height=\"400\" srcset=\"https:\/\/www.ucaldas.edu.co\/portal\/wp-content\/uploads\/2021\/03\/museo-1.jpg 700w, https:\/\/www.ucaldas.edu.co\/portal\/wp-content\/uploads\/2021\/03\/museo-1-300x171.jpg 300w\" sizes=\"auto, (max-width: 700px) 100vw, 700px\" \/><\/p>\n<p>La Colecci\u00f3n de Vertebrados del Laboratorio de Historia Natural del Centro de Museos de la Universidad de Caldas, se compone de diversos espec\u00edmenes de la fauna local que comprende peces, reptiles, aves y mam\u00edferos.<\/p>\n<p><!--more--><\/p>\n<p>El docente del Departamento de Ciencias Biol\u00f3gicas de la Universidad de Caldas y curador de la colecci\u00f3n de vertebrados, H\u00e9ctor Ram\u00edrez Ch\u00e1vez, comenta que este espacio de investigaci\u00f3n pretende salvaguardar el patrimonio bil\u00f3gico nacional, principalmente las especies que pertenecen a Caldas y el Eje Cafetero.<\/p>\n<p>Ram\u00edrez comenta que actualmente el laboratorio se encuentra realizando proyectos en:<\/p>\n<ul>\n<li>Fauna de vertebrados atropellada en Manizales y alrededores.<\/li>\n<li>Identificaci\u00f3n de especies de murci\u00e9lagos que habitan en zonas urbanas y periurbanas de Manizales.<\/li>\n<li>Relaciones evolutivas en grupos de mam\u00edferos, principalmente marsupiales y roedores.<\/li>\n<li>Fauna amenazada.<\/li>\n<\/ul>\n<p>El docente expresa adem\u00e1s que actualmente se vienen desarrollando iniciativas en colaboraci\u00f3n con grupos de investigaci\u00f3n, principalmente en la b\u00fasqueda de relaciones de mam\u00edferos silvestres con pat\u00f3genos y par\u00e1sitos en la regi\u00f3n.<\/p>\n<p>Finalmente Ram\u00edrez asegur\u00f3 que a pesar de la actual contingencia sanitaria, el trabajo en el laboratorio no se detuvo, puesto que se buscaron nuevas alternativas de comunicaci\u00f3n con otras instituciones, lo que permiti\u00f3 el intercambio de informaci\u00f3n para el desarrollo de proyectos que actualmente se encuentran en curso.<\/p>\n<p>&nbsp;<\/p>\n<p><strong>Anexo:<\/strong><\/p>\n<p><strong><a href=\"https:\/\/www.ucaldas.edu.co\/portal\/wp-content\/uploads\/2021\/03\/Hector-Ramirez-Museo-biologia.mp3\">Audio \u00a0docente H\u00e9ctor Ram\u00edrez Ch\u00e1vez.<\/a><\/strong><\/p>\n<p>&nbsp;<\/p>\n<p><strong>Informes: <\/strong>Oficina de Comunicaciones y Prensa Universidad de Caldas.<\/p>\n<p><strong>Redacci\u00f3n:<\/strong> Mateo Buritic\u00e1 Giraldo<\/p>\n<p>&nbsp;<\/p>\n","protected":false},"excerpt":{"rendered":"<p>PR\u00d3XIMAMENTE EN PLATAFORMAS VIRTUALES DE LA UNIVERSIDAD DE CALDAS Conozca la Colecci\u00f3n de Vertebrados del Laboratorio de Historia Natural del Centro de Museos 15\/03\/2021 La Colecci\u00f3n de Vertebrados del Laboratorio de Historia Natural del Centro de Museos de la Universidad de Caldas, se compone de diversos espec\u00edmenes de la fauna local que comprende peces, reptiles, [&hellip;]<\/p>\n","protected":false},"author":2,"featured_media":61524,"comment_status":"closed","ping_status":"open","sticky":false,"template":"","format":"standard","meta":{"footnotes":""},"categories":[48,53,624],"tags":[371,6049,6050],"class_list":["post-61523","post","type-post","status-publish","format-standard","has-post-thumbnail","hentry","category-actualidad","category-universidad-al-dia","category-ucaldas-activa","tag-centro-de-museos","tag-laboratorio-de-historia-natural","tag-coleccion-de-vertebrados"],"yoast_head":"<!-- This site is optimized with the Yoast SEO plugin v27.5 - https:\/\/yoast.com\/product\/yoast-seo-wordpress\/ -->\n<title>Conozca la Colecci\u00f3n de Vertebrados del Laboratorio de Historia Natural del Centro de Museos .<\/title>\n<meta name=\"robots\" content=\"index, follow, max-snippet:-1, max-image-preview:large, max-video-preview:-1\" \/>\n<link rel=\"canonical\" href=\"https:\/\/www.ucaldas.edu.co\/portal\/conozca-la-coleccion-de-vertebrados-del-laboratorio-de-historia-natural-del-centro-de-museos\/\" \/>\n<script type=\"application\/ld+json\" class=\"yoast-schema-graph\">{\"@context\":\"https:\\\/\\\/schema.org\",\"@graph\":[{\"@type\":\"Article\",\"@id\":\"https:\\\/\\\/www.ucaldas.edu.co\\\/portal\\\/conozca-la-coleccion-de-vertebrados-del-laboratorio-de-historia-natural-del-centro-de-museos\\\/#article\",\"isPartOf\":{\"@id\":\"https:\\\/\\\/www.ucaldas.edu.co\\\/portal\\\/conozca-la-coleccion-de-vertebrados-del-laboratorio-de-historia-natural-del-centro-de-museos\\\/\"},\"author\":{\"name\":\"ofiprensa\",\"@id\":\"https:\\\/\\\/www.ucaldas.edu.co\\\/portal\\\/#\\\/schema\\\/person\\\/a1b482e23449158b4bc319926c074fdf\"},\"headline\":\"Conozca la Colecci\u00f3n de Vertebrados del Laboratorio de Historia Natural del Centro de Museos\",\"datePublished\":\"2021-03-15T23:52:17+00:00\",\"mainEntityOfPage\":{\"@id\":\"https:\\\/\\\/www.ucaldas.edu.co\\\/portal\\\/conozca-la-coleccion-de-vertebrados-del-laboratorio-de-historia-natural-del-centro-de-museos\\\/\"},\"wordCount\":295,\"publisher\":{\"@id\":\"https:\\\/\\\/www.ucaldas.edu.co\\\/portal\\\/#organization\"},\"image\":{\"@id\":\"https:\\\/\\\/www.ucaldas.edu.co\\\/portal\\\/conozca-la-coleccion-de-vertebrados-del-laboratorio-de-historia-natural-del-centro-de-museos\\\/#primaryimage\"},\"thumbnailUrl\":\"https:\\\/\\\/www.ucaldas.edu.co\\\/portal\\\/wp-content\\\/uploads\\\/2021\\\/03\\\/museo-1.jpg\",\"keywords\":[\"Centro de Museos\",\"laboratorio de historia natural\",\"colecci\u00f3n de vertebrados\"],\"articleSection\":[\"Actualidad\",\"Universidad al D\u00eda\",\"UCaldas Activa\"],\"inLanguage\":\"es\"},{\"@type\":\"WebPage\",\"@id\":\"https:\\\/\\\/www.ucaldas.edu.co\\\/portal\\\/conozca-la-coleccion-de-vertebrados-del-laboratorio-de-historia-natural-del-centro-de-museos\\\/\",\"url\":\"https:\\\/\\\/www.ucaldas.edu.co\\\/portal\\\/conozca-la-coleccion-de-vertebrados-del-laboratorio-de-historia-natural-del-centro-de-museos\\\/\",\"name\":\"Conozca la Colecci\u00f3n de Vertebrados del Laboratorio de Historia Natural del Centro de Museos .\",\"isPartOf\":{\"@id\":\"https:\\\/\\\/www.ucaldas.edu.co\\\/portal\\\/#website\"},\"primaryImageOfPage\":{\"@id\":\"https:\\\/\\\/www.ucaldas.edu.co\\\/portal\\\/conozca-la-coleccion-de-vertebrados-del-laboratorio-de-historia-natural-del-centro-de-museos\\\/#primaryimage\"},\"image\":{\"@id\":\"https:\\\/\\\/www.ucaldas.edu.co\\\/portal\\\/conozca-la-coleccion-de-vertebrados-del-laboratorio-de-historia-natural-del-centro-de-museos\\\/#primaryimage\"},\"thumbnailUrl\":\"https:\\\/\\\/www.ucaldas.edu.co\\\/portal\\\/wp-content\\\/uploads\\\/2021\\\/03\\\/museo-1.jpg\",\"datePublished\":\"2021-03-15T23:52:17+00:00\",\"breadcrumb\":{\"@id\":\"https:\\\/\\\/www.ucaldas.edu.co\\\/portal\\\/conozca-la-coleccion-de-vertebrados-del-laboratorio-de-historia-natural-del-centro-de-museos\\\/#breadcrumb\"},\"inLanguage\":\"es\",\"potentialAction\":[{\"@type\":\"ReadAction\",\"target\":[\"https:\\\/\\\/www.ucaldas.edu.co\\\/portal\\\/conozca-la-coleccion-de-vertebrados-del-laboratorio-de-historia-natural-del-centro-de-museos\\\/\"]}]},{\"@type\":\"ImageObject\",\"inLanguage\":\"es\",\"@id\":\"https:\\\/\\\/www.ucaldas.edu.co\\\/portal\\\/conozca-la-coleccion-de-vertebrados-del-laboratorio-de-historia-natural-del-centro-de-museos\\\/#primaryimage\",\"url\":\"https:\\\/\\\/www.ucaldas.edu.co\\\/portal\\\/wp-content\\\/uploads\\\/2021\\\/03\\\/museo-1.jpg\",\"contentUrl\":\"https:\\\/\\\/www.ucaldas.edu.co\\\/portal\\\/wp-content\\\/uploads\\\/2021\\\/03\\\/museo-1.jpg\",\"width\":700,\"height\":400},{\"@type\":\"BreadcrumbList\",\"@id\":\"https:\\\/\\\/www.ucaldas.edu.co\\\/portal\\\/conozca-la-coleccion-de-vertebrados-del-laboratorio-de-historia-natural-del-centro-de-museos\\\/#breadcrumb\",\"itemListElement\":[{\"@type\":\"ListItem\",\"position\":1,\"name\":\"Portada\",\"item\":\"https:\\\/\\\/www.ucaldas.edu.co\\\/portal\\\/\"},{\"@type\":\"ListItem\",\"position\":2,\"name\":\"Conozca la Colecci\u00f3n de Vertebrados del Laboratorio de Historia Natural del Centro de Museos\"}]},{\"@type\":\"WebSite\",\"@id\":\"https:\\\/\\\/www.ucaldas.edu.co\\\/portal\\\/#website\",\"url\":\"https:\\\/\\\/www.ucaldas.edu.co\\\/portal\\\/\",\"name\":\"Universidad de Caldas\",\"description\":\"\",\"publisher\":{\"@id\":\"https:\\\/\\\/www.ucaldas.edu.co\\\/portal\\\/#organization\"},\"alternateName\":\"U. de Caldas\",\"potentialAction\":[{\"@type\":\"SearchAction\",\"target\":{\"@type\":\"EntryPoint\",\"urlTemplate\":\"https:\\\/\\\/www.ucaldas.edu.co\\\/portal\\\/?s={search_term_string}\"},\"query-input\":{\"@type\":\"PropertyValueSpecification\",\"valueRequired\":true,\"valueName\":\"search_term_string\"}}],\"inLanguage\":\"es\"},{\"@type\":\"Organization\",\"@id\":\"https:\\\/\\\/www.ucaldas.edu.co\\\/portal\\\/#organization\",\"name\":\"Universidad de Caldas\",\"alternateName\":\"U. de Caldas\",\"url\":\"https:\\\/\\\/www.ucaldas.edu.co\\\/portal\\\/\",\"logo\":{\"@type\":\"ImageObject\",\"inLanguage\":\"es\",\"@id\":\"https:\\\/\\\/www.ucaldas.edu.co\\\/portal\\\/#\\\/schema\\\/logo\\\/image\\\/\",\"url\":\"https:\\\/\\\/www.ucaldas.edu.co\\\/portal\\\/wp-content\\\/uploads\\\/2023\\\/11\\\/Logo_horizontal_oscuroU-2023.png\",\"contentUrl\":\"https:\\\/\\\/www.ucaldas.edu.co\\\/portal\\\/wp-content\\\/uploads\\\/2023\\\/11\\\/Logo_horizontal_oscuroU-2023.png\",\"width\":263,\"height\":101,\"caption\":\"Universidad de Caldas\"},\"image\":{\"@id\":\"https:\\\/\\\/www.ucaldas.edu.co\\\/portal\\\/#\\\/schema\\\/logo\\\/image\\\/\"},\"sameAs\":[\"https:\\\/\\\/www.facebook.com\\\/udecaldas\",\"https:\\\/\\\/x.com\\\/udecaldas\",\"https:\\\/\\\/www.youtube.com\\\/universidadcaldas\",\"https:\\\/\\\/www.instagram.com\\\/udecaldas\\\/\"]},{\"@type\":\"Person\",\"@id\":\"https:\\\/\\\/www.ucaldas.edu.co\\\/portal\\\/#\\\/schema\\\/person\\\/a1b482e23449158b4bc319926c074fdf\",\"name\":\"ofiprensa\",\"image\":{\"@type\":\"ImageObject\",\"inLanguage\":\"es\",\"@id\":\"https:\\\/\\\/www.ucaldas.edu.co\\\/portal\\\/wp-content\\\/litespeed\\\/avatar\\\/09ea5085e600095a7a811142c6944527.jpg?ver=1777497608\",\"url\":\"https:\\\/\\\/www.ucaldas.edu.co\\\/portal\\\/wp-content\\\/litespeed\\\/avatar\\\/09ea5085e600095a7a811142c6944527.jpg?ver=1777497608\",\"contentUrl\":\"https:\\\/\\\/www.ucaldas.edu.co\\\/portal\\\/wp-content\\\/litespeed\\\/avatar\\\/09ea5085e600095a7a811142c6944527.jpg?ver=1777497608\",\"caption\":\"ofiprensa\"},\"url\":\"https:\\\/\\\/www.ucaldas.edu.co\\\/portal\\\/author\\\/ofiprensa\\\/\"}]}<\/script>\n<!-- \/ Yoast SEO plugin. -->","yoast_head_json":{"title":"Conozca la Colecci\u00f3n de Vertebrados del Laboratorio de Historia Natural del Centro de Museos .","robots":{"index":"index","follow":"follow","max-snippet":"max-snippet:-1","max-image-preview":"max-image-preview:large","max-video-preview":"max-video-preview:-1"},"canonical":"https:\/\/www.ucaldas.edu.co\/portal\/conozca-la-coleccion-de-vertebrados-del-laboratorio-de-historia-natural-del-centro-de-museos\/","schema":{"@context":"https:\/\/schema.org","@graph":[{"@type":"Article","@id":"https:\/\/www.ucaldas.edu.co\/portal\/conozca-la-coleccion-de-vertebrados-del-laboratorio-de-historia-natural-del-centro-de-museos\/#article","isPartOf":{"@id":"https:\/\/www.ucaldas.edu.co\/portal\/conozca-la-coleccion-de-vertebrados-del-laboratorio-de-historia-natural-del-centro-de-museos\/"},"author":{"name":"ofiprensa","@id":"https:\/\/www.ucaldas.edu.co\/portal\/#\/schema\/person\/a1b482e23449158b4bc319926c074fdf"},"headline":"Conozca la Colecci\u00f3n de Vertebrados del Laboratorio de Historia Natural del Centro de Museos","datePublished":"2021-03-15T23:52:17+00:00","mainEntityOfPage":{"@id":"https:\/\/www.ucaldas.edu.co\/portal\/conozca-la-coleccion-de-vertebrados-del-laboratorio-de-historia-natural-del-centro-de-museos\/"},"wordCount":295,"publisher":{"@id":"https:\/\/www.ucaldas.edu.co\/portal\/#organization"},"image":{"@id":"https:\/\/www.ucaldas.edu.co\/portal\/conozca-la-coleccion-de-vertebrados-del-laboratorio-de-historia-natural-del-centro-de-museos\/#primaryimage"},"thumbnailUrl":"https:\/\/www.ucaldas.edu.co\/portal\/wp-content\/uploads\/2021\/03\/museo-1.jpg","keywords":["Centro de Museos","laboratorio de historia natural","colecci\u00f3n de vertebrados"],"articleSection":["Actualidad","Universidad al D\u00eda","UCaldas Activa"],"inLanguage":"es"},{"@type":"WebPage","@id":"https:\/\/www.ucaldas.edu.co\/portal\/conozca-la-coleccion-de-vertebrados-del-laboratorio-de-historia-natural-del-centro-de-museos\/","url":"https:\/\/www.ucaldas.edu.co\/portal\/conozca-la-coleccion-de-vertebrados-del-laboratorio-de-historia-natural-del-centro-de-museos\/","name":"Conozca la Colecci\u00f3n de Vertebrados del Laboratorio de Historia Natural del Centro de Museos .","isPartOf":{"@id":"https:\/\/www.ucaldas.edu.co\/portal\/#website"},"primaryImageOfPage":{"@id":"https:\/\/www.ucaldas.edu.co\/portal\/conozca-la-coleccion-de-vertebrados-del-laboratorio-de-historia-natural-del-centro-de-museos\/#primaryimage"},"image":{"@id":"https:\/\/www.ucaldas.edu.co\/portal\/conozca-la-coleccion-de-vertebrados-del-laboratorio-de-historia-natural-del-centro-de-museos\/#primaryimage"},"thumbnailUrl":"https:\/\/www.ucaldas.edu.co\/portal\/wp-content\/uploads\/2021\/03\/museo-1.jpg","datePublished":"2021-03-15T23:52:17+00:00","breadcrumb":{"@id":"https:\/\/www.ucaldas.edu.co\/portal\/conozca-la-coleccion-de-vertebrados-del-laboratorio-de-historia-natural-del-centro-de-museos\/#breadcrumb"},"inLanguage":"es","potentialAction":[{"@type":"ReadAction","target":["https:\/\/www.ucaldas.edu.co\/portal\/conozca-la-coleccion-de-vertebrados-del-laboratorio-de-historia-natural-del-centro-de-museos\/"]}]},{"@type":"ImageObject","inLanguage":"es","@id":"https:\/\/www.ucaldas.edu.co\/portal\/conozca-la-coleccion-de-vertebrados-del-laboratorio-de-historia-natural-del-centro-de-museos\/#primaryimage","url":"https:\/\/www.ucaldas.edu.co\/portal\/wp-content\/uploads\/2021\/03\/museo-1.jpg","contentUrl":"https:\/\/www.ucaldas.edu.co\/portal\/wp-content\/uploads\/2021\/03\/museo-1.jpg","width":700,"height":400},{"@type":"BreadcrumbList","@id":"https:\/\/www.ucaldas.edu.co\/portal\/conozca-la-coleccion-de-vertebrados-del-laboratorio-de-historia-natural-del-centro-de-museos\/#breadcrumb","itemListElement":[{"@type":"ListItem","position":1,"name":"Portada","item":"https:\/\/www.ucaldas.edu.co\/portal\/"},{"@type":"ListItem","position":2,"name":"Conozca la Colecci\u00f3n de Vertebrados del Laboratorio de Historia Natural del Centro de Museos"}]},{"@type":"WebSite","@id":"https:\/\/www.ucaldas.edu.co\/portal\/#website","url":"https:\/\/www.ucaldas.edu.co\/portal\/","name":"Universidad de Caldas","description":"","publisher":{"@id":"https:\/\/www.ucaldas.edu.co\/portal\/#organization"},"alternateName":"U. de Caldas","potentialAction":[{"@type":"SearchAction","target":{"@type":"EntryPoint","urlTemplate":"https:\/\/www.ucaldas.edu.co\/portal\/?s={search_term_string}"},"query-input":{"@type":"PropertyValueSpecification","valueRequired":true,"valueName":"search_term_string"}}],"inLanguage":"es"},{"@type":"Organization","@id":"https:\/\/www.ucaldas.edu.co\/portal\/#organization","name":"Universidad de Caldas","alternateName":"U. de Caldas","url":"https:\/\/www.ucaldas.edu.co\/portal\/","logo":{"@type":"ImageObject","inLanguage":"es","@id":"https:\/\/www.ucaldas.edu.co\/portal\/#\/schema\/logo\/image\/","url":"https:\/\/www.ucaldas.edu.co\/portal\/wp-content\/uploads\/2023\/11\/Logo_horizontal_oscuroU-2023.png","contentUrl":"https:\/\/www.ucaldas.edu.co\/portal\/wp-content\/uploads\/2023\/11\/Logo_horizontal_oscuroU-2023.png","width":263,"height":101,"caption":"Universidad de Caldas"},"image":{"@id":"https:\/\/www.ucaldas.edu.co\/portal\/#\/schema\/logo\/image\/"},"sameAs":["https:\/\/www.facebook.com\/udecaldas","https:\/\/x.com\/udecaldas","https:\/\/www.youtube.com\/universidadcaldas","https:\/\/www.instagram.com\/udecaldas\/"]},{"@type":"Person","@id":"https:\/\/www.ucaldas.edu.co\/portal\/#\/schema\/person\/a1b482e23449158b4bc319926c074fdf","name":"ofiprensa","image":{"@type":"ImageObject","inLanguage":"es","@id":"https:\/\/www.ucaldas.edu.co\/portal\/wp-content\/litespeed\/avatar\/09ea5085e600095a7a811142c6944527.jpg?ver=1777497608","url":"https:\/\/www.ucaldas.edu.co\/portal\/wp-content\/litespeed\/avatar\/09ea5085e600095a7a811142c6944527.jpg?ver=1777497608","contentUrl":"https:\/\/www.ucaldas.edu.co\/portal\/wp-content\/litespeed\/avatar\/09ea5085e600095a7a811142c6944527.jpg?ver=1777497608","caption":"ofiprensa"},"url":"https:\/\/www.ucaldas.edu.co\/portal\/author\/ofiprensa\/"}]}},"_links":{"self":[{"href":"https:\/\/www.ucaldas.edu.co\/portal\/wp-json\/wp\/v2\/posts\/61523","targetHints":{"allow":["GET"]}}],"collection":[{"href":"https:\/\/www.ucaldas.edu.co\/portal\/wp-json\/wp\/v2\/posts"}],"about":[{"href":"https:\/\/www.ucaldas.edu.co\/portal\/wp-json\/wp\/v2\/types\/post"}],"author":[{"embeddable":true,"href":"https:\/\/www.ucaldas.edu.co\/portal\/wp-json\/wp\/v2\/users\/2"}],"replies":[{"embeddable":true,"href":"https:\/\/www.ucaldas.edu.co\/portal\/wp-json\/wp\/v2\/comments?post=61523"}],"version-history":[{"count":0,"href":"https:\/\/www.ucaldas.edu.co\/portal\/wp-json\/wp\/v2\/posts\/61523\/revisions"}],"wp:featuredmedia":[{"embeddable":true,"href":"https:\/\/www.ucaldas.edu.co\/portal\/wp-json\/wp\/v2\/media\/61524"}],"wp:attachment":[{"href":"https:\/\/www.ucaldas.edu.co\/portal\/wp-json\/wp\/v2\/media?parent=61523"}],"wp:term":[{"taxonomy":"category","embeddable":true,"href":"https:\/\/www.ucaldas.edu.co\/portal\/wp-json\/wp\/v2\/categories?post=61523"},{"taxonomy":"post_tag","embeddable":true,"href":"https:\/\/www.ucaldas.edu.co\/portal\/wp-json\/wp\/v2\/tags?post=61523"}],"curies":[{"name":"wp","href":"https:\/\/api.w.org\/{rel}","templated":true}]}}