{"id":6145,"date":"2010-05-21T17:40:45","date_gmt":"2010-05-21T22:40:45","guid":{"rendered":"https:\/\/www.ucaldas.edu.co\/portal\/?p=6145"},"modified":"2010-05-21T17:40:45","modified_gmt":"2010-05-21T22:40:45","slug":"ecologia-y-homenajes-marcaran-el-dia-de-la-u","status":"publish","type":"post","link":"https:\/\/www.ucaldas.edu.co\/portal\/ecologia-y-homenajes-marcaran-el-dia-de-la-u\/","title":{"rendered":"Ecolog\u00eda y homenajes marcar\u00e1n el D\u00eda de la U"},"content":{"rendered":"<p>Se celebra este lunes 24 de mayo<\/p>\n<hr \/>\n<table border=\"0\">\n<tbody>\n<tr>\n<td><img decoding=\"async\" style=\"border: 0px\" alt=\"Ecologia\" src=\"http:\/\/wwwo.ucaldas.edu.co\/images\/VASO_desechable.jpg\" border=\"0\" \/><\/td>\n<td>Reconocimientos, actividades culturales y una novedosa campa\u00f1a ambiental iluminar\u00e1n el D\u00eda de la U, que se celebrar\u00e1 este lunes 24 de mayo en la Universidad de Caldas. En la ma\u00f1ana se entregar\u00e1n varias distinciones a integrantes de la comunidad acad\u00e9mica y a uno de los fundadores de la Instituci\u00f3n.<\/p>\n<p>&nbsp;<\/p>\n<p>En la tarde ser\u00e1 la ocasi\u00f3n para actividad presentar y estrenar una de las iniciativas de alto impacto, en t\u00e9rminos ambientales, que propone la Universidad de Caldas. Se trata de la campa\u00f1a Nos tomamos el planeta en serio, Cero desechables en la U.<\/td>\n<\/tr>\n<\/tbody>\n<\/table>\n<p>Se trata de una propuesta de suprimir el uso de vasos pl\u00e1sticos desechables en las dependencias y cafeter\u00edas de la Instituci\u00f3n. En su lugar, se repartir\u00e1n 12 mil vasos de acr\u00edlico reutilizables para toda la comunidad universitaria. Solo en estos recipientes y en pocillos se podr\u00e1 disfrutar de bebidas convencionales en las sedes.<\/p>\n<p>&nbsp;<\/p>\n<p>La programaci\u00f3n del D\u00eda de la U es la siguiente:<\/p>\n<p>&nbsp;<\/p>\n<p><b>Sala Carlos N\u00e1der N\u00e1der, Sede Central<\/b><\/p>\n<p>&nbsp;<\/p>\n<p><b>11:00 a.m. \u00a0<\/b>\u00a0\u00a0\u00a0\u00a0\u00a0\u00a0\u00a0\u00a0 Entrega de reconocimientos Premio a la Investigaci\u00f3n, Editores Revistas\u00a0 ndexadas 2010, Mejores Ecaes, Mejor Empleado y Mejores Deportistas. Reconocimiento Especial al ex diputado caldense Z\u00f3simo G\u00f3mez como uno de los fundadores de la Universidad.<\/p>\n<p><b>\u00a0<\/b><\/p>\n<p><b>Parque La Gotera, frente a la Sede Central<\/b><\/p>\n<p>&nbsp;<\/p>\n<p><b>3:00 p.m. \u00a0<\/b>\u00a0\u00a0\u00a0\u00a0\u00a0\u00a0\u00a0\u00a0\u00a0\u00a0 M\u00fasica andina y cuenter\u00eda.<\/p>\n<p><b>4:00 p.m. <\/b>\u00a0\u00a0\u00a0\u00a0\u00a0\u00a0\u00a0\u00a0\u00a0\u00a0\u00a0 Lanzamiento Campa\u00f1a ambiental Nos tomamos el planeta en serio, Cero desechables en la U. (Entrega de nuevos vasos).<\/p>\n<p><b>4:30 p.m. \u00a0<\/b>\u00a0\u00a0\u00a0\u00a0\u00a0\u00a0\u00a0\u00a0\u00a0\u00a0 Lanzamiento del Concurso Nombre la Sede Micaela.<\/p>\n<p>&nbsp;<\/p>\n<p><b>Teatro 8 de Junio, Sede Central<\/b><\/p>\n<p>&nbsp;<\/p>\n<p><b>5:00 p.m. <\/b>\u00a0\u00a0\u00a0\u00a0\u00a0\u00a0\u00a0\u00a0\u00a0\u00a0\u00a0 Concierto Ensamble de Guitarras de Jazz, con el Maestro Carlos Pino.<\/p>\n<p><b>\u00a0<\/b><\/p>\n<p><b>Teatro Los Fundadores<\/b><\/p>\n<p>&nbsp;<\/p>\n<p><b>7:30 p.m. \u00a0\u00a0\u00a0<\/b>\u00a0\u00a0\u00a0\u00a0\u00a0\u00a0\u00a0\u00a0 Concierto Homenaje a la Universidad de Caldas. Orquesta Sinf\u00f3nica de Caldas (boletas gratuitas en Extensi\u00f3n Cultural).<\/p>\n<p>&nbsp;<\/p>\n<div>\n<p>Informes, en la Oficina de Prensa y Comunicaciones, tel\u00e9fono 878 15 00 extensi\u00f3n 11 167. Tambi\u00e9n con el Jefe de esta dependencia, Carlos Eduardo Garc\u00eda, en el celular 315 585 1322.<\/p>\n<\/div>\n","protected":false},"excerpt":{"rendered":"<p>Se celebra este lunes 24 de mayo Reconocimientos, actividades culturales y una novedosa campa\u00f1a ambiental iluminar\u00e1n el D\u00eda de la U, que se celebrar\u00e1 este lunes 24 de mayo en la Universidad de Caldas. En la ma\u00f1ana se entregar\u00e1n varias distinciones a integrantes de la comunidad acad\u00e9mica y a uno de los fundadores de la [&hellip;]<\/p>\n","protected":false},"author":2,"featured_media":0,"comment_status":"closed","ping_status":"closed","sticky":false,"template":"","format":"standard","meta":{"footnotes":""},"categories":[48,53],"tags":[],"class_list":["post-6145","post","type-post","status-publish","format-standard","hentry","category-actualidad","category-universidad-al-dia"],"yoast_head":"<!-- This site is optimized with the Yoast SEO plugin v27.5 - https:\/\/yoast.com\/product\/yoast-seo-wordpress\/ -->\n<title>Ecolog\u00eda y homenajes marcar\u00e1n el D\u00eda de la U .<\/title>\n<meta name=\"robots\" content=\"index, follow, max-snippet:-1, max-image-preview:large, max-video-preview:-1\" \/>\n<link rel=\"canonical\" href=\"https:\/\/www.ucaldas.edu.co\/portal\/ecologia-y-homenajes-marcaran-el-dia-de-la-u\/\" \/>\n<script type=\"application\/ld+json\" class=\"yoast-schema-graph\">{\"@context\":\"https:\\\/\\\/schema.org\",\"@graph\":[{\"@type\":\"Article\",\"@id\":\"https:\\\/\\\/www.ucaldas.edu.co\\\/portal\\\/ecologia-y-homenajes-marcaran-el-dia-de-la-u\\\/#article\",\"isPartOf\":{\"@id\":\"https:\\\/\\\/www.ucaldas.edu.co\\\/portal\\\/ecologia-y-homenajes-marcaran-el-dia-de-la-u\\\/\"},\"author\":{\"name\":\"ofiprensa\",\"@id\":\"https:\\\/\\\/www.ucaldas.edu.co\\\/portal\\\/#\\\/schema\\\/person\\\/a1b482e23449158b4bc319926c074fdf\"},\"headline\":\"Ecolog\u00eda y homenajes marcar\u00e1n el D\u00eda de la U\",\"datePublished\":\"2010-05-21T22:40:45+00:00\",\"mainEntityOfPage\":{\"@id\":\"https:\\\/\\\/www.ucaldas.edu.co\\\/portal\\\/ecologia-y-homenajes-marcaran-el-dia-de-la-u\\\/\"},\"wordCount\":357,\"publisher\":{\"@id\":\"https:\\\/\\\/www.ucaldas.edu.co\\\/portal\\\/#organization\"},\"image\":{\"@id\":\"https:\\\/\\\/www.ucaldas.edu.co\\\/portal\\\/ecologia-y-homenajes-marcaran-el-dia-de-la-u\\\/#primaryimage\"},\"thumbnailUrl\":\"http:\\\/\\\/wwwo.ucaldas.edu.co\\\/images\\\/VASO_desechable.jpg\",\"articleSection\":[\"Actualidad\",\"Universidad al D\u00eda\"],\"inLanguage\":\"es\"},{\"@type\":\"WebPage\",\"@id\":\"https:\\\/\\\/www.ucaldas.edu.co\\\/portal\\\/ecologia-y-homenajes-marcaran-el-dia-de-la-u\\\/\",\"url\":\"https:\\\/\\\/www.ucaldas.edu.co\\\/portal\\\/ecologia-y-homenajes-marcaran-el-dia-de-la-u\\\/\",\"name\":\"Ecolog\u00eda y homenajes marcar\u00e1n el D\u00eda de la U .\",\"isPartOf\":{\"@id\":\"https:\\\/\\\/www.ucaldas.edu.co\\\/portal\\\/#website\"},\"primaryImageOfPage\":{\"@id\":\"https:\\\/\\\/www.ucaldas.edu.co\\\/portal\\\/ecologia-y-homenajes-marcaran-el-dia-de-la-u\\\/#primaryimage\"},\"image\":{\"@id\":\"https:\\\/\\\/www.ucaldas.edu.co\\\/portal\\\/ecologia-y-homenajes-marcaran-el-dia-de-la-u\\\/#primaryimage\"},\"thumbnailUrl\":\"http:\\\/\\\/wwwo.ucaldas.edu.co\\\/images\\\/VASO_desechable.jpg\",\"datePublished\":\"2010-05-21T22:40:45+00:00\",\"breadcrumb\":{\"@id\":\"https:\\\/\\\/www.ucaldas.edu.co\\\/portal\\\/ecologia-y-homenajes-marcaran-el-dia-de-la-u\\\/#breadcrumb\"},\"inLanguage\":\"es\",\"potentialAction\":[{\"@type\":\"ReadAction\",\"target\":[\"https:\\\/\\\/www.ucaldas.edu.co\\\/portal\\\/ecologia-y-homenajes-marcaran-el-dia-de-la-u\\\/\"]}]},{\"@type\":\"ImageObject\",\"inLanguage\":\"es\",\"@id\":\"https:\\\/\\\/www.ucaldas.edu.co\\\/portal\\\/ecologia-y-homenajes-marcaran-el-dia-de-la-u\\\/#primaryimage\",\"url\":\"http:\\\/\\\/wwwo.ucaldas.edu.co\\\/images\\\/VASO_desechable.jpg\",\"contentUrl\":\"http:\\\/\\\/wwwo.ucaldas.edu.co\\\/images\\\/VASO_desechable.jpg\"},{\"@type\":\"BreadcrumbList\",\"@id\":\"https:\\\/\\\/www.ucaldas.edu.co\\\/portal\\\/ecologia-y-homenajes-marcaran-el-dia-de-la-u\\\/#breadcrumb\",\"itemListElement\":[{\"@type\":\"ListItem\",\"position\":1,\"name\":\"Portada\",\"item\":\"https:\\\/\\\/www.ucaldas.edu.co\\\/portal\\\/\"},{\"@type\":\"ListItem\",\"position\":2,\"name\":\"Ecolog\u00eda y homenajes marcar\u00e1n el D\u00eda de la U\"}]},{\"@type\":\"WebSite\",\"@id\":\"https:\\\/\\\/www.ucaldas.edu.co\\\/portal\\\/#website\",\"url\":\"https:\\\/\\\/www.ucaldas.edu.co\\\/portal\\\/\",\"name\":\"Universidad de Caldas\",\"description\":\"\",\"publisher\":{\"@id\":\"https:\\\/\\\/www.ucaldas.edu.co\\\/portal\\\/#organization\"},\"alternateName\":\"U. de Caldas\",\"potentialAction\":[{\"@type\":\"SearchAction\",\"target\":{\"@type\":\"EntryPoint\",\"urlTemplate\":\"https:\\\/\\\/www.ucaldas.edu.co\\\/portal\\\/?s={search_term_string}\"},\"query-input\":{\"@type\":\"PropertyValueSpecification\",\"valueRequired\":true,\"valueName\":\"search_term_string\"}}],\"inLanguage\":\"es\"},{\"@type\":\"Organization\",\"@id\":\"https:\\\/\\\/www.ucaldas.edu.co\\\/portal\\\/#organization\",\"name\":\"Universidad de Caldas\",\"alternateName\":\"U. de Caldas\",\"url\":\"https:\\\/\\\/www.ucaldas.edu.co\\\/portal\\\/\",\"logo\":{\"@type\":\"ImageObject\",\"inLanguage\":\"es\",\"@id\":\"https:\\\/\\\/www.ucaldas.edu.co\\\/portal\\\/#\\\/schema\\\/logo\\\/image\\\/\",\"url\":\"https:\\\/\\\/www.ucaldas.edu.co\\\/portal\\\/wp-content\\\/uploads\\\/2023\\\/11\\\/Logo_horizontal_oscuroU-2023.png\",\"contentUrl\":\"https:\\\/\\\/www.ucaldas.edu.co\\\/portal\\\/wp-content\\\/uploads\\\/2023\\\/11\\\/Logo_horizontal_oscuroU-2023.png\",\"width\":263,\"height\":101,\"caption\":\"Universidad de Caldas\"},\"image\":{\"@id\":\"https:\\\/\\\/www.ucaldas.edu.co\\\/portal\\\/#\\\/schema\\\/logo\\\/image\\\/\"},\"sameAs\":[\"https:\\\/\\\/www.facebook.com\\\/udecaldas\",\"https:\\\/\\\/x.com\\\/udecaldas\",\"https:\\\/\\\/www.youtube.com\\\/universidadcaldas\",\"https:\\\/\\\/www.instagram.com\\\/udecaldas\\\/\"]},{\"@type\":\"Person\",\"@id\":\"https:\\\/\\\/www.ucaldas.edu.co\\\/portal\\\/#\\\/schema\\\/person\\\/a1b482e23449158b4bc319926c074fdf\",\"name\":\"ofiprensa\",\"image\":{\"@type\":\"ImageObject\",\"inLanguage\":\"es\",\"@id\":\"https:\\\/\\\/www.ucaldas.edu.co\\\/portal\\\/wp-content\\\/litespeed\\\/avatar\\\/09ea5085e600095a7a811142c6944527.jpg?ver=1777497608\",\"url\":\"https:\\\/\\\/www.ucaldas.edu.co\\\/portal\\\/wp-content\\\/litespeed\\\/avatar\\\/09ea5085e600095a7a811142c6944527.jpg?ver=1777497608\",\"contentUrl\":\"https:\\\/\\\/www.ucaldas.edu.co\\\/portal\\\/wp-content\\\/litespeed\\\/avatar\\\/09ea5085e600095a7a811142c6944527.jpg?ver=1777497608\",\"caption\":\"ofiprensa\"},\"url\":\"https:\\\/\\\/www.ucaldas.edu.co\\\/portal\\\/author\\\/ofiprensa\\\/\"}]}<\/script>\n<!-- \/ Yoast SEO plugin. -->","yoast_head_json":{"title":"Ecolog\u00eda y homenajes marcar\u00e1n el D\u00eda de la U .","robots":{"index":"index","follow":"follow","max-snippet":"max-snippet:-1","max-image-preview":"max-image-preview:large","max-video-preview":"max-video-preview:-1"},"canonical":"https:\/\/www.ucaldas.edu.co\/portal\/ecologia-y-homenajes-marcaran-el-dia-de-la-u\/","schema":{"@context":"https:\/\/schema.org","@graph":[{"@type":"Article","@id":"https:\/\/www.ucaldas.edu.co\/portal\/ecologia-y-homenajes-marcaran-el-dia-de-la-u\/#article","isPartOf":{"@id":"https:\/\/www.ucaldas.edu.co\/portal\/ecologia-y-homenajes-marcaran-el-dia-de-la-u\/"},"author":{"name":"ofiprensa","@id":"https:\/\/www.ucaldas.edu.co\/portal\/#\/schema\/person\/a1b482e23449158b4bc319926c074fdf"},"headline":"Ecolog\u00eda y homenajes marcar\u00e1n el D\u00eda de la U","datePublished":"2010-05-21T22:40:45+00:00","mainEntityOfPage":{"@id":"https:\/\/www.ucaldas.edu.co\/portal\/ecologia-y-homenajes-marcaran-el-dia-de-la-u\/"},"wordCount":357,"publisher":{"@id":"https:\/\/www.ucaldas.edu.co\/portal\/#organization"},"image":{"@id":"https:\/\/www.ucaldas.edu.co\/portal\/ecologia-y-homenajes-marcaran-el-dia-de-la-u\/#primaryimage"},"thumbnailUrl":"http:\/\/wwwo.ucaldas.edu.co\/images\/VASO_desechable.jpg","articleSection":["Actualidad","Universidad al D\u00eda"],"inLanguage":"es"},{"@type":"WebPage","@id":"https:\/\/www.ucaldas.edu.co\/portal\/ecologia-y-homenajes-marcaran-el-dia-de-la-u\/","url":"https:\/\/www.ucaldas.edu.co\/portal\/ecologia-y-homenajes-marcaran-el-dia-de-la-u\/","name":"Ecolog\u00eda y homenajes marcar\u00e1n el D\u00eda de la U .","isPartOf":{"@id":"https:\/\/www.ucaldas.edu.co\/portal\/#website"},"primaryImageOfPage":{"@id":"https:\/\/www.ucaldas.edu.co\/portal\/ecologia-y-homenajes-marcaran-el-dia-de-la-u\/#primaryimage"},"image":{"@id":"https:\/\/www.ucaldas.edu.co\/portal\/ecologia-y-homenajes-marcaran-el-dia-de-la-u\/#primaryimage"},"thumbnailUrl":"http:\/\/wwwo.ucaldas.edu.co\/images\/VASO_desechable.jpg","datePublished":"2010-05-21T22:40:45+00:00","breadcrumb":{"@id":"https:\/\/www.ucaldas.edu.co\/portal\/ecologia-y-homenajes-marcaran-el-dia-de-la-u\/#breadcrumb"},"inLanguage":"es","potentialAction":[{"@type":"ReadAction","target":["https:\/\/www.ucaldas.edu.co\/portal\/ecologia-y-homenajes-marcaran-el-dia-de-la-u\/"]}]},{"@type":"ImageObject","inLanguage":"es","@id":"https:\/\/www.ucaldas.edu.co\/portal\/ecologia-y-homenajes-marcaran-el-dia-de-la-u\/#primaryimage","url":"http:\/\/wwwo.ucaldas.edu.co\/images\/VASO_desechable.jpg","contentUrl":"http:\/\/wwwo.ucaldas.edu.co\/images\/VASO_desechable.jpg"},{"@type":"BreadcrumbList","@id":"https:\/\/www.ucaldas.edu.co\/portal\/ecologia-y-homenajes-marcaran-el-dia-de-la-u\/#breadcrumb","itemListElement":[{"@type":"ListItem","position":1,"name":"Portada","item":"https:\/\/www.ucaldas.edu.co\/portal\/"},{"@type":"ListItem","position":2,"name":"Ecolog\u00eda y homenajes marcar\u00e1n el D\u00eda de la U"}]},{"@type":"WebSite","@id":"https:\/\/www.ucaldas.edu.co\/portal\/#website","url":"https:\/\/www.ucaldas.edu.co\/portal\/","name":"Universidad de Caldas","description":"","publisher":{"@id":"https:\/\/www.ucaldas.edu.co\/portal\/#organization"},"alternateName":"U. de Caldas","potentialAction":[{"@type":"SearchAction","target":{"@type":"EntryPoint","urlTemplate":"https:\/\/www.ucaldas.edu.co\/portal\/?s={search_term_string}"},"query-input":{"@type":"PropertyValueSpecification","valueRequired":true,"valueName":"search_term_string"}}],"inLanguage":"es"},{"@type":"Organization","@id":"https:\/\/www.ucaldas.edu.co\/portal\/#organization","name":"Universidad de Caldas","alternateName":"U. de Caldas","url":"https:\/\/www.ucaldas.edu.co\/portal\/","logo":{"@type":"ImageObject","inLanguage":"es","@id":"https:\/\/www.ucaldas.edu.co\/portal\/#\/schema\/logo\/image\/","url":"https:\/\/www.ucaldas.edu.co\/portal\/wp-content\/uploads\/2023\/11\/Logo_horizontal_oscuroU-2023.png","contentUrl":"https:\/\/www.ucaldas.edu.co\/portal\/wp-content\/uploads\/2023\/11\/Logo_horizontal_oscuroU-2023.png","width":263,"height":101,"caption":"Universidad de Caldas"},"image":{"@id":"https:\/\/www.ucaldas.edu.co\/portal\/#\/schema\/logo\/image\/"},"sameAs":["https:\/\/www.facebook.com\/udecaldas","https:\/\/x.com\/udecaldas","https:\/\/www.youtube.com\/universidadcaldas","https:\/\/www.instagram.com\/udecaldas\/"]},{"@type":"Person","@id":"https:\/\/www.ucaldas.edu.co\/portal\/#\/schema\/person\/a1b482e23449158b4bc319926c074fdf","name":"ofiprensa","image":{"@type":"ImageObject","inLanguage":"es","@id":"https:\/\/www.ucaldas.edu.co\/portal\/wp-content\/litespeed\/avatar\/09ea5085e600095a7a811142c6944527.jpg?ver=1777497608","url":"https:\/\/www.ucaldas.edu.co\/portal\/wp-content\/litespeed\/avatar\/09ea5085e600095a7a811142c6944527.jpg?ver=1777497608","contentUrl":"https:\/\/www.ucaldas.edu.co\/portal\/wp-content\/litespeed\/avatar\/09ea5085e600095a7a811142c6944527.jpg?ver=1777497608","caption":"ofiprensa"},"url":"https:\/\/www.ucaldas.edu.co\/portal\/author\/ofiprensa\/"}]}},"_links":{"self":[{"href":"https:\/\/www.ucaldas.edu.co\/portal\/wp-json\/wp\/v2\/posts\/6145","targetHints":{"allow":["GET"]}}],"collection":[{"href":"https:\/\/www.ucaldas.edu.co\/portal\/wp-json\/wp\/v2\/posts"}],"about":[{"href":"https:\/\/www.ucaldas.edu.co\/portal\/wp-json\/wp\/v2\/types\/post"}],"author":[{"embeddable":true,"href":"https:\/\/www.ucaldas.edu.co\/portal\/wp-json\/wp\/v2\/users\/2"}],"replies":[{"embeddable":true,"href":"https:\/\/www.ucaldas.edu.co\/portal\/wp-json\/wp\/v2\/comments?post=6145"}],"version-history":[{"count":0,"href":"https:\/\/www.ucaldas.edu.co\/portal\/wp-json\/wp\/v2\/posts\/6145\/revisions"}],"wp:attachment":[{"href":"https:\/\/www.ucaldas.edu.co\/portal\/wp-json\/wp\/v2\/media?parent=6145"}],"wp:term":[{"taxonomy":"category","embeddable":true,"href":"https:\/\/www.ucaldas.edu.co\/portal\/wp-json\/wp\/v2\/categories?post=6145"},{"taxonomy":"post_tag","embeddable":true,"href":"https:\/\/www.ucaldas.edu.co\/portal\/wp-json\/wp\/v2\/tags?post=6145"}],"curies":[{"name":"wp","href":"https:\/\/api.w.org\/{rel}","templated":true}]}}