{"id":61395,"date":"2021-03-10T23:42:44","date_gmt":"2021-03-10T23:42:44","guid":{"rendered":"https:\/\/www.ucaldas.edu.co\/portal\/?p=61395"},"modified":"2021-03-10T23:42:44","modified_gmt":"2021-03-10T23:42:44","slug":"el-proximo-15-de-abril-cierra-la-fase-de-inscripciones-de-nuevos-creditos-con-icetex","status":"publish","type":"post","link":"https:\/\/www.ucaldas.edu.co\/portal\/el-proximo-15-de-abril-cierra-la-fase-de-inscripciones-de-nuevos-creditos-con-icetex\/","title":{"rendered":"El pr\u00f3ximo 15 de abril cierra la fase de inscripciones de nuevos cr\u00e9ditos con ICETEX"},"content":{"rendered":"<p style=\"text-align: center;\">PARA ESTUDIOS DEL PRIMER SEMESTRE DE 2021<\/p>\n<p style=\"text-align: center;\"><strong>El pr\u00f3ximo 15 de abril cierra la fase de inscripciones de nuevos cr\u00e9ditos con ICETEX<\/strong><\/p>\n<p style=\"text-align: right;\">10\/03\/2021<\/p>\n<p><img loading=\"lazy\" decoding=\"async\" class=\"size-full wp-image-54837 aligncenter\" src=\"https:\/\/www.ucaldas.edu.co\/portal\/wp-content\/uploads\/2020\/03\/ICETEX-min.png\" alt=\"\" width=\"700\" height=\"400\" srcset=\"https:\/\/www.ucaldas.edu.co\/portal\/wp-content\/uploads\/2020\/03\/ICETEX-min.png 700w, https:\/\/www.ucaldas.edu.co\/portal\/wp-content\/uploads\/2020\/03\/ICETEX-min-300x171.png 300w\" sizes=\"auto, (max-width: 700px) 100vw, 700px\" \/><\/p>\n<p>Actualmente se encuentra abierta la convocatoria para que las personas que deseen ingresar a la educaci\u00f3n superior y requieran apoyo financiero, puedan solicitar su cr\u00e9dito reembolsable con ICETEX. \u00a0La etapa de inscripciones se encuentra abierta hasta el 15 de abril para estudios del primer semestre de 2021. Sin embargo, para que este proceso se lleve a cabo, se debe adelantar su legalizaci\u00f3n.<\/p>\n<p><!--more--><\/p>\n<p>Una vez, el aspirante diligencie el formulario de solicitud del cr\u00e9dito en la plataforma del sitio web de la entidad, este pasar\u00e1 a estudio. En ese momento, el Instituto comunicar\u00e1 por correo electr\u00f3nico registrado al aspirante que debe legalizar la financiaci\u00f3n.<\/p>\n<p>El Icetex hace las siguientes recomendaciones:<\/p>\n<ul>\n<li>La legalizaci\u00f3n consiste en el cargue digital de los documentos requeridos del aspirante y su deudor solidario, lo cual se realiza en la plataforma que ICETEX comunica al candidato luego de que el joven diligencie su solicitud.<\/li>\n<li>Legalizar el cr\u00e9dito tambi\u00e9n requiere de la constituci\u00f3n de garant\u00edas (es decir, del respaldo de este acuerdo financiero entre el estudiante e ICETEX) y la firma digital de pagar\u00e9, los cuales conforman el \u00faltimo paso para que el apoyo de haga efectivo.<\/li>\n<li>El listado de documentos requeridos ser\u00e1 informado por ICETEX al correo se\u00f1alado. Igualmente, para conocer dicha lista, seg\u00fan la l\u00ednea de financiaci\u00f3n elegida, los interesados deben acceder al manual que corresponde a su modalidad. Los interesados podr\u00e1n consultarlo en el siguiente enlace: <a href=\"https:\/\/portal.icetex.gov.co\/Portal\/Home\/HomeEstudiante\/proceso-de-legalizacion\">https:\/\/portal.icetex.gov.co\/Portal\/Home\/HomeEstudiante\/proceso-de-legalizacion<\/a><\/li>\n<\/ul>\n<p>&nbsp;<\/p>\n<p>Todos los tr\u00e1mites relacionados con cualquiera de los servicios y programas de ICETEX se realizan sin intermediarios y de manera gratuita, a trav\u00e9s de sus canales y plataformas oficiales.- La asignaci\u00f3n de la financiaci\u00f3n de ICETEX responde \u00fanicamente a la validaci\u00f3n interna del cumplimiento de requisitos establecidos para cada modalidad. Si desea acceder al cr\u00e9dito ICETEX y a\u00fan no ha realizado la postulaci\u00f3n, acceda al siguiente enlace para inscribirse antes del 15 de abril: <a href=\"https:\/\/portal.icetex.gov.co\/Portal\/Home\/HomeEstudiante\/creditos-tu-eliges\">https:\/\/portal.icetex.gov.co\/Portal\/Home\/HomeEstudiante\/creditos-tu-eliges<\/a><\/p>\n<p><strong>\u00a0<\/strong><\/p>\n<p><strong>Informes: <\/strong>Oficina de Comunicaciones y Prensa Universidad de Caldas.<\/p>\n<p><strong>Redacci\u00f3n:<\/strong> Adriana Salazar Villegas *con informaci\u00f3n www.icetex.gov.co<\/p>\n<p>&nbsp;<\/p>\n","protected":false},"excerpt":{"rendered":"<p>PARA ESTUDIOS DEL PRIMER SEMESTRE DE 2021 El pr\u00f3ximo 15 de abril cierra la fase de inscripciones de nuevos cr\u00e9ditos con ICETEX 10\/03\/2021 Actualmente se encuentra abierta la convocatoria para que las personas que deseen ingresar a la educaci\u00f3n superior y requieran apoyo financiero, puedan solicitar su cr\u00e9dito reembolsable con ICETEX. \u00a0La etapa de inscripciones [&hellip;]<\/p>\n","protected":false},"author":2,"featured_media":54837,"comment_status":"closed","ping_status":"open","sticky":false,"template":"","format":"standard","meta":{"footnotes":""},"categories":[48,53],"tags":[351,1357,4527,4622],"class_list":["post-61395","post","type-post","status-publish","format-standard","has-post-thumbnail","hentry","category-actualidad","category-universidad-al-dia","tag-icetex","tag-consulta","tag-creditos","tag-plazo"],"yoast_head":"<!-- This site is optimized with the Yoast SEO plugin v27.5 - https:\/\/yoast.com\/product\/yoast-seo-wordpress\/ -->\n<title>El pr\u00f3ximo 15 de abril cierra la fase de inscripciones de nuevos cr\u00e9ditos con ICETEX .<\/title>\n<meta name=\"robots\" content=\"index, follow, max-snippet:-1, max-image-preview:large, max-video-preview:-1\" \/>\n<link rel=\"canonical\" href=\"https:\/\/www.ucaldas.edu.co\/portal\/el-proximo-15-de-abril-cierra-la-fase-de-inscripciones-de-nuevos-creditos-con-icetex\/\" \/>\n<script type=\"application\/ld+json\" class=\"yoast-schema-graph\">{\"@context\":\"https:\\\/\\\/schema.org\",\"@graph\":[{\"@type\":\"Article\",\"@id\":\"https:\\\/\\\/www.ucaldas.edu.co\\\/portal\\\/el-proximo-15-de-abril-cierra-la-fase-de-inscripciones-de-nuevos-creditos-con-icetex\\\/#article\",\"isPartOf\":{\"@id\":\"https:\\\/\\\/www.ucaldas.edu.co\\\/portal\\\/el-proximo-15-de-abril-cierra-la-fase-de-inscripciones-de-nuevos-creditos-con-icetex\\\/\"},\"author\":{\"name\":\"ofiprensa\",\"@id\":\"https:\\\/\\\/www.ucaldas.edu.co\\\/portal\\\/#\\\/schema\\\/person\\\/a1b482e23449158b4bc319926c074fdf\"},\"headline\":\"El pr\u00f3ximo 15 de abril cierra la fase de inscripciones de nuevos cr\u00e9ditos con ICETEX\",\"datePublished\":\"2021-03-10T23:42:44+00:00\",\"mainEntityOfPage\":{\"@id\":\"https:\\\/\\\/www.ucaldas.edu.co\\\/portal\\\/el-proximo-15-de-abril-cierra-la-fase-de-inscripciones-de-nuevos-creditos-con-icetex\\\/\"},\"wordCount\":405,\"publisher\":{\"@id\":\"https:\\\/\\\/www.ucaldas.edu.co\\\/portal\\\/#organization\"},\"image\":{\"@id\":\"https:\\\/\\\/www.ucaldas.edu.co\\\/portal\\\/el-proximo-15-de-abril-cierra-la-fase-de-inscripciones-de-nuevos-creditos-con-icetex\\\/#primaryimage\"},\"thumbnailUrl\":\"https:\\\/\\\/www.ucaldas.edu.co\\\/portal\\\/wp-content\\\/uploads\\\/2020\\\/03\\\/ICETEX-min.png\",\"keywords\":[\"Icetex\",\"consulta\",\"cr\u00e9ditos\",\"plazo\"],\"articleSection\":[\"Actualidad\",\"Universidad al D\u00eda\"],\"inLanguage\":\"es\"},{\"@type\":\"WebPage\",\"@id\":\"https:\\\/\\\/www.ucaldas.edu.co\\\/portal\\\/el-proximo-15-de-abril-cierra-la-fase-de-inscripciones-de-nuevos-creditos-con-icetex\\\/\",\"url\":\"https:\\\/\\\/www.ucaldas.edu.co\\\/portal\\\/el-proximo-15-de-abril-cierra-la-fase-de-inscripciones-de-nuevos-creditos-con-icetex\\\/\",\"name\":\"El pr\u00f3ximo 15 de abril cierra la fase de inscripciones de nuevos cr\u00e9ditos con ICETEX .\",\"isPartOf\":{\"@id\":\"https:\\\/\\\/www.ucaldas.edu.co\\\/portal\\\/#website\"},\"primaryImageOfPage\":{\"@id\":\"https:\\\/\\\/www.ucaldas.edu.co\\\/portal\\\/el-proximo-15-de-abril-cierra-la-fase-de-inscripciones-de-nuevos-creditos-con-icetex\\\/#primaryimage\"},\"image\":{\"@id\":\"https:\\\/\\\/www.ucaldas.edu.co\\\/portal\\\/el-proximo-15-de-abril-cierra-la-fase-de-inscripciones-de-nuevos-creditos-con-icetex\\\/#primaryimage\"},\"thumbnailUrl\":\"https:\\\/\\\/www.ucaldas.edu.co\\\/portal\\\/wp-content\\\/uploads\\\/2020\\\/03\\\/ICETEX-min.png\",\"datePublished\":\"2021-03-10T23:42:44+00:00\",\"breadcrumb\":{\"@id\":\"https:\\\/\\\/www.ucaldas.edu.co\\\/portal\\\/el-proximo-15-de-abril-cierra-la-fase-de-inscripciones-de-nuevos-creditos-con-icetex\\\/#breadcrumb\"},\"inLanguage\":\"es\",\"potentialAction\":[{\"@type\":\"ReadAction\",\"target\":[\"https:\\\/\\\/www.ucaldas.edu.co\\\/portal\\\/el-proximo-15-de-abril-cierra-la-fase-de-inscripciones-de-nuevos-creditos-con-icetex\\\/\"]}]},{\"@type\":\"ImageObject\",\"inLanguage\":\"es\",\"@id\":\"https:\\\/\\\/www.ucaldas.edu.co\\\/portal\\\/el-proximo-15-de-abril-cierra-la-fase-de-inscripciones-de-nuevos-creditos-con-icetex\\\/#primaryimage\",\"url\":\"https:\\\/\\\/www.ucaldas.edu.co\\\/portal\\\/wp-content\\\/uploads\\\/2020\\\/03\\\/ICETEX-min.png\",\"contentUrl\":\"https:\\\/\\\/www.ucaldas.edu.co\\\/portal\\\/wp-content\\\/uploads\\\/2020\\\/03\\\/ICETEX-min.png\",\"width\":700,\"height\":400},{\"@type\":\"BreadcrumbList\",\"@id\":\"https:\\\/\\\/www.ucaldas.edu.co\\\/portal\\\/el-proximo-15-de-abril-cierra-la-fase-de-inscripciones-de-nuevos-creditos-con-icetex\\\/#breadcrumb\",\"itemListElement\":[{\"@type\":\"ListItem\",\"position\":1,\"name\":\"Portada\",\"item\":\"https:\\\/\\\/www.ucaldas.edu.co\\\/portal\\\/\"},{\"@type\":\"ListItem\",\"position\":2,\"name\":\"El pr\u00f3ximo 15 de abril cierra la fase de inscripciones de nuevos cr\u00e9ditos con ICETEX\"}]},{\"@type\":\"WebSite\",\"@id\":\"https:\\\/\\\/www.ucaldas.edu.co\\\/portal\\\/#website\",\"url\":\"https:\\\/\\\/www.ucaldas.edu.co\\\/portal\\\/\",\"name\":\"Universidad de Caldas\",\"description\":\"\",\"publisher\":{\"@id\":\"https:\\\/\\\/www.ucaldas.edu.co\\\/portal\\\/#organization\"},\"alternateName\":\"U. de Caldas\",\"potentialAction\":[{\"@type\":\"SearchAction\",\"target\":{\"@type\":\"EntryPoint\",\"urlTemplate\":\"https:\\\/\\\/www.ucaldas.edu.co\\\/portal\\\/?s={search_term_string}\"},\"query-input\":{\"@type\":\"PropertyValueSpecification\",\"valueRequired\":true,\"valueName\":\"search_term_string\"}}],\"inLanguage\":\"es\"},{\"@type\":\"Organization\",\"@id\":\"https:\\\/\\\/www.ucaldas.edu.co\\\/portal\\\/#organization\",\"name\":\"Universidad de Caldas\",\"alternateName\":\"U. de Caldas\",\"url\":\"https:\\\/\\\/www.ucaldas.edu.co\\\/portal\\\/\",\"logo\":{\"@type\":\"ImageObject\",\"inLanguage\":\"es\",\"@id\":\"https:\\\/\\\/www.ucaldas.edu.co\\\/portal\\\/#\\\/schema\\\/logo\\\/image\\\/\",\"url\":\"https:\\\/\\\/www.ucaldas.edu.co\\\/portal\\\/wp-content\\\/uploads\\\/2023\\\/11\\\/Logo_horizontal_oscuroU-2023.png\",\"contentUrl\":\"https:\\\/\\\/www.ucaldas.edu.co\\\/portal\\\/wp-content\\\/uploads\\\/2023\\\/11\\\/Logo_horizontal_oscuroU-2023.png\",\"width\":263,\"height\":101,\"caption\":\"Universidad de Caldas\"},\"image\":{\"@id\":\"https:\\\/\\\/www.ucaldas.edu.co\\\/portal\\\/#\\\/schema\\\/logo\\\/image\\\/\"},\"sameAs\":[\"https:\\\/\\\/www.facebook.com\\\/udecaldas\",\"https:\\\/\\\/x.com\\\/udecaldas\",\"https:\\\/\\\/www.youtube.com\\\/universidadcaldas\",\"https:\\\/\\\/www.instagram.com\\\/udecaldas\\\/\"]},{\"@type\":\"Person\",\"@id\":\"https:\\\/\\\/www.ucaldas.edu.co\\\/portal\\\/#\\\/schema\\\/person\\\/a1b482e23449158b4bc319926c074fdf\",\"name\":\"ofiprensa\",\"image\":{\"@type\":\"ImageObject\",\"inLanguage\":\"es\",\"@id\":\"https:\\\/\\\/www.ucaldas.edu.co\\\/portal\\\/wp-content\\\/litespeed\\\/avatar\\\/09ea5085e600095a7a811142c6944527.jpg?ver=1777497608\",\"url\":\"https:\\\/\\\/www.ucaldas.edu.co\\\/portal\\\/wp-content\\\/litespeed\\\/avatar\\\/09ea5085e600095a7a811142c6944527.jpg?ver=1777497608\",\"contentUrl\":\"https:\\\/\\\/www.ucaldas.edu.co\\\/portal\\\/wp-content\\\/litespeed\\\/avatar\\\/09ea5085e600095a7a811142c6944527.jpg?ver=1777497608\",\"caption\":\"ofiprensa\"},\"url\":\"https:\\\/\\\/www.ucaldas.edu.co\\\/portal\\\/author\\\/ofiprensa\\\/\"}]}<\/script>\n<!-- \/ Yoast SEO plugin. -->","yoast_head_json":{"title":"El pr\u00f3ximo 15 de abril cierra la fase de inscripciones de nuevos cr\u00e9ditos con ICETEX .","robots":{"index":"index","follow":"follow","max-snippet":"max-snippet:-1","max-image-preview":"max-image-preview:large","max-video-preview":"max-video-preview:-1"},"canonical":"https:\/\/www.ucaldas.edu.co\/portal\/el-proximo-15-de-abril-cierra-la-fase-de-inscripciones-de-nuevos-creditos-con-icetex\/","schema":{"@context":"https:\/\/schema.org","@graph":[{"@type":"Article","@id":"https:\/\/www.ucaldas.edu.co\/portal\/el-proximo-15-de-abril-cierra-la-fase-de-inscripciones-de-nuevos-creditos-con-icetex\/#article","isPartOf":{"@id":"https:\/\/www.ucaldas.edu.co\/portal\/el-proximo-15-de-abril-cierra-la-fase-de-inscripciones-de-nuevos-creditos-con-icetex\/"},"author":{"name":"ofiprensa","@id":"https:\/\/www.ucaldas.edu.co\/portal\/#\/schema\/person\/a1b482e23449158b4bc319926c074fdf"},"headline":"El pr\u00f3ximo 15 de abril cierra la fase de inscripciones de nuevos cr\u00e9ditos con ICETEX","datePublished":"2021-03-10T23:42:44+00:00","mainEntityOfPage":{"@id":"https:\/\/www.ucaldas.edu.co\/portal\/el-proximo-15-de-abril-cierra-la-fase-de-inscripciones-de-nuevos-creditos-con-icetex\/"},"wordCount":405,"publisher":{"@id":"https:\/\/www.ucaldas.edu.co\/portal\/#organization"},"image":{"@id":"https:\/\/www.ucaldas.edu.co\/portal\/el-proximo-15-de-abril-cierra-la-fase-de-inscripciones-de-nuevos-creditos-con-icetex\/#primaryimage"},"thumbnailUrl":"https:\/\/www.ucaldas.edu.co\/portal\/wp-content\/uploads\/2020\/03\/ICETEX-min.png","keywords":["Icetex","consulta","cr\u00e9ditos","plazo"],"articleSection":["Actualidad","Universidad al D\u00eda"],"inLanguage":"es"},{"@type":"WebPage","@id":"https:\/\/www.ucaldas.edu.co\/portal\/el-proximo-15-de-abril-cierra-la-fase-de-inscripciones-de-nuevos-creditos-con-icetex\/","url":"https:\/\/www.ucaldas.edu.co\/portal\/el-proximo-15-de-abril-cierra-la-fase-de-inscripciones-de-nuevos-creditos-con-icetex\/","name":"El pr\u00f3ximo 15 de abril cierra la fase de inscripciones de nuevos cr\u00e9ditos con ICETEX .","isPartOf":{"@id":"https:\/\/www.ucaldas.edu.co\/portal\/#website"},"primaryImageOfPage":{"@id":"https:\/\/www.ucaldas.edu.co\/portal\/el-proximo-15-de-abril-cierra-la-fase-de-inscripciones-de-nuevos-creditos-con-icetex\/#primaryimage"},"image":{"@id":"https:\/\/www.ucaldas.edu.co\/portal\/el-proximo-15-de-abril-cierra-la-fase-de-inscripciones-de-nuevos-creditos-con-icetex\/#primaryimage"},"thumbnailUrl":"https:\/\/www.ucaldas.edu.co\/portal\/wp-content\/uploads\/2020\/03\/ICETEX-min.png","datePublished":"2021-03-10T23:42:44+00:00","breadcrumb":{"@id":"https:\/\/www.ucaldas.edu.co\/portal\/el-proximo-15-de-abril-cierra-la-fase-de-inscripciones-de-nuevos-creditos-con-icetex\/#breadcrumb"},"inLanguage":"es","potentialAction":[{"@type":"ReadAction","target":["https:\/\/www.ucaldas.edu.co\/portal\/el-proximo-15-de-abril-cierra-la-fase-de-inscripciones-de-nuevos-creditos-con-icetex\/"]}]},{"@type":"ImageObject","inLanguage":"es","@id":"https:\/\/www.ucaldas.edu.co\/portal\/el-proximo-15-de-abril-cierra-la-fase-de-inscripciones-de-nuevos-creditos-con-icetex\/#primaryimage","url":"https:\/\/www.ucaldas.edu.co\/portal\/wp-content\/uploads\/2020\/03\/ICETEX-min.png","contentUrl":"https:\/\/www.ucaldas.edu.co\/portal\/wp-content\/uploads\/2020\/03\/ICETEX-min.png","width":700,"height":400},{"@type":"BreadcrumbList","@id":"https:\/\/www.ucaldas.edu.co\/portal\/el-proximo-15-de-abril-cierra-la-fase-de-inscripciones-de-nuevos-creditos-con-icetex\/#breadcrumb","itemListElement":[{"@type":"ListItem","position":1,"name":"Portada","item":"https:\/\/www.ucaldas.edu.co\/portal\/"},{"@type":"ListItem","position":2,"name":"El pr\u00f3ximo 15 de abril cierra la fase de inscripciones de nuevos cr\u00e9ditos con ICETEX"}]},{"@type":"WebSite","@id":"https:\/\/www.ucaldas.edu.co\/portal\/#website","url":"https:\/\/www.ucaldas.edu.co\/portal\/","name":"Universidad de Caldas","description":"","publisher":{"@id":"https:\/\/www.ucaldas.edu.co\/portal\/#organization"},"alternateName":"U. de Caldas","potentialAction":[{"@type":"SearchAction","target":{"@type":"EntryPoint","urlTemplate":"https:\/\/www.ucaldas.edu.co\/portal\/?s={search_term_string}"},"query-input":{"@type":"PropertyValueSpecification","valueRequired":true,"valueName":"search_term_string"}}],"inLanguage":"es"},{"@type":"Organization","@id":"https:\/\/www.ucaldas.edu.co\/portal\/#organization","name":"Universidad de Caldas","alternateName":"U. de Caldas","url":"https:\/\/www.ucaldas.edu.co\/portal\/","logo":{"@type":"ImageObject","inLanguage":"es","@id":"https:\/\/www.ucaldas.edu.co\/portal\/#\/schema\/logo\/image\/","url":"https:\/\/www.ucaldas.edu.co\/portal\/wp-content\/uploads\/2023\/11\/Logo_horizontal_oscuroU-2023.png","contentUrl":"https:\/\/www.ucaldas.edu.co\/portal\/wp-content\/uploads\/2023\/11\/Logo_horizontal_oscuroU-2023.png","width":263,"height":101,"caption":"Universidad de Caldas"},"image":{"@id":"https:\/\/www.ucaldas.edu.co\/portal\/#\/schema\/logo\/image\/"},"sameAs":["https:\/\/www.facebook.com\/udecaldas","https:\/\/x.com\/udecaldas","https:\/\/www.youtube.com\/universidadcaldas","https:\/\/www.instagram.com\/udecaldas\/"]},{"@type":"Person","@id":"https:\/\/www.ucaldas.edu.co\/portal\/#\/schema\/person\/a1b482e23449158b4bc319926c074fdf","name":"ofiprensa","image":{"@type":"ImageObject","inLanguage":"es","@id":"https:\/\/www.ucaldas.edu.co\/portal\/wp-content\/litespeed\/avatar\/09ea5085e600095a7a811142c6944527.jpg?ver=1777497608","url":"https:\/\/www.ucaldas.edu.co\/portal\/wp-content\/litespeed\/avatar\/09ea5085e600095a7a811142c6944527.jpg?ver=1777497608","contentUrl":"https:\/\/www.ucaldas.edu.co\/portal\/wp-content\/litespeed\/avatar\/09ea5085e600095a7a811142c6944527.jpg?ver=1777497608","caption":"ofiprensa"},"url":"https:\/\/www.ucaldas.edu.co\/portal\/author\/ofiprensa\/"}]}},"_links":{"self":[{"href":"https:\/\/www.ucaldas.edu.co\/portal\/wp-json\/wp\/v2\/posts\/61395","targetHints":{"allow":["GET"]}}],"collection":[{"href":"https:\/\/www.ucaldas.edu.co\/portal\/wp-json\/wp\/v2\/posts"}],"about":[{"href":"https:\/\/www.ucaldas.edu.co\/portal\/wp-json\/wp\/v2\/types\/post"}],"author":[{"embeddable":true,"href":"https:\/\/www.ucaldas.edu.co\/portal\/wp-json\/wp\/v2\/users\/2"}],"replies":[{"embeddable":true,"href":"https:\/\/www.ucaldas.edu.co\/portal\/wp-json\/wp\/v2\/comments?post=61395"}],"version-history":[{"count":0,"href":"https:\/\/www.ucaldas.edu.co\/portal\/wp-json\/wp\/v2\/posts\/61395\/revisions"}],"wp:featuredmedia":[{"embeddable":true,"href":"https:\/\/www.ucaldas.edu.co\/portal\/wp-json\/wp\/v2\/media\/54837"}],"wp:attachment":[{"href":"https:\/\/www.ucaldas.edu.co\/portal\/wp-json\/wp\/v2\/media?parent=61395"}],"wp:term":[{"taxonomy":"category","embeddable":true,"href":"https:\/\/www.ucaldas.edu.co\/portal\/wp-json\/wp\/v2\/categories?post=61395"},{"taxonomy":"post_tag","embeddable":true,"href":"https:\/\/www.ucaldas.edu.co\/portal\/wp-json\/wp\/v2\/tags?post=61395"}],"curies":[{"name":"wp","href":"https:\/\/api.w.org\/{rel}","templated":true}]}}