{"id":61380,"date":"2021-03-09T23:53:27","date_gmt":"2021-03-09T23:53:27","guid":{"rendered":"https:\/\/www.ucaldas.edu.co\/portal\/?p=61380"},"modified":"2021-03-09T23:56:03","modified_gmt":"2021-03-09T23:56:03","slug":"docente-de-la-facultad-de-artes-y-humanidades-mujeres-que-inspiran","status":"publish","type":"post","link":"https:\/\/www.ucaldas.edu.co\/portal\/docente-de-la-facultad-de-artes-y-humanidades-mujeres-que-inspiran\/","title":{"rendered":"Decana de la Facultad de Ciencias para la Salud y  Docente de la Facultad de Artes y humanidades \u201cMujeres que Inspiran\u201d"},"content":{"rendered":"<p style=\"text-align: center;\">RECONOCIMIENTO HECHO POR LA ALCALD\u00cdA DE MANIZALES<\/p>\n<p style=\"text-align: center;\"><strong>Decana de la Facultad de Ciencias para la Salud y <\/strong><\/p>\n<p style=\"text-align: center;\"><strong>Docente de la Facultad de Artes y humanidades \u201cMujeres que Inspiran\u201d<\/strong><\/p>\n<p style=\"text-align: right;\">09\/03\/2021<\/p>\n<p><img loading=\"lazy\" decoding=\"async\" class=\"size-full wp-image-61381 aligncenter\" src=\"https:\/\/www.ucaldas.edu.co\/portal\/wp-content\/uploads\/2021\/03\/reconocimiento-decana.jpg\" alt=\"\" width=\"700\" height=\"400\" srcset=\"https:\/\/www.ucaldas.edu.co\/portal\/wp-content\/uploads\/2021\/03\/reconocimiento-decana.jpg 700w, https:\/\/www.ucaldas.edu.co\/portal\/wp-content\/uploads\/2021\/03\/reconocimiento-decana-300x171.jpg 300w\" sizes=\"auto, (max-width: 700px) 100vw, 700px\" \/><\/p>\n<p>Con ocasi\u00f3n a la conmemoraci\u00f3n del D\u00eda Internacional de la Mujer, la Alcald\u00eda de Manizales a trav\u00e9s de la Secretar\u00eda de las Mujeres y Equidad de G\u00e9nero\u00a0 exalt\u00f3 \u00a0a las mujeres que con su esfuerzo y dedicaci\u00f3n\u00a0 inspiran a \u00a0luchar por una sociedad m\u00e1s equitativa.<\/p>\n<p><!--more--><\/p>\n<p>Durante este evento se reconoci\u00f3 la labor de dos mujeres que hacen parte de la comunidad acad\u00e9mica de la Universidad de Caldas, la decana de la Facultad de Ciencias para la Salud Claudia Patricia Jaramillo \u00c1ngel y la docente de la Facultad de Artes y Humanidades Liliana Hurtado S\u00e1enz.<\/p>\n<p>La Alcald\u00eda de Manizales adelant\u00f3 este evento con el nombre \u201cMujeres que Inspiran\u201d y destac\u00f3 el trabajo de la Decana de la Facultad de Ciencias para la Salud \u00a0Claudia Patricia Jaramillo \u00c1ngel, por su compromiso con los programas que se adelantan desde Telesalud y Telemedicina, adem\u00e1s del apoyo que se ha dado desde la Universidad de Caldas a la atenci\u00f3n de la emergencia sanitaria.<\/p>\n<p>En el caso de la docente de la Facultad de Artes y Humanidades Liliana Hurtado S\u00e1enz, el reconocimiento fue hecho por su trabajo desde las artes esc\u00e9nicas en la sensibilizaci\u00f3n contra el maltrato, el abuso y el acoso a las mujeres. Un trabajo que desarrolla desde hace m\u00e1s de 20 a\u00f1os con el apoyo de un colectivo interdisciplinario de la Universidad de Caldas.<\/p>\n<p>Tanto la decana como la docente coinciden que esta distinci\u00f3n representa a las mujeres de la Universidad de Caldas, que con su trabajo y \u00a0tenacidad aportan cada d\u00eda a la construcci\u00f3n de una sociedad m\u00e1s justa.<\/p>\n<p>&nbsp;<\/p>\n<p><strong>Informes: <\/strong>Oficina de Comunicaciones y Prensa Universidad de Caldas.<\/p>\n<p><strong>Redacci\u00f3n:<\/strong> Adriana Salazar Villegas<\/p>\n<p>&nbsp;<\/p>\n","protected":false},"excerpt":{"rendered":"<p>RECONOCIMIENTO HECHO POR LA ALCALD\u00cdA DE MANIZALES Decana de la Facultad de Ciencias para la Salud y Docente de la Facultad de Artes y humanidades \u201cMujeres que Inspiran\u201d 09\/03\/2021 Con ocasi\u00f3n a la conmemoraci\u00f3n del D\u00eda Internacional de la Mujer, la Alcald\u00eda de Manizales a trav\u00e9s de la Secretar\u00eda de las Mujeres y Equidad de [&hellip;]<\/p>\n","protected":false},"author":2,"featured_media":61381,"comment_status":"closed","ping_status":"open","sticky":false,"template":"","format":"standard","meta":{"footnotes":""},"categories":[48,53],"tags":[6021,6022,514,628],"class_list":["post-61380","post","type-post","status-publish","format-standard","has-post-thumbnail","hentry","category-actualidad","category-universidad-al-dia","tag-mujeres-y-equidad-de-genero","tag-mujeres-en-la-sociedad","tag-dia-de-la-mujer","tag-alcaldia-de-manizales"],"yoast_head":"<!-- This site is optimized with the Yoast SEO plugin v27.5 - https:\/\/yoast.com\/product\/yoast-seo-wordpress\/ -->\n<title>Decana de la Facultad de Ciencias para la Salud y Docente de la Facultad de Artes y humanidades \u201cMujeres que Inspiran\u201d .<\/title>\n<meta name=\"robots\" content=\"index, follow, max-snippet:-1, max-image-preview:large, max-video-preview:-1\" \/>\n<link rel=\"canonical\" href=\"https:\/\/www.ucaldas.edu.co\/portal\/docente-de-la-facultad-de-artes-y-humanidades-mujeres-que-inspiran\/\" \/>\n<script type=\"application\/ld+json\" class=\"yoast-schema-graph\">{\"@context\":\"https:\\\/\\\/schema.org\",\"@graph\":[{\"@type\":\"Article\",\"@id\":\"https:\\\/\\\/www.ucaldas.edu.co\\\/portal\\\/docente-de-la-facultad-de-artes-y-humanidades-mujeres-que-inspiran\\\/#article\",\"isPartOf\":{\"@id\":\"https:\\\/\\\/www.ucaldas.edu.co\\\/portal\\\/docente-de-la-facultad-de-artes-y-humanidades-mujeres-que-inspiran\\\/\"},\"author\":{\"name\":\"ofiprensa\",\"@id\":\"https:\\\/\\\/www.ucaldas.edu.co\\\/portal\\\/#\\\/schema\\\/person\\\/a1b482e23449158b4bc319926c074fdf\"},\"headline\":\"Decana de la Facultad de Ciencias para la Salud y Docente de la Facultad de Artes y humanidades \u201cMujeres que Inspiran\u201d\",\"datePublished\":\"2021-03-09T23:53:27+00:00\",\"dateModified\":\"2021-03-09T23:56:03+00:00\",\"mainEntityOfPage\":{\"@id\":\"https:\\\/\\\/www.ucaldas.edu.co\\\/portal\\\/docente-de-la-facultad-de-artes-y-humanidades-mujeres-que-inspiran\\\/\"},\"wordCount\":345,\"publisher\":{\"@id\":\"https:\\\/\\\/www.ucaldas.edu.co\\\/portal\\\/#organization\"},\"image\":{\"@id\":\"https:\\\/\\\/www.ucaldas.edu.co\\\/portal\\\/docente-de-la-facultad-de-artes-y-humanidades-mujeres-que-inspiran\\\/#primaryimage\"},\"thumbnailUrl\":\"https:\\\/\\\/www.ucaldas.edu.co\\\/portal\\\/wp-content\\\/uploads\\\/2021\\\/03\\\/reconocimiento-decana.jpg\",\"keywords\":[\"mujeres y equidad de g\u00e9nero\",\"mujeres en la sociedad\",\"D\u00eda de la Mujer\",\"Alcald\u00eda de Manizales\"],\"articleSection\":[\"Actualidad\",\"Universidad al D\u00eda\"],\"inLanguage\":\"es\"},{\"@type\":\"WebPage\",\"@id\":\"https:\\\/\\\/www.ucaldas.edu.co\\\/portal\\\/docente-de-la-facultad-de-artes-y-humanidades-mujeres-que-inspiran\\\/\",\"url\":\"https:\\\/\\\/www.ucaldas.edu.co\\\/portal\\\/docente-de-la-facultad-de-artes-y-humanidades-mujeres-que-inspiran\\\/\",\"name\":\"Decana de la Facultad de Ciencias para la Salud y Docente de la Facultad de Artes y humanidades \u201cMujeres que Inspiran\u201d .\",\"isPartOf\":{\"@id\":\"https:\\\/\\\/www.ucaldas.edu.co\\\/portal\\\/#website\"},\"primaryImageOfPage\":{\"@id\":\"https:\\\/\\\/www.ucaldas.edu.co\\\/portal\\\/docente-de-la-facultad-de-artes-y-humanidades-mujeres-que-inspiran\\\/#primaryimage\"},\"image\":{\"@id\":\"https:\\\/\\\/www.ucaldas.edu.co\\\/portal\\\/docente-de-la-facultad-de-artes-y-humanidades-mujeres-que-inspiran\\\/#primaryimage\"},\"thumbnailUrl\":\"https:\\\/\\\/www.ucaldas.edu.co\\\/portal\\\/wp-content\\\/uploads\\\/2021\\\/03\\\/reconocimiento-decana.jpg\",\"datePublished\":\"2021-03-09T23:53:27+00:00\",\"dateModified\":\"2021-03-09T23:56:03+00:00\",\"breadcrumb\":{\"@id\":\"https:\\\/\\\/www.ucaldas.edu.co\\\/portal\\\/docente-de-la-facultad-de-artes-y-humanidades-mujeres-que-inspiran\\\/#breadcrumb\"},\"inLanguage\":\"es\",\"potentialAction\":[{\"@type\":\"ReadAction\",\"target\":[\"https:\\\/\\\/www.ucaldas.edu.co\\\/portal\\\/docente-de-la-facultad-de-artes-y-humanidades-mujeres-que-inspiran\\\/\"]}]},{\"@type\":\"ImageObject\",\"inLanguage\":\"es\",\"@id\":\"https:\\\/\\\/www.ucaldas.edu.co\\\/portal\\\/docente-de-la-facultad-de-artes-y-humanidades-mujeres-que-inspiran\\\/#primaryimage\",\"url\":\"https:\\\/\\\/www.ucaldas.edu.co\\\/portal\\\/wp-content\\\/uploads\\\/2021\\\/03\\\/reconocimiento-decana.jpg\",\"contentUrl\":\"https:\\\/\\\/www.ucaldas.edu.co\\\/portal\\\/wp-content\\\/uploads\\\/2021\\\/03\\\/reconocimiento-decana.jpg\",\"width\":700,\"height\":400},{\"@type\":\"BreadcrumbList\",\"@id\":\"https:\\\/\\\/www.ucaldas.edu.co\\\/portal\\\/docente-de-la-facultad-de-artes-y-humanidades-mujeres-que-inspiran\\\/#breadcrumb\",\"itemListElement\":[{\"@type\":\"ListItem\",\"position\":1,\"name\":\"Portada\",\"item\":\"https:\\\/\\\/www.ucaldas.edu.co\\\/portal\\\/\"},{\"@type\":\"ListItem\",\"position\":2,\"name\":\"Decana de la Facultad de Ciencias para la Salud y Docente de la Facultad de Artes y humanidades \u201cMujeres que Inspiran\u201d\"}]},{\"@type\":\"WebSite\",\"@id\":\"https:\\\/\\\/www.ucaldas.edu.co\\\/portal\\\/#website\",\"url\":\"https:\\\/\\\/www.ucaldas.edu.co\\\/portal\\\/\",\"name\":\"Universidad de Caldas\",\"description\":\"\",\"publisher\":{\"@id\":\"https:\\\/\\\/www.ucaldas.edu.co\\\/portal\\\/#organization\"},\"alternateName\":\"U. de Caldas\",\"potentialAction\":[{\"@type\":\"SearchAction\",\"target\":{\"@type\":\"EntryPoint\",\"urlTemplate\":\"https:\\\/\\\/www.ucaldas.edu.co\\\/portal\\\/?s={search_term_string}\"},\"query-input\":{\"@type\":\"PropertyValueSpecification\",\"valueRequired\":true,\"valueName\":\"search_term_string\"}}],\"inLanguage\":\"es\"},{\"@type\":\"Organization\",\"@id\":\"https:\\\/\\\/www.ucaldas.edu.co\\\/portal\\\/#organization\",\"name\":\"Universidad de Caldas\",\"alternateName\":\"U. de Caldas\",\"url\":\"https:\\\/\\\/www.ucaldas.edu.co\\\/portal\\\/\",\"logo\":{\"@type\":\"ImageObject\",\"inLanguage\":\"es\",\"@id\":\"https:\\\/\\\/www.ucaldas.edu.co\\\/portal\\\/#\\\/schema\\\/logo\\\/image\\\/\",\"url\":\"https:\\\/\\\/www.ucaldas.edu.co\\\/portal\\\/wp-content\\\/uploads\\\/2023\\\/11\\\/Logo_horizontal_oscuroU-2023.png\",\"contentUrl\":\"https:\\\/\\\/www.ucaldas.edu.co\\\/portal\\\/wp-content\\\/uploads\\\/2023\\\/11\\\/Logo_horizontal_oscuroU-2023.png\",\"width\":263,\"height\":101,\"caption\":\"Universidad de Caldas\"},\"image\":{\"@id\":\"https:\\\/\\\/www.ucaldas.edu.co\\\/portal\\\/#\\\/schema\\\/logo\\\/image\\\/\"},\"sameAs\":[\"https:\\\/\\\/www.facebook.com\\\/udecaldas\",\"https:\\\/\\\/x.com\\\/udecaldas\",\"https:\\\/\\\/www.youtube.com\\\/universidadcaldas\",\"https:\\\/\\\/www.instagram.com\\\/udecaldas\\\/\"]},{\"@type\":\"Person\",\"@id\":\"https:\\\/\\\/www.ucaldas.edu.co\\\/portal\\\/#\\\/schema\\\/person\\\/a1b482e23449158b4bc319926c074fdf\",\"name\":\"ofiprensa\",\"image\":{\"@type\":\"ImageObject\",\"inLanguage\":\"es\",\"@id\":\"https:\\\/\\\/www.ucaldas.edu.co\\\/portal\\\/wp-content\\\/litespeed\\\/avatar\\\/09ea5085e600095a7a811142c6944527.jpg?ver=1777497608\",\"url\":\"https:\\\/\\\/www.ucaldas.edu.co\\\/portal\\\/wp-content\\\/litespeed\\\/avatar\\\/09ea5085e600095a7a811142c6944527.jpg?ver=1777497608\",\"contentUrl\":\"https:\\\/\\\/www.ucaldas.edu.co\\\/portal\\\/wp-content\\\/litespeed\\\/avatar\\\/09ea5085e600095a7a811142c6944527.jpg?ver=1777497608\",\"caption\":\"ofiprensa\"},\"url\":\"https:\\\/\\\/www.ucaldas.edu.co\\\/portal\\\/author\\\/ofiprensa\\\/\"}]}<\/script>\n<!-- \/ Yoast SEO plugin. -->","yoast_head_json":{"title":"Decana de la Facultad de Ciencias para la Salud y Docente de la Facultad de Artes y humanidades \u201cMujeres que Inspiran\u201d .","robots":{"index":"index","follow":"follow","max-snippet":"max-snippet:-1","max-image-preview":"max-image-preview:large","max-video-preview":"max-video-preview:-1"},"canonical":"https:\/\/www.ucaldas.edu.co\/portal\/docente-de-la-facultad-de-artes-y-humanidades-mujeres-que-inspiran\/","schema":{"@context":"https:\/\/schema.org","@graph":[{"@type":"Article","@id":"https:\/\/www.ucaldas.edu.co\/portal\/docente-de-la-facultad-de-artes-y-humanidades-mujeres-que-inspiran\/#article","isPartOf":{"@id":"https:\/\/www.ucaldas.edu.co\/portal\/docente-de-la-facultad-de-artes-y-humanidades-mujeres-que-inspiran\/"},"author":{"name":"ofiprensa","@id":"https:\/\/www.ucaldas.edu.co\/portal\/#\/schema\/person\/a1b482e23449158b4bc319926c074fdf"},"headline":"Decana de la Facultad de Ciencias para la Salud y Docente de la Facultad de Artes y humanidades \u201cMujeres que Inspiran\u201d","datePublished":"2021-03-09T23:53:27+00:00","dateModified":"2021-03-09T23:56:03+00:00","mainEntityOfPage":{"@id":"https:\/\/www.ucaldas.edu.co\/portal\/docente-de-la-facultad-de-artes-y-humanidades-mujeres-que-inspiran\/"},"wordCount":345,"publisher":{"@id":"https:\/\/www.ucaldas.edu.co\/portal\/#organization"},"image":{"@id":"https:\/\/www.ucaldas.edu.co\/portal\/docente-de-la-facultad-de-artes-y-humanidades-mujeres-que-inspiran\/#primaryimage"},"thumbnailUrl":"https:\/\/www.ucaldas.edu.co\/portal\/wp-content\/uploads\/2021\/03\/reconocimiento-decana.jpg","keywords":["mujeres y equidad de g\u00e9nero","mujeres en la sociedad","D\u00eda de la Mujer","Alcald\u00eda de Manizales"],"articleSection":["Actualidad","Universidad al D\u00eda"],"inLanguage":"es"},{"@type":"WebPage","@id":"https:\/\/www.ucaldas.edu.co\/portal\/docente-de-la-facultad-de-artes-y-humanidades-mujeres-que-inspiran\/","url":"https:\/\/www.ucaldas.edu.co\/portal\/docente-de-la-facultad-de-artes-y-humanidades-mujeres-que-inspiran\/","name":"Decana de la Facultad de Ciencias para la Salud y Docente de la Facultad de Artes y humanidades \u201cMujeres que Inspiran\u201d .","isPartOf":{"@id":"https:\/\/www.ucaldas.edu.co\/portal\/#website"},"primaryImageOfPage":{"@id":"https:\/\/www.ucaldas.edu.co\/portal\/docente-de-la-facultad-de-artes-y-humanidades-mujeres-que-inspiran\/#primaryimage"},"image":{"@id":"https:\/\/www.ucaldas.edu.co\/portal\/docente-de-la-facultad-de-artes-y-humanidades-mujeres-que-inspiran\/#primaryimage"},"thumbnailUrl":"https:\/\/www.ucaldas.edu.co\/portal\/wp-content\/uploads\/2021\/03\/reconocimiento-decana.jpg","datePublished":"2021-03-09T23:53:27+00:00","dateModified":"2021-03-09T23:56:03+00:00","breadcrumb":{"@id":"https:\/\/www.ucaldas.edu.co\/portal\/docente-de-la-facultad-de-artes-y-humanidades-mujeres-que-inspiran\/#breadcrumb"},"inLanguage":"es","potentialAction":[{"@type":"ReadAction","target":["https:\/\/www.ucaldas.edu.co\/portal\/docente-de-la-facultad-de-artes-y-humanidades-mujeres-que-inspiran\/"]}]},{"@type":"ImageObject","inLanguage":"es","@id":"https:\/\/www.ucaldas.edu.co\/portal\/docente-de-la-facultad-de-artes-y-humanidades-mujeres-que-inspiran\/#primaryimage","url":"https:\/\/www.ucaldas.edu.co\/portal\/wp-content\/uploads\/2021\/03\/reconocimiento-decana.jpg","contentUrl":"https:\/\/www.ucaldas.edu.co\/portal\/wp-content\/uploads\/2021\/03\/reconocimiento-decana.jpg","width":700,"height":400},{"@type":"BreadcrumbList","@id":"https:\/\/www.ucaldas.edu.co\/portal\/docente-de-la-facultad-de-artes-y-humanidades-mujeres-que-inspiran\/#breadcrumb","itemListElement":[{"@type":"ListItem","position":1,"name":"Portada","item":"https:\/\/www.ucaldas.edu.co\/portal\/"},{"@type":"ListItem","position":2,"name":"Decana de la Facultad de Ciencias para la Salud y Docente de la Facultad de Artes y humanidades \u201cMujeres que Inspiran\u201d"}]},{"@type":"WebSite","@id":"https:\/\/www.ucaldas.edu.co\/portal\/#website","url":"https:\/\/www.ucaldas.edu.co\/portal\/","name":"Universidad de Caldas","description":"","publisher":{"@id":"https:\/\/www.ucaldas.edu.co\/portal\/#organization"},"alternateName":"U. de Caldas","potentialAction":[{"@type":"SearchAction","target":{"@type":"EntryPoint","urlTemplate":"https:\/\/www.ucaldas.edu.co\/portal\/?s={search_term_string}"},"query-input":{"@type":"PropertyValueSpecification","valueRequired":true,"valueName":"search_term_string"}}],"inLanguage":"es"},{"@type":"Organization","@id":"https:\/\/www.ucaldas.edu.co\/portal\/#organization","name":"Universidad de Caldas","alternateName":"U. de Caldas","url":"https:\/\/www.ucaldas.edu.co\/portal\/","logo":{"@type":"ImageObject","inLanguage":"es","@id":"https:\/\/www.ucaldas.edu.co\/portal\/#\/schema\/logo\/image\/","url":"https:\/\/www.ucaldas.edu.co\/portal\/wp-content\/uploads\/2023\/11\/Logo_horizontal_oscuroU-2023.png","contentUrl":"https:\/\/www.ucaldas.edu.co\/portal\/wp-content\/uploads\/2023\/11\/Logo_horizontal_oscuroU-2023.png","width":263,"height":101,"caption":"Universidad de Caldas"},"image":{"@id":"https:\/\/www.ucaldas.edu.co\/portal\/#\/schema\/logo\/image\/"},"sameAs":["https:\/\/www.facebook.com\/udecaldas","https:\/\/x.com\/udecaldas","https:\/\/www.youtube.com\/universidadcaldas","https:\/\/www.instagram.com\/udecaldas\/"]},{"@type":"Person","@id":"https:\/\/www.ucaldas.edu.co\/portal\/#\/schema\/person\/a1b482e23449158b4bc319926c074fdf","name":"ofiprensa","image":{"@type":"ImageObject","inLanguage":"es","@id":"https:\/\/www.ucaldas.edu.co\/portal\/wp-content\/litespeed\/avatar\/09ea5085e600095a7a811142c6944527.jpg?ver=1777497608","url":"https:\/\/www.ucaldas.edu.co\/portal\/wp-content\/litespeed\/avatar\/09ea5085e600095a7a811142c6944527.jpg?ver=1777497608","contentUrl":"https:\/\/www.ucaldas.edu.co\/portal\/wp-content\/litespeed\/avatar\/09ea5085e600095a7a811142c6944527.jpg?ver=1777497608","caption":"ofiprensa"},"url":"https:\/\/www.ucaldas.edu.co\/portal\/author\/ofiprensa\/"}]}},"_links":{"self":[{"href":"https:\/\/www.ucaldas.edu.co\/portal\/wp-json\/wp\/v2\/posts\/61380","targetHints":{"allow":["GET"]}}],"collection":[{"href":"https:\/\/www.ucaldas.edu.co\/portal\/wp-json\/wp\/v2\/posts"}],"about":[{"href":"https:\/\/www.ucaldas.edu.co\/portal\/wp-json\/wp\/v2\/types\/post"}],"author":[{"embeddable":true,"href":"https:\/\/www.ucaldas.edu.co\/portal\/wp-json\/wp\/v2\/users\/2"}],"replies":[{"embeddable":true,"href":"https:\/\/www.ucaldas.edu.co\/portal\/wp-json\/wp\/v2\/comments?post=61380"}],"version-history":[{"count":0,"href":"https:\/\/www.ucaldas.edu.co\/portal\/wp-json\/wp\/v2\/posts\/61380\/revisions"}],"wp:featuredmedia":[{"embeddable":true,"href":"https:\/\/www.ucaldas.edu.co\/portal\/wp-json\/wp\/v2\/media\/61381"}],"wp:attachment":[{"href":"https:\/\/www.ucaldas.edu.co\/portal\/wp-json\/wp\/v2\/media?parent=61380"}],"wp:term":[{"taxonomy":"category","embeddable":true,"href":"https:\/\/www.ucaldas.edu.co\/portal\/wp-json\/wp\/v2\/categories?post=61380"},{"taxonomy":"post_tag","embeddable":true,"href":"https:\/\/www.ucaldas.edu.co\/portal\/wp-json\/wp\/v2\/tags?post=61380"}],"curies":[{"name":"wp","href":"https:\/\/api.w.org\/{rel}","templated":true}]}}