{"id":61225,"date":"2021-03-02T23:48:18","date_gmt":"2021-03-02T23:48:18","guid":{"rendered":"https:\/\/www.ucaldas.edu.co\/portal\/?p=61225"},"modified":"2021-06-30T14:20:38","modified_gmt":"2021-06-30T14:20:38","slug":"primer-simposio-nacional-sobre-intervenciones-en-actividad-fisica-recreacion-y-deporte-con-mediaciones-tic","status":"publish","type":"post","link":"https:\/\/www.ucaldas.edu.co\/portal\/primer-simposio-nacional-sobre-intervenciones-en-actividad-fisica-recreacion-y-deporte-con-mediaciones-tic\/","title":{"rendered":"Primer Simposio Nacional sobre Intervenciones en Actividad F\u00edsica,  Recreaci\u00f3n y Deporte con mediaciones TIC"},"content":{"rendered":"<p style=\"text-align: center;\">INSCRIPCIONES ABIERTAS COMO PONENTE Y ASISTENTE<\/p>\n<p style=\"text-align: center;\"><strong>Primer Simposio Nacional sobre Intervenciones en Actividad F\u00edsica, <\/strong><\/p>\n<p style=\"text-align: center;\"><strong>Recreaci\u00f3n y Deporte con mediaciones TIC<\/strong><\/p>\n<p style=\"text-align: right;\">02\/03\/2021<\/p>\n<p><img loading=\"lazy\" decoding=\"async\" class=\"size-full wp-image-61226 aligncenter\" src=\"https:\/\/www.ucaldas.edu.co\/portal\/wp-content\/uploads\/2021\/03\/simposio-deporte.jpg\" alt=\"\" width=\"700\" height=\"400\" srcset=\"https:\/\/www.ucaldas.edu.co\/portal\/wp-content\/uploads\/2021\/03\/simposio-deporte.jpg 700w, https:\/\/www.ucaldas.edu.co\/portal\/wp-content\/uploads\/2021\/03\/simposio-deporte-300x171.jpg 300w\" sizes=\"auto, (max-width: 700px) 100vw, 700px\" \/><\/p>\n<p>Bajo la coordinaci\u00f3n de la Maestr\u00eda en Actividad F\u00edsica para la Salud y el grupo de investigaci\u00f3n de Telesalud, en articulaci\u00f3n con la Facultad de Ciencias para la Salud y el departamento de Acci\u00f3n F\u00edsica Humana de la Universidad de Caldas, se realizar\u00e1 el \u201cPrimer Simposio Nacional sobre Intervenciones en Actividad F\u00edsica, Recreaci\u00f3n y Deporte con mediaciones TIC\u201d.<\/p>\n<p><!--more--><\/p>\n<p>El Director de la Maestr\u00eda en Actividad F\u00edsica para la Salud, \u00c9der Pe\u00f1a Quimbaya, expresa que el evento pretende difundir los conocimientos y experiencias de intervenciones en actividad f\u00edsica, recreaci\u00f3n y deporte durante la actual contingencia sanitaria, que fueron realizadas a trav\u00e9s de diversas plataformas virtuales, con el fin de facilitar su uso y aplicaci\u00f3n en actores e instituciones en el sector salud, turismo y educaci\u00f3n.<\/p>\n<p>El evento que se realizar\u00e1 el 22 de julio, tiene abierta convocatoria para participar en las siguientes categor\u00edas:<\/p>\n<ul>\n<li>Ponencia Oral: Dirigida a investigadores, estudiantes de posgrado y pregrado que tiene proyectos de intervenci\u00f3n terminados al a\u00f1o 2020 o proyectos en etapa avanzada de la ejecuci\u00f3n las fases o etapas planteadas.<\/li>\n<li>P\u00f3ster propuesta de proyecto de intervenci\u00f3n: Dirigida a estudiantes de posgrado y pregrado que est\u00e1n en el dise\u00f1o o planteamiento de un proyecto de intervenci\u00f3n con mediaci\u00f3n TIC.<\/li>\n<li>Asistente: Comunidad acad\u00e9mica de universidades, instituciones p\u00fablicas y privadas de sector educaci\u00f3n, salud, turismo I+D+I y organizaciones no Gubernamentales.<\/li>\n<\/ul>\n<p>&nbsp;<\/p>\n<p>Las l\u00edneas de investigaci\u00f3n de los trabajos ser\u00e1n:<\/p>\n<ul>\n<li>Enfermedades Cr\u00f3nicas No transmisibles.<\/li>\n<li>Innovaci\u00f3n\/Tecnolog\u00eda.<\/li>\n<li>Escuela saludable.<\/li>\n<li>Formaci\u00f3n y entrenamiento deportivo.<\/li>\n<li>Centros de acondicionamiento.<\/li>\n<\/ul>\n<p>Pe\u00f1a \u00a0Quimbaya agrega que es importante que todos los profesionales, investigadores e instituciones p\u00fablicas y privadas, puedan intercambiar experiencias, proporcionando informaci\u00f3n y pautas necesarias para incentivar a la comunidad a mantenerse activas y seguras a trav\u00e9s de mediaciones TIC.<\/p>\n<p>&nbsp;<\/p>\n<p>Las inscripciones se realizar\u00e1n del 9 al 14 de marzo en el siguiente enlace: <strong><a href=\"https:\/\/ccusalmona.com\/evento\/i-simposio-nacional-sobre-intervenciones-en-actividad-fisica-recreacion-y-deporte\/\">Inscripciones.<\/a><\/strong><\/p>\n<p><strong>\u00a0<\/strong><\/p>\n<p><strong>Informes: <\/strong>Oficina de Comunicaciones y Prensa Universidad de Caldas.<\/p>\n<p><strong>Redacci\u00f3n:<\/strong> Mateo Buritic\u00e1 Giraldo<\/p>\n<p>&nbsp;<\/p>\n","protected":false},"excerpt":{"rendered":"<p>INSCRIPCIONES ABIERTAS COMO PONENTE Y ASISTENTE Primer Simposio Nacional sobre Intervenciones en Actividad F\u00edsica, Recreaci\u00f3n y Deporte con mediaciones TIC 02\/03\/2021 Bajo la coordinaci\u00f3n de la Maestr\u00eda en Actividad F\u00edsica para la Salud y el grupo de investigaci\u00f3n de Telesalud, en articulaci\u00f3n con la Facultad de Ciencias para la Salud y el departamento de Acci\u00f3n [&hellip;]<\/p>\n","protected":false},"author":2,"featured_media":61226,"comment_status":"closed","ping_status":"open","sticky":false,"template":"","format":"standard","meta":{"footnotes":""},"categories":[48,53,62],"tags":[114,734,5986,5987],"class_list":["post-61225","post","type-post","status-publish","format-standard","has-post-thumbnail","hentry","category-actualidad","category-universidad-al-dia","category-eventos","tag-actividad-fisica-2","tag-deporte","tag-recreacion-en-pandemia","tag-simposio-nacional"],"yoast_head":"<!-- This site is optimized with the Yoast SEO plugin v27.5 - https:\/\/yoast.com\/product\/yoast-seo-wordpress\/ -->\n<title>Primer Simposio Nacional sobre Intervenciones en Actividad F\u00edsica, Recreaci\u00f3n y Deporte con mediaciones TIC .<\/title>\n<meta name=\"robots\" content=\"index, follow, max-snippet:-1, max-image-preview:large, max-video-preview:-1\" \/>\n<link rel=\"canonical\" href=\"https:\/\/www.ucaldas.edu.co\/portal\/primer-simposio-nacional-sobre-intervenciones-en-actividad-fisica-recreacion-y-deporte-con-mediaciones-tic\/\" \/>\n<script type=\"application\/ld+json\" class=\"yoast-schema-graph\">{\"@context\":\"https:\\\/\\\/schema.org\",\"@graph\":[{\"@type\":\"Article\",\"@id\":\"https:\\\/\\\/www.ucaldas.edu.co\\\/portal\\\/primer-simposio-nacional-sobre-intervenciones-en-actividad-fisica-recreacion-y-deporte-con-mediaciones-tic\\\/#article\",\"isPartOf\":{\"@id\":\"https:\\\/\\\/www.ucaldas.edu.co\\\/portal\\\/primer-simposio-nacional-sobre-intervenciones-en-actividad-fisica-recreacion-y-deporte-con-mediaciones-tic\\\/\"},\"author\":{\"name\":\"ofiprensa\",\"@id\":\"https:\\\/\\\/www.ucaldas.edu.co\\\/portal\\\/#\\\/schema\\\/person\\\/a1b482e23449158b4bc319926c074fdf\"},\"headline\":\"Primer Simposio Nacional sobre Intervenciones en Actividad F\u00edsica, Recreaci\u00f3n y Deporte con mediaciones TIC\",\"datePublished\":\"2021-03-02T23:48:18+00:00\",\"dateModified\":\"2021-06-30T14:20:38+00:00\",\"mainEntityOfPage\":{\"@id\":\"https:\\\/\\\/www.ucaldas.edu.co\\\/portal\\\/primer-simposio-nacional-sobre-intervenciones-en-actividad-fisica-recreacion-y-deporte-con-mediaciones-tic\\\/\"},\"wordCount\":393,\"publisher\":{\"@id\":\"https:\\\/\\\/www.ucaldas.edu.co\\\/portal\\\/#organization\"},\"image\":{\"@id\":\"https:\\\/\\\/www.ucaldas.edu.co\\\/portal\\\/primer-simposio-nacional-sobre-intervenciones-en-actividad-fisica-recreacion-y-deporte-con-mediaciones-tic\\\/#primaryimage\"},\"thumbnailUrl\":\"https:\\\/\\\/www.ucaldas.edu.co\\\/portal\\\/wp-content\\\/uploads\\\/2021\\\/03\\\/simposio-deporte.jpg\",\"keywords\":[\"Actividad F\u00edsica\",\"deporte\",\"recreaci\u00f3n en pandemia\",\"simposio nacional\"],\"articleSection\":[\"Actualidad\",\"Universidad al D\u00eda\",\"Eventos\"],\"inLanguage\":\"es\"},{\"@type\":\"WebPage\",\"@id\":\"https:\\\/\\\/www.ucaldas.edu.co\\\/portal\\\/primer-simposio-nacional-sobre-intervenciones-en-actividad-fisica-recreacion-y-deporte-con-mediaciones-tic\\\/\",\"url\":\"https:\\\/\\\/www.ucaldas.edu.co\\\/portal\\\/primer-simposio-nacional-sobre-intervenciones-en-actividad-fisica-recreacion-y-deporte-con-mediaciones-tic\\\/\",\"name\":\"Primer Simposio Nacional sobre Intervenciones en Actividad F\u00edsica, Recreaci\u00f3n y Deporte con mediaciones TIC .\",\"isPartOf\":{\"@id\":\"https:\\\/\\\/www.ucaldas.edu.co\\\/portal\\\/#website\"},\"primaryImageOfPage\":{\"@id\":\"https:\\\/\\\/www.ucaldas.edu.co\\\/portal\\\/primer-simposio-nacional-sobre-intervenciones-en-actividad-fisica-recreacion-y-deporte-con-mediaciones-tic\\\/#primaryimage\"},\"image\":{\"@id\":\"https:\\\/\\\/www.ucaldas.edu.co\\\/portal\\\/primer-simposio-nacional-sobre-intervenciones-en-actividad-fisica-recreacion-y-deporte-con-mediaciones-tic\\\/#primaryimage\"},\"thumbnailUrl\":\"https:\\\/\\\/www.ucaldas.edu.co\\\/portal\\\/wp-content\\\/uploads\\\/2021\\\/03\\\/simposio-deporte.jpg\",\"datePublished\":\"2021-03-02T23:48:18+00:00\",\"dateModified\":\"2021-06-30T14:20:38+00:00\",\"breadcrumb\":{\"@id\":\"https:\\\/\\\/www.ucaldas.edu.co\\\/portal\\\/primer-simposio-nacional-sobre-intervenciones-en-actividad-fisica-recreacion-y-deporte-con-mediaciones-tic\\\/#breadcrumb\"},\"inLanguage\":\"es\",\"potentialAction\":[{\"@type\":\"ReadAction\",\"target\":[\"https:\\\/\\\/www.ucaldas.edu.co\\\/portal\\\/primer-simposio-nacional-sobre-intervenciones-en-actividad-fisica-recreacion-y-deporte-con-mediaciones-tic\\\/\"]}]},{\"@type\":\"ImageObject\",\"inLanguage\":\"es\",\"@id\":\"https:\\\/\\\/www.ucaldas.edu.co\\\/portal\\\/primer-simposio-nacional-sobre-intervenciones-en-actividad-fisica-recreacion-y-deporte-con-mediaciones-tic\\\/#primaryimage\",\"url\":\"https:\\\/\\\/www.ucaldas.edu.co\\\/portal\\\/wp-content\\\/uploads\\\/2021\\\/03\\\/simposio-deporte.jpg\",\"contentUrl\":\"https:\\\/\\\/www.ucaldas.edu.co\\\/portal\\\/wp-content\\\/uploads\\\/2021\\\/03\\\/simposio-deporte.jpg\",\"width\":700,\"height\":400},{\"@type\":\"BreadcrumbList\",\"@id\":\"https:\\\/\\\/www.ucaldas.edu.co\\\/portal\\\/primer-simposio-nacional-sobre-intervenciones-en-actividad-fisica-recreacion-y-deporte-con-mediaciones-tic\\\/#breadcrumb\",\"itemListElement\":[{\"@type\":\"ListItem\",\"position\":1,\"name\":\"Portada\",\"item\":\"https:\\\/\\\/www.ucaldas.edu.co\\\/portal\\\/\"},{\"@type\":\"ListItem\",\"position\":2,\"name\":\"Primer Simposio Nacional sobre Intervenciones en Actividad F\u00edsica, Recreaci\u00f3n y Deporte con mediaciones TIC\"}]},{\"@type\":\"WebSite\",\"@id\":\"https:\\\/\\\/www.ucaldas.edu.co\\\/portal\\\/#website\",\"url\":\"https:\\\/\\\/www.ucaldas.edu.co\\\/portal\\\/\",\"name\":\"Universidad de Caldas\",\"description\":\"\",\"publisher\":{\"@id\":\"https:\\\/\\\/www.ucaldas.edu.co\\\/portal\\\/#organization\"},\"alternateName\":\"U. de Caldas\",\"potentialAction\":[{\"@type\":\"SearchAction\",\"target\":{\"@type\":\"EntryPoint\",\"urlTemplate\":\"https:\\\/\\\/www.ucaldas.edu.co\\\/portal\\\/?s={search_term_string}\"},\"query-input\":{\"@type\":\"PropertyValueSpecification\",\"valueRequired\":true,\"valueName\":\"search_term_string\"}}],\"inLanguage\":\"es\"},{\"@type\":\"Organization\",\"@id\":\"https:\\\/\\\/www.ucaldas.edu.co\\\/portal\\\/#organization\",\"name\":\"Universidad de Caldas\",\"alternateName\":\"U. de Caldas\",\"url\":\"https:\\\/\\\/www.ucaldas.edu.co\\\/portal\\\/\",\"logo\":{\"@type\":\"ImageObject\",\"inLanguage\":\"es\",\"@id\":\"https:\\\/\\\/www.ucaldas.edu.co\\\/portal\\\/#\\\/schema\\\/logo\\\/image\\\/\",\"url\":\"https:\\\/\\\/www.ucaldas.edu.co\\\/portal\\\/wp-content\\\/uploads\\\/2023\\\/11\\\/Logo_horizontal_oscuroU-2023.png\",\"contentUrl\":\"https:\\\/\\\/www.ucaldas.edu.co\\\/portal\\\/wp-content\\\/uploads\\\/2023\\\/11\\\/Logo_horizontal_oscuroU-2023.png\",\"width\":263,\"height\":101,\"caption\":\"Universidad de Caldas\"},\"image\":{\"@id\":\"https:\\\/\\\/www.ucaldas.edu.co\\\/portal\\\/#\\\/schema\\\/logo\\\/image\\\/\"},\"sameAs\":[\"https:\\\/\\\/www.facebook.com\\\/udecaldas\",\"https:\\\/\\\/x.com\\\/udecaldas\",\"https:\\\/\\\/www.youtube.com\\\/universidadcaldas\",\"https:\\\/\\\/www.instagram.com\\\/udecaldas\\\/\"]},{\"@type\":\"Person\",\"@id\":\"https:\\\/\\\/www.ucaldas.edu.co\\\/portal\\\/#\\\/schema\\\/person\\\/a1b482e23449158b4bc319926c074fdf\",\"name\":\"ofiprensa\",\"image\":{\"@type\":\"ImageObject\",\"inLanguage\":\"es\",\"@id\":\"https:\\\/\\\/www.ucaldas.edu.co\\\/portal\\\/wp-content\\\/litespeed\\\/avatar\\\/09ea5085e600095a7a811142c6944527.jpg?ver=1777497608\",\"url\":\"https:\\\/\\\/www.ucaldas.edu.co\\\/portal\\\/wp-content\\\/litespeed\\\/avatar\\\/09ea5085e600095a7a811142c6944527.jpg?ver=1777497608\",\"contentUrl\":\"https:\\\/\\\/www.ucaldas.edu.co\\\/portal\\\/wp-content\\\/litespeed\\\/avatar\\\/09ea5085e600095a7a811142c6944527.jpg?ver=1777497608\",\"caption\":\"ofiprensa\"},\"url\":\"https:\\\/\\\/www.ucaldas.edu.co\\\/portal\\\/author\\\/ofiprensa\\\/\"}]}<\/script>\n<!-- \/ Yoast SEO plugin. -->","yoast_head_json":{"title":"Primer Simposio Nacional sobre Intervenciones en Actividad F\u00edsica, Recreaci\u00f3n y Deporte con mediaciones TIC .","robots":{"index":"index","follow":"follow","max-snippet":"max-snippet:-1","max-image-preview":"max-image-preview:large","max-video-preview":"max-video-preview:-1"},"canonical":"https:\/\/www.ucaldas.edu.co\/portal\/primer-simposio-nacional-sobre-intervenciones-en-actividad-fisica-recreacion-y-deporte-con-mediaciones-tic\/","schema":{"@context":"https:\/\/schema.org","@graph":[{"@type":"Article","@id":"https:\/\/www.ucaldas.edu.co\/portal\/primer-simposio-nacional-sobre-intervenciones-en-actividad-fisica-recreacion-y-deporte-con-mediaciones-tic\/#article","isPartOf":{"@id":"https:\/\/www.ucaldas.edu.co\/portal\/primer-simposio-nacional-sobre-intervenciones-en-actividad-fisica-recreacion-y-deporte-con-mediaciones-tic\/"},"author":{"name":"ofiprensa","@id":"https:\/\/www.ucaldas.edu.co\/portal\/#\/schema\/person\/a1b482e23449158b4bc319926c074fdf"},"headline":"Primer Simposio Nacional sobre Intervenciones en Actividad F\u00edsica, Recreaci\u00f3n y Deporte con mediaciones TIC","datePublished":"2021-03-02T23:48:18+00:00","dateModified":"2021-06-30T14:20:38+00:00","mainEntityOfPage":{"@id":"https:\/\/www.ucaldas.edu.co\/portal\/primer-simposio-nacional-sobre-intervenciones-en-actividad-fisica-recreacion-y-deporte-con-mediaciones-tic\/"},"wordCount":393,"publisher":{"@id":"https:\/\/www.ucaldas.edu.co\/portal\/#organization"},"image":{"@id":"https:\/\/www.ucaldas.edu.co\/portal\/primer-simposio-nacional-sobre-intervenciones-en-actividad-fisica-recreacion-y-deporte-con-mediaciones-tic\/#primaryimage"},"thumbnailUrl":"https:\/\/www.ucaldas.edu.co\/portal\/wp-content\/uploads\/2021\/03\/simposio-deporte.jpg","keywords":["Actividad F\u00edsica","deporte","recreaci\u00f3n en pandemia","simposio nacional"],"articleSection":["Actualidad","Universidad al D\u00eda","Eventos"],"inLanguage":"es"},{"@type":"WebPage","@id":"https:\/\/www.ucaldas.edu.co\/portal\/primer-simposio-nacional-sobre-intervenciones-en-actividad-fisica-recreacion-y-deporte-con-mediaciones-tic\/","url":"https:\/\/www.ucaldas.edu.co\/portal\/primer-simposio-nacional-sobre-intervenciones-en-actividad-fisica-recreacion-y-deporte-con-mediaciones-tic\/","name":"Primer Simposio Nacional sobre Intervenciones en Actividad F\u00edsica, Recreaci\u00f3n y Deporte con mediaciones TIC .","isPartOf":{"@id":"https:\/\/www.ucaldas.edu.co\/portal\/#website"},"primaryImageOfPage":{"@id":"https:\/\/www.ucaldas.edu.co\/portal\/primer-simposio-nacional-sobre-intervenciones-en-actividad-fisica-recreacion-y-deporte-con-mediaciones-tic\/#primaryimage"},"image":{"@id":"https:\/\/www.ucaldas.edu.co\/portal\/primer-simposio-nacional-sobre-intervenciones-en-actividad-fisica-recreacion-y-deporte-con-mediaciones-tic\/#primaryimage"},"thumbnailUrl":"https:\/\/www.ucaldas.edu.co\/portal\/wp-content\/uploads\/2021\/03\/simposio-deporte.jpg","datePublished":"2021-03-02T23:48:18+00:00","dateModified":"2021-06-30T14:20:38+00:00","breadcrumb":{"@id":"https:\/\/www.ucaldas.edu.co\/portal\/primer-simposio-nacional-sobre-intervenciones-en-actividad-fisica-recreacion-y-deporte-con-mediaciones-tic\/#breadcrumb"},"inLanguage":"es","potentialAction":[{"@type":"ReadAction","target":["https:\/\/www.ucaldas.edu.co\/portal\/primer-simposio-nacional-sobre-intervenciones-en-actividad-fisica-recreacion-y-deporte-con-mediaciones-tic\/"]}]},{"@type":"ImageObject","inLanguage":"es","@id":"https:\/\/www.ucaldas.edu.co\/portal\/primer-simposio-nacional-sobre-intervenciones-en-actividad-fisica-recreacion-y-deporte-con-mediaciones-tic\/#primaryimage","url":"https:\/\/www.ucaldas.edu.co\/portal\/wp-content\/uploads\/2021\/03\/simposio-deporte.jpg","contentUrl":"https:\/\/www.ucaldas.edu.co\/portal\/wp-content\/uploads\/2021\/03\/simposio-deporte.jpg","width":700,"height":400},{"@type":"BreadcrumbList","@id":"https:\/\/www.ucaldas.edu.co\/portal\/primer-simposio-nacional-sobre-intervenciones-en-actividad-fisica-recreacion-y-deporte-con-mediaciones-tic\/#breadcrumb","itemListElement":[{"@type":"ListItem","position":1,"name":"Portada","item":"https:\/\/www.ucaldas.edu.co\/portal\/"},{"@type":"ListItem","position":2,"name":"Primer Simposio Nacional sobre Intervenciones en Actividad F\u00edsica, Recreaci\u00f3n y Deporte con mediaciones TIC"}]},{"@type":"WebSite","@id":"https:\/\/www.ucaldas.edu.co\/portal\/#website","url":"https:\/\/www.ucaldas.edu.co\/portal\/","name":"Universidad de Caldas","description":"","publisher":{"@id":"https:\/\/www.ucaldas.edu.co\/portal\/#organization"},"alternateName":"U. de Caldas","potentialAction":[{"@type":"SearchAction","target":{"@type":"EntryPoint","urlTemplate":"https:\/\/www.ucaldas.edu.co\/portal\/?s={search_term_string}"},"query-input":{"@type":"PropertyValueSpecification","valueRequired":true,"valueName":"search_term_string"}}],"inLanguage":"es"},{"@type":"Organization","@id":"https:\/\/www.ucaldas.edu.co\/portal\/#organization","name":"Universidad de Caldas","alternateName":"U. de Caldas","url":"https:\/\/www.ucaldas.edu.co\/portal\/","logo":{"@type":"ImageObject","inLanguage":"es","@id":"https:\/\/www.ucaldas.edu.co\/portal\/#\/schema\/logo\/image\/","url":"https:\/\/www.ucaldas.edu.co\/portal\/wp-content\/uploads\/2023\/11\/Logo_horizontal_oscuroU-2023.png","contentUrl":"https:\/\/www.ucaldas.edu.co\/portal\/wp-content\/uploads\/2023\/11\/Logo_horizontal_oscuroU-2023.png","width":263,"height":101,"caption":"Universidad de Caldas"},"image":{"@id":"https:\/\/www.ucaldas.edu.co\/portal\/#\/schema\/logo\/image\/"},"sameAs":["https:\/\/www.facebook.com\/udecaldas","https:\/\/x.com\/udecaldas","https:\/\/www.youtube.com\/universidadcaldas","https:\/\/www.instagram.com\/udecaldas\/"]},{"@type":"Person","@id":"https:\/\/www.ucaldas.edu.co\/portal\/#\/schema\/person\/a1b482e23449158b4bc319926c074fdf","name":"ofiprensa","image":{"@type":"ImageObject","inLanguage":"es","@id":"https:\/\/www.ucaldas.edu.co\/portal\/wp-content\/litespeed\/avatar\/09ea5085e600095a7a811142c6944527.jpg?ver=1777497608","url":"https:\/\/www.ucaldas.edu.co\/portal\/wp-content\/litespeed\/avatar\/09ea5085e600095a7a811142c6944527.jpg?ver=1777497608","contentUrl":"https:\/\/www.ucaldas.edu.co\/portal\/wp-content\/litespeed\/avatar\/09ea5085e600095a7a811142c6944527.jpg?ver=1777497608","caption":"ofiprensa"},"url":"https:\/\/www.ucaldas.edu.co\/portal\/author\/ofiprensa\/"}]}},"_links":{"self":[{"href":"https:\/\/www.ucaldas.edu.co\/portal\/wp-json\/wp\/v2\/posts\/61225","targetHints":{"allow":["GET"]}}],"collection":[{"href":"https:\/\/www.ucaldas.edu.co\/portal\/wp-json\/wp\/v2\/posts"}],"about":[{"href":"https:\/\/www.ucaldas.edu.co\/portal\/wp-json\/wp\/v2\/types\/post"}],"author":[{"embeddable":true,"href":"https:\/\/www.ucaldas.edu.co\/portal\/wp-json\/wp\/v2\/users\/2"}],"replies":[{"embeddable":true,"href":"https:\/\/www.ucaldas.edu.co\/portal\/wp-json\/wp\/v2\/comments?post=61225"}],"version-history":[{"count":0,"href":"https:\/\/www.ucaldas.edu.co\/portal\/wp-json\/wp\/v2\/posts\/61225\/revisions"}],"wp:featuredmedia":[{"embeddable":true,"href":"https:\/\/www.ucaldas.edu.co\/portal\/wp-json\/wp\/v2\/media\/61226"}],"wp:attachment":[{"href":"https:\/\/www.ucaldas.edu.co\/portal\/wp-json\/wp\/v2\/media?parent=61225"}],"wp:term":[{"taxonomy":"category","embeddable":true,"href":"https:\/\/www.ucaldas.edu.co\/portal\/wp-json\/wp\/v2\/categories?post=61225"},{"taxonomy":"post_tag","embeddable":true,"href":"https:\/\/www.ucaldas.edu.co\/portal\/wp-json\/wp\/v2\/tags?post=61225"}],"curies":[{"name":"wp","href":"https:\/\/api.w.org\/{rel}","templated":true}]}}