{"id":61164,"date":"2021-02-26T22:26:46","date_gmt":"2021-02-26T22:26:46","guid":{"rendered":"https:\/\/www.ucaldas.edu.co\/portal\/?p=61164"},"modified":"2021-02-26T22:26:46","modified_gmt":"2021-02-26T22:26:46","slug":"minciencias-abre-convocatoria-para-fortalecer-economicamente-innovaciones-en-propiedad-intelectual","status":"publish","type":"post","link":"https:\/\/www.ucaldas.edu.co\/portal\/minciencias-abre-convocatoria-para-fortalecer-economicamente-innovaciones-en-propiedad-intelectual\/","title":{"rendered":"Minciencias abre convocatoria para fortalecer econ\u00f3micamente innovaciones en propiedad intelectual"},"content":{"rendered":"<p style=\"text-align: center;\">LOS INTERESADOS SE PODR\u00c1N INSCRIBIR HASTA EL 15 DE MARZO DE 2021<\/p>\n<p style=\"text-align: center;\"><strong>Minciencias abre convocatoria para fortalecer econ\u00f3micamente innovaciones en propiedad intelectual<\/strong><\/p>\n<p style=\"text-align: right;\">26\/02\/2021<\/p>\n<p style=\"text-align: center;\"><img loading=\"lazy\" decoding=\"async\" class=\"alignnone size-full wp-image-61165\" src=\"https:\/\/www.ucaldas.edu.co\/portal\/wp-content\/uploads\/2021\/02\/ConvocatoriaMinciencias.jpeg\" alt=\"\" width=\"700\" height=\"400\" srcset=\"https:\/\/www.ucaldas.edu.co\/portal\/wp-content\/uploads\/2021\/02\/ConvocatoriaMinciencias.jpeg 700w, https:\/\/www.ucaldas.edu.co\/portal\/wp-content\/uploads\/2021\/02\/ConvocatoriaMinciencias-300x171.jpeg 300w\" sizes=\"auto, (max-width: 700px) 100vw, 700px\" \/><\/p>\n<p style=\"text-align: left;\">El Ministerio de Ciencia, Tecnolog\u00eda e Innovaci\u00f3n, en convenio con Cr\u00e9ame, Tecnnova y la Red Join, buscan unificar recursos econ\u00f3micos y conocimientos t\u00e9cnicos para fomentar la protecci\u00f3n v\u00eda propiedad intelectual y\/o la explotaci\u00f3n comercial de los adelantos tecnol\u00f3gicos en el pa\u00eds.<\/p>\n<p><!--more--><\/p>\n<p>El objetivo de la convocatoria es apoyar el desarrollo, la fabricaci\u00f3n y la comercializaci\u00f3n de invenciones nacionales e internacionales que promuevan el fortalecimiento econ\u00f3mico del tejido empresarial, as\u00ed mismo ser un puente entre los emprendedores y el sector empresarial.<\/p>\n<p>&nbsp;<\/p>\n<p>La convocatoria que est\u00e1 dirigida a personas naturales o jur\u00eddicas y actores del Sistema Nacional de Ciencia, Tecnolog\u00eda e Innovaci\u00f3n con domicilio en Colombia brindar\u00e1 apoyo para la protecci\u00f3n de invenciones a trav\u00e9s de PCT, acompa\u00f1amiento especializado de acuerdo a los requerimientos de cada invenci\u00f3n, alistamiento estrat\u00e9gico y comercial, generaci\u00f3n de alianzas y conexiones para la comercializaci\u00f3n de adelantos tecnol\u00f3gicos en investigaci\u00f3n, desarrollo e innovaci\u00f3n (I+D+i).<\/p>\n<p>&nbsp;<\/p>\n<p>Los interesados se podr\u00e1n inscribir hasta el 15 de marzo de 2021 o hasta agotar los recursos por cerca $4.000.000.000.<\/p>\n<p>&nbsp;<\/p>\n<table>\n<tbody>\n<tr>\n<td width=\"589\"><strong>PARA DESTACAR:<\/strong><\/p>\n<p>Los interesados pueden conocer los t\u00e9rminos de referencia y generar su inscripci\u00f3n en:<\/p>\n<p><a href=\"www.propiedad-intelectual.co\">\u00a0www.propiedad-intelectual.co<\/a> \u00a0tambi\u00e9n en <a href=\"http:\/\/www.creame.com.co\/\">http:\/\/www.creame.com.co<\/a><\/td>\n<\/tr>\n<\/tbody>\n<\/table>\n<p>&nbsp;<\/p>\n<p><strong>Informes: <\/strong>Oficina de Comunicaciones y Prensa Universidad de Caldas.<\/p>\n<p><strong>Redacci\u00f3n:<\/strong> Adriana Salazar Villegas\u00a0 *con informaci\u00f3n de <a href=\"http:\/\/www.minciencias.gov.co\">www.minciencias.gov.co<\/a><\/p>\n<p>&nbsp;<\/p>\n","protected":false},"excerpt":{"rendered":"<p>LOS INTERESADOS SE PODR\u00c1N INSCRIBIR HASTA EL 15 DE MARZO DE 2021 Minciencias abre convocatoria para fortalecer econ\u00f3micamente innovaciones en propiedad intelectual 26\/02\/2021 El Ministerio de Ciencia, Tecnolog\u00eda e Innovaci\u00f3n, en convenio con Cr\u00e9ame, Tecnnova y la Red Join, buscan unificar recursos econ\u00f3micos y conocimientos t\u00e9cnicos para fomentar la protecci\u00f3n v\u00eda propiedad intelectual y\/o la [&hellip;]<\/p>\n","protected":false},"author":2,"featured_media":61165,"comment_status":"closed","ping_status":"open","sticky":false,"template":"","format":"standard","meta":{"footnotes":""},"categories":[48,53],"tags":[141,638,4543,5965],"class_list":["post-61164","post","type-post","status-publish","format-standard","has-post-thumbnail","hentry","category-actualidad","category-universidad-al-dia","tag-convocatoria","tag-propiedad-intelectual","tag-minciencias","tag-invenciones"],"yoast_head":"<!-- This site is optimized with the Yoast SEO plugin v27.5 - https:\/\/yoast.com\/product\/yoast-seo-wordpress\/ -->\n<title>Minciencias abre convocatoria para fortalecer econ\u00f3micamente innovaciones en propiedad intelectual .<\/title>\n<meta name=\"robots\" content=\"index, follow, max-snippet:-1, max-image-preview:large, max-video-preview:-1\" \/>\n<link rel=\"canonical\" href=\"https:\/\/www.ucaldas.edu.co\/portal\/minciencias-abre-convocatoria-para-fortalecer-economicamente-innovaciones-en-propiedad-intelectual\/\" \/>\n<script type=\"application\/ld+json\" class=\"yoast-schema-graph\">{\"@context\":\"https:\\\/\\\/schema.org\",\"@graph\":[{\"@type\":\"Article\",\"@id\":\"https:\\\/\\\/www.ucaldas.edu.co\\\/portal\\\/minciencias-abre-convocatoria-para-fortalecer-economicamente-innovaciones-en-propiedad-intelectual\\\/#article\",\"isPartOf\":{\"@id\":\"https:\\\/\\\/www.ucaldas.edu.co\\\/portal\\\/minciencias-abre-convocatoria-para-fortalecer-economicamente-innovaciones-en-propiedad-intelectual\\\/\"},\"author\":{\"name\":\"ofiprensa\",\"@id\":\"https:\\\/\\\/www.ucaldas.edu.co\\\/portal\\\/#\\\/schema\\\/person\\\/a1b482e23449158b4bc319926c074fdf\"},\"headline\":\"Minciencias abre convocatoria para fortalecer econ\u00f3micamente innovaciones en propiedad intelectual\",\"datePublished\":\"2021-02-26T22:26:46+00:00\",\"mainEntityOfPage\":{\"@id\":\"https:\\\/\\\/www.ucaldas.edu.co\\\/portal\\\/minciencias-abre-convocatoria-para-fortalecer-economicamente-innovaciones-en-propiedad-intelectual\\\/\"},\"wordCount\":281,\"publisher\":{\"@id\":\"https:\\\/\\\/www.ucaldas.edu.co\\\/portal\\\/#organization\"},\"image\":{\"@id\":\"https:\\\/\\\/www.ucaldas.edu.co\\\/portal\\\/minciencias-abre-convocatoria-para-fortalecer-economicamente-innovaciones-en-propiedad-intelectual\\\/#primaryimage\"},\"thumbnailUrl\":\"https:\\\/\\\/www.ucaldas.edu.co\\\/portal\\\/wp-content\\\/uploads\\\/2021\\\/02\\\/ConvocatoriaMinciencias.jpeg\",\"keywords\":[\"Convocatoria\",\"propiedad intelectual\",\"Minciencias\",\"invenciones\"],\"articleSection\":[\"Actualidad\",\"Universidad al D\u00eda\"],\"inLanguage\":\"es\"},{\"@type\":\"WebPage\",\"@id\":\"https:\\\/\\\/www.ucaldas.edu.co\\\/portal\\\/minciencias-abre-convocatoria-para-fortalecer-economicamente-innovaciones-en-propiedad-intelectual\\\/\",\"url\":\"https:\\\/\\\/www.ucaldas.edu.co\\\/portal\\\/minciencias-abre-convocatoria-para-fortalecer-economicamente-innovaciones-en-propiedad-intelectual\\\/\",\"name\":\"Minciencias abre convocatoria para fortalecer econ\u00f3micamente innovaciones en propiedad intelectual .\",\"isPartOf\":{\"@id\":\"https:\\\/\\\/www.ucaldas.edu.co\\\/portal\\\/#website\"},\"primaryImageOfPage\":{\"@id\":\"https:\\\/\\\/www.ucaldas.edu.co\\\/portal\\\/minciencias-abre-convocatoria-para-fortalecer-economicamente-innovaciones-en-propiedad-intelectual\\\/#primaryimage\"},\"image\":{\"@id\":\"https:\\\/\\\/www.ucaldas.edu.co\\\/portal\\\/minciencias-abre-convocatoria-para-fortalecer-economicamente-innovaciones-en-propiedad-intelectual\\\/#primaryimage\"},\"thumbnailUrl\":\"https:\\\/\\\/www.ucaldas.edu.co\\\/portal\\\/wp-content\\\/uploads\\\/2021\\\/02\\\/ConvocatoriaMinciencias.jpeg\",\"datePublished\":\"2021-02-26T22:26:46+00:00\",\"breadcrumb\":{\"@id\":\"https:\\\/\\\/www.ucaldas.edu.co\\\/portal\\\/minciencias-abre-convocatoria-para-fortalecer-economicamente-innovaciones-en-propiedad-intelectual\\\/#breadcrumb\"},\"inLanguage\":\"es\",\"potentialAction\":[{\"@type\":\"ReadAction\",\"target\":[\"https:\\\/\\\/www.ucaldas.edu.co\\\/portal\\\/minciencias-abre-convocatoria-para-fortalecer-economicamente-innovaciones-en-propiedad-intelectual\\\/\"]}]},{\"@type\":\"ImageObject\",\"inLanguage\":\"es\",\"@id\":\"https:\\\/\\\/www.ucaldas.edu.co\\\/portal\\\/minciencias-abre-convocatoria-para-fortalecer-economicamente-innovaciones-en-propiedad-intelectual\\\/#primaryimage\",\"url\":\"https:\\\/\\\/www.ucaldas.edu.co\\\/portal\\\/wp-content\\\/uploads\\\/2021\\\/02\\\/ConvocatoriaMinciencias.jpeg\",\"contentUrl\":\"https:\\\/\\\/www.ucaldas.edu.co\\\/portal\\\/wp-content\\\/uploads\\\/2021\\\/02\\\/ConvocatoriaMinciencias.jpeg\",\"width\":700,\"height\":400},{\"@type\":\"BreadcrumbList\",\"@id\":\"https:\\\/\\\/www.ucaldas.edu.co\\\/portal\\\/minciencias-abre-convocatoria-para-fortalecer-economicamente-innovaciones-en-propiedad-intelectual\\\/#breadcrumb\",\"itemListElement\":[{\"@type\":\"ListItem\",\"position\":1,\"name\":\"Portada\",\"item\":\"https:\\\/\\\/www.ucaldas.edu.co\\\/portal\\\/\"},{\"@type\":\"ListItem\",\"position\":2,\"name\":\"Minciencias abre convocatoria para fortalecer econ\u00f3micamente innovaciones en propiedad intelectual\"}]},{\"@type\":\"WebSite\",\"@id\":\"https:\\\/\\\/www.ucaldas.edu.co\\\/portal\\\/#website\",\"url\":\"https:\\\/\\\/www.ucaldas.edu.co\\\/portal\\\/\",\"name\":\"Universidad de Caldas\",\"description\":\"\",\"publisher\":{\"@id\":\"https:\\\/\\\/www.ucaldas.edu.co\\\/portal\\\/#organization\"},\"alternateName\":\"U. de Caldas\",\"potentialAction\":[{\"@type\":\"SearchAction\",\"target\":{\"@type\":\"EntryPoint\",\"urlTemplate\":\"https:\\\/\\\/www.ucaldas.edu.co\\\/portal\\\/?s={search_term_string}\"},\"query-input\":{\"@type\":\"PropertyValueSpecification\",\"valueRequired\":true,\"valueName\":\"search_term_string\"}}],\"inLanguage\":\"es\"},{\"@type\":\"Organization\",\"@id\":\"https:\\\/\\\/www.ucaldas.edu.co\\\/portal\\\/#organization\",\"name\":\"Universidad de Caldas\",\"alternateName\":\"U. de Caldas\",\"url\":\"https:\\\/\\\/www.ucaldas.edu.co\\\/portal\\\/\",\"logo\":{\"@type\":\"ImageObject\",\"inLanguage\":\"es\",\"@id\":\"https:\\\/\\\/www.ucaldas.edu.co\\\/portal\\\/#\\\/schema\\\/logo\\\/image\\\/\",\"url\":\"https:\\\/\\\/www.ucaldas.edu.co\\\/portal\\\/wp-content\\\/uploads\\\/2023\\\/11\\\/Logo_horizontal_oscuroU-2023.png\",\"contentUrl\":\"https:\\\/\\\/www.ucaldas.edu.co\\\/portal\\\/wp-content\\\/uploads\\\/2023\\\/11\\\/Logo_horizontal_oscuroU-2023.png\",\"width\":263,\"height\":101,\"caption\":\"Universidad de Caldas\"},\"image\":{\"@id\":\"https:\\\/\\\/www.ucaldas.edu.co\\\/portal\\\/#\\\/schema\\\/logo\\\/image\\\/\"},\"sameAs\":[\"https:\\\/\\\/www.facebook.com\\\/udecaldas\",\"https:\\\/\\\/x.com\\\/udecaldas\",\"https:\\\/\\\/www.youtube.com\\\/universidadcaldas\",\"https:\\\/\\\/www.instagram.com\\\/udecaldas\\\/\"]},{\"@type\":\"Person\",\"@id\":\"https:\\\/\\\/www.ucaldas.edu.co\\\/portal\\\/#\\\/schema\\\/person\\\/a1b482e23449158b4bc319926c074fdf\",\"name\":\"ofiprensa\",\"image\":{\"@type\":\"ImageObject\",\"inLanguage\":\"es\",\"@id\":\"https:\\\/\\\/www.ucaldas.edu.co\\\/portal\\\/wp-content\\\/litespeed\\\/avatar\\\/09ea5085e600095a7a811142c6944527.jpg?ver=1777497608\",\"url\":\"https:\\\/\\\/www.ucaldas.edu.co\\\/portal\\\/wp-content\\\/litespeed\\\/avatar\\\/09ea5085e600095a7a811142c6944527.jpg?ver=1777497608\",\"contentUrl\":\"https:\\\/\\\/www.ucaldas.edu.co\\\/portal\\\/wp-content\\\/litespeed\\\/avatar\\\/09ea5085e600095a7a811142c6944527.jpg?ver=1777497608\",\"caption\":\"ofiprensa\"},\"url\":\"https:\\\/\\\/www.ucaldas.edu.co\\\/portal\\\/author\\\/ofiprensa\\\/\"}]}<\/script>\n<!-- \/ Yoast SEO plugin. -->","yoast_head_json":{"title":"Minciencias abre convocatoria para fortalecer econ\u00f3micamente innovaciones en propiedad intelectual .","robots":{"index":"index","follow":"follow","max-snippet":"max-snippet:-1","max-image-preview":"max-image-preview:large","max-video-preview":"max-video-preview:-1"},"canonical":"https:\/\/www.ucaldas.edu.co\/portal\/minciencias-abre-convocatoria-para-fortalecer-economicamente-innovaciones-en-propiedad-intelectual\/","schema":{"@context":"https:\/\/schema.org","@graph":[{"@type":"Article","@id":"https:\/\/www.ucaldas.edu.co\/portal\/minciencias-abre-convocatoria-para-fortalecer-economicamente-innovaciones-en-propiedad-intelectual\/#article","isPartOf":{"@id":"https:\/\/www.ucaldas.edu.co\/portal\/minciencias-abre-convocatoria-para-fortalecer-economicamente-innovaciones-en-propiedad-intelectual\/"},"author":{"name":"ofiprensa","@id":"https:\/\/www.ucaldas.edu.co\/portal\/#\/schema\/person\/a1b482e23449158b4bc319926c074fdf"},"headline":"Minciencias abre convocatoria para fortalecer econ\u00f3micamente innovaciones en propiedad intelectual","datePublished":"2021-02-26T22:26:46+00:00","mainEntityOfPage":{"@id":"https:\/\/www.ucaldas.edu.co\/portal\/minciencias-abre-convocatoria-para-fortalecer-economicamente-innovaciones-en-propiedad-intelectual\/"},"wordCount":281,"publisher":{"@id":"https:\/\/www.ucaldas.edu.co\/portal\/#organization"},"image":{"@id":"https:\/\/www.ucaldas.edu.co\/portal\/minciencias-abre-convocatoria-para-fortalecer-economicamente-innovaciones-en-propiedad-intelectual\/#primaryimage"},"thumbnailUrl":"https:\/\/www.ucaldas.edu.co\/portal\/wp-content\/uploads\/2021\/02\/ConvocatoriaMinciencias.jpeg","keywords":["Convocatoria","propiedad intelectual","Minciencias","invenciones"],"articleSection":["Actualidad","Universidad al D\u00eda"],"inLanguage":"es"},{"@type":"WebPage","@id":"https:\/\/www.ucaldas.edu.co\/portal\/minciencias-abre-convocatoria-para-fortalecer-economicamente-innovaciones-en-propiedad-intelectual\/","url":"https:\/\/www.ucaldas.edu.co\/portal\/minciencias-abre-convocatoria-para-fortalecer-economicamente-innovaciones-en-propiedad-intelectual\/","name":"Minciencias abre convocatoria para fortalecer econ\u00f3micamente innovaciones en propiedad intelectual .","isPartOf":{"@id":"https:\/\/www.ucaldas.edu.co\/portal\/#website"},"primaryImageOfPage":{"@id":"https:\/\/www.ucaldas.edu.co\/portal\/minciencias-abre-convocatoria-para-fortalecer-economicamente-innovaciones-en-propiedad-intelectual\/#primaryimage"},"image":{"@id":"https:\/\/www.ucaldas.edu.co\/portal\/minciencias-abre-convocatoria-para-fortalecer-economicamente-innovaciones-en-propiedad-intelectual\/#primaryimage"},"thumbnailUrl":"https:\/\/www.ucaldas.edu.co\/portal\/wp-content\/uploads\/2021\/02\/ConvocatoriaMinciencias.jpeg","datePublished":"2021-02-26T22:26:46+00:00","breadcrumb":{"@id":"https:\/\/www.ucaldas.edu.co\/portal\/minciencias-abre-convocatoria-para-fortalecer-economicamente-innovaciones-en-propiedad-intelectual\/#breadcrumb"},"inLanguage":"es","potentialAction":[{"@type":"ReadAction","target":["https:\/\/www.ucaldas.edu.co\/portal\/minciencias-abre-convocatoria-para-fortalecer-economicamente-innovaciones-en-propiedad-intelectual\/"]}]},{"@type":"ImageObject","inLanguage":"es","@id":"https:\/\/www.ucaldas.edu.co\/portal\/minciencias-abre-convocatoria-para-fortalecer-economicamente-innovaciones-en-propiedad-intelectual\/#primaryimage","url":"https:\/\/www.ucaldas.edu.co\/portal\/wp-content\/uploads\/2021\/02\/ConvocatoriaMinciencias.jpeg","contentUrl":"https:\/\/www.ucaldas.edu.co\/portal\/wp-content\/uploads\/2021\/02\/ConvocatoriaMinciencias.jpeg","width":700,"height":400},{"@type":"BreadcrumbList","@id":"https:\/\/www.ucaldas.edu.co\/portal\/minciencias-abre-convocatoria-para-fortalecer-economicamente-innovaciones-en-propiedad-intelectual\/#breadcrumb","itemListElement":[{"@type":"ListItem","position":1,"name":"Portada","item":"https:\/\/www.ucaldas.edu.co\/portal\/"},{"@type":"ListItem","position":2,"name":"Minciencias abre convocatoria para fortalecer econ\u00f3micamente innovaciones en propiedad intelectual"}]},{"@type":"WebSite","@id":"https:\/\/www.ucaldas.edu.co\/portal\/#website","url":"https:\/\/www.ucaldas.edu.co\/portal\/","name":"Universidad de Caldas","description":"","publisher":{"@id":"https:\/\/www.ucaldas.edu.co\/portal\/#organization"},"alternateName":"U. de Caldas","potentialAction":[{"@type":"SearchAction","target":{"@type":"EntryPoint","urlTemplate":"https:\/\/www.ucaldas.edu.co\/portal\/?s={search_term_string}"},"query-input":{"@type":"PropertyValueSpecification","valueRequired":true,"valueName":"search_term_string"}}],"inLanguage":"es"},{"@type":"Organization","@id":"https:\/\/www.ucaldas.edu.co\/portal\/#organization","name":"Universidad de Caldas","alternateName":"U. de Caldas","url":"https:\/\/www.ucaldas.edu.co\/portal\/","logo":{"@type":"ImageObject","inLanguage":"es","@id":"https:\/\/www.ucaldas.edu.co\/portal\/#\/schema\/logo\/image\/","url":"https:\/\/www.ucaldas.edu.co\/portal\/wp-content\/uploads\/2023\/11\/Logo_horizontal_oscuroU-2023.png","contentUrl":"https:\/\/www.ucaldas.edu.co\/portal\/wp-content\/uploads\/2023\/11\/Logo_horizontal_oscuroU-2023.png","width":263,"height":101,"caption":"Universidad de Caldas"},"image":{"@id":"https:\/\/www.ucaldas.edu.co\/portal\/#\/schema\/logo\/image\/"},"sameAs":["https:\/\/www.facebook.com\/udecaldas","https:\/\/x.com\/udecaldas","https:\/\/www.youtube.com\/universidadcaldas","https:\/\/www.instagram.com\/udecaldas\/"]},{"@type":"Person","@id":"https:\/\/www.ucaldas.edu.co\/portal\/#\/schema\/person\/a1b482e23449158b4bc319926c074fdf","name":"ofiprensa","image":{"@type":"ImageObject","inLanguage":"es","@id":"https:\/\/www.ucaldas.edu.co\/portal\/wp-content\/litespeed\/avatar\/09ea5085e600095a7a811142c6944527.jpg?ver=1777497608","url":"https:\/\/www.ucaldas.edu.co\/portal\/wp-content\/litespeed\/avatar\/09ea5085e600095a7a811142c6944527.jpg?ver=1777497608","contentUrl":"https:\/\/www.ucaldas.edu.co\/portal\/wp-content\/litespeed\/avatar\/09ea5085e600095a7a811142c6944527.jpg?ver=1777497608","caption":"ofiprensa"},"url":"https:\/\/www.ucaldas.edu.co\/portal\/author\/ofiprensa\/"}]}},"_links":{"self":[{"href":"https:\/\/www.ucaldas.edu.co\/portal\/wp-json\/wp\/v2\/posts\/61164","targetHints":{"allow":["GET"]}}],"collection":[{"href":"https:\/\/www.ucaldas.edu.co\/portal\/wp-json\/wp\/v2\/posts"}],"about":[{"href":"https:\/\/www.ucaldas.edu.co\/portal\/wp-json\/wp\/v2\/types\/post"}],"author":[{"embeddable":true,"href":"https:\/\/www.ucaldas.edu.co\/portal\/wp-json\/wp\/v2\/users\/2"}],"replies":[{"embeddable":true,"href":"https:\/\/www.ucaldas.edu.co\/portal\/wp-json\/wp\/v2\/comments?post=61164"}],"version-history":[{"count":0,"href":"https:\/\/www.ucaldas.edu.co\/portal\/wp-json\/wp\/v2\/posts\/61164\/revisions"}],"wp:featuredmedia":[{"embeddable":true,"href":"https:\/\/www.ucaldas.edu.co\/portal\/wp-json\/wp\/v2\/media\/61165"}],"wp:attachment":[{"href":"https:\/\/www.ucaldas.edu.co\/portal\/wp-json\/wp\/v2\/media?parent=61164"}],"wp:term":[{"taxonomy":"category","embeddable":true,"href":"https:\/\/www.ucaldas.edu.co\/portal\/wp-json\/wp\/v2\/categories?post=61164"},{"taxonomy":"post_tag","embeddable":true,"href":"https:\/\/www.ucaldas.edu.co\/portal\/wp-json\/wp\/v2\/tags?post=61164"}],"curies":[{"name":"wp","href":"https:\/\/api.w.org\/{rel}","templated":true}]}}