{"id":60975,"date":"2021-02-19T00:20:33","date_gmt":"2021-02-19T00:20:33","guid":{"rendered":"https:\/\/www.ucaldas.edu.co\/portal\/?p=60975"},"modified":"2021-02-19T00:20:33","modified_gmt":"2021-02-19T00:20:33","slug":"universidad-de-caldas-tiene-lista-la-oferta-cultural-para-2021","status":"publish","type":"post","link":"https:\/\/www.ucaldas.edu.co\/portal\/universidad-de-caldas-tiene-lista-la-oferta-cultural-para-2021\/","title":{"rendered":"Universidad de Caldas tiene lista la oferta cultural para 2021"},"content":{"rendered":"<p style=\"text-align: center;\">LIDERADA POR LA VICERRECTOR\u00cdA DE PROYECCI\u00d3N UNIVERSITARIA<\/p>\n<p style=\"text-align: center;\"><strong>Universidad de Caldas tiene lista la oferta cultural para 2021<\/strong><\/p>\n<p style=\"text-align: right;\">18\/02\/2021<\/p>\n<p><img loading=\"lazy\" decoding=\"async\" class=\"size-full wp-image-50249 aligncenter\" src=\"https:\/\/www.ucaldas.edu.co\/portal\/wp-content\/uploads\/2019\/08\/FERIA-DEL-LIBRO.png\" alt=\"\" width=\"700\" height=\"400\" srcset=\"https:\/\/www.ucaldas.edu.co\/portal\/wp-content\/uploads\/2019\/08\/FERIA-DEL-LIBRO.png 700w, https:\/\/www.ucaldas.edu.co\/portal\/wp-content\/uploads\/2019\/08\/FERIA-DEL-LIBRO-300x171.png 300w\" sizes=\"auto, (max-width: 700px) 100vw, 700px\" \/><\/p>\n<p>Una de las actividades m\u00e1s importantes de la Universidad de Caldas es la proyecci\u00f3n social y en este sentido para 2021 se tienen programadas diferentes actividades que enriquecer\u00e1n la oferta cultural de Manizales y Caldas.<\/p>\n<p><!--more--><\/p>\n<p>Uno de los principales eventos ser\u00e1 la Feria del Libro de Manizales, que en este a\u00f1o se realizar\u00e1 entre el 14 y 19 de junio y su acto de apertura contar\u00e1 con la participaci\u00f3n de la ganadora del Premio Alfaguara de Novela, la escritora cale\u00f1a Pilar Quintana.<\/p>\n<p>Para esta versi\u00f3n d\u00e9cimo segunda \u00a0la feria estar\u00e1 enfocada en los lectores, as\u00ed que los invitados ser\u00e1n escritores, columnistas, editores, figuras p\u00fablicas, que hablar\u00e1n de esos textos colombianos de todos los tipos que se convirtieron en parte de sus vidas, cuentos, novelas, poemas, cr\u00f3nicas, ensayos, art\u00edculos cient\u00edficos que siempre regalan, recomiendan, releen, comentan, interrogan.<\/p>\n<p>La Orquesta Sinf\u00f3nica de Caldas tiene preparadas diferentes actividades, algunas grabadas de manera presencial, pero transmitidas por plataformas. Se ofrecer\u00e1n conciertos tipo m\u00fasica de c\u00e1mara. Se destaca que durante 2021 se continuar\u00e1 el homenaje a los 200 a\u00f1os del natalicio del compositor Ludwig van Beethoven y se rendir\u00e1 un homenaje al Maestro Carlos Arturo Mar\u00edn Grisales que hizo parte de \u00a0la agrupaci\u00f3n.<\/p>\n<p>De acuerdo con la vicerrectora de proyecci\u00f3n Universitaria Patricia Salazar Villegas: \u201cla agenda cultural se desarrollar\u00e1 desde el Centro Cultural Universitario Rogelio Salmona, epicentro del conocimiento y \u00a0escenario de participaci\u00f3n ciudadana para la co-creaci\u00f3n contempor\u00e1nea entre arte, ciencia y tecnolog\u00eda, el intercambio cultural y creativo, el di\u00e1logo y la producci\u00f3n de contenidos\u201d.<\/p>\n<p>La mayor\u00eda de los eventos se desarrollar\u00e1n de manera virtual mientras se supera la emergencia sanitaria causada por la Covid -19. Se realizar\u00e1n \u00a0trav\u00e9s de transmisiones en vivo por redes sociales y paulatinamente realizaremos actividades semipresenciales cumpliendo con todos los protocolos de bioseguridad.<\/p>\n<p>Algunos de los eventos programados son:<\/p>\n<ul>\n<li>Festival Internacional de la Imagen<\/li>\n<li>Sexta C\u00e1tedra de Historia Regional de Manizales y Caldas.<\/li>\n<li>Cuarto Festival internacional de la diversidad biocultural<\/li>\n<li>Festival Internacional de Filosof\u00eda<\/li>\n<li>Ensamble de m\u00fasica contempor\u00e1nea en asocio con la Facultad de Artes y Humanidades<\/li>\n<li>Seminario permanente: Constituci\u00f3n y Derecho comparado<\/li>\n<li>Congreso Caldense de Salud Mental<\/li>\n<li>Cuarto Congreso y Octavo Simposio Internacional de Sexolog\u00eda<\/li>\n<\/ul>\n<p>&nbsp;<\/p>\n<table>\n<tbody>\n<tr>\n<td width=\"589\"><strong>PARA DESTACAR: <\/strong><\/p>\n<p>La agenda cultural se\u00a0 puede consultar \u00a0a trav\u00e9s de nuestras redes sociales <a href=\"http:\/\/@CCURogelioSalmona\">@CCURogelioSalmona<\/a> o en el portal web:\u00a0 <a href=\"http:\/\/www.ccusalmona.com\/\">http:\/\/www.ccusalmona.com<\/a><\/td>\n<\/tr>\n<\/tbody>\n<\/table>\n<p>&nbsp;<\/p>\n<p><strong>Informes: <\/strong>Oficina de Comunicaciones y Prensa Universidad de Caldas.<\/p>\n<p><strong>Redacci\u00f3n:<\/strong> Adriana Salazar Villegas<\/p>\n<p>&nbsp;<\/p>\n","protected":false},"excerpt":{"rendered":"<p>LIDERADA POR LA VICERRECTOR\u00cdA DE PROYECCI\u00d3N UNIVERSITARIA Universidad de Caldas tiene lista la oferta cultural para 2021 18\/02\/2021 Una de las actividades m\u00e1s importantes de la Universidad de Caldas es la proyecci\u00f3n social y en este sentido para 2021 se tienen programadas diferentes actividades que enriquecer\u00e1n la oferta cultural de Manizales y Caldas.<\/p>\n","protected":false},"author":2,"featured_media":50249,"comment_status":"closed","ping_status":"open","sticky":false,"template":"","format":"standard","meta":{"footnotes":""},"categories":[48,53,62],"tags":[73,99,303,2566,4449],"class_list":["post-60975","post","type-post","status-publish","format-standard","has-post-thumbnail","hentry","category-actualidad","category-universidad-al-dia","category-eventos","tag-proyeccion","tag-cultural","tag-centro-cultural-universitario","tag-agenda","tag-eventos"],"yoast_head":"<!-- This site is optimized with the Yoast SEO plugin v27.5 - https:\/\/yoast.com\/product\/yoast-seo-wordpress\/ -->\n<title>Universidad de Caldas tiene lista la oferta cultural para 2021 .<\/title>\n<meta name=\"robots\" content=\"index, follow, max-snippet:-1, max-image-preview:large, max-video-preview:-1\" \/>\n<link rel=\"canonical\" href=\"https:\/\/www.ucaldas.edu.co\/portal\/universidad-de-caldas-tiene-lista-la-oferta-cultural-para-2021\/\" \/>\n<script type=\"application\/ld+json\" class=\"yoast-schema-graph\">{\"@context\":\"https:\\\/\\\/schema.org\",\"@graph\":[{\"@type\":\"Article\",\"@id\":\"https:\\\/\\\/www.ucaldas.edu.co\\\/portal\\\/universidad-de-caldas-tiene-lista-la-oferta-cultural-para-2021\\\/#article\",\"isPartOf\":{\"@id\":\"https:\\\/\\\/www.ucaldas.edu.co\\\/portal\\\/universidad-de-caldas-tiene-lista-la-oferta-cultural-para-2021\\\/\"},\"author\":{\"name\":\"ofiprensa\",\"@id\":\"https:\\\/\\\/www.ucaldas.edu.co\\\/portal\\\/#\\\/schema\\\/person\\\/a1b482e23449158b4bc319926c074fdf\"},\"headline\":\"Universidad de Caldas tiene lista la oferta cultural para 2021\",\"datePublished\":\"2021-02-19T00:20:33+00:00\",\"mainEntityOfPage\":{\"@id\":\"https:\\\/\\\/www.ucaldas.edu.co\\\/portal\\\/universidad-de-caldas-tiene-lista-la-oferta-cultural-para-2021\\\/\"},\"wordCount\":458,\"publisher\":{\"@id\":\"https:\\\/\\\/www.ucaldas.edu.co\\\/portal\\\/#organization\"},\"image\":{\"@id\":\"https:\\\/\\\/www.ucaldas.edu.co\\\/portal\\\/universidad-de-caldas-tiene-lista-la-oferta-cultural-para-2021\\\/#primaryimage\"},\"thumbnailUrl\":\"https:\\\/\\\/www.ucaldas.edu.co\\\/portal\\\/wp-content\\\/uploads\\\/2019\\\/08\\\/FERIA-DEL-LIBRO.png\",\"keywords\":[\"Proyecci\u00f3n\",\"Cultural\",\"Centro Cultural Universitario\",\"agenda\",\"eventos\"],\"articleSection\":[\"Actualidad\",\"Universidad al D\u00eda\",\"Eventos\"],\"inLanguage\":\"es\"},{\"@type\":\"WebPage\",\"@id\":\"https:\\\/\\\/www.ucaldas.edu.co\\\/portal\\\/universidad-de-caldas-tiene-lista-la-oferta-cultural-para-2021\\\/\",\"url\":\"https:\\\/\\\/www.ucaldas.edu.co\\\/portal\\\/universidad-de-caldas-tiene-lista-la-oferta-cultural-para-2021\\\/\",\"name\":\"Universidad de Caldas tiene lista la oferta cultural para 2021 .\",\"isPartOf\":{\"@id\":\"https:\\\/\\\/www.ucaldas.edu.co\\\/portal\\\/#website\"},\"primaryImageOfPage\":{\"@id\":\"https:\\\/\\\/www.ucaldas.edu.co\\\/portal\\\/universidad-de-caldas-tiene-lista-la-oferta-cultural-para-2021\\\/#primaryimage\"},\"image\":{\"@id\":\"https:\\\/\\\/www.ucaldas.edu.co\\\/portal\\\/universidad-de-caldas-tiene-lista-la-oferta-cultural-para-2021\\\/#primaryimage\"},\"thumbnailUrl\":\"https:\\\/\\\/www.ucaldas.edu.co\\\/portal\\\/wp-content\\\/uploads\\\/2019\\\/08\\\/FERIA-DEL-LIBRO.png\",\"datePublished\":\"2021-02-19T00:20:33+00:00\",\"breadcrumb\":{\"@id\":\"https:\\\/\\\/www.ucaldas.edu.co\\\/portal\\\/universidad-de-caldas-tiene-lista-la-oferta-cultural-para-2021\\\/#breadcrumb\"},\"inLanguage\":\"es\",\"potentialAction\":[{\"@type\":\"ReadAction\",\"target\":[\"https:\\\/\\\/www.ucaldas.edu.co\\\/portal\\\/universidad-de-caldas-tiene-lista-la-oferta-cultural-para-2021\\\/\"]}]},{\"@type\":\"ImageObject\",\"inLanguage\":\"es\",\"@id\":\"https:\\\/\\\/www.ucaldas.edu.co\\\/portal\\\/universidad-de-caldas-tiene-lista-la-oferta-cultural-para-2021\\\/#primaryimage\",\"url\":\"https:\\\/\\\/www.ucaldas.edu.co\\\/portal\\\/wp-content\\\/uploads\\\/2019\\\/08\\\/FERIA-DEL-LIBRO.png\",\"contentUrl\":\"https:\\\/\\\/www.ucaldas.edu.co\\\/portal\\\/wp-content\\\/uploads\\\/2019\\\/08\\\/FERIA-DEL-LIBRO.png\",\"width\":700,\"height\":400},{\"@type\":\"BreadcrumbList\",\"@id\":\"https:\\\/\\\/www.ucaldas.edu.co\\\/portal\\\/universidad-de-caldas-tiene-lista-la-oferta-cultural-para-2021\\\/#breadcrumb\",\"itemListElement\":[{\"@type\":\"ListItem\",\"position\":1,\"name\":\"Portada\",\"item\":\"https:\\\/\\\/www.ucaldas.edu.co\\\/portal\\\/\"},{\"@type\":\"ListItem\",\"position\":2,\"name\":\"Universidad de Caldas tiene lista la oferta cultural para 2021\"}]},{\"@type\":\"WebSite\",\"@id\":\"https:\\\/\\\/www.ucaldas.edu.co\\\/portal\\\/#website\",\"url\":\"https:\\\/\\\/www.ucaldas.edu.co\\\/portal\\\/\",\"name\":\"Universidad de Caldas\",\"description\":\"\",\"publisher\":{\"@id\":\"https:\\\/\\\/www.ucaldas.edu.co\\\/portal\\\/#organization\"},\"alternateName\":\"U. de Caldas\",\"potentialAction\":[{\"@type\":\"SearchAction\",\"target\":{\"@type\":\"EntryPoint\",\"urlTemplate\":\"https:\\\/\\\/www.ucaldas.edu.co\\\/portal\\\/?s={search_term_string}\"},\"query-input\":{\"@type\":\"PropertyValueSpecification\",\"valueRequired\":true,\"valueName\":\"search_term_string\"}}],\"inLanguage\":\"es\"},{\"@type\":\"Organization\",\"@id\":\"https:\\\/\\\/www.ucaldas.edu.co\\\/portal\\\/#organization\",\"name\":\"Universidad de Caldas\",\"alternateName\":\"U. de Caldas\",\"url\":\"https:\\\/\\\/www.ucaldas.edu.co\\\/portal\\\/\",\"logo\":{\"@type\":\"ImageObject\",\"inLanguage\":\"es\",\"@id\":\"https:\\\/\\\/www.ucaldas.edu.co\\\/portal\\\/#\\\/schema\\\/logo\\\/image\\\/\",\"url\":\"https:\\\/\\\/www.ucaldas.edu.co\\\/portal\\\/wp-content\\\/uploads\\\/2023\\\/11\\\/Logo_horizontal_oscuroU-2023.png\",\"contentUrl\":\"https:\\\/\\\/www.ucaldas.edu.co\\\/portal\\\/wp-content\\\/uploads\\\/2023\\\/11\\\/Logo_horizontal_oscuroU-2023.png\",\"width\":263,\"height\":101,\"caption\":\"Universidad de Caldas\"},\"image\":{\"@id\":\"https:\\\/\\\/www.ucaldas.edu.co\\\/portal\\\/#\\\/schema\\\/logo\\\/image\\\/\"},\"sameAs\":[\"https:\\\/\\\/www.facebook.com\\\/udecaldas\",\"https:\\\/\\\/x.com\\\/udecaldas\",\"https:\\\/\\\/www.youtube.com\\\/universidadcaldas\",\"https:\\\/\\\/www.instagram.com\\\/udecaldas\\\/\"]},{\"@type\":\"Person\",\"@id\":\"https:\\\/\\\/www.ucaldas.edu.co\\\/portal\\\/#\\\/schema\\\/person\\\/a1b482e23449158b4bc319926c074fdf\",\"name\":\"ofiprensa\",\"image\":{\"@type\":\"ImageObject\",\"inLanguage\":\"es\",\"@id\":\"https:\\\/\\\/www.ucaldas.edu.co\\\/portal\\\/wp-content\\\/litespeed\\\/avatar\\\/09ea5085e600095a7a811142c6944527.jpg?ver=1777497608\",\"url\":\"https:\\\/\\\/www.ucaldas.edu.co\\\/portal\\\/wp-content\\\/litespeed\\\/avatar\\\/09ea5085e600095a7a811142c6944527.jpg?ver=1777497608\",\"contentUrl\":\"https:\\\/\\\/www.ucaldas.edu.co\\\/portal\\\/wp-content\\\/litespeed\\\/avatar\\\/09ea5085e600095a7a811142c6944527.jpg?ver=1777497608\",\"caption\":\"ofiprensa\"},\"url\":\"https:\\\/\\\/www.ucaldas.edu.co\\\/portal\\\/author\\\/ofiprensa\\\/\"}]}<\/script>\n<!-- \/ Yoast SEO plugin. -->","yoast_head_json":{"title":"Universidad de Caldas tiene lista la oferta cultural para 2021 .","robots":{"index":"index","follow":"follow","max-snippet":"max-snippet:-1","max-image-preview":"max-image-preview:large","max-video-preview":"max-video-preview:-1"},"canonical":"https:\/\/www.ucaldas.edu.co\/portal\/universidad-de-caldas-tiene-lista-la-oferta-cultural-para-2021\/","schema":{"@context":"https:\/\/schema.org","@graph":[{"@type":"Article","@id":"https:\/\/www.ucaldas.edu.co\/portal\/universidad-de-caldas-tiene-lista-la-oferta-cultural-para-2021\/#article","isPartOf":{"@id":"https:\/\/www.ucaldas.edu.co\/portal\/universidad-de-caldas-tiene-lista-la-oferta-cultural-para-2021\/"},"author":{"name":"ofiprensa","@id":"https:\/\/www.ucaldas.edu.co\/portal\/#\/schema\/person\/a1b482e23449158b4bc319926c074fdf"},"headline":"Universidad de Caldas tiene lista la oferta cultural para 2021","datePublished":"2021-02-19T00:20:33+00:00","mainEntityOfPage":{"@id":"https:\/\/www.ucaldas.edu.co\/portal\/universidad-de-caldas-tiene-lista-la-oferta-cultural-para-2021\/"},"wordCount":458,"publisher":{"@id":"https:\/\/www.ucaldas.edu.co\/portal\/#organization"},"image":{"@id":"https:\/\/www.ucaldas.edu.co\/portal\/universidad-de-caldas-tiene-lista-la-oferta-cultural-para-2021\/#primaryimage"},"thumbnailUrl":"https:\/\/www.ucaldas.edu.co\/portal\/wp-content\/uploads\/2019\/08\/FERIA-DEL-LIBRO.png","keywords":["Proyecci\u00f3n","Cultural","Centro Cultural Universitario","agenda","eventos"],"articleSection":["Actualidad","Universidad al D\u00eda","Eventos"],"inLanguage":"es"},{"@type":"WebPage","@id":"https:\/\/www.ucaldas.edu.co\/portal\/universidad-de-caldas-tiene-lista-la-oferta-cultural-para-2021\/","url":"https:\/\/www.ucaldas.edu.co\/portal\/universidad-de-caldas-tiene-lista-la-oferta-cultural-para-2021\/","name":"Universidad de Caldas tiene lista la oferta cultural para 2021 .","isPartOf":{"@id":"https:\/\/www.ucaldas.edu.co\/portal\/#website"},"primaryImageOfPage":{"@id":"https:\/\/www.ucaldas.edu.co\/portal\/universidad-de-caldas-tiene-lista-la-oferta-cultural-para-2021\/#primaryimage"},"image":{"@id":"https:\/\/www.ucaldas.edu.co\/portal\/universidad-de-caldas-tiene-lista-la-oferta-cultural-para-2021\/#primaryimage"},"thumbnailUrl":"https:\/\/www.ucaldas.edu.co\/portal\/wp-content\/uploads\/2019\/08\/FERIA-DEL-LIBRO.png","datePublished":"2021-02-19T00:20:33+00:00","breadcrumb":{"@id":"https:\/\/www.ucaldas.edu.co\/portal\/universidad-de-caldas-tiene-lista-la-oferta-cultural-para-2021\/#breadcrumb"},"inLanguage":"es","potentialAction":[{"@type":"ReadAction","target":["https:\/\/www.ucaldas.edu.co\/portal\/universidad-de-caldas-tiene-lista-la-oferta-cultural-para-2021\/"]}]},{"@type":"ImageObject","inLanguage":"es","@id":"https:\/\/www.ucaldas.edu.co\/portal\/universidad-de-caldas-tiene-lista-la-oferta-cultural-para-2021\/#primaryimage","url":"https:\/\/www.ucaldas.edu.co\/portal\/wp-content\/uploads\/2019\/08\/FERIA-DEL-LIBRO.png","contentUrl":"https:\/\/www.ucaldas.edu.co\/portal\/wp-content\/uploads\/2019\/08\/FERIA-DEL-LIBRO.png","width":700,"height":400},{"@type":"BreadcrumbList","@id":"https:\/\/www.ucaldas.edu.co\/portal\/universidad-de-caldas-tiene-lista-la-oferta-cultural-para-2021\/#breadcrumb","itemListElement":[{"@type":"ListItem","position":1,"name":"Portada","item":"https:\/\/www.ucaldas.edu.co\/portal\/"},{"@type":"ListItem","position":2,"name":"Universidad de Caldas tiene lista la oferta cultural para 2021"}]},{"@type":"WebSite","@id":"https:\/\/www.ucaldas.edu.co\/portal\/#website","url":"https:\/\/www.ucaldas.edu.co\/portal\/","name":"Universidad de Caldas","description":"","publisher":{"@id":"https:\/\/www.ucaldas.edu.co\/portal\/#organization"},"alternateName":"U. de Caldas","potentialAction":[{"@type":"SearchAction","target":{"@type":"EntryPoint","urlTemplate":"https:\/\/www.ucaldas.edu.co\/portal\/?s={search_term_string}"},"query-input":{"@type":"PropertyValueSpecification","valueRequired":true,"valueName":"search_term_string"}}],"inLanguage":"es"},{"@type":"Organization","@id":"https:\/\/www.ucaldas.edu.co\/portal\/#organization","name":"Universidad de Caldas","alternateName":"U. de Caldas","url":"https:\/\/www.ucaldas.edu.co\/portal\/","logo":{"@type":"ImageObject","inLanguage":"es","@id":"https:\/\/www.ucaldas.edu.co\/portal\/#\/schema\/logo\/image\/","url":"https:\/\/www.ucaldas.edu.co\/portal\/wp-content\/uploads\/2023\/11\/Logo_horizontal_oscuroU-2023.png","contentUrl":"https:\/\/www.ucaldas.edu.co\/portal\/wp-content\/uploads\/2023\/11\/Logo_horizontal_oscuroU-2023.png","width":263,"height":101,"caption":"Universidad de Caldas"},"image":{"@id":"https:\/\/www.ucaldas.edu.co\/portal\/#\/schema\/logo\/image\/"},"sameAs":["https:\/\/www.facebook.com\/udecaldas","https:\/\/x.com\/udecaldas","https:\/\/www.youtube.com\/universidadcaldas","https:\/\/www.instagram.com\/udecaldas\/"]},{"@type":"Person","@id":"https:\/\/www.ucaldas.edu.co\/portal\/#\/schema\/person\/a1b482e23449158b4bc319926c074fdf","name":"ofiprensa","image":{"@type":"ImageObject","inLanguage":"es","@id":"https:\/\/www.ucaldas.edu.co\/portal\/wp-content\/litespeed\/avatar\/09ea5085e600095a7a811142c6944527.jpg?ver=1777497608","url":"https:\/\/www.ucaldas.edu.co\/portal\/wp-content\/litespeed\/avatar\/09ea5085e600095a7a811142c6944527.jpg?ver=1777497608","contentUrl":"https:\/\/www.ucaldas.edu.co\/portal\/wp-content\/litespeed\/avatar\/09ea5085e600095a7a811142c6944527.jpg?ver=1777497608","caption":"ofiprensa"},"url":"https:\/\/www.ucaldas.edu.co\/portal\/author\/ofiprensa\/"}]}},"_links":{"self":[{"href":"https:\/\/www.ucaldas.edu.co\/portal\/wp-json\/wp\/v2\/posts\/60975","targetHints":{"allow":["GET"]}}],"collection":[{"href":"https:\/\/www.ucaldas.edu.co\/portal\/wp-json\/wp\/v2\/posts"}],"about":[{"href":"https:\/\/www.ucaldas.edu.co\/portal\/wp-json\/wp\/v2\/types\/post"}],"author":[{"embeddable":true,"href":"https:\/\/www.ucaldas.edu.co\/portal\/wp-json\/wp\/v2\/users\/2"}],"replies":[{"embeddable":true,"href":"https:\/\/www.ucaldas.edu.co\/portal\/wp-json\/wp\/v2\/comments?post=60975"}],"version-history":[{"count":0,"href":"https:\/\/www.ucaldas.edu.co\/portal\/wp-json\/wp\/v2\/posts\/60975\/revisions"}],"wp:featuredmedia":[{"embeddable":true,"href":"https:\/\/www.ucaldas.edu.co\/portal\/wp-json\/wp\/v2\/media\/50249"}],"wp:attachment":[{"href":"https:\/\/www.ucaldas.edu.co\/portal\/wp-json\/wp\/v2\/media?parent=60975"}],"wp:term":[{"taxonomy":"category","embeddable":true,"href":"https:\/\/www.ucaldas.edu.co\/portal\/wp-json\/wp\/v2\/categories?post=60975"},{"taxonomy":"post_tag","embeddable":true,"href":"https:\/\/www.ucaldas.edu.co\/portal\/wp-json\/wp\/v2\/tags?post=60975"}],"curies":[{"name":"wp","href":"https:\/\/api.w.org\/{rel}","templated":true}]}}