{"id":60957,"date":"2021-02-17T23:57:14","date_gmt":"2021-02-17T23:57:14","guid":{"rendered":"https:\/\/www.ucaldas.edu.co\/portal\/?p=60957"},"modified":"2021-02-17T23:57:14","modified_gmt":"2021-02-17T23:57:14","slug":"rector-y-equipo-directivo-participaron-en-conversatorio-con-los-docentes-de-la-universidad-de-caldas","status":"publish","type":"post","link":"https:\/\/www.ucaldas.edu.co\/portal\/rector-y-equipo-directivo-participaron-en-conversatorio-con-los-docentes-de-la-universidad-de-caldas\/","title":{"rendered":"Rector y equipo directivo participaron en conversatorio con los docentes de la Universidad de Caldas"},"content":{"rendered":"<p>&nbsp;<\/p>\n<p style=\"text-align: center;\">CONVERSATORIO FUE TRANSMITIDO A TRAV\u00c9S DE ZOOM Y YOUTUBE<\/p>\n<p style=\"text-align: center;\"><strong>Rector y equipo directivo participaron en conversatorio con los docentes de la Universidad de Caldas<\/strong><\/p>\n<p style=\"text-align: right;\">17\/02\/2021<\/p>\n<p><img loading=\"lazy\" decoding=\"async\" class=\"size-full wp-image-60958 aligncenter\" src=\"https:\/\/www.ucaldas.edu.co\/portal\/wp-content\/uploads\/2021\/02\/IMG-20210217-WA0149.jpg\" alt=\"\" width=\"700\" height=\"400\" srcset=\"https:\/\/www.ucaldas.edu.co\/portal\/wp-content\/uploads\/2021\/02\/IMG-20210217-WA0149.jpg 700w, https:\/\/www.ucaldas.edu.co\/portal\/wp-content\/uploads\/2021\/02\/IMG-20210217-WA0149-300x171.jpg 300w\" sizes=\"auto, (max-width: 700px) 100vw, 700px\" \/><\/p>\n<p>Durante dos horas el rector Alejandro Ceballos M\u00e1rquez y su equipo directivo conversaron con cerca de 300\u00a0 \u00a0docentes de la Universidad de Caldas, conectados a trav\u00e9s de la plataforma zoom y el canal Oficial de YouTube @udecaldas, \u00a0con el fin de conocer y resolver dudas sobre \u00a0diferentes temas de inter\u00e9s institucional.<\/p>\n<p><!--more--><\/p>\n<p>El evento denominado \u00a0\u201cConversemos \u2013 Di\u00e1logo con el Rector\u201d, se resolvieron diversas inquietudes a docentes de la instituci\u00f3n respecto a la administraci\u00f3n y las acciones tomadas durante la actual pandemia. A continuaci\u00f3n presentamos algunas de las m\u00e1s relevantes:<\/p>\n<p>&nbsp;<\/p>\n<ul>\n<li>La administraci\u00f3n respondi\u00f3 al reto de buscar las habilidades en educaci\u00f3n remota para continuar avanzando en la educaci\u00f3n en medio de la actual contingencia sanitaria.<\/li>\n<li>Actualmente la administraci\u00f3n est\u00e1 trabajando en los protocolos de bioseguridad para dar pr\u00f3xima apertura a la biblioteca, museos y gimnasio.<\/li>\n<li>Tambi\u00e9n se est\u00e1n buscando soluciones de conciliaci\u00f3n entre la vida laboral y la vida familiar de los docentes y funcionarios.<\/li>\n<li>Se est\u00e1 trabajando por el fortalecimiento de la planta docente, buscando proveer cargos nuevos seg\u00fan las necesidades de la instituci\u00f3n.<\/li>\n<li>330 profesores ocasionales vinculados, de los cuales 286 tienen su vinculaci\u00f3n hasta el mes de diciembre; y 202 profesores catedr\u00e1ticos vinculados, lo cual cumple con los requerimientos de la instituci\u00f3n.<\/li>\n<li>Actualmente est\u00e1 en proceso la auditoria del nuevo SIA con el fin de hacer la evaluaci\u00f3n de la plataforma por parte de la contralor\u00eda.<\/li>\n<li>Las pr\u00e1cticas institucionales se vienen realizando con normalidad por parte de estudiantes y docentes, quienes se ajustan a los protocolos de bioseguridad de las entidades donde las realizan con el apoyo de la instituci\u00f3n.<\/li>\n<li>La administraci\u00f3n avanza en la implementaci\u00f3n de los protocolos de bioseguridad que permitir\u00e1n el regreso de estudiantes y docentes a la instituci\u00f3n en la modalidad de alternancia.<\/li>\n<li>El Gobierno otorgar\u00e1 $1.150 millones en alivio de matr\u00edculas, adem\u00e1s el Consejo Superior autoriz\u00f3 un plan de alivios que se llevar\u00e1 al Ministerio de Educaci\u00f3n para atender las necesidades de estudiantes de estratos 1 y parte del 2.<\/li>\n<li>Se resolvi\u00f3 el faltante presupuestal por medio de estrategias y an\u00e1lisis donde se identificaron los rubros que se ver\u00edan afectados debido a la pandemia actual y se tomaron acciones frente a ello.<\/li>\n<li>Se ha fortalecido el programa Permanece con Calidad en cuanto al acompa\u00f1amiento psicol\u00f3gico para los estudiantes que lo requieran a trav\u00e9s de diversas estrategias.<\/li>\n<li>La semana de desconexi\u00f3n digital ser\u00e1 tanto para estudiantes como para docentes.<\/li>\n<li>Se est\u00e1 trabajando para bajar la deserci\u00f3n acad\u00e9mica, fortaleciendo los procesos y el acompa\u00f1amiento a los estudiantes.<\/li>\n<\/ul>\n<p>&nbsp;<\/p>\n<p>Este espacio de di\u00e1logo mediado por tecnolog\u00eda sirvi\u00f3 adem\u00e1s como bienvenida a los docentes que iniciaron sus labores acad\u00e9micas desde el pasado 8 de febrero. La administraci\u00f3n inform\u00f3 que este ser\u00e1 el primero de diversos encuentros que se desarrollar\u00e1n con los distintos estamentos de la Universidad durante 2021.<\/p>\n<p><strong>\u00a0<\/strong><\/p>\n<p><strong>Anexos:<\/strong><\/p>\n<p><strong><a href=\"https:\/\/www.ivoox.com\/rector-equipo-directivo-participaron-conversatorio-con-audios-mp3_rf_65624713_1.html\">Audio rector Alejandro Ceballos M\u00e1rquez<\/a><\/strong><\/p>\n<p><strong><a href=\"https:\/\/www.youtube.com\/watch?v=gqvmsplTBkM\">Conversatorio completo<\/a><\/strong><\/p>\n<p>&nbsp;<\/p>\n<p><strong>Informes: <\/strong>Oficina de Comunicaciones y Prensa Universidad de Caldas.<\/p>\n<p><strong>Redacci\u00f3n:<\/strong> Adriana Salazar Villegas<\/p>\n<p>&nbsp;<\/p>\n","protected":false},"excerpt":{"rendered":"<p>&nbsp; CONVERSATORIO FUE TRANSMITIDO A TRAV\u00c9S DE ZOOM Y YOUTUBE Rector y equipo directivo participaron en conversatorio con los docentes de la Universidad de Caldas 17\/02\/2021 Durante dos horas el rector Alejandro Ceballos M\u00e1rquez y su equipo directivo conversaron con cerca de 300\u00a0 \u00a0docentes de la Universidad de Caldas, conectados a trav\u00e9s de la plataforma [&hellip;]<\/p>\n","protected":false},"author":2,"featured_media":60958,"comment_status":"closed","ping_status":"open","sticky":false,"template":"","format":"standard","meta":{"footnotes":""},"categories":[48,53,620],"tags":[5904,172,296,333,3292,4750],"class_list":["post-60957","post","type-post","status-publish","format-standard","has-post-thumbnail","hentry","category-actualidad","category-universidad-al-dia","category-ucaldas-transparente","tag-zoom","tag-conversatorio","tag-participacion","tag-docentes","tag-dialogo","tag-youtube"],"yoast_head":"<!-- This site is optimized with the Yoast SEO plugin v27.5 - https:\/\/yoast.com\/product\/yoast-seo-wordpress\/ -->\n<title>Rector y equipo directivo participaron en conversatorio con los docentes de la Universidad de Caldas .<\/title>\n<meta name=\"robots\" content=\"index, follow, max-snippet:-1, max-image-preview:large, max-video-preview:-1\" \/>\n<link rel=\"canonical\" href=\"https:\/\/www.ucaldas.edu.co\/portal\/rector-y-equipo-directivo-participaron-en-conversatorio-con-los-docentes-de-la-universidad-de-caldas\/\" \/>\n<script type=\"application\/ld+json\" class=\"yoast-schema-graph\">{\"@context\":\"https:\\\/\\\/schema.org\",\"@graph\":[{\"@type\":\"Article\",\"@id\":\"https:\\\/\\\/www.ucaldas.edu.co\\\/portal\\\/rector-y-equipo-directivo-participaron-en-conversatorio-con-los-docentes-de-la-universidad-de-caldas\\\/#article\",\"isPartOf\":{\"@id\":\"https:\\\/\\\/www.ucaldas.edu.co\\\/portal\\\/rector-y-equipo-directivo-participaron-en-conversatorio-con-los-docentes-de-la-universidad-de-caldas\\\/\"},\"author\":{\"name\":\"ofiprensa\",\"@id\":\"https:\\\/\\\/www.ucaldas.edu.co\\\/portal\\\/#\\\/schema\\\/person\\\/a1b482e23449158b4bc319926c074fdf\"},\"headline\":\"Rector y equipo directivo participaron en conversatorio con los docentes de la Universidad de Caldas\",\"datePublished\":\"2021-02-17T23:57:14+00:00\",\"mainEntityOfPage\":{\"@id\":\"https:\\\/\\\/www.ucaldas.edu.co\\\/portal\\\/rector-y-equipo-directivo-participaron-en-conversatorio-con-los-docentes-de-la-universidad-de-caldas\\\/\"},\"wordCount\":565,\"publisher\":{\"@id\":\"https:\\\/\\\/www.ucaldas.edu.co\\\/portal\\\/#organization\"},\"image\":{\"@id\":\"https:\\\/\\\/www.ucaldas.edu.co\\\/portal\\\/rector-y-equipo-directivo-participaron-en-conversatorio-con-los-docentes-de-la-universidad-de-caldas\\\/#primaryimage\"},\"thumbnailUrl\":\"https:\\\/\\\/www.ucaldas.edu.co\\\/portal\\\/wp-content\\\/uploads\\\/2021\\\/02\\\/IMG-20210217-WA0149.jpg\",\"keywords\":[\"zoom\",\"Conversatorio\",\"participaci\u00f3n\",\"docentes\",\"di\u00e1logo\",\"Youtube\"],\"articleSection\":[\"Actualidad\",\"Universidad al D\u00eda\",\"UCaldas Transparente\"],\"inLanguage\":\"es\"},{\"@type\":\"WebPage\",\"@id\":\"https:\\\/\\\/www.ucaldas.edu.co\\\/portal\\\/rector-y-equipo-directivo-participaron-en-conversatorio-con-los-docentes-de-la-universidad-de-caldas\\\/\",\"url\":\"https:\\\/\\\/www.ucaldas.edu.co\\\/portal\\\/rector-y-equipo-directivo-participaron-en-conversatorio-con-los-docentes-de-la-universidad-de-caldas\\\/\",\"name\":\"Rector y equipo directivo participaron en conversatorio con los docentes de la Universidad de Caldas .\",\"isPartOf\":{\"@id\":\"https:\\\/\\\/www.ucaldas.edu.co\\\/portal\\\/#website\"},\"primaryImageOfPage\":{\"@id\":\"https:\\\/\\\/www.ucaldas.edu.co\\\/portal\\\/rector-y-equipo-directivo-participaron-en-conversatorio-con-los-docentes-de-la-universidad-de-caldas\\\/#primaryimage\"},\"image\":{\"@id\":\"https:\\\/\\\/www.ucaldas.edu.co\\\/portal\\\/rector-y-equipo-directivo-participaron-en-conversatorio-con-los-docentes-de-la-universidad-de-caldas\\\/#primaryimage\"},\"thumbnailUrl\":\"https:\\\/\\\/www.ucaldas.edu.co\\\/portal\\\/wp-content\\\/uploads\\\/2021\\\/02\\\/IMG-20210217-WA0149.jpg\",\"datePublished\":\"2021-02-17T23:57:14+00:00\",\"breadcrumb\":{\"@id\":\"https:\\\/\\\/www.ucaldas.edu.co\\\/portal\\\/rector-y-equipo-directivo-participaron-en-conversatorio-con-los-docentes-de-la-universidad-de-caldas\\\/#breadcrumb\"},\"inLanguage\":\"es\",\"potentialAction\":[{\"@type\":\"ReadAction\",\"target\":[\"https:\\\/\\\/www.ucaldas.edu.co\\\/portal\\\/rector-y-equipo-directivo-participaron-en-conversatorio-con-los-docentes-de-la-universidad-de-caldas\\\/\"]}]},{\"@type\":\"ImageObject\",\"inLanguage\":\"es\",\"@id\":\"https:\\\/\\\/www.ucaldas.edu.co\\\/portal\\\/rector-y-equipo-directivo-participaron-en-conversatorio-con-los-docentes-de-la-universidad-de-caldas\\\/#primaryimage\",\"url\":\"https:\\\/\\\/www.ucaldas.edu.co\\\/portal\\\/wp-content\\\/uploads\\\/2021\\\/02\\\/IMG-20210217-WA0149.jpg\",\"contentUrl\":\"https:\\\/\\\/www.ucaldas.edu.co\\\/portal\\\/wp-content\\\/uploads\\\/2021\\\/02\\\/IMG-20210217-WA0149.jpg\",\"width\":700,\"height\":400},{\"@type\":\"BreadcrumbList\",\"@id\":\"https:\\\/\\\/www.ucaldas.edu.co\\\/portal\\\/rector-y-equipo-directivo-participaron-en-conversatorio-con-los-docentes-de-la-universidad-de-caldas\\\/#breadcrumb\",\"itemListElement\":[{\"@type\":\"ListItem\",\"position\":1,\"name\":\"Portada\",\"item\":\"https:\\\/\\\/www.ucaldas.edu.co\\\/portal\\\/\"},{\"@type\":\"ListItem\",\"position\":2,\"name\":\"Rector y equipo directivo participaron en conversatorio con los docentes de la Universidad de Caldas\"}]},{\"@type\":\"WebSite\",\"@id\":\"https:\\\/\\\/www.ucaldas.edu.co\\\/portal\\\/#website\",\"url\":\"https:\\\/\\\/www.ucaldas.edu.co\\\/portal\\\/\",\"name\":\"Universidad de Caldas\",\"description\":\"\",\"publisher\":{\"@id\":\"https:\\\/\\\/www.ucaldas.edu.co\\\/portal\\\/#organization\"},\"alternateName\":\"U. de Caldas\",\"potentialAction\":[{\"@type\":\"SearchAction\",\"target\":{\"@type\":\"EntryPoint\",\"urlTemplate\":\"https:\\\/\\\/www.ucaldas.edu.co\\\/portal\\\/?s={search_term_string}\"},\"query-input\":{\"@type\":\"PropertyValueSpecification\",\"valueRequired\":true,\"valueName\":\"search_term_string\"}}],\"inLanguage\":\"es\"},{\"@type\":\"Organization\",\"@id\":\"https:\\\/\\\/www.ucaldas.edu.co\\\/portal\\\/#organization\",\"name\":\"Universidad de Caldas\",\"alternateName\":\"U. de Caldas\",\"url\":\"https:\\\/\\\/www.ucaldas.edu.co\\\/portal\\\/\",\"logo\":{\"@type\":\"ImageObject\",\"inLanguage\":\"es\",\"@id\":\"https:\\\/\\\/www.ucaldas.edu.co\\\/portal\\\/#\\\/schema\\\/logo\\\/image\\\/\",\"url\":\"https:\\\/\\\/www.ucaldas.edu.co\\\/portal\\\/wp-content\\\/uploads\\\/2023\\\/11\\\/Logo_horizontal_oscuroU-2023.png\",\"contentUrl\":\"https:\\\/\\\/www.ucaldas.edu.co\\\/portal\\\/wp-content\\\/uploads\\\/2023\\\/11\\\/Logo_horizontal_oscuroU-2023.png\",\"width\":263,\"height\":101,\"caption\":\"Universidad de Caldas\"},\"image\":{\"@id\":\"https:\\\/\\\/www.ucaldas.edu.co\\\/portal\\\/#\\\/schema\\\/logo\\\/image\\\/\"},\"sameAs\":[\"https:\\\/\\\/www.facebook.com\\\/udecaldas\",\"https:\\\/\\\/x.com\\\/udecaldas\",\"https:\\\/\\\/www.youtube.com\\\/universidadcaldas\",\"https:\\\/\\\/www.instagram.com\\\/udecaldas\\\/\"]},{\"@type\":\"Person\",\"@id\":\"https:\\\/\\\/www.ucaldas.edu.co\\\/portal\\\/#\\\/schema\\\/person\\\/a1b482e23449158b4bc319926c074fdf\",\"name\":\"ofiprensa\",\"image\":{\"@type\":\"ImageObject\",\"inLanguage\":\"es\",\"@id\":\"https:\\\/\\\/www.ucaldas.edu.co\\\/portal\\\/wp-content\\\/litespeed\\\/avatar\\\/09ea5085e600095a7a811142c6944527.jpg?ver=1777497608\",\"url\":\"https:\\\/\\\/www.ucaldas.edu.co\\\/portal\\\/wp-content\\\/litespeed\\\/avatar\\\/09ea5085e600095a7a811142c6944527.jpg?ver=1777497608\",\"contentUrl\":\"https:\\\/\\\/www.ucaldas.edu.co\\\/portal\\\/wp-content\\\/litespeed\\\/avatar\\\/09ea5085e600095a7a811142c6944527.jpg?ver=1777497608\",\"caption\":\"ofiprensa\"},\"url\":\"https:\\\/\\\/www.ucaldas.edu.co\\\/portal\\\/author\\\/ofiprensa\\\/\"}]}<\/script>\n<!-- \/ Yoast SEO plugin. -->","yoast_head_json":{"title":"Rector y equipo directivo participaron en conversatorio con los docentes de la Universidad de Caldas .","robots":{"index":"index","follow":"follow","max-snippet":"max-snippet:-1","max-image-preview":"max-image-preview:large","max-video-preview":"max-video-preview:-1"},"canonical":"https:\/\/www.ucaldas.edu.co\/portal\/rector-y-equipo-directivo-participaron-en-conversatorio-con-los-docentes-de-la-universidad-de-caldas\/","schema":{"@context":"https:\/\/schema.org","@graph":[{"@type":"Article","@id":"https:\/\/www.ucaldas.edu.co\/portal\/rector-y-equipo-directivo-participaron-en-conversatorio-con-los-docentes-de-la-universidad-de-caldas\/#article","isPartOf":{"@id":"https:\/\/www.ucaldas.edu.co\/portal\/rector-y-equipo-directivo-participaron-en-conversatorio-con-los-docentes-de-la-universidad-de-caldas\/"},"author":{"name":"ofiprensa","@id":"https:\/\/www.ucaldas.edu.co\/portal\/#\/schema\/person\/a1b482e23449158b4bc319926c074fdf"},"headline":"Rector y equipo directivo participaron en conversatorio con los docentes de la Universidad de Caldas","datePublished":"2021-02-17T23:57:14+00:00","mainEntityOfPage":{"@id":"https:\/\/www.ucaldas.edu.co\/portal\/rector-y-equipo-directivo-participaron-en-conversatorio-con-los-docentes-de-la-universidad-de-caldas\/"},"wordCount":565,"publisher":{"@id":"https:\/\/www.ucaldas.edu.co\/portal\/#organization"},"image":{"@id":"https:\/\/www.ucaldas.edu.co\/portal\/rector-y-equipo-directivo-participaron-en-conversatorio-con-los-docentes-de-la-universidad-de-caldas\/#primaryimage"},"thumbnailUrl":"https:\/\/www.ucaldas.edu.co\/portal\/wp-content\/uploads\/2021\/02\/IMG-20210217-WA0149.jpg","keywords":["zoom","Conversatorio","participaci\u00f3n","docentes","di\u00e1logo","Youtube"],"articleSection":["Actualidad","Universidad al D\u00eda","UCaldas Transparente"],"inLanguage":"es"},{"@type":"WebPage","@id":"https:\/\/www.ucaldas.edu.co\/portal\/rector-y-equipo-directivo-participaron-en-conversatorio-con-los-docentes-de-la-universidad-de-caldas\/","url":"https:\/\/www.ucaldas.edu.co\/portal\/rector-y-equipo-directivo-participaron-en-conversatorio-con-los-docentes-de-la-universidad-de-caldas\/","name":"Rector y equipo directivo participaron en conversatorio con los docentes de la Universidad de Caldas .","isPartOf":{"@id":"https:\/\/www.ucaldas.edu.co\/portal\/#website"},"primaryImageOfPage":{"@id":"https:\/\/www.ucaldas.edu.co\/portal\/rector-y-equipo-directivo-participaron-en-conversatorio-con-los-docentes-de-la-universidad-de-caldas\/#primaryimage"},"image":{"@id":"https:\/\/www.ucaldas.edu.co\/portal\/rector-y-equipo-directivo-participaron-en-conversatorio-con-los-docentes-de-la-universidad-de-caldas\/#primaryimage"},"thumbnailUrl":"https:\/\/www.ucaldas.edu.co\/portal\/wp-content\/uploads\/2021\/02\/IMG-20210217-WA0149.jpg","datePublished":"2021-02-17T23:57:14+00:00","breadcrumb":{"@id":"https:\/\/www.ucaldas.edu.co\/portal\/rector-y-equipo-directivo-participaron-en-conversatorio-con-los-docentes-de-la-universidad-de-caldas\/#breadcrumb"},"inLanguage":"es","potentialAction":[{"@type":"ReadAction","target":["https:\/\/www.ucaldas.edu.co\/portal\/rector-y-equipo-directivo-participaron-en-conversatorio-con-los-docentes-de-la-universidad-de-caldas\/"]}]},{"@type":"ImageObject","inLanguage":"es","@id":"https:\/\/www.ucaldas.edu.co\/portal\/rector-y-equipo-directivo-participaron-en-conversatorio-con-los-docentes-de-la-universidad-de-caldas\/#primaryimage","url":"https:\/\/www.ucaldas.edu.co\/portal\/wp-content\/uploads\/2021\/02\/IMG-20210217-WA0149.jpg","contentUrl":"https:\/\/www.ucaldas.edu.co\/portal\/wp-content\/uploads\/2021\/02\/IMG-20210217-WA0149.jpg","width":700,"height":400},{"@type":"BreadcrumbList","@id":"https:\/\/www.ucaldas.edu.co\/portal\/rector-y-equipo-directivo-participaron-en-conversatorio-con-los-docentes-de-la-universidad-de-caldas\/#breadcrumb","itemListElement":[{"@type":"ListItem","position":1,"name":"Portada","item":"https:\/\/www.ucaldas.edu.co\/portal\/"},{"@type":"ListItem","position":2,"name":"Rector y equipo directivo participaron en conversatorio con los docentes de la Universidad de Caldas"}]},{"@type":"WebSite","@id":"https:\/\/www.ucaldas.edu.co\/portal\/#website","url":"https:\/\/www.ucaldas.edu.co\/portal\/","name":"Universidad de Caldas","description":"","publisher":{"@id":"https:\/\/www.ucaldas.edu.co\/portal\/#organization"},"alternateName":"U. de Caldas","potentialAction":[{"@type":"SearchAction","target":{"@type":"EntryPoint","urlTemplate":"https:\/\/www.ucaldas.edu.co\/portal\/?s={search_term_string}"},"query-input":{"@type":"PropertyValueSpecification","valueRequired":true,"valueName":"search_term_string"}}],"inLanguage":"es"},{"@type":"Organization","@id":"https:\/\/www.ucaldas.edu.co\/portal\/#organization","name":"Universidad de Caldas","alternateName":"U. de Caldas","url":"https:\/\/www.ucaldas.edu.co\/portal\/","logo":{"@type":"ImageObject","inLanguage":"es","@id":"https:\/\/www.ucaldas.edu.co\/portal\/#\/schema\/logo\/image\/","url":"https:\/\/www.ucaldas.edu.co\/portal\/wp-content\/uploads\/2023\/11\/Logo_horizontal_oscuroU-2023.png","contentUrl":"https:\/\/www.ucaldas.edu.co\/portal\/wp-content\/uploads\/2023\/11\/Logo_horizontal_oscuroU-2023.png","width":263,"height":101,"caption":"Universidad de Caldas"},"image":{"@id":"https:\/\/www.ucaldas.edu.co\/portal\/#\/schema\/logo\/image\/"},"sameAs":["https:\/\/www.facebook.com\/udecaldas","https:\/\/x.com\/udecaldas","https:\/\/www.youtube.com\/universidadcaldas","https:\/\/www.instagram.com\/udecaldas\/"]},{"@type":"Person","@id":"https:\/\/www.ucaldas.edu.co\/portal\/#\/schema\/person\/a1b482e23449158b4bc319926c074fdf","name":"ofiprensa","image":{"@type":"ImageObject","inLanguage":"es","@id":"https:\/\/www.ucaldas.edu.co\/portal\/wp-content\/litespeed\/avatar\/09ea5085e600095a7a811142c6944527.jpg?ver=1777497608","url":"https:\/\/www.ucaldas.edu.co\/portal\/wp-content\/litespeed\/avatar\/09ea5085e600095a7a811142c6944527.jpg?ver=1777497608","contentUrl":"https:\/\/www.ucaldas.edu.co\/portal\/wp-content\/litespeed\/avatar\/09ea5085e600095a7a811142c6944527.jpg?ver=1777497608","caption":"ofiprensa"},"url":"https:\/\/www.ucaldas.edu.co\/portal\/author\/ofiprensa\/"}]}},"_links":{"self":[{"href":"https:\/\/www.ucaldas.edu.co\/portal\/wp-json\/wp\/v2\/posts\/60957","targetHints":{"allow":["GET"]}}],"collection":[{"href":"https:\/\/www.ucaldas.edu.co\/portal\/wp-json\/wp\/v2\/posts"}],"about":[{"href":"https:\/\/www.ucaldas.edu.co\/portal\/wp-json\/wp\/v2\/types\/post"}],"author":[{"embeddable":true,"href":"https:\/\/www.ucaldas.edu.co\/portal\/wp-json\/wp\/v2\/users\/2"}],"replies":[{"embeddable":true,"href":"https:\/\/www.ucaldas.edu.co\/portal\/wp-json\/wp\/v2\/comments?post=60957"}],"version-history":[{"count":0,"href":"https:\/\/www.ucaldas.edu.co\/portal\/wp-json\/wp\/v2\/posts\/60957\/revisions"}],"wp:featuredmedia":[{"embeddable":true,"href":"https:\/\/www.ucaldas.edu.co\/portal\/wp-json\/wp\/v2\/media\/60958"}],"wp:attachment":[{"href":"https:\/\/www.ucaldas.edu.co\/portal\/wp-json\/wp\/v2\/media?parent=60957"}],"wp:term":[{"taxonomy":"category","embeddable":true,"href":"https:\/\/www.ucaldas.edu.co\/portal\/wp-json\/wp\/v2\/categories?post=60957"},{"taxonomy":"post_tag","embeddable":true,"href":"https:\/\/www.ucaldas.edu.co\/portal\/wp-json\/wp\/v2\/tags?post=60957"}],"curies":[{"name":"wp","href":"https:\/\/api.w.org\/{rel}","templated":true}]}}