{"id":60954,"date":"2021-02-17T23:52:56","date_gmt":"2021-02-17T23:52:56","guid":{"rendered":"https:\/\/www.ucaldas.edu.co\/portal\/?p=60954"},"modified":"2021-02-17T23:52:56","modified_gmt":"2021-02-17T23:52:56","slug":"sei-latinoamerica-inicia-su-programa-de-practicas-profesionales","status":"publish","type":"post","link":"https:\/\/www.ucaldas.edu.co\/portal\/sei-latinoamerica-inicia-su-programa-de-practicas-profesionales\/","title":{"rendered":"SEI Latinoam\u00e9rica inicia su programa de pr\u00e1cticas profesionales"},"content":{"rendered":"<p style=\"text-align: center;\">PARA ESTUDIANTES DE UNIVERSIDADES P\u00daBLICAS DEL PA\u00cdS<\/p>\n<p style=\"text-align: center;\"><strong>SEI Latinoam\u00e9rica inicia su programa de pr\u00e1cticas profesionales<\/strong><\/p>\n<p style=\"text-align: right;\">17\/02\/2021<\/p>\n<p><img loading=\"lazy\" decoding=\"async\" class=\"size-full wp-image-60955 aligncenter\" src=\"https:\/\/www.ucaldas.edu.co\/portal\/wp-content\/uploads\/2021\/02\/pasantias-SEI.jpg\" alt=\"\" width=\"700\" height=\"400\" srcset=\"https:\/\/www.ucaldas.edu.co\/portal\/wp-content\/uploads\/2021\/02\/pasantias-SEI.jpg 700w, https:\/\/www.ucaldas.edu.co\/portal\/wp-content\/uploads\/2021\/02\/pasantias-SEI-300x171.jpg 300w\" sizes=\"auto, (max-width: 700px) 100vw, 700px\" \/><\/p>\n<p>SEI Latinoam\u00e9rica desde su sede en Colombia, inicia su programa de pr\u00e1cticas profesionales para estudiantes de \u00faltimos semestres de las universidades p\u00fablicas regionales de Colombia para el presente periodo acad\u00e9mico.<\/p>\n<p><!--more--><\/p>\n<p>Esta iniciativa nace con el fin de contribuir la generaci\u00f3n de oportunidades equitativas de aprendizaje y crecimiento profesional para estudiantes de pregrado de universidades p\u00fablicas ubicadas fuera de Bogot\u00e1 que participan en diversos programas acad\u00e9micos y se encuentran autorizados para iniciar sus pr\u00e1cticas profesionales.<\/p>\n<p>SEI es una organizaci\u00f3n internacional con experiencia y reconocimiento en temas ambientales y de desarrollo sostenible. La pasant\u00eda cubre un estipendio suficiente para vivir y trabajar en Bogot\u00e1. Adicionalmente, el estudiante se beneficiar\u00e1 de una red de contactos, experiencias y conocimientos que se extienden a nivel internacional.<\/p>\n<p>El trabajo del centro SEI se enfoca en cuatro l\u00edneas de investigaci\u00f3n:<\/p>\n<ul>\n<li>Bioeconom\u00eda.<\/li>\n<li>Objetivos de Desarrollo Sostenible (ODS) y Pol\u00edticas ambientales.<\/li>\n<li>Combustibles f\u00f3siles y transiciones justas.<\/li>\n<li>Recursos H\u00eddricos.<\/li>\n<\/ul>\n<p>El per\u00edodo de pasant\u00edas ser\u00e1 de 6 meses que iniciar\u00e1 en marzo de 2021 y finalizar\u00e1 en agosto del mismo a\u00f1o. Debido a las medidas de aislamiento tomadas por el Gobierno colombiano a ra\u00edz de la pandemia por Covid-19, es posible que una parte de la pasant\u00eda se desarrolle de manera virtual.<\/p>\n<p>&nbsp;<\/p>\n<p>Requisitos para aplicar a trav\u00e9s del sistema ReachMee hasta el 28 de febrero de 2021:<\/p>\n<ul>\n<li>Una carta de solicitud, destacando la motivaci\u00f3n para aplicar y c\u00f3mo su experiencia podr\u00eda contribuir al trabajo de SEI en Latinoam\u00e9rica. La carta deber incluir antecedentes relevantes, m\u00e1ximo dos \u00e1reas de inter\u00e9s de la investigaci\u00f3n y el logro esperado al final de la pasant\u00eda.<\/li>\n<li>Hoja de Vida.<\/li>\n<li>2 cartas de referencia de docentes o miembros del personal acad\u00e9mico de la universidad.<\/li>\n<li>Certificado de notas de semestres cursados y promedio acad\u00e9mico.<\/li>\n<\/ul>\n<p>&nbsp;<\/p>\n<p><strong><a href=\"https:\/\/www.sei.org\/people\/jobs\/sei-latin-america-internships\/\">M\u00e1s informaci\u00f3n e inscripciones aqu\u00ed.<\/a><\/strong><\/p>\n<p>&nbsp;<\/p>\n<p><strong>Informes: <\/strong>Oficina de Comunicaciones y Prensa Universidad de Caldas.<\/p>\n<p><strong>Redacci\u00f3n:<\/strong> Mateo Buritic\u00e1 Giraldo<\/p>\n<p>&nbsp;<\/p>\n","protected":false},"excerpt":{"rendered":"<p>PARA ESTUDIANTES DE UNIVERSIDADES P\u00daBLICAS DEL PA\u00cdS SEI Latinoam\u00e9rica inicia su programa de pr\u00e1cticas profesionales 17\/02\/2021 SEI Latinoam\u00e9rica desde su sede en Colombia, inicia su programa de pr\u00e1cticas profesionales para estudiantes de \u00faltimos semestres de las universidades p\u00fablicas regionales de Colombia para el presente periodo acad\u00e9mico.<\/p>\n","protected":false},"author":2,"featured_media":60955,"comment_status":"closed","ping_status":"open","sticky":false,"template":"","format":"standard","meta":{"footnotes":""},"categories":[53,614,48],"tags":[2451,5916,2450],"class_list":["post-60954","post","type-post","status-publish","format-standard","has-post-thumbnail","hentry","category-universidad-al-dia","category-ucaldas-internacional","category-actualidad","tag-practicas-profesionales","tag-sei-latinoamerica","tag-universidades-publicas"],"yoast_head":"<!-- This site is optimized with the Yoast SEO plugin v27.5 - https:\/\/yoast.com\/product\/yoast-seo-wordpress\/ -->\n<title>SEI Latinoam\u00e9rica inicia su programa de pr\u00e1cticas profesionales .<\/title>\n<meta name=\"robots\" content=\"index, follow, max-snippet:-1, max-image-preview:large, max-video-preview:-1\" \/>\n<link rel=\"canonical\" href=\"https:\/\/www.ucaldas.edu.co\/portal\/sei-latinoamerica-inicia-su-programa-de-practicas-profesionales\/\" \/>\n<script type=\"application\/ld+json\" class=\"yoast-schema-graph\">{\"@context\":\"https:\\\/\\\/schema.org\",\"@graph\":[{\"@type\":\"Article\",\"@id\":\"https:\\\/\\\/www.ucaldas.edu.co\\\/portal\\\/sei-latinoamerica-inicia-su-programa-de-practicas-profesionales\\\/#article\",\"isPartOf\":{\"@id\":\"https:\\\/\\\/www.ucaldas.edu.co\\\/portal\\\/sei-latinoamerica-inicia-su-programa-de-practicas-profesionales\\\/\"},\"author\":{\"name\":\"ofiprensa\",\"@id\":\"https:\\\/\\\/www.ucaldas.edu.co\\\/portal\\\/#\\\/schema\\\/person\\\/a1b482e23449158b4bc319926c074fdf\"},\"headline\":\"SEI Latinoam\u00e9rica inicia su programa de pr\u00e1cticas profesionales\",\"datePublished\":\"2021-02-17T23:52:56+00:00\",\"mainEntityOfPage\":{\"@id\":\"https:\\\/\\\/www.ucaldas.edu.co\\\/portal\\\/sei-latinoamerica-inicia-su-programa-de-practicas-profesionales\\\/\"},\"wordCount\":367,\"publisher\":{\"@id\":\"https:\\\/\\\/www.ucaldas.edu.co\\\/portal\\\/#organization\"},\"image\":{\"@id\":\"https:\\\/\\\/www.ucaldas.edu.co\\\/portal\\\/sei-latinoamerica-inicia-su-programa-de-practicas-profesionales\\\/#primaryimage\"},\"thumbnailUrl\":\"https:\\\/\\\/www.ucaldas.edu.co\\\/portal\\\/wp-content\\\/uploads\\\/2021\\\/02\\\/pasantias-SEI.jpg\",\"keywords\":[\"Pr\u00e1cticas Profesionales\",\"sei Latinoam\u00e9rica\",\"universidades p\u00fablicas\"],\"articleSection\":[\"Universidad al D\u00eda\",\"Ucaldas Internacional\",\"Actualidad\"],\"inLanguage\":\"es\"},{\"@type\":\"WebPage\",\"@id\":\"https:\\\/\\\/www.ucaldas.edu.co\\\/portal\\\/sei-latinoamerica-inicia-su-programa-de-practicas-profesionales\\\/\",\"url\":\"https:\\\/\\\/www.ucaldas.edu.co\\\/portal\\\/sei-latinoamerica-inicia-su-programa-de-practicas-profesionales\\\/\",\"name\":\"SEI Latinoam\u00e9rica inicia su programa de pr\u00e1cticas profesionales .\",\"isPartOf\":{\"@id\":\"https:\\\/\\\/www.ucaldas.edu.co\\\/portal\\\/#website\"},\"primaryImageOfPage\":{\"@id\":\"https:\\\/\\\/www.ucaldas.edu.co\\\/portal\\\/sei-latinoamerica-inicia-su-programa-de-practicas-profesionales\\\/#primaryimage\"},\"image\":{\"@id\":\"https:\\\/\\\/www.ucaldas.edu.co\\\/portal\\\/sei-latinoamerica-inicia-su-programa-de-practicas-profesionales\\\/#primaryimage\"},\"thumbnailUrl\":\"https:\\\/\\\/www.ucaldas.edu.co\\\/portal\\\/wp-content\\\/uploads\\\/2021\\\/02\\\/pasantias-SEI.jpg\",\"datePublished\":\"2021-02-17T23:52:56+00:00\",\"breadcrumb\":{\"@id\":\"https:\\\/\\\/www.ucaldas.edu.co\\\/portal\\\/sei-latinoamerica-inicia-su-programa-de-practicas-profesionales\\\/#breadcrumb\"},\"inLanguage\":\"es\",\"potentialAction\":[{\"@type\":\"ReadAction\",\"target\":[\"https:\\\/\\\/www.ucaldas.edu.co\\\/portal\\\/sei-latinoamerica-inicia-su-programa-de-practicas-profesionales\\\/\"]}]},{\"@type\":\"ImageObject\",\"inLanguage\":\"es\",\"@id\":\"https:\\\/\\\/www.ucaldas.edu.co\\\/portal\\\/sei-latinoamerica-inicia-su-programa-de-practicas-profesionales\\\/#primaryimage\",\"url\":\"https:\\\/\\\/www.ucaldas.edu.co\\\/portal\\\/wp-content\\\/uploads\\\/2021\\\/02\\\/pasantias-SEI.jpg\",\"contentUrl\":\"https:\\\/\\\/www.ucaldas.edu.co\\\/portal\\\/wp-content\\\/uploads\\\/2021\\\/02\\\/pasantias-SEI.jpg\",\"width\":700,\"height\":400},{\"@type\":\"BreadcrumbList\",\"@id\":\"https:\\\/\\\/www.ucaldas.edu.co\\\/portal\\\/sei-latinoamerica-inicia-su-programa-de-practicas-profesionales\\\/#breadcrumb\",\"itemListElement\":[{\"@type\":\"ListItem\",\"position\":1,\"name\":\"Portada\",\"item\":\"https:\\\/\\\/www.ucaldas.edu.co\\\/portal\\\/\"},{\"@type\":\"ListItem\",\"position\":2,\"name\":\"SEI Latinoam\u00e9rica inicia su programa de pr\u00e1cticas profesionales\"}]},{\"@type\":\"WebSite\",\"@id\":\"https:\\\/\\\/www.ucaldas.edu.co\\\/portal\\\/#website\",\"url\":\"https:\\\/\\\/www.ucaldas.edu.co\\\/portal\\\/\",\"name\":\"Universidad de Caldas\",\"description\":\"\",\"publisher\":{\"@id\":\"https:\\\/\\\/www.ucaldas.edu.co\\\/portal\\\/#organization\"},\"alternateName\":\"U. de Caldas\",\"potentialAction\":[{\"@type\":\"SearchAction\",\"target\":{\"@type\":\"EntryPoint\",\"urlTemplate\":\"https:\\\/\\\/www.ucaldas.edu.co\\\/portal\\\/?s={search_term_string}\"},\"query-input\":{\"@type\":\"PropertyValueSpecification\",\"valueRequired\":true,\"valueName\":\"search_term_string\"}}],\"inLanguage\":\"es\"},{\"@type\":\"Organization\",\"@id\":\"https:\\\/\\\/www.ucaldas.edu.co\\\/portal\\\/#organization\",\"name\":\"Universidad de Caldas\",\"alternateName\":\"U. de Caldas\",\"url\":\"https:\\\/\\\/www.ucaldas.edu.co\\\/portal\\\/\",\"logo\":{\"@type\":\"ImageObject\",\"inLanguage\":\"es\",\"@id\":\"https:\\\/\\\/www.ucaldas.edu.co\\\/portal\\\/#\\\/schema\\\/logo\\\/image\\\/\",\"url\":\"https:\\\/\\\/www.ucaldas.edu.co\\\/portal\\\/wp-content\\\/uploads\\\/2023\\\/11\\\/Logo_horizontal_oscuroU-2023.png\",\"contentUrl\":\"https:\\\/\\\/www.ucaldas.edu.co\\\/portal\\\/wp-content\\\/uploads\\\/2023\\\/11\\\/Logo_horizontal_oscuroU-2023.png\",\"width\":263,\"height\":101,\"caption\":\"Universidad de Caldas\"},\"image\":{\"@id\":\"https:\\\/\\\/www.ucaldas.edu.co\\\/portal\\\/#\\\/schema\\\/logo\\\/image\\\/\"},\"sameAs\":[\"https:\\\/\\\/www.facebook.com\\\/udecaldas\",\"https:\\\/\\\/x.com\\\/udecaldas\",\"https:\\\/\\\/www.youtube.com\\\/universidadcaldas\",\"https:\\\/\\\/www.instagram.com\\\/udecaldas\\\/\"]},{\"@type\":\"Person\",\"@id\":\"https:\\\/\\\/www.ucaldas.edu.co\\\/portal\\\/#\\\/schema\\\/person\\\/a1b482e23449158b4bc319926c074fdf\",\"name\":\"ofiprensa\",\"image\":{\"@type\":\"ImageObject\",\"inLanguage\":\"es\",\"@id\":\"https:\\\/\\\/www.ucaldas.edu.co\\\/portal\\\/wp-content\\\/litespeed\\\/avatar\\\/09ea5085e600095a7a811142c6944527.jpg?ver=1777497608\",\"url\":\"https:\\\/\\\/www.ucaldas.edu.co\\\/portal\\\/wp-content\\\/litespeed\\\/avatar\\\/09ea5085e600095a7a811142c6944527.jpg?ver=1777497608\",\"contentUrl\":\"https:\\\/\\\/www.ucaldas.edu.co\\\/portal\\\/wp-content\\\/litespeed\\\/avatar\\\/09ea5085e600095a7a811142c6944527.jpg?ver=1777497608\",\"caption\":\"ofiprensa\"},\"url\":\"https:\\\/\\\/www.ucaldas.edu.co\\\/portal\\\/author\\\/ofiprensa\\\/\"}]}<\/script>\n<!-- \/ Yoast SEO plugin. -->","yoast_head_json":{"title":"SEI Latinoam\u00e9rica inicia su programa de pr\u00e1cticas profesionales .","robots":{"index":"index","follow":"follow","max-snippet":"max-snippet:-1","max-image-preview":"max-image-preview:large","max-video-preview":"max-video-preview:-1"},"canonical":"https:\/\/www.ucaldas.edu.co\/portal\/sei-latinoamerica-inicia-su-programa-de-practicas-profesionales\/","schema":{"@context":"https:\/\/schema.org","@graph":[{"@type":"Article","@id":"https:\/\/www.ucaldas.edu.co\/portal\/sei-latinoamerica-inicia-su-programa-de-practicas-profesionales\/#article","isPartOf":{"@id":"https:\/\/www.ucaldas.edu.co\/portal\/sei-latinoamerica-inicia-su-programa-de-practicas-profesionales\/"},"author":{"name":"ofiprensa","@id":"https:\/\/www.ucaldas.edu.co\/portal\/#\/schema\/person\/a1b482e23449158b4bc319926c074fdf"},"headline":"SEI Latinoam\u00e9rica inicia su programa de pr\u00e1cticas profesionales","datePublished":"2021-02-17T23:52:56+00:00","mainEntityOfPage":{"@id":"https:\/\/www.ucaldas.edu.co\/portal\/sei-latinoamerica-inicia-su-programa-de-practicas-profesionales\/"},"wordCount":367,"publisher":{"@id":"https:\/\/www.ucaldas.edu.co\/portal\/#organization"},"image":{"@id":"https:\/\/www.ucaldas.edu.co\/portal\/sei-latinoamerica-inicia-su-programa-de-practicas-profesionales\/#primaryimage"},"thumbnailUrl":"https:\/\/www.ucaldas.edu.co\/portal\/wp-content\/uploads\/2021\/02\/pasantias-SEI.jpg","keywords":["Pr\u00e1cticas Profesionales","sei Latinoam\u00e9rica","universidades p\u00fablicas"],"articleSection":["Universidad al D\u00eda","Ucaldas Internacional","Actualidad"],"inLanguage":"es"},{"@type":"WebPage","@id":"https:\/\/www.ucaldas.edu.co\/portal\/sei-latinoamerica-inicia-su-programa-de-practicas-profesionales\/","url":"https:\/\/www.ucaldas.edu.co\/portal\/sei-latinoamerica-inicia-su-programa-de-practicas-profesionales\/","name":"SEI Latinoam\u00e9rica inicia su programa de pr\u00e1cticas profesionales .","isPartOf":{"@id":"https:\/\/www.ucaldas.edu.co\/portal\/#website"},"primaryImageOfPage":{"@id":"https:\/\/www.ucaldas.edu.co\/portal\/sei-latinoamerica-inicia-su-programa-de-practicas-profesionales\/#primaryimage"},"image":{"@id":"https:\/\/www.ucaldas.edu.co\/portal\/sei-latinoamerica-inicia-su-programa-de-practicas-profesionales\/#primaryimage"},"thumbnailUrl":"https:\/\/www.ucaldas.edu.co\/portal\/wp-content\/uploads\/2021\/02\/pasantias-SEI.jpg","datePublished":"2021-02-17T23:52:56+00:00","breadcrumb":{"@id":"https:\/\/www.ucaldas.edu.co\/portal\/sei-latinoamerica-inicia-su-programa-de-practicas-profesionales\/#breadcrumb"},"inLanguage":"es","potentialAction":[{"@type":"ReadAction","target":["https:\/\/www.ucaldas.edu.co\/portal\/sei-latinoamerica-inicia-su-programa-de-practicas-profesionales\/"]}]},{"@type":"ImageObject","inLanguage":"es","@id":"https:\/\/www.ucaldas.edu.co\/portal\/sei-latinoamerica-inicia-su-programa-de-practicas-profesionales\/#primaryimage","url":"https:\/\/www.ucaldas.edu.co\/portal\/wp-content\/uploads\/2021\/02\/pasantias-SEI.jpg","contentUrl":"https:\/\/www.ucaldas.edu.co\/portal\/wp-content\/uploads\/2021\/02\/pasantias-SEI.jpg","width":700,"height":400},{"@type":"BreadcrumbList","@id":"https:\/\/www.ucaldas.edu.co\/portal\/sei-latinoamerica-inicia-su-programa-de-practicas-profesionales\/#breadcrumb","itemListElement":[{"@type":"ListItem","position":1,"name":"Portada","item":"https:\/\/www.ucaldas.edu.co\/portal\/"},{"@type":"ListItem","position":2,"name":"SEI Latinoam\u00e9rica inicia su programa de pr\u00e1cticas profesionales"}]},{"@type":"WebSite","@id":"https:\/\/www.ucaldas.edu.co\/portal\/#website","url":"https:\/\/www.ucaldas.edu.co\/portal\/","name":"Universidad de Caldas","description":"","publisher":{"@id":"https:\/\/www.ucaldas.edu.co\/portal\/#organization"},"alternateName":"U. de Caldas","potentialAction":[{"@type":"SearchAction","target":{"@type":"EntryPoint","urlTemplate":"https:\/\/www.ucaldas.edu.co\/portal\/?s={search_term_string}"},"query-input":{"@type":"PropertyValueSpecification","valueRequired":true,"valueName":"search_term_string"}}],"inLanguage":"es"},{"@type":"Organization","@id":"https:\/\/www.ucaldas.edu.co\/portal\/#organization","name":"Universidad de Caldas","alternateName":"U. de Caldas","url":"https:\/\/www.ucaldas.edu.co\/portal\/","logo":{"@type":"ImageObject","inLanguage":"es","@id":"https:\/\/www.ucaldas.edu.co\/portal\/#\/schema\/logo\/image\/","url":"https:\/\/www.ucaldas.edu.co\/portal\/wp-content\/uploads\/2023\/11\/Logo_horizontal_oscuroU-2023.png","contentUrl":"https:\/\/www.ucaldas.edu.co\/portal\/wp-content\/uploads\/2023\/11\/Logo_horizontal_oscuroU-2023.png","width":263,"height":101,"caption":"Universidad de Caldas"},"image":{"@id":"https:\/\/www.ucaldas.edu.co\/portal\/#\/schema\/logo\/image\/"},"sameAs":["https:\/\/www.facebook.com\/udecaldas","https:\/\/x.com\/udecaldas","https:\/\/www.youtube.com\/universidadcaldas","https:\/\/www.instagram.com\/udecaldas\/"]},{"@type":"Person","@id":"https:\/\/www.ucaldas.edu.co\/portal\/#\/schema\/person\/a1b482e23449158b4bc319926c074fdf","name":"ofiprensa","image":{"@type":"ImageObject","inLanguage":"es","@id":"https:\/\/www.ucaldas.edu.co\/portal\/wp-content\/litespeed\/avatar\/09ea5085e600095a7a811142c6944527.jpg?ver=1777497608","url":"https:\/\/www.ucaldas.edu.co\/portal\/wp-content\/litespeed\/avatar\/09ea5085e600095a7a811142c6944527.jpg?ver=1777497608","contentUrl":"https:\/\/www.ucaldas.edu.co\/portal\/wp-content\/litespeed\/avatar\/09ea5085e600095a7a811142c6944527.jpg?ver=1777497608","caption":"ofiprensa"},"url":"https:\/\/www.ucaldas.edu.co\/portal\/author\/ofiprensa\/"}]}},"_links":{"self":[{"href":"https:\/\/www.ucaldas.edu.co\/portal\/wp-json\/wp\/v2\/posts\/60954","targetHints":{"allow":["GET"]}}],"collection":[{"href":"https:\/\/www.ucaldas.edu.co\/portal\/wp-json\/wp\/v2\/posts"}],"about":[{"href":"https:\/\/www.ucaldas.edu.co\/portal\/wp-json\/wp\/v2\/types\/post"}],"author":[{"embeddable":true,"href":"https:\/\/www.ucaldas.edu.co\/portal\/wp-json\/wp\/v2\/users\/2"}],"replies":[{"embeddable":true,"href":"https:\/\/www.ucaldas.edu.co\/portal\/wp-json\/wp\/v2\/comments?post=60954"}],"version-history":[{"count":0,"href":"https:\/\/www.ucaldas.edu.co\/portal\/wp-json\/wp\/v2\/posts\/60954\/revisions"}],"wp:featuredmedia":[{"embeddable":true,"href":"https:\/\/www.ucaldas.edu.co\/portal\/wp-json\/wp\/v2\/media\/60955"}],"wp:attachment":[{"href":"https:\/\/www.ucaldas.edu.co\/portal\/wp-json\/wp\/v2\/media?parent=60954"}],"wp:term":[{"taxonomy":"category","embeddable":true,"href":"https:\/\/www.ucaldas.edu.co\/portal\/wp-json\/wp\/v2\/categories?post=60954"},{"taxonomy":"post_tag","embeddable":true,"href":"https:\/\/www.ucaldas.edu.co\/portal\/wp-json\/wp\/v2\/tags?post=60954"}],"curies":[{"name":"wp","href":"https:\/\/api.w.org\/{rel}","templated":true}]}}