{"id":60877,"date":"2021-02-11T23:57:12","date_gmt":"2021-02-11T23:57:12","guid":{"rendered":"https:\/\/www.ucaldas.edu.co\/portal\/?p=60877"},"modified":"2021-02-11T23:57:12","modified_gmt":"2021-02-11T23:57:12","slug":"unicam-un-intercambio-academico-para-fortalecer-la-educacion-rural","status":"publish","type":"post","link":"https:\/\/www.ucaldas.edu.co\/portal\/unicam-un-intercambio-academico-para-fortalecer-la-educacion-rural\/","title":{"rendered":"UNICAM: Un intercambio acad\u00e9mico para fortalecer la educaci\u00f3n rural"},"content":{"rendered":"<p style=\"text-align: center;\">INICIATIVA ES FINANCIADA POR LA AGENCIA NORUEGA PARA LA COOPERACI\u00d3N DEL INTERCAMBIO (NOREC).<\/p>\n<p style=\"text-align: center;\"><strong>UNICAM: Un intercambio acad\u00e9mico para fortalecer la educaci\u00f3n rural<\/strong><\/p>\n<p style=\"text-align: right;\">11\/02\/2021<\/p>\n<p>&nbsp;<\/p>\n<p><img loading=\"lazy\" decoding=\"async\" class=\"size-full wp-image-60878 aligncenter\" src=\"https:\/\/www.ucaldas.edu.co\/portal\/wp-content\/uploads\/2021\/02\/WhatsApp-Image-2021-02-11-at-5.34.42-PM.jpeg\" alt=\"\" width=\"700\" height=\"400\" srcset=\"https:\/\/www.ucaldas.edu.co\/portal\/wp-content\/uploads\/2021\/02\/WhatsApp-Image-2021-02-11-at-5.34.42-PM.jpeg 700w, https:\/\/www.ucaldas.edu.co\/portal\/wp-content\/uploads\/2021\/02\/WhatsApp-Image-2021-02-11-at-5.34.42-PM-300x171.jpeg 300w\" sizes=\"auto, (max-width: 700px) 100vw, 700px\" \/><\/p>\n<p>El La Universidad de Caldas y la Universidad Nacional Aut\u00f3noma de Nicaragua, Managua (UNAN), desarrollan con \u00e9xito y mediante plataformas virtuales, el intercambio acad\u00e9mico UNICAM que busca mejorar los procesos de educaci\u00f3n superior en las \u00e1reas rurales de ambos pa\u00edses desde programas como Universidad en el Campo y Universidad en tu Colegio. La iniciativa es financiada por la Agencia Noruega para la Cooperaci\u00f3n del Intercambio (NOREC).<\/p>\n<p><!--more--><\/p>\n<p>UNICAM inicia el 2021 con la construcci\u00f3n de un diagn\u00f3stico del programa Universidad en el Campo (que se realiza tanto en Colombia como en Nicaragua) con la intenci\u00f3n de identificar las falencias y dificultades, y as\u00ed, plantear estrategias que permitan mejorar los procesos.<\/p>\n<p>Juan Pablo Yepes Ospina, coordinador del programa para la Universidad de Caldas, afirma que este intercambio es de vital importancia para el desarrollo rural de Latinoam\u00e9rica. \u201cEstas iniciativas ayudan a fortalecer las \u00e1reas de desarrollo que tienen los programas y permite un acceso a la educaci\u00f3n superior de alta calidad\u201d. A\u00f1ade que UNICAM por ser una experiencia internacional sirve como modelo para determinar metodolog\u00edas de ense\u00f1anzas nuevas que contribuyen a la transformaci\u00f3n social, econ\u00f3mica y pol\u00edtica del pa\u00eds.<\/p>\n<p>A la fecha, el intercambio ha logrado avances como: actualizaci\u00f3n de registros calificados de programas t\u00e9cnicos y tecnol\u00f3gicos de la Universidad de Caldas \u00a0apoyo en la elaboraci\u00f3n de documentos maestros para los nuevos programas acad\u00e9micos como t\u00e9cnico profesional en Producci\u00f3n Animal, tecnolog\u00eda en Producci\u00f3n Pecuaria Sostenible, pregrado en Zootecnia y, certificaci\u00f3n por competencias laborales de 21 docentes del programa Universidad en el Campo y Universidad en tu Colegio, entre otros.<\/p>\n<p>&nbsp;<\/p>\n<p><strong>UNICAM en la voz de los profesores<\/strong>:<\/p>\n<p><strong>\u00a0<\/strong><\/p>\n<p><strong>Andr\u00e9s Mauricio Ocampo:<\/strong> \u201cEl proyecto facilita realizar un intercambio de conocimientos que permite enriquecer nuestras capacidades pedag\u00f3gicas e incorporar nuevas herramientas a partir de las experiencias compartidas por los docentes de la UNAN en la formaci\u00f3n, lo que har\u00e1 m\u00e1s integral la educaci\u00f3n rural en nuestro pa\u00eds\u201d.<\/p>\n<p><strong>\u00a0<\/strong><\/p>\n<p><b>Jorge Adri\u00e1n Betancur Castrill\u00f3n:<\/b> \u201cUNICAM me ha dado la posibilidad de conocer nuevos sistemas de educaci\u00f3n, realizar un trabajo social, una interacci\u00f3n cultural y la posibilidad de crear instrumentos como el documento diagn\u00f3stico y la creaci\u00f3n de la Red de Formadores donde se busca cualificar y mejorar\u00a0 las competencias de los docentes del programa Universidad en el Campo de la Universidad de Caldas\u201d.<\/p>\n<p><strong>Karen Mu\u00f1oz<\/strong>: \u201cEl intercambio me ayud\u00f3 a fortalecer los procesos formativos con el fin de brindar una educaci\u00f3n continua y de calidad que corresponda a la realidad y necesidades del sector rural. Por otro lado, ha sido muy importante la retroalimentaci\u00f3n de experiencias y saberes que se ha generado en los distintos encuentros virtuales por parte de los docentes que integran el proyecto\u201d.<\/p>\n<p>Juan David Aranzazu R\u00edos: \u201cEs importante generar este tipo de intercambios entre docentes y profesionales ya que es un escenario para compartir conocimientos y experiencias relacionadas con la educaci\u00f3n superior rural\u00a0 y a su vez, fortalecer los procesos de transformaci\u00f3n\u00a0 social, educativo y ambiental desde una\u00a0 perspectiva mucho m\u00e1s amplia sobre el territorio donde habita nuestra mayor riqueza humana y ambiental que muchas veces es olvidadas por el Estado\u201d.<\/p>\n<p>&nbsp;<\/p>\n<p><strong>Informes: <\/strong>Oficina de Comunicaciones y Prensa Universidad de Caldas.<\/p>\n<p><strong>Redacci\u00f3n:<\/strong> Juana Valentina Bustos<\/p>\n<p>&nbsp;<\/p>\n","protected":false},"excerpt":{"rendered":"<p>INICIATIVA ES FINANCIADA POR LA AGENCIA NORUEGA PARA LA COOPERACI\u00d3N DEL INTERCAMBIO (NOREC). UNICAM: Un intercambio acad\u00e9mico para fortalecer la educaci\u00f3n rural 11\/02\/2021 &nbsp; El La Universidad de Caldas y la Universidad Nacional Aut\u00f3noma de Nicaragua, Managua (UNAN), desarrollan con \u00e9xito y mediante plataformas virtuales, el intercambio acad\u00e9mico UNICAM que busca mejorar los procesos de [&hellip;]<\/p>\n","protected":false},"author":2,"featured_media":60878,"comment_status":"closed","ping_status":"open","sticky":false,"template":"","format":"standard","meta":{"footnotes":""},"categories":[48,53,614],"tags":[293,571,5879,5880],"class_list":["post-60877","post","type-post","status-publish","format-standard","has-post-thumbnail","hentry","category-actualidad","category-universidad-al-dia","category-ucaldas-internacional","tag-universidad-en-el-campo","tag-universidad-en-tu-colegio","tag-universidad-nacional-autonoma-de-nicaragua","tag-plataformas-virtuales"],"yoast_head":"<!-- This site is optimized with the Yoast SEO plugin v27.5 - https:\/\/yoast.com\/product\/yoast-seo-wordpress\/ -->\n<title>UNICAM: Un intercambio acad\u00e9mico para fortalecer la educaci\u00f3n rural .<\/title>\n<meta name=\"robots\" content=\"index, follow, max-snippet:-1, max-image-preview:large, max-video-preview:-1\" \/>\n<link rel=\"canonical\" href=\"https:\/\/www.ucaldas.edu.co\/portal\/unicam-un-intercambio-academico-para-fortalecer-la-educacion-rural\/\" \/>\n<script type=\"application\/ld+json\" class=\"yoast-schema-graph\">{\"@context\":\"https:\\\/\\\/schema.org\",\"@graph\":[{\"@type\":\"Article\",\"@id\":\"https:\\\/\\\/www.ucaldas.edu.co\\\/portal\\\/unicam-un-intercambio-academico-para-fortalecer-la-educacion-rural\\\/#article\",\"isPartOf\":{\"@id\":\"https:\\\/\\\/www.ucaldas.edu.co\\\/portal\\\/unicam-un-intercambio-academico-para-fortalecer-la-educacion-rural\\\/\"},\"author\":{\"name\":\"ofiprensa\",\"@id\":\"https:\\\/\\\/www.ucaldas.edu.co\\\/portal\\\/#\\\/schema\\\/person\\\/a1b482e23449158b4bc319926c074fdf\"},\"headline\":\"UNICAM: Un intercambio acad\u00e9mico para fortalecer la educaci\u00f3n rural\",\"datePublished\":\"2021-02-11T23:57:12+00:00\",\"mainEntityOfPage\":{\"@id\":\"https:\\\/\\\/www.ucaldas.edu.co\\\/portal\\\/unicam-un-intercambio-academico-para-fortalecer-la-educacion-rural\\\/\"},\"wordCount\":604,\"publisher\":{\"@id\":\"https:\\\/\\\/www.ucaldas.edu.co\\\/portal\\\/#organization\"},\"image\":{\"@id\":\"https:\\\/\\\/www.ucaldas.edu.co\\\/portal\\\/unicam-un-intercambio-academico-para-fortalecer-la-educacion-rural\\\/#primaryimage\"},\"thumbnailUrl\":\"https:\\\/\\\/www.ucaldas.edu.co\\\/portal\\\/wp-content\\\/uploads\\\/2021\\\/02\\\/WhatsApp-Image-2021-02-11-at-5.34.42-PM.jpeg\",\"keywords\":[\"Universidad en el campo\",\"Universidad en Tu Colegio\",\"universidad nacional aut\u00f3noma de nicaragua\",\"plataformas virtuales\"],\"articleSection\":[\"Actualidad\",\"Universidad al D\u00eda\",\"Ucaldas Internacional\"],\"inLanguage\":\"es\"},{\"@type\":\"WebPage\",\"@id\":\"https:\\\/\\\/www.ucaldas.edu.co\\\/portal\\\/unicam-un-intercambio-academico-para-fortalecer-la-educacion-rural\\\/\",\"url\":\"https:\\\/\\\/www.ucaldas.edu.co\\\/portal\\\/unicam-un-intercambio-academico-para-fortalecer-la-educacion-rural\\\/\",\"name\":\"UNICAM: Un intercambio acad\u00e9mico para fortalecer la educaci\u00f3n rural .\",\"isPartOf\":{\"@id\":\"https:\\\/\\\/www.ucaldas.edu.co\\\/portal\\\/#website\"},\"primaryImageOfPage\":{\"@id\":\"https:\\\/\\\/www.ucaldas.edu.co\\\/portal\\\/unicam-un-intercambio-academico-para-fortalecer-la-educacion-rural\\\/#primaryimage\"},\"image\":{\"@id\":\"https:\\\/\\\/www.ucaldas.edu.co\\\/portal\\\/unicam-un-intercambio-academico-para-fortalecer-la-educacion-rural\\\/#primaryimage\"},\"thumbnailUrl\":\"https:\\\/\\\/www.ucaldas.edu.co\\\/portal\\\/wp-content\\\/uploads\\\/2021\\\/02\\\/WhatsApp-Image-2021-02-11-at-5.34.42-PM.jpeg\",\"datePublished\":\"2021-02-11T23:57:12+00:00\",\"breadcrumb\":{\"@id\":\"https:\\\/\\\/www.ucaldas.edu.co\\\/portal\\\/unicam-un-intercambio-academico-para-fortalecer-la-educacion-rural\\\/#breadcrumb\"},\"inLanguage\":\"es\",\"potentialAction\":[{\"@type\":\"ReadAction\",\"target\":[\"https:\\\/\\\/www.ucaldas.edu.co\\\/portal\\\/unicam-un-intercambio-academico-para-fortalecer-la-educacion-rural\\\/\"]}]},{\"@type\":\"ImageObject\",\"inLanguage\":\"es\",\"@id\":\"https:\\\/\\\/www.ucaldas.edu.co\\\/portal\\\/unicam-un-intercambio-academico-para-fortalecer-la-educacion-rural\\\/#primaryimage\",\"url\":\"https:\\\/\\\/www.ucaldas.edu.co\\\/portal\\\/wp-content\\\/uploads\\\/2021\\\/02\\\/WhatsApp-Image-2021-02-11-at-5.34.42-PM.jpeg\",\"contentUrl\":\"https:\\\/\\\/www.ucaldas.edu.co\\\/portal\\\/wp-content\\\/uploads\\\/2021\\\/02\\\/WhatsApp-Image-2021-02-11-at-5.34.42-PM.jpeg\",\"width\":700,\"height\":400},{\"@type\":\"BreadcrumbList\",\"@id\":\"https:\\\/\\\/www.ucaldas.edu.co\\\/portal\\\/unicam-un-intercambio-academico-para-fortalecer-la-educacion-rural\\\/#breadcrumb\",\"itemListElement\":[{\"@type\":\"ListItem\",\"position\":1,\"name\":\"Portada\",\"item\":\"https:\\\/\\\/www.ucaldas.edu.co\\\/portal\\\/\"},{\"@type\":\"ListItem\",\"position\":2,\"name\":\"UNICAM: Un intercambio acad\u00e9mico para fortalecer la educaci\u00f3n rural\"}]},{\"@type\":\"WebSite\",\"@id\":\"https:\\\/\\\/www.ucaldas.edu.co\\\/portal\\\/#website\",\"url\":\"https:\\\/\\\/www.ucaldas.edu.co\\\/portal\\\/\",\"name\":\"Universidad de Caldas\",\"description\":\"\",\"publisher\":{\"@id\":\"https:\\\/\\\/www.ucaldas.edu.co\\\/portal\\\/#organization\"},\"alternateName\":\"U. de Caldas\",\"potentialAction\":[{\"@type\":\"SearchAction\",\"target\":{\"@type\":\"EntryPoint\",\"urlTemplate\":\"https:\\\/\\\/www.ucaldas.edu.co\\\/portal\\\/?s={search_term_string}\"},\"query-input\":{\"@type\":\"PropertyValueSpecification\",\"valueRequired\":true,\"valueName\":\"search_term_string\"}}],\"inLanguage\":\"es\"},{\"@type\":\"Organization\",\"@id\":\"https:\\\/\\\/www.ucaldas.edu.co\\\/portal\\\/#organization\",\"name\":\"Universidad de Caldas\",\"alternateName\":\"U. de Caldas\",\"url\":\"https:\\\/\\\/www.ucaldas.edu.co\\\/portal\\\/\",\"logo\":{\"@type\":\"ImageObject\",\"inLanguage\":\"es\",\"@id\":\"https:\\\/\\\/www.ucaldas.edu.co\\\/portal\\\/#\\\/schema\\\/logo\\\/image\\\/\",\"url\":\"https:\\\/\\\/www.ucaldas.edu.co\\\/portal\\\/wp-content\\\/uploads\\\/2023\\\/11\\\/Logo_horizontal_oscuroU-2023.png\",\"contentUrl\":\"https:\\\/\\\/www.ucaldas.edu.co\\\/portal\\\/wp-content\\\/uploads\\\/2023\\\/11\\\/Logo_horizontal_oscuroU-2023.png\",\"width\":263,\"height\":101,\"caption\":\"Universidad de Caldas\"},\"image\":{\"@id\":\"https:\\\/\\\/www.ucaldas.edu.co\\\/portal\\\/#\\\/schema\\\/logo\\\/image\\\/\"},\"sameAs\":[\"https:\\\/\\\/www.facebook.com\\\/udecaldas\",\"https:\\\/\\\/x.com\\\/udecaldas\",\"https:\\\/\\\/www.youtube.com\\\/universidadcaldas\",\"https:\\\/\\\/www.instagram.com\\\/udecaldas\\\/\"]},{\"@type\":\"Person\",\"@id\":\"https:\\\/\\\/www.ucaldas.edu.co\\\/portal\\\/#\\\/schema\\\/person\\\/a1b482e23449158b4bc319926c074fdf\",\"name\":\"ofiprensa\",\"image\":{\"@type\":\"ImageObject\",\"inLanguage\":\"es\",\"@id\":\"https:\\\/\\\/www.ucaldas.edu.co\\\/portal\\\/wp-content\\\/litespeed\\\/avatar\\\/09ea5085e600095a7a811142c6944527.jpg?ver=1777497608\",\"url\":\"https:\\\/\\\/www.ucaldas.edu.co\\\/portal\\\/wp-content\\\/litespeed\\\/avatar\\\/09ea5085e600095a7a811142c6944527.jpg?ver=1777497608\",\"contentUrl\":\"https:\\\/\\\/www.ucaldas.edu.co\\\/portal\\\/wp-content\\\/litespeed\\\/avatar\\\/09ea5085e600095a7a811142c6944527.jpg?ver=1777497608\",\"caption\":\"ofiprensa\"},\"url\":\"https:\\\/\\\/www.ucaldas.edu.co\\\/portal\\\/author\\\/ofiprensa\\\/\"}]}<\/script>\n<!-- \/ Yoast SEO plugin. -->","yoast_head_json":{"title":"UNICAM: Un intercambio acad\u00e9mico para fortalecer la educaci\u00f3n rural .","robots":{"index":"index","follow":"follow","max-snippet":"max-snippet:-1","max-image-preview":"max-image-preview:large","max-video-preview":"max-video-preview:-1"},"canonical":"https:\/\/www.ucaldas.edu.co\/portal\/unicam-un-intercambio-academico-para-fortalecer-la-educacion-rural\/","schema":{"@context":"https:\/\/schema.org","@graph":[{"@type":"Article","@id":"https:\/\/www.ucaldas.edu.co\/portal\/unicam-un-intercambio-academico-para-fortalecer-la-educacion-rural\/#article","isPartOf":{"@id":"https:\/\/www.ucaldas.edu.co\/portal\/unicam-un-intercambio-academico-para-fortalecer-la-educacion-rural\/"},"author":{"name":"ofiprensa","@id":"https:\/\/www.ucaldas.edu.co\/portal\/#\/schema\/person\/a1b482e23449158b4bc319926c074fdf"},"headline":"UNICAM: Un intercambio acad\u00e9mico para fortalecer la educaci\u00f3n rural","datePublished":"2021-02-11T23:57:12+00:00","mainEntityOfPage":{"@id":"https:\/\/www.ucaldas.edu.co\/portal\/unicam-un-intercambio-academico-para-fortalecer-la-educacion-rural\/"},"wordCount":604,"publisher":{"@id":"https:\/\/www.ucaldas.edu.co\/portal\/#organization"},"image":{"@id":"https:\/\/www.ucaldas.edu.co\/portal\/unicam-un-intercambio-academico-para-fortalecer-la-educacion-rural\/#primaryimage"},"thumbnailUrl":"https:\/\/www.ucaldas.edu.co\/portal\/wp-content\/uploads\/2021\/02\/WhatsApp-Image-2021-02-11-at-5.34.42-PM.jpeg","keywords":["Universidad en el campo","Universidad en Tu Colegio","universidad nacional aut\u00f3noma de nicaragua","plataformas virtuales"],"articleSection":["Actualidad","Universidad al D\u00eda","Ucaldas Internacional"],"inLanguage":"es"},{"@type":"WebPage","@id":"https:\/\/www.ucaldas.edu.co\/portal\/unicam-un-intercambio-academico-para-fortalecer-la-educacion-rural\/","url":"https:\/\/www.ucaldas.edu.co\/portal\/unicam-un-intercambio-academico-para-fortalecer-la-educacion-rural\/","name":"UNICAM: Un intercambio acad\u00e9mico para fortalecer la educaci\u00f3n rural .","isPartOf":{"@id":"https:\/\/www.ucaldas.edu.co\/portal\/#website"},"primaryImageOfPage":{"@id":"https:\/\/www.ucaldas.edu.co\/portal\/unicam-un-intercambio-academico-para-fortalecer-la-educacion-rural\/#primaryimage"},"image":{"@id":"https:\/\/www.ucaldas.edu.co\/portal\/unicam-un-intercambio-academico-para-fortalecer-la-educacion-rural\/#primaryimage"},"thumbnailUrl":"https:\/\/www.ucaldas.edu.co\/portal\/wp-content\/uploads\/2021\/02\/WhatsApp-Image-2021-02-11-at-5.34.42-PM.jpeg","datePublished":"2021-02-11T23:57:12+00:00","breadcrumb":{"@id":"https:\/\/www.ucaldas.edu.co\/portal\/unicam-un-intercambio-academico-para-fortalecer-la-educacion-rural\/#breadcrumb"},"inLanguage":"es","potentialAction":[{"@type":"ReadAction","target":["https:\/\/www.ucaldas.edu.co\/portal\/unicam-un-intercambio-academico-para-fortalecer-la-educacion-rural\/"]}]},{"@type":"ImageObject","inLanguage":"es","@id":"https:\/\/www.ucaldas.edu.co\/portal\/unicam-un-intercambio-academico-para-fortalecer-la-educacion-rural\/#primaryimage","url":"https:\/\/www.ucaldas.edu.co\/portal\/wp-content\/uploads\/2021\/02\/WhatsApp-Image-2021-02-11-at-5.34.42-PM.jpeg","contentUrl":"https:\/\/www.ucaldas.edu.co\/portal\/wp-content\/uploads\/2021\/02\/WhatsApp-Image-2021-02-11-at-5.34.42-PM.jpeg","width":700,"height":400},{"@type":"BreadcrumbList","@id":"https:\/\/www.ucaldas.edu.co\/portal\/unicam-un-intercambio-academico-para-fortalecer-la-educacion-rural\/#breadcrumb","itemListElement":[{"@type":"ListItem","position":1,"name":"Portada","item":"https:\/\/www.ucaldas.edu.co\/portal\/"},{"@type":"ListItem","position":2,"name":"UNICAM: Un intercambio acad\u00e9mico para fortalecer la educaci\u00f3n rural"}]},{"@type":"WebSite","@id":"https:\/\/www.ucaldas.edu.co\/portal\/#website","url":"https:\/\/www.ucaldas.edu.co\/portal\/","name":"Universidad de Caldas","description":"","publisher":{"@id":"https:\/\/www.ucaldas.edu.co\/portal\/#organization"},"alternateName":"U. de Caldas","potentialAction":[{"@type":"SearchAction","target":{"@type":"EntryPoint","urlTemplate":"https:\/\/www.ucaldas.edu.co\/portal\/?s={search_term_string}"},"query-input":{"@type":"PropertyValueSpecification","valueRequired":true,"valueName":"search_term_string"}}],"inLanguage":"es"},{"@type":"Organization","@id":"https:\/\/www.ucaldas.edu.co\/portal\/#organization","name":"Universidad de Caldas","alternateName":"U. de Caldas","url":"https:\/\/www.ucaldas.edu.co\/portal\/","logo":{"@type":"ImageObject","inLanguage":"es","@id":"https:\/\/www.ucaldas.edu.co\/portal\/#\/schema\/logo\/image\/","url":"https:\/\/www.ucaldas.edu.co\/portal\/wp-content\/uploads\/2023\/11\/Logo_horizontal_oscuroU-2023.png","contentUrl":"https:\/\/www.ucaldas.edu.co\/portal\/wp-content\/uploads\/2023\/11\/Logo_horizontal_oscuroU-2023.png","width":263,"height":101,"caption":"Universidad de Caldas"},"image":{"@id":"https:\/\/www.ucaldas.edu.co\/portal\/#\/schema\/logo\/image\/"},"sameAs":["https:\/\/www.facebook.com\/udecaldas","https:\/\/x.com\/udecaldas","https:\/\/www.youtube.com\/universidadcaldas","https:\/\/www.instagram.com\/udecaldas\/"]},{"@type":"Person","@id":"https:\/\/www.ucaldas.edu.co\/portal\/#\/schema\/person\/a1b482e23449158b4bc319926c074fdf","name":"ofiprensa","image":{"@type":"ImageObject","inLanguage":"es","@id":"https:\/\/www.ucaldas.edu.co\/portal\/wp-content\/litespeed\/avatar\/09ea5085e600095a7a811142c6944527.jpg?ver=1777497608","url":"https:\/\/www.ucaldas.edu.co\/portal\/wp-content\/litespeed\/avatar\/09ea5085e600095a7a811142c6944527.jpg?ver=1777497608","contentUrl":"https:\/\/www.ucaldas.edu.co\/portal\/wp-content\/litespeed\/avatar\/09ea5085e600095a7a811142c6944527.jpg?ver=1777497608","caption":"ofiprensa"},"url":"https:\/\/www.ucaldas.edu.co\/portal\/author\/ofiprensa\/"}]}},"_links":{"self":[{"href":"https:\/\/www.ucaldas.edu.co\/portal\/wp-json\/wp\/v2\/posts\/60877","targetHints":{"allow":["GET"]}}],"collection":[{"href":"https:\/\/www.ucaldas.edu.co\/portal\/wp-json\/wp\/v2\/posts"}],"about":[{"href":"https:\/\/www.ucaldas.edu.co\/portal\/wp-json\/wp\/v2\/types\/post"}],"author":[{"embeddable":true,"href":"https:\/\/www.ucaldas.edu.co\/portal\/wp-json\/wp\/v2\/users\/2"}],"replies":[{"embeddable":true,"href":"https:\/\/www.ucaldas.edu.co\/portal\/wp-json\/wp\/v2\/comments?post=60877"}],"version-history":[{"count":0,"href":"https:\/\/www.ucaldas.edu.co\/portal\/wp-json\/wp\/v2\/posts\/60877\/revisions"}],"wp:featuredmedia":[{"embeddable":true,"href":"https:\/\/www.ucaldas.edu.co\/portal\/wp-json\/wp\/v2\/media\/60878"}],"wp:attachment":[{"href":"https:\/\/www.ucaldas.edu.co\/portal\/wp-json\/wp\/v2\/media?parent=60877"}],"wp:term":[{"taxonomy":"category","embeddable":true,"href":"https:\/\/www.ucaldas.edu.co\/portal\/wp-json\/wp\/v2\/categories?post=60877"},{"taxonomy":"post_tag","embeddable":true,"href":"https:\/\/www.ucaldas.edu.co\/portal\/wp-json\/wp\/v2\/tags?post=60877"}],"curies":[{"name":"wp","href":"https:\/\/api.w.org\/{rel}","templated":true}]}}