{"id":60561,"date":"2021-01-28T00:30:17","date_gmt":"2021-01-28T00:30:17","guid":{"rendered":"https:\/\/www.ucaldas.edu.co\/portal\/?p=60561"},"modified":"2021-01-28T00:56:44","modified_gmt":"2021-01-28T00:56:44","slug":"con-el-tema-retos-de-la-vacunacion-contra-la-covid-19-en-colombia-regresa-el-programa-digital-te-cuido-al-aire-de-telesalud","status":"publish","type":"post","link":"https:\/\/www.ucaldas.edu.co\/portal\/con-el-tema-retos-de-la-vacunacion-contra-la-covid-19-en-colombia-regresa-el-programa-digital-te-cuido-al-aire-de-telesalud\/","title":{"rendered":"Con el tema \u201cRetos de la vacunaci\u00f3n contra la COVID-19 en Colombia\u201d regresa el programa digital Te cuido AL AIRE de Telesalud"},"content":{"rendered":"<p style=\"text-align: center;\">SE EMITIR\u00c1 TODOS LOS JUEVES A LAS 6:00 P.M. POR EL CANAL DE YOUTUBE TELESALUD<\/p>\n<p style=\"text-align: center;\"><strong>Con el tema \u201cRetos de la vacunaci\u00f3n contra la COVID-19 en Colombia\u201d regresa el programa digital Te cuido AL AIRE de Telesalud<\/strong><\/p>\n<p style=\"text-align: right;\">27\/01\/2020<\/p>\n<p><img loading=\"lazy\" decoding=\"async\" class=\"alignnone size-full wp-image-60562 aligncenter\" src=\"https:\/\/www.ucaldas.edu.co\/portal\/wp-content\/uploads\/2021\/01\/WhatsApp-Image-2021-01-27-at-7.07.36-PM.jpeg\" alt=\"\" width=\"700\" height=\"400\" srcset=\"https:\/\/www.ucaldas.edu.co\/portal\/wp-content\/uploads\/2021\/01\/WhatsApp-Image-2021-01-27-at-7.07.36-PM.jpeg 700w, https:\/\/www.ucaldas.edu.co\/portal\/wp-content\/uploads\/2021\/01\/WhatsApp-Image-2021-01-27-at-7.07.36-PM-300x171.jpeg 300w\" sizes=\"auto, (max-width: 700px) 100vw, 700px\" \/><\/p>\n<p>\u201cTe cuido AL AIRE\u201d programa digital de Telesalud que brinda orientaci\u00f3n en vivo a la ciudadan\u00eda estar\u00e1 de nuevo al aire este jueves 28 de junio a las 6:00 p.m. y en la primera emisi\u00f3n del\u00a0a\u00f1o se abordar\u00e1n los retos de la vacunaci\u00f3n contra la COVID-19 en Colombia.<\/p>\n<p><!--more--><\/p>\n<p>Para esta oportunidad se tendr\u00e1 como invitado al Director de Promoci\u00f3n y Prevenci\u00f3n del Ministerio de Salud y Protecci\u00f3n Social, Gerson Bermont Galavis, con quien se tratar\u00e1n aspectos de las fases de vacunaci\u00f3n, distribuci\u00f3n de la vacuna,\u00a0 acceso al biol\u00f3gico \u00a0y se resolver\u00e1n todas las inquietudes de la comunidad.<\/p>\n<p>\u201cEstos espacios nos permiten abordar temas de gran inter\u00e9s para la comunidad y facilitan la interacci\u00f3n de la audiencia con los invitados, lo que permite recibir orientaci\u00f3n y resolver dudas en vivo\u201d, indic\u00f3 Esteban Granada Aguirre, Director de Telesalud.<\/p>\n<p>Te cuido AL AIRE se emitir\u00e1 todos los jueves a las 6:00 p.m. por el canal de YouTube Telesalud Colombia y se extiende invitaci\u00f3n a la ciudadan\u00eda a conectarse y participar en estos espacios que ofrece Telesalud Universidad de Caldas en el marco de la pandemia.<\/p>\n<p>Link canal YouTube: <a href=\"https:\/\/www.youtube.com\/channel\/UCIHCzZArWMQ0wWz1Zg7otTg\">https:\/\/www.youtube.com\/channel\/UCIHCzZArWMQ0wWz1Zg7otTg<\/a><\/p>\n<p><strong>Anexo:<\/strong><\/p>\n<p><strong><a href=\"https:\/\/www.ivoox.com\/con-tema-8220-retos-vacunacion-contra-audios-mp3_rf_64542264_1.html\">Audio director Telesalud, Esteban Granada Arias<\/a><\/strong><\/p>\n<p>&nbsp;<\/p>\n<p><strong>Informes: <\/strong>Oficina de Comunicaciones y Prensa Universidad de Caldas.<\/p>\n<p><strong>Redacci\u00f3n:<\/strong> Julieth Osorio Torres<\/p>\n<p>&nbsp;<\/p>\n","protected":false},"excerpt":{"rendered":"<p>SE EMITIR\u00c1 TODOS LOS JUEVES A LAS 6:00 P.M. POR EL CANAL DE YOUTUBE TELESALUD Con el tema \u201cRetos de la vacunaci\u00f3n contra la COVID-19 en Colombia\u201d regresa el programa digital Te cuido AL AIRE de Telesalud 27\/01\/2020 \u201cTe cuido AL AIRE\u201d programa digital de Telesalud que brinda orientaci\u00f3n en vivo a la ciudadan\u00eda estar\u00e1 [&hellip;]<\/p>\n","protected":false},"author":2,"featured_media":60562,"comment_status":"closed","ping_status":"open","sticky":false,"template":"","format":"standard","meta":{"footnotes":""},"categories":[62,48,53],"tags":[2830,4659,5799,275,1357],"class_list":["post-60561","post","type-post","status-publish","format-standard","has-post-thumbnail","hentry","category-eventos","category-actualidad","category-universidad-al-dia","tag-telemedicina","tag-teleorientacion","tag-vacunas","tag-telesalud","tag-consulta"],"yoast_head":"<!-- This site is optimized with the Yoast SEO plugin v27.5 - https:\/\/yoast.com\/product\/yoast-seo-wordpress\/ -->\n<title>Con el tema \u201cRetos de la vacunaci\u00f3n contra la COVID-19 en Colombia\u201d regresa el programa digital Te cuido AL AIRE de Telesalud .<\/title>\n<meta name=\"robots\" content=\"index, follow, max-snippet:-1, max-image-preview:large, max-video-preview:-1\" \/>\n<link rel=\"canonical\" href=\"https:\/\/www.ucaldas.edu.co\/portal\/con-el-tema-retos-de-la-vacunacion-contra-la-covid-19-en-colombia-regresa-el-programa-digital-te-cuido-al-aire-de-telesalud\/\" \/>\n<script type=\"application\/ld+json\" class=\"yoast-schema-graph\">{\"@context\":\"https:\\\/\\\/schema.org\",\"@graph\":[{\"@type\":\"Article\",\"@id\":\"https:\\\/\\\/www.ucaldas.edu.co\\\/portal\\\/con-el-tema-retos-de-la-vacunacion-contra-la-covid-19-en-colombia-regresa-el-programa-digital-te-cuido-al-aire-de-telesalud\\\/#article\",\"isPartOf\":{\"@id\":\"https:\\\/\\\/www.ucaldas.edu.co\\\/portal\\\/con-el-tema-retos-de-la-vacunacion-contra-la-covid-19-en-colombia-regresa-el-programa-digital-te-cuido-al-aire-de-telesalud\\\/\"},\"author\":{\"name\":\"ofiprensa\",\"@id\":\"https:\\\/\\\/www.ucaldas.edu.co\\\/portal\\\/#\\\/schema\\\/person\\\/a1b482e23449158b4bc319926c074fdf\"},\"headline\":\"Con el tema \u201cRetos de la vacunaci\u00f3n contra la COVID-19 en Colombia\u201d regresa el programa digital Te cuido AL AIRE de Telesalud\",\"datePublished\":\"2021-01-28T00:30:17+00:00\",\"dateModified\":\"2021-01-28T00:56:44+00:00\",\"mainEntityOfPage\":{\"@id\":\"https:\\\/\\\/www.ucaldas.edu.co\\\/portal\\\/con-el-tema-retos-de-la-vacunacion-contra-la-covid-19-en-colombia-regresa-el-programa-digital-te-cuido-al-aire-de-telesalud\\\/\"},\"wordCount\":297,\"publisher\":{\"@id\":\"https:\\\/\\\/www.ucaldas.edu.co\\\/portal\\\/#organization\"},\"image\":{\"@id\":\"https:\\\/\\\/www.ucaldas.edu.co\\\/portal\\\/con-el-tema-retos-de-la-vacunacion-contra-la-covid-19-en-colombia-regresa-el-programa-digital-te-cuido-al-aire-de-telesalud\\\/#primaryimage\"},\"thumbnailUrl\":\"https:\\\/\\\/www.ucaldas.edu.co\\\/portal\\\/wp-content\\\/uploads\\\/2021\\\/01\\\/WhatsApp-Image-2021-01-27-at-7.07.36-PM.jpeg\",\"keywords\":[\"telemedicina\",\"teleorientaci\u00f3n\",\"vacunas\",\"Telesalud\",\"consulta\"],\"articleSection\":[\"Eventos\",\"Actualidad\",\"Universidad al D\u00eda\"],\"inLanguage\":\"es\"},{\"@type\":\"WebPage\",\"@id\":\"https:\\\/\\\/www.ucaldas.edu.co\\\/portal\\\/con-el-tema-retos-de-la-vacunacion-contra-la-covid-19-en-colombia-regresa-el-programa-digital-te-cuido-al-aire-de-telesalud\\\/\",\"url\":\"https:\\\/\\\/www.ucaldas.edu.co\\\/portal\\\/con-el-tema-retos-de-la-vacunacion-contra-la-covid-19-en-colombia-regresa-el-programa-digital-te-cuido-al-aire-de-telesalud\\\/\",\"name\":\"Con el tema \u201cRetos de la vacunaci\u00f3n contra la COVID-19 en Colombia\u201d regresa el programa digital Te cuido AL AIRE de Telesalud .\",\"isPartOf\":{\"@id\":\"https:\\\/\\\/www.ucaldas.edu.co\\\/portal\\\/#website\"},\"primaryImageOfPage\":{\"@id\":\"https:\\\/\\\/www.ucaldas.edu.co\\\/portal\\\/con-el-tema-retos-de-la-vacunacion-contra-la-covid-19-en-colombia-regresa-el-programa-digital-te-cuido-al-aire-de-telesalud\\\/#primaryimage\"},\"image\":{\"@id\":\"https:\\\/\\\/www.ucaldas.edu.co\\\/portal\\\/con-el-tema-retos-de-la-vacunacion-contra-la-covid-19-en-colombia-regresa-el-programa-digital-te-cuido-al-aire-de-telesalud\\\/#primaryimage\"},\"thumbnailUrl\":\"https:\\\/\\\/www.ucaldas.edu.co\\\/portal\\\/wp-content\\\/uploads\\\/2021\\\/01\\\/WhatsApp-Image-2021-01-27-at-7.07.36-PM.jpeg\",\"datePublished\":\"2021-01-28T00:30:17+00:00\",\"dateModified\":\"2021-01-28T00:56:44+00:00\",\"breadcrumb\":{\"@id\":\"https:\\\/\\\/www.ucaldas.edu.co\\\/portal\\\/con-el-tema-retos-de-la-vacunacion-contra-la-covid-19-en-colombia-regresa-el-programa-digital-te-cuido-al-aire-de-telesalud\\\/#breadcrumb\"},\"inLanguage\":\"es\",\"potentialAction\":[{\"@type\":\"ReadAction\",\"target\":[\"https:\\\/\\\/www.ucaldas.edu.co\\\/portal\\\/con-el-tema-retos-de-la-vacunacion-contra-la-covid-19-en-colombia-regresa-el-programa-digital-te-cuido-al-aire-de-telesalud\\\/\"]}]},{\"@type\":\"ImageObject\",\"inLanguage\":\"es\",\"@id\":\"https:\\\/\\\/www.ucaldas.edu.co\\\/portal\\\/con-el-tema-retos-de-la-vacunacion-contra-la-covid-19-en-colombia-regresa-el-programa-digital-te-cuido-al-aire-de-telesalud\\\/#primaryimage\",\"url\":\"https:\\\/\\\/www.ucaldas.edu.co\\\/portal\\\/wp-content\\\/uploads\\\/2021\\\/01\\\/WhatsApp-Image-2021-01-27-at-7.07.36-PM.jpeg\",\"contentUrl\":\"https:\\\/\\\/www.ucaldas.edu.co\\\/portal\\\/wp-content\\\/uploads\\\/2021\\\/01\\\/WhatsApp-Image-2021-01-27-at-7.07.36-PM.jpeg\",\"width\":700,\"height\":400},{\"@type\":\"BreadcrumbList\",\"@id\":\"https:\\\/\\\/www.ucaldas.edu.co\\\/portal\\\/con-el-tema-retos-de-la-vacunacion-contra-la-covid-19-en-colombia-regresa-el-programa-digital-te-cuido-al-aire-de-telesalud\\\/#breadcrumb\",\"itemListElement\":[{\"@type\":\"ListItem\",\"position\":1,\"name\":\"Portada\",\"item\":\"https:\\\/\\\/www.ucaldas.edu.co\\\/portal\\\/\"},{\"@type\":\"ListItem\",\"position\":2,\"name\":\"Con el tema \u201cRetos de la vacunaci\u00f3n contra la COVID-19 en Colombia\u201d regresa el programa digital Te cuido AL AIRE de Telesalud\"}]},{\"@type\":\"WebSite\",\"@id\":\"https:\\\/\\\/www.ucaldas.edu.co\\\/portal\\\/#website\",\"url\":\"https:\\\/\\\/www.ucaldas.edu.co\\\/portal\\\/\",\"name\":\"Universidad de Caldas\",\"description\":\"\",\"publisher\":{\"@id\":\"https:\\\/\\\/www.ucaldas.edu.co\\\/portal\\\/#organization\"},\"alternateName\":\"U. de Caldas\",\"potentialAction\":[{\"@type\":\"SearchAction\",\"target\":{\"@type\":\"EntryPoint\",\"urlTemplate\":\"https:\\\/\\\/www.ucaldas.edu.co\\\/portal\\\/?s={search_term_string}\"},\"query-input\":{\"@type\":\"PropertyValueSpecification\",\"valueRequired\":true,\"valueName\":\"search_term_string\"}}],\"inLanguage\":\"es\"},{\"@type\":\"Organization\",\"@id\":\"https:\\\/\\\/www.ucaldas.edu.co\\\/portal\\\/#organization\",\"name\":\"Universidad de Caldas\",\"alternateName\":\"U. de Caldas\",\"url\":\"https:\\\/\\\/www.ucaldas.edu.co\\\/portal\\\/\",\"logo\":{\"@type\":\"ImageObject\",\"inLanguage\":\"es\",\"@id\":\"https:\\\/\\\/www.ucaldas.edu.co\\\/portal\\\/#\\\/schema\\\/logo\\\/image\\\/\",\"url\":\"https:\\\/\\\/www.ucaldas.edu.co\\\/portal\\\/wp-content\\\/uploads\\\/2023\\\/11\\\/Logo_horizontal_oscuroU-2023.png\",\"contentUrl\":\"https:\\\/\\\/www.ucaldas.edu.co\\\/portal\\\/wp-content\\\/uploads\\\/2023\\\/11\\\/Logo_horizontal_oscuroU-2023.png\",\"width\":263,\"height\":101,\"caption\":\"Universidad de Caldas\"},\"image\":{\"@id\":\"https:\\\/\\\/www.ucaldas.edu.co\\\/portal\\\/#\\\/schema\\\/logo\\\/image\\\/\"},\"sameAs\":[\"https:\\\/\\\/www.facebook.com\\\/udecaldas\",\"https:\\\/\\\/x.com\\\/udecaldas\",\"https:\\\/\\\/www.youtube.com\\\/universidadcaldas\",\"https:\\\/\\\/www.instagram.com\\\/udecaldas\\\/\"]},{\"@type\":\"Person\",\"@id\":\"https:\\\/\\\/www.ucaldas.edu.co\\\/portal\\\/#\\\/schema\\\/person\\\/a1b482e23449158b4bc319926c074fdf\",\"name\":\"ofiprensa\",\"image\":{\"@type\":\"ImageObject\",\"inLanguage\":\"es\",\"@id\":\"https:\\\/\\\/www.ucaldas.edu.co\\\/portal\\\/wp-content\\\/litespeed\\\/avatar\\\/09ea5085e600095a7a811142c6944527.jpg?ver=1777497608\",\"url\":\"https:\\\/\\\/www.ucaldas.edu.co\\\/portal\\\/wp-content\\\/litespeed\\\/avatar\\\/09ea5085e600095a7a811142c6944527.jpg?ver=1777497608\",\"contentUrl\":\"https:\\\/\\\/www.ucaldas.edu.co\\\/portal\\\/wp-content\\\/litespeed\\\/avatar\\\/09ea5085e600095a7a811142c6944527.jpg?ver=1777497608\",\"caption\":\"ofiprensa\"},\"url\":\"https:\\\/\\\/www.ucaldas.edu.co\\\/portal\\\/author\\\/ofiprensa\\\/\"}]}<\/script>\n<!-- \/ Yoast SEO plugin. -->","yoast_head_json":{"title":"Con el tema \u201cRetos de la vacunaci\u00f3n contra la COVID-19 en Colombia\u201d regresa el programa digital Te cuido AL AIRE de Telesalud .","robots":{"index":"index","follow":"follow","max-snippet":"max-snippet:-1","max-image-preview":"max-image-preview:large","max-video-preview":"max-video-preview:-1"},"canonical":"https:\/\/www.ucaldas.edu.co\/portal\/con-el-tema-retos-de-la-vacunacion-contra-la-covid-19-en-colombia-regresa-el-programa-digital-te-cuido-al-aire-de-telesalud\/","schema":{"@context":"https:\/\/schema.org","@graph":[{"@type":"Article","@id":"https:\/\/www.ucaldas.edu.co\/portal\/con-el-tema-retos-de-la-vacunacion-contra-la-covid-19-en-colombia-regresa-el-programa-digital-te-cuido-al-aire-de-telesalud\/#article","isPartOf":{"@id":"https:\/\/www.ucaldas.edu.co\/portal\/con-el-tema-retos-de-la-vacunacion-contra-la-covid-19-en-colombia-regresa-el-programa-digital-te-cuido-al-aire-de-telesalud\/"},"author":{"name":"ofiprensa","@id":"https:\/\/www.ucaldas.edu.co\/portal\/#\/schema\/person\/a1b482e23449158b4bc319926c074fdf"},"headline":"Con el tema \u201cRetos de la vacunaci\u00f3n contra la COVID-19 en Colombia\u201d regresa el programa digital Te cuido AL AIRE de Telesalud","datePublished":"2021-01-28T00:30:17+00:00","dateModified":"2021-01-28T00:56:44+00:00","mainEntityOfPage":{"@id":"https:\/\/www.ucaldas.edu.co\/portal\/con-el-tema-retos-de-la-vacunacion-contra-la-covid-19-en-colombia-regresa-el-programa-digital-te-cuido-al-aire-de-telesalud\/"},"wordCount":297,"publisher":{"@id":"https:\/\/www.ucaldas.edu.co\/portal\/#organization"},"image":{"@id":"https:\/\/www.ucaldas.edu.co\/portal\/con-el-tema-retos-de-la-vacunacion-contra-la-covid-19-en-colombia-regresa-el-programa-digital-te-cuido-al-aire-de-telesalud\/#primaryimage"},"thumbnailUrl":"https:\/\/www.ucaldas.edu.co\/portal\/wp-content\/uploads\/2021\/01\/WhatsApp-Image-2021-01-27-at-7.07.36-PM.jpeg","keywords":["telemedicina","teleorientaci\u00f3n","vacunas","Telesalud","consulta"],"articleSection":["Eventos","Actualidad","Universidad al D\u00eda"],"inLanguage":"es"},{"@type":"WebPage","@id":"https:\/\/www.ucaldas.edu.co\/portal\/con-el-tema-retos-de-la-vacunacion-contra-la-covid-19-en-colombia-regresa-el-programa-digital-te-cuido-al-aire-de-telesalud\/","url":"https:\/\/www.ucaldas.edu.co\/portal\/con-el-tema-retos-de-la-vacunacion-contra-la-covid-19-en-colombia-regresa-el-programa-digital-te-cuido-al-aire-de-telesalud\/","name":"Con el tema \u201cRetos de la vacunaci\u00f3n contra la COVID-19 en Colombia\u201d regresa el programa digital Te cuido AL AIRE de Telesalud .","isPartOf":{"@id":"https:\/\/www.ucaldas.edu.co\/portal\/#website"},"primaryImageOfPage":{"@id":"https:\/\/www.ucaldas.edu.co\/portal\/con-el-tema-retos-de-la-vacunacion-contra-la-covid-19-en-colombia-regresa-el-programa-digital-te-cuido-al-aire-de-telesalud\/#primaryimage"},"image":{"@id":"https:\/\/www.ucaldas.edu.co\/portal\/con-el-tema-retos-de-la-vacunacion-contra-la-covid-19-en-colombia-regresa-el-programa-digital-te-cuido-al-aire-de-telesalud\/#primaryimage"},"thumbnailUrl":"https:\/\/www.ucaldas.edu.co\/portal\/wp-content\/uploads\/2021\/01\/WhatsApp-Image-2021-01-27-at-7.07.36-PM.jpeg","datePublished":"2021-01-28T00:30:17+00:00","dateModified":"2021-01-28T00:56:44+00:00","breadcrumb":{"@id":"https:\/\/www.ucaldas.edu.co\/portal\/con-el-tema-retos-de-la-vacunacion-contra-la-covid-19-en-colombia-regresa-el-programa-digital-te-cuido-al-aire-de-telesalud\/#breadcrumb"},"inLanguage":"es","potentialAction":[{"@type":"ReadAction","target":["https:\/\/www.ucaldas.edu.co\/portal\/con-el-tema-retos-de-la-vacunacion-contra-la-covid-19-en-colombia-regresa-el-programa-digital-te-cuido-al-aire-de-telesalud\/"]}]},{"@type":"ImageObject","inLanguage":"es","@id":"https:\/\/www.ucaldas.edu.co\/portal\/con-el-tema-retos-de-la-vacunacion-contra-la-covid-19-en-colombia-regresa-el-programa-digital-te-cuido-al-aire-de-telesalud\/#primaryimage","url":"https:\/\/www.ucaldas.edu.co\/portal\/wp-content\/uploads\/2021\/01\/WhatsApp-Image-2021-01-27-at-7.07.36-PM.jpeg","contentUrl":"https:\/\/www.ucaldas.edu.co\/portal\/wp-content\/uploads\/2021\/01\/WhatsApp-Image-2021-01-27-at-7.07.36-PM.jpeg","width":700,"height":400},{"@type":"BreadcrumbList","@id":"https:\/\/www.ucaldas.edu.co\/portal\/con-el-tema-retos-de-la-vacunacion-contra-la-covid-19-en-colombia-regresa-el-programa-digital-te-cuido-al-aire-de-telesalud\/#breadcrumb","itemListElement":[{"@type":"ListItem","position":1,"name":"Portada","item":"https:\/\/www.ucaldas.edu.co\/portal\/"},{"@type":"ListItem","position":2,"name":"Con el tema \u201cRetos de la vacunaci\u00f3n contra la COVID-19 en Colombia\u201d regresa el programa digital Te cuido AL AIRE de Telesalud"}]},{"@type":"WebSite","@id":"https:\/\/www.ucaldas.edu.co\/portal\/#website","url":"https:\/\/www.ucaldas.edu.co\/portal\/","name":"Universidad de Caldas","description":"","publisher":{"@id":"https:\/\/www.ucaldas.edu.co\/portal\/#organization"},"alternateName":"U. de Caldas","potentialAction":[{"@type":"SearchAction","target":{"@type":"EntryPoint","urlTemplate":"https:\/\/www.ucaldas.edu.co\/portal\/?s={search_term_string}"},"query-input":{"@type":"PropertyValueSpecification","valueRequired":true,"valueName":"search_term_string"}}],"inLanguage":"es"},{"@type":"Organization","@id":"https:\/\/www.ucaldas.edu.co\/portal\/#organization","name":"Universidad de Caldas","alternateName":"U. de Caldas","url":"https:\/\/www.ucaldas.edu.co\/portal\/","logo":{"@type":"ImageObject","inLanguage":"es","@id":"https:\/\/www.ucaldas.edu.co\/portal\/#\/schema\/logo\/image\/","url":"https:\/\/www.ucaldas.edu.co\/portal\/wp-content\/uploads\/2023\/11\/Logo_horizontal_oscuroU-2023.png","contentUrl":"https:\/\/www.ucaldas.edu.co\/portal\/wp-content\/uploads\/2023\/11\/Logo_horizontal_oscuroU-2023.png","width":263,"height":101,"caption":"Universidad de Caldas"},"image":{"@id":"https:\/\/www.ucaldas.edu.co\/portal\/#\/schema\/logo\/image\/"},"sameAs":["https:\/\/www.facebook.com\/udecaldas","https:\/\/x.com\/udecaldas","https:\/\/www.youtube.com\/universidadcaldas","https:\/\/www.instagram.com\/udecaldas\/"]},{"@type":"Person","@id":"https:\/\/www.ucaldas.edu.co\/portal\/#\/schema\/person\/a1b482e23449158b4bc319926c074fdf","name":"ofiprensa","image":{"@type":"ImageObject","inLanguage":"es","@id":"https:\/\/www.ucaldas.edu.co\/portal\/wp-content\/litespeed\/avatar\/09ea5085e600095a7a811142c6944527.jpg?ver=1777497608","url":"https:\/\/www.ucaldas.edu.co\/portal\/wp-content\/litespeed\/avatar\/09ea5085e600095a7a811142c6944527.jpg?ver=1777497608","contentUrl":"https:\/\/www.ucaldas.edu.co\/portal\/wp-content\/litespeed\/avatar\/09ea5085e600095a7a811142c6944527.jpg?ver=1777497608","caption":"ofiprensa"},"url":"https:\/\/www.ucaldas.edu.co\/portal\/author\/ofiprensa\/"}]}},"_links":{"self":[{"href":"https:\/\/www.ucaldas.edu.co\/portal\/wp-json\/wp\/v2\/posts\/60561","targetHints":{"allow":["GET"]}}],"collection":[{"href":"https:\/\/www.ucaldas.edu.co\/portal\/wp-json\/wp\/v2\/posts"}],"about":[{"href":"https:\/\/www.ucaldas.edu.co\/portal\/wp-json\/wp\/v2\/types\/post"}],"author":[{"embeddable":true,"href":"https:\/\/www.ucaldas.edu.co\/portal\/wp-json\/wp\/v2\/users\/2"}],"replies":[{"embeddable":true,"href":"https:\/\/www.ucaldas.edu.co\/portal\/wp-json\/wp\/v2\/comments?post=60561"}],"version-history":[{"count":0,"href":"https:\/\/www.ucaldas.edu.co\/portal\/wp-json\/wp\/v2\/posts\/60561\/revisions"}],"wp:featuredmedia":[{"embeddable":true,"href":"https:\/\/www.ucaldas.edu.co\/portal\/wp-json\/wp\/v2\/media\/60562"}],"wp:attachment":[{"href":"https:\/\/www.ucaldas.edu.co\/portal\/wp-json\/wp\/v2\/media?parent=60561"}],"wp:term":[{"taxonomy":"category","embeddable":true,"href":"https:\/\/www.ucaldas.edu.co\/portal\/wp-json\/wp\/v2\/categories?post=60561"},{"taxonomy":"post_tag","embeddable":true,"href":"https:\/\/www.ucaldas.edu.co\/portal\/wp-json\/wp\/v2\/tags?post=60561"}],"curies":[{"name":"wp","href":"https:\/\/api.w.org\/{rel}","templated":true}]}}